{"id":232210,"date":"2021-05-30T05:43:32","date_gmt":"2021-05-30T08:43:32","guid":{"rendered":"https:\/\/franciscanos.org.br\/noticias\/?p=232210"},"modified":"2021-05-30T08:03:42","modified_gmt":"2021-05-30T11:03:42","slug":"musica-arte-e-fe-marcam-a-2a-edicao-da-livemariana-no-sagrado","status":"publish","type":"post","link":"https:\/\/franciscanos.org.br\/noticias\/musica-arte-e-fe-marcam-a-2a-edicao-da-livemariana-no-sagrado.html","title":{"rendered":"M\u00fasica, arte e f\u00e9 marcam a 2\u00aa edi\u00e7\u00e3o da #LiveMariana no Sagrado"},"content":{"rendered":"<p><img loading=\"lazy\" class=\"alignright size-full wp-image-232211\" src=\"https:\/\/franciscanos.org.br\/noticias\/wp-content\/uploads\/2021\/05\/livemariana_3005.jpg\" alt=\"\" width=\"1280\" height=\"777\" srcset=\"https:\/\/franciscanos.org.br\/noticias\/wp-content\/uploads\/2021\/05\/livemariana_3005.jpg 1280w, https:\/\/franciscanos.org.br\/noticias\/wp-content\/uploads\/2021\/05\/livemariana_3005-450x273.jpg 450w, https:\/\/franciscanos.org.br\/noticias\/wp-content\/uploads\/2021\/05\/livemariana_3005-1024x622.jpg 1024w, https:\/\/franciscanos.org.br\/noticias\/wp-content\/uploads\/2021\/05\/livemariana_3005-768x466.jpg 768w, https:\/\/franciscanos.org.br\/noticias\/wp-content\/uploads\/2021\/05\/livemariana_3005-150x91.jpg 150w\" sizes=\"(max-width: 1280px) 100vw, 1280px\" \/><\/p>\n<p><strong>Petr\u00f3polis (RJ) \u2013 <\/strong>A 2\u00aa edi\u00e7\u00e3o da <em>#LiveMariana<\/em> encerrou em grande estilo e com muita espiritualidade, arte e f\u00e9, o m\u00eas mariano no Convento e Par\u00f3quia do Sagrado Cora\u00e7\u00e3o de Jesus de Petr\u00f3polis (RJ), no \u00faltimo s\u00e1bado (29\/05), \u00e0s 19h30. O evento foi online e contou com transmiss\u00e3o ao vivo pela p\u00e1gina do Facebook da Par\u00f3quia do Sagrado e pelo canal do YouTube da Prov\u00edncia Franciscana da Imaculada Concei\u00e7\u00e3o do Brasil, a TvFranciscanos. Dezenas de p\u00e1ginas parceiras uniram-se aos frades da fraternidade do Sagrado e transmitiram em cadeia este momento devocional, orante e cultural.<\/p>\n<p>Os internautas tamb\u00e9m participaram deste especial atrav\u00e9s de intera\u00e7\u00f5es pelas redes sociais. Em cada bloco, Frei F\u00e1bio Melo Vasconcelos, comandou o quadro \u201cintera\u00e7\u00f5es\u201d, trazendo coment\u00e1rios como o da dona Maria Emaculada, que n\u00e3o escondeu sua alegria de estar participando deste momento. \u201cGratid\u00e3o aos freis por nos proporcionar momentos t\u00e3o especiais que nos fazem t\u00e3o bem. \u00c9 um grande b\u00e1lsamo ao nosso cora\u00e7\u00e3o\u201d, destacou. Al\u00e9m disso, sorteios de velas e livros movimentaram as redes com o uso da <em>hashtag Live<\/em> Mariana. Os\u00a0 brindes foram oferecidos pelas Editora Vozes que no \u00faltimo dia 5 de mar\u00e7o completou 120 anos de hist\u00f3ria. J\u00e1 as velas devocionais foram ofertadas pelos frades do Tempo da Teologia, que na sua rotina d\u00e3o o toque franciscano no trabalho do artesanato.<\/p>\n<p><img loading=\"lazy\" class=\"alignright size-full wp-image-232212\" src=\"https:\/\/franciscanos.org.br\/noticias\/wp-content\/uploads\/2021\/05\/livemariana_3005_2.jpg\" alt=\"\" width=\"1280\" height=\"853\" srcset=\"https:\/\/franciscanos.org.br\/noticias\/wp-content\/uploads\/2021\/05\/livemariana_3005_2.jpg 1280w, https:\/\/franciscanos.org.br\/noticias\/wp-content\/uploads\/2021\/05\/livemariana_3005_2-450x300.jpg 450w, https:\/\/franciscanos.org.br\/noticias\/wp-content\/uploads\/2021\/05\/livemariana_3005_2-1024x682.jpg 1024w, https:\/\/franciscanos.org.br\/noticias\/wp-content\/uploads\/2021\/05\/livemariana_3005_2-768x512.jpg 768w, https:\/\/franciscanos.org.br\/noticias\/wp-content\/uploads\/2021\/05\/livemariana_3005_2-150x100.jpg 150w\" sizes=\"(max-width: 1280px) 100vw, 1280px\" \/><\/p>\n<p>Segundo o guardi\u00e3o e p\u00e1roco, Frei Jorge Paulo Schiavini, encerrar o m\u00eas mariano com um especial a Maria foi uma oportunidade de fortalecer a esperan\u00e7a neste tempo da pandemia. Para ele, realizar a 2\u00aa edi\u00e7\u00e3o da <em>#LiveMariana<\/em> no ano em que se celebra o Jubileu de 75 anos da Par\u00f3quia do Sagrado Cora\u00e7\u00e3o de Jesus e de 125 anos da chegada dos frades menores franciscanos a Petr\u00f3polis foi uma oportunidade festiva de celebrar a presen\u00e7a de Maria na evangeliza\u00e7\u00e3o franciscana e na vida do povo.<\/p>\n<p>Al\u00e9m de promover uma noite com muita m\u00fasica, intera\u00e7\u00e3o, devo\u00e7\u00e3o, espiritualidade, arte e f\u00e9, a 2\u00aa edi\u00e7\u00e3o da <em>#LiveMariana<\/em> teve uma finalidade especial: toda a arrecada\u00e7\u00e3o recebida dos internautas foi destinada para a constru\u00e7\u00e3o da Igreja de Nossa Senhora Aparecida\u00a0 da comunidade das Duchas, pertencente \u00e0 comunidade paroquial do Sagrado. A Igreja j\u00e1 conta com parte de sua estrutura erguida, mas ainda precisa ser conclu\u00edda. Frei Jorge explica que, at\u00e9 ent\u00e3o, as celebra\u00e7\u00f5es da Eucaristia eram realizadas em uma garagem e ao ar livre. \u201cSentimos a necessidade de ter um lugar mais adequado, aconchegante e significativo para celebrar. Com a pandemia h\u00e1 um limite na realiza\u00e7\u00e3o de eventos, por isso, contamos tamb\u00e9m com doa\u00e7\u00f5es para concretizar este sonho. Que Nossa Senhora Aparecida retribua a generosidade de todos que contribu\u00edram com esta obra de f\u00e9\u201d, frisou.<\/p>\n<p><img loading=\"lazy\" class=\"alignright size-full wp-image-232213\" src=\"https:\/\/franciscanos.org.br\/noticias\/wp-content\/uploads\/2021\/05\/livemariana_3005_3.jpg\" alt=\"\" width=\"1280\" height=\"853\" srcset=\"https:\/\/franciscanos.org.br\/noticias\/wp-content\/uploads\/2021\/05\/livemariana_3005_3.jpg 1280w, https:\/\/franciscanos.org.br\/noticias\/wp-content\/uploads\/2021\/05\/livemariana_3005_3-450x300.jpg 450w, https:\/\/franciscanos.org.br\/noticias\/wp-content\/uploads\/2021\/05\/livemariana_3005_3-1024x682.jpg 1024w, https:\/\/franciscanos.org.br\/noticias\/wp-content\/uploads\/2021\/05\/livemariana_3005_3-768x512.jpg 768w, https:\/\/franciscanos.org.br\/noticias\/wp-content\/uploads\/2021\/05\/livemariana_3005_3-150x100.jpg 150w\" sizes=\"(max-width: 1280px) 100vw, 1280px\" \/><\/p>\n<p>Frei Jos\u00e9 Ariovaldo abrilhantou a noite com sua reflex\u00e3o e poesia. Segundo ele, Tom\u00e1s de Celano, frade contempor\u00e2neo de S\u00e3o Francisco de Assis, escreve que Francisco lia em todos os pobres o filho da senhora pobre, trazendo nu no cora\u00e7\u00e3o quem ela trouxe nu nas m\u00e3os. O frade apresentou um quadro que o inspirou na cria\u00e7\u00e3o do poema \u201cDo lado de c\u00e1\u201d. \u201cEla vem de Nazar\u00e9, da periferia, seu nome \u00e9 Maria\u201d, reza um trecho do poema.<\/p>\n<p>Centenas de coment\u00e1rios, pedidos e participa\u00e7\u00f5es marcaram a noite, como o da catequista da Par\u00f3quia do Sagrado, Elaine Santos, que escreveu: \u201cMaria nossa m\u00e3e, pedimos que revitalize a nossa esperan\u00e7a por dias melhores, interceda por teus filhos do mundo inteiro\u201d. J\u00e1 a senhora Cleia Hillen disse: \u201cMe emociono a cada m\u00fasica, que Maria nos proteja e proteja o nosso pa\u00eds\u201d. \u201cO mundo necessita dessa espiritualidade. Faz um bem enorme para a alma e para o cora\u00e7\u00e3o\u201d, destacou Terezinha Oliveira.<\/p>\n\n\t\t<style type=\"text\/css\">\n\t\t\t#gallery-1 {\n\t\t\t\tmargin: auto;\n\t\t\t}\n\t\t\t#gallery-1 .gallery-item {\n\t\t\t\tfloat: left;\n\t\t\t\tmargin-top: 10px;\n\t\t\t\ttext-align: center;\n\t\t\t\twidth: 33%;\n\t\t\t}\n\t\t\t#gallery-1 img {\n\t\t\t\tborder: 2px solid #cfcfcf;\n\t\t\t}\n\t\t\t#gallery-1 .gallery-caption {\n\t\t\t\tmargin-left: 0;\n\t\t\t}\n\t\t\t\/* see gallery_shortcode() in wp-includes\/media.php *\/\n\t\t<\/style>\n\t\t<div id='gallery-1' class='gallery galleryid-232210 gallery-columns-3 gallery-size-thumbnail'><dl class='gallery-item'>\n\t\t\t<dt class='gallery-icon landscape'>\n\t\t\t\t<a href='https:\/\/franciscanos.org.br\/noticias\/wp-content\/uploads\/2021\/05\/livemariana_3005_4.jpg'><img width=\"300\" height=\"300\" src=\"https:\/\/franciscanos.org.br\/noticias\/wp-content\/uploads\/2021\/05\/livemariana_3005_4-300x300.jpg\" class=\"attachment-thumbnail size-thumbnail\" alt=\"\" loading=\"lazy\" srcset=\"https:\/\/franciscanos.org.br\/noticias\/wp-content\/uploads\/2021\/05\/livemariana_3005_4-300x300.jpg 300w, https:\/\/franciscanos.org.br\/noticias\/wp-content\/uploads\/2021\/05\/livemariana_3005_4-100x100.jpg 100w\" sizes=\"(max-width: 300px) 100vw, 300px\" \/><\/a>\n\t\t\t<\/dt><\/dl><dl class='gallery-item'>\n\t\t\t<dt class='gallery-icon landscape'>\n\t\t\t\t<a href='https:\/\/franciscanos.org.br\/noticias\/wp-content\/uploads\/2021\/05\/livemariana_3005_5.jpg'><img width=\"300\" height=\"300\" src=\"https:\/\/franciscanos.org.br\/noticias\/wp-content\/uploads\/2021\/05\/livemariana_3005_5-300x300.jpg\" class=\"attachment-thumbnail size-thumbnail\" alt=\"\" loading=\"lazy\" srcset=\"https:\/\/franciscanos.org.br\/noticias\/wp-content\/uploads\/2021\/05\/livemariana_3005_5-300x300.jpg 300w, https:\/\/franciscanos.org.br\/noticias\/wp-content\/uploads\/2021\/05\/livemariana_3005_5-100x100.jpg 100w\" sizes=\"(max-width: 300px) 100vw, 300px\" \/><\/a>\n\t\t\t<\/dt><\/dl><dl class='gallery-item'>\n\t\t\t<dt class='gallery-icon landscape'>\n\t\t\t\t<a href='https:\/\/franciscanos.org.br\/noticias\/wp-content\/uploads\/2021\/05\/livemariana_3005_6.jpg'><img width=\"300\" height=\"300\" src=\"https:\/\/franciscanos.org.br\/noticias\/wp-content\/uploads\/2021\/05\/livemariana_3005_6-300x300.jpg\" class=\"attachment-thumbnail size-thumbnail\" alt=\"\" loading=\"lazy\" srcset=\"https:\/\/franciscanos.org.br\/noticias\/wp-content\/uploads\/2021\/05\/livemariana_3005_6-300x300.jpg 300w, https:\/\/franciscanos.org.br\/noticias\/wp-content\/uploads\/2021\/05\/livemariana_3005_6-100x100.jpg 100w\" sizes=\"(max-width: 300px) 100vw, 300px\" \/><\/a>\n\t\t\t<\/dt><\/dl><br style=\"clear: both\" \/>\n\t\t<\/div>\n\n<p>Frei Felipe Medeiros Carretta, um dos organizadores do evento, tamb\u00e9m foi o apresentador. Com muita maestria, simpatia e afina\u00e7\u00e3o, conduziu por mais de duas horas o evento que contou tamb\u00e9m com a participa\u00e7\u00e3o dos frades angolanos que recentemente chegaram ao Brasil para compor a fraternidade do Sagrado e cursar Teologia no Instituto Teol\u00f3gico Franciscano. Ap\u00f3s m\u00fasicas e c\u00e2nticos tradicionais e culturais de Angola, Frei Felipe apresentou Frei Ant\u00f3nio da Silva Manuel, Frei Bernardo Jo\u00e3o Cassinda, Frei Daniel K. T. Tchikeva, Frei Domingos Kakanda Soma, Frei Elias Hebo Lu\u00eds, Frei Evaristo Seque Joaquim e Frei Pedro D. Caiungue Mugiba a toda comunidade paroquial como tamb\u00e9m aos internautas.<\/p>\n<p>A #<em>LiveMariana <\/em>terminou com a b\u00ean\u00e7\u00e3o do guardi\u00e3o e p\u00e1roco, Frei Jorge, que aproveitou para agradecer a todos pela presen\u00e7a, bem como aos frades pela organiza\u00e7\u00e3o e condu\u00e7\u00e3o do evento.<\/p>\n<p><img loading=\"lazy\" class=\"alignright size-full wp-image-232217\" src=\"https:\/\/franciscanos.org.br\/noticias\/wp-content\/uploads\/2021\/05\/livemariana_3005_7.jpg\" alt=\"\" width=\"1280\" height=\"853\" srcset=\"https:\/\/franciscanos.org.br\/noticias\/wp-content\/uploads\/2021\/05\/livemariana_3005_7.jpg 1280w, https:\/\/franciscanos.org.br\/noticias\/wp-content\/uploads\/2021\/05\/livemariana_3005_7-450x300.jpg 450w, https:\/\/franciscanos.org.br\/noticias\/wp-content\/uploads\/2021\/05\/livemariana_3005_7-1024x682.jpg 1024w, https:\/\/franciscanos.org.br\/noticias\/wp-content\/uploads\/2021\/05\/livemariana_3005_7-768x512.jpg 768w, https:\/\/franciscanos.org.br\/noticias\/wp-content\/uploads\/2021\/05\/livemariana_3005_7-150x100.jpg 150w\" sizes=\"(max-width: 1280px) 100vw, 1280px\" \/><\/p>\n<p>A Par\u00f3quia do Sagrado foi a anfitri\u00e3 e contou com a parceria da <a href=\"https:\/\/www.youtube.com\/user\/tvfranciscanos\">TvFranciscanos<\/a> da Prov\u00edncia da Imaculada Concei\u00e7\u00e3o do Brasil, do Convento da Penha e da Par\u00f3quia Nossa Senhora do Ros\u00e1rio de Vila Velha (ES), Par\u00f3quia Santa Clara de Imbari\u00ea (RJ), Conex\u00e3o Fraterna, Confer\u00eancia dos Religiosos do Brasil \u2013 N\u00facleo de Petr\u00f3polis, Diocese de Petr\u00f3polis, Santu\u00e1rio Frei Galv\u00e3o e Semin\u00e1rio Frei Galv\u00e3o de Guaratinguet\u00e1 (SP); Pr\u00f3-Voca\u00e7\u00f5es e Miss\u00f5es Franciscanas, Par\u00f3quia S\u00e3o Luiz Gonzaga de Xaxim (SC), Instituto Teol\u00f3gico Franciscano de Petr\u00f3polis (RJ),\u00a0 Convento S\u00e3o Boaventura de Campo Largo (PR), Par\u00f3quia Porci\u00fancula de Sant\u2019Ana de Niter\u00f3i (RJ), Cust\u00f3dia S\u00e3o Benedito da Amaz\u00f4nia (PA), Cust\u00f3dia das Sete Alegrias de Nossa Senhora (MS\/MT), Irm\u00e3s Franciscanas do Amparo de Petr\u00f3polis (RJ), Santu\u00e1rio S\u00e3o Francisco de S\u00e3o Paulo (SP), Instituto dos Meninos Cantores de Petr\u00f3polis (RJ), Centro Filat\u00e9lico Franciscano, Folhinha do Sagrado Cora\u00e7\u00e3o de Jesus e de outras p\u00e1ginas e grupos no Facebook, que aceitaram o convite e transmitiram ao vivo e em cadeia a 2\u00aa edi\u00e7\u00e3o da <em>#LiveMariana<\/em>.<\/p>\n<hr \/>\n<p><em><strong>Frei Augusto Luiz Gabriel e Frei Andrei Nascimento dos Anjos (fotos)<\/strong><\/em><\/p>\n<p><img loading=\"lazy\" class=\"alignright size-full wp-image-232218\" src=\"https:\/\/franciscanos.org.br\/noticias\/wp-content\/uploads\/2021\/05\/livemariana_3005_1.jpg\" alt=\"\" width=\"1280\" height=\"805\" srcset=\"https:\/\/franciscanos.org.br\/noticias\/wp-content\/uploads\/2021\/05\/livemariana_3005_1.jpg 1280w, https:\/\/franciscanos.org.br\/noticias\/wp-content\/uploads\/2021\/05\/livemariana_3005_1-450x283.jpg 450w, https:\/\/franciscanos.org.br\/noticias\/wp-content\/uploads\/2021\/05\/livemariana_3005_1-1024x644.jpg 1024w, https:\/\/franciscanos.org.br\/noticias\/wp-content\/uploads\/2021\/05\/livemariana_3005_1-768x483.jpg 768w, https:\/\/franciscanos.org.br\/noticias\/wp-content\/uploads\/2021\/05\/livemariana_3005_1-150x94.jpg 150w\" sizes=\"(max-width: 1280px) 100vw, 1280px\" \/><\/p>\n<p>&nbsp;<\/p>\n","protected":false},"excerpt":{"rendered":"<p>M\u00eas mariano<\/p>\n","protected":false},"author":3,"featured_media":232219,"comment_status":"open","ping_status":"open","sticky":false,"template":"","format":"standard","meta":[],"categories":[1],"tags":[1858,1766,190],"acf":[],"yoast_head":"<!-- This site is optimized with the Yoast SEO plugin v19.2 - https:\/\/yoast.com\/wordpress\/plugins\/seo\/ -->\n<title>M\u00fasica, arte e f\u00e9 marcam a 2\u00aa edi\u00e7\u00e3o da #LiveMariana no Sagrado - Not\u00edcias - Franciscanos<\/title>\n<meta name=\"robots\" content=\"index, follow, max-snippet:-1, max-image-preview:large, max-video-preview:-1\" \/>\n<link rel=\"canonical\" href=\"https:\/\/franciscanos.org.br\/noticias\/musica-arte-e-fe-marcam-a-2a-edicao-da-livemariana-no-sagrado.html\" \/>\n<meta property=\"og:locale\" content=\"pt_BR\" \/>\n<meta property=\"og:type\" content=\"article\" \/>\n<meta property=\"og:title\" content=\"M\u00fasica, arte e f\u00e9 marcam a 2\u00aa edi\u00e7\u00e3o da #LiveMariana no Sagrado - Not\u00edcias - Franciscanos\" \/>\n<meta property=\"og:description\" content=\"M\u00eas mariano\" \/>\n<meta property=\"og:url\" content=\"https:\/\/franciscanos.org.br\/noticias\/musica-arte-e-fe-marcam-a-2a-edicao-da-livemariana-no-sagrado.html\" \/>\n<meta property=\"og:site_name\" content=\"Not\u00edcias - Franciscanos\" \/>\n<meta property=\"article:published_time\" content=\"2021-05-30T08:43:32+00:00\" \/>\n<meta property=\"article:modified_time\" content=\"2021-05-30T11:03:42+00:00\" \/>\n<meta property=\"og:image\" content=\"https:\/\/franciscanos.org.br\/noticias\/wp-content\/uploads\/2021\/05\/livemariana_3005d.jpg\" \/>\n\t<meta property=\"og:image:width\" content=\"800\" \/>\n\t<meta property=\"og:image:height\" content=\"550\" \/>\n\t<meta property=\"og:image:type\" content=\"image\/jpeg\" \/>\n<meta name=\"author\" content=\"moacir\" \/>\n<meta name=\"twitter:card\" content=\"summary_large_image\" \/>\n<meta name=\"twitter:label1\" content=\"Escrito por\" \/>\n\t<meta name=\"twitter:data1\" content=\"moacir\" \/>\n\t<meta name=\"twitter:label2\" content=\"Est. tempo de leitura\" \/>\n\t<meta name=\"twitter:data2\" content=\"5 minutos\" \/>\n<script type=\"application\/ld+json\" class=\"yoast-schema-graph\">{\"@context\":\"https:\/\/schema.org\",\"@graph\":[{\"@type\":\"WebSite\",\"@id\":\"https:\/\/franciscanos.org.br\/noticias\/#website\",\"url\":\"https:\/\/franciscanos.org.br\/noticias\/\",\"name\":\"Not\u00edcias - Franciscanos\",\"description\":\"Prov\u00edncia Franciscana da Imaculada Concei\u00e7\u00e3o do Brasil - Ordem dos Frades Menores - OFM\",\"potentialAction\":[{\"@type\":\"SearchAction\",\"target\":{\"@type\":\"EntryPoint\",\"urlTemplate\":\"https:\/\/franciscanos.org.br\/noticias\/?s={search_term_string}\"},\"query-input\":\"required name=search_term_string\"}],\"inLanguage\":\"pt-BR\"},{\"@type\":\"ImageObject\",\"inLanguage\":\"pt-BR\",\"@id\":\"https:\/\/franciscanos.org.br\/noticias\/musica-arte-e-fe-marcam-a-2a-edicao-da-livemariana-no-sagrado.html#primaryimage\",\"url\":\"https:\/\/franciscanos.org.br\/noticias\/wp-content\/uploads\/2021\/05\/livemariana_3005d.jpg\",\"contentUrl\":\"https:\/\/franciscanos.org.br\/noticias\/wp-content\/uploads\/2021\/05\/livemariana_3005d.jpg\",\"width\":800,\"height\":550},{\"@type\":\"WebPage\",\"@id\":\"https:\/\/franciscanos.org.br\/noticias\/musica-arte-e-fe-marcam-a-2a-edicao-da-livemariana-no-sagrado.html#webpage\",\"url\":\"https:\/\/franciscanos.org.br\/noticias\/musica-arte-e-fe-marcam-a-2a-edicao-da-livemariana-no-sagrado.html\",\"name\":\"M\u00fasica, arte e f\u00e9 marcam a 2\u00aa edi\u00e7\u00e3o da #LiveMariana no Sagrado - Not\u00edcias - Franciscanos\",\"isPartOf\":{\"@id\":\"https:\/\/franciscanos.org.br\/noticias\/#website\"},\"primaryImageOfPage\":{\"@id\":\"https:\/\/franciscanos.org.br\/noticias\/musica-arte-e-fe-marcam-a-2a-edicao-da-livemariana-no-sagrado.html#primaryimage\"},\"datePublished\":\"2021-05-30T08:43:32+00:00\",\"dateModified\":\"2021-05-30T11:03:42+00:00\",\"author\":{\"@id\":\"https:\/\/franciscanos.org.br\/noticias\/#\/schema\/person\/b5c8cba458c330ccff548b056e95a5d4\"},\"breadcrumb\":{\"@id\":\"https:\/\/franciscanos.org.br\/noticias\/musica-arte-e-fe-marcam-a-2a-edicao-da-livemariana-no-sagrado.html#breadcrumb\"},\"inLanguage\":\"pt-BR\",\"potentialAction\":[{\"@type\":\"ReadAction\",\"target\":[\"https:\/\/franciscanos.org.br\/noticias\/musica-arte-e-fe-marcam-a-2a-edicao-da-livemariana-no-sagrado.html\"]}]},{\"@type\":\"BreadcrumbList\",\"@id\":\"https:\/\/franciscanos.org.br\/noticias\/musica-arte-e-fe-marcam-a-2a-edicao-da-livemariana-no-sagrado.html#breadcrumb\",\"itemListElement\":[{\"@type\":\"ListItem\",\"position\":1,\"name\":\"Home\",\"item\":\"https:\/\/franciscanos.org.br\/noticias\"},{\"@type\":\"ListItem\",\"position\":2,\"name\":\"M\u00fasica, arte e f\u00e9 marcam a 2\u00aa edi\u00e7\u00e3o da #LiveMariana no Sagrado\"}]},{\"@type\":\"Person\",\"@id\":\"https:\/\/franciscanos.org.br\/noticias\/#\/schema\/person\/b5c8cba458c330ccff548b056e95a5d4\",\"name\":\"moacir\",\"image\":{\"@type\":\"ImageObject\",\"inLanguage\":\"pt-BR\",\"@id\":\"https:\/\/franciscanos.org.br\/noticias\/#\/schema\/person\/image\/\",\"url\":\"https:\/\/secure.gravatar.com\/avatar\/d08aa2ce4c8dd416d4479aa8536fcf64?s=96&d=mm&r=g\",\"contentUrl\":\"https:\/\/secure.gravatar.com\/avatar\/d08aa2ce4c8dd416d4479aa8536fcf64?s=96&d=mm&r=g\",\"caption\":\"moacir\"},\"url\":\"https:\/\/franciscanos.org.br\/noticias\/author\/moacir\"}]}<\/script>\n<!-- \/ Yoast SEO plugin. -->","yoast_head_json":{"title":"M\u00fasica, arte e f\u00e9 marcam a 2\u00aa edi\u00e7\u00e3o da #LiveMariana no Sagrado - Not\u00edcias - Franciscanos","robots":{"index":"index","follow":"follow","max-snippet":"max-snippet:-1","max-image-preview":"max-image-preview:large","max-video-preview":"max-video-preview:-1"},"canonical":"https:\/\/franciscanos.org.br\/noticias\/musica-arte-e-fe-marcam-a-2a-edicao-da-livemariana-no-sagrado.html","og_locale":"pt_BR","og_type":"article","og_title":"M\u00fasica, arte e f\u00e9 marcam a 2\u00aa edi\u00e7\u00e3o da #LiveMariana no Sagrado - Not\u00edcias - Franciscanos","og_description":"M\u00eas mariano","og_url":"https:\/\/franciscanos.org.br\/noticias\/musica-arte-e-fe-marcam-a-2a-edicao-da-livemariana-no-sagrado.html","og_site_name":"Not\u00edcias - Franciscanos","article_published_time":"2021-05-30T08:43:32+00:00","article_modified_time":"2021-05-30T11:03:42+00:00","og_image":[{"width":800,"height":550,"url":"https:\/\/franciscanos.org.br\/noticias\/wp-content\/uploads\/2021\/05\/livemariana_3005d.jpg","type":"image\/jpeg"}],"author":"moacir","twitter_card":"summary_large_image","twitter_misc":{"Escrito por":"moacir","Est. tempo de leitura":"5 minutos"},"schema":{"@context":"https:\/\/schema.org","@graph":[{"@type":"WebSite","@id":"https:\/\/franciscanos.org.br\/noticias\/#website","url":"https:\/\/franciscanos.org.br\/noticias\/","name":"Not\u00edcias - Franciscanos","description":"Prov\u00edncia Franciscana da Imaculada Concei\u00e7\u00e3o do Brasil - Ordem dos Frades Menores - OFM","potentialAction":[{"@type":"SearchAction","target":{"@type":"EntryPoint","urlTemplate":"https:\/\/franciscanos.org.br\/noticias\/?s={search_term_string}"},"query-input":"required name=search_term_string"}],"inLanguage":"pt-BR"},{"@type":"ImageObject","inLanguage":"pt-BR","@id":"https:\/\/franciscanos.org.br\/noticias\/musica-arte-e-fe-marcam-a-2a-edicao-da-livemariana-no-sagrado.html#primaryimage","url":"https:\/\/franciscanos.org.br\/noticias\/wp-content\/uploads\/2021\/05\/livemariana_3005d.jpg","contentUrl":"https:\/\/franciscanos.org.br\/noticias\/wp-content\/uploads\/2021\/05\/livemariana_3005d.jpg","width":800,"height":550},{"@type":"WebPage","@id":"https:\/\/franciscanos.org.br\/noticias\/musica-arte-e-fe-marcam-a-2a-edicao-da-livemariana-no-sagrado.html#webpage","url":"https:\/\/franciscanos.org.br\/noticias\/musica-arte-e-fe-marcam-a-2a-edicao-da-livemariana-no-sagrado.html","name":"M\u00fasica, arte e f\u00e9 marcam a 2\u00aa edi\u00e7\u00e3o da #LiveMariana no Sagrado - Not\u00edcias - Franciscanos","isPartOf":{"@id":"https:\/\/franciscanos.org.br\/noticias\/#website"},"primaryImageOfPage":{"@id":"https:\/\/franciscanos.org.br\/noticias\/musica-arte-e-fe-marcam-a-2a-edicao-da-livemariana-no-sagrado.html#primaryimage"},"datePublished":"2021-05-30T08:43:32+00:00","dateModified":"2021-05-30T11:03:42+00:00","author":{"@id":"https:\/\/franciscanos.org.br\/noticias\/#\/schema\/person\/b5c8cba458c330ccff548b056e95a5d4"},"breadcrumb":{"@id":"https:\/\/franciscanos.org.br\/noticias\/musica-arte-e-fe-marcam-a-2a-edicao-da-livemariana-no-sagrado.html#breadcrumb"},"inLanguage":"pt-BR","potentialAction":[{"@type":"ReadAction","target":["https:\/\/franciscanos.org.br\/noticias\/musica-arte-e-fe-marcam-a-2a-edicao-da-livemariana-no-sagrado.html"]}]},{"@type":"BreadcrumbList","@id":"https:\/\/franciscanos.org.br\/noticias\/musica-arte-e-fe-marcam-a-2a-edicao-da-livemariana-no-sagrado.html#breadcrumb","itemListElement":[{"@type":"ListItem","position":1,"name":"Home","item":"https:\/\/franciscanos.org.br\/noticias"},{"@type":"ListItem","position":2,"name":"M\u00fasica, arte e f\u00e9 marcam a 2\u00aa edi\u00e7\u00e3o da #LiveMariana no Sagrado"}]},{"@type":"Person","@id":"https:\/\/franciscanos.org.br\/noticias\/#\/schema\/person\/b5c8cba458c330ccff548b056e95a5d4","name":"moacir","image":{"@type":"ImageObject","inLanguage":"pt-BR","@id":"https:\/\/franciscanos.org.br\/noticias\/#\/schema\/person\/image\/","url":"https:\/\/secure.gravatar.com\/avatar\/d08aa2ce4c8dd416d4479aa8536fcf64?s=96&d=mm&r=g","contentUrl":"https:\/\/secure.gravatar.com\/avatar\/d08aa2ce4c8dd416d4479aa8536fcf64?s=96&d=mm&r=g","caption":"moacir"},"url":"https:\/\/franciscanos.org.br\/noticias\/author\/moacir"}]}},"_links":{"self":[{"href":"https:\/\/franciscanos.org.br\/noticias\/wp-json\/wp\/v2\/posts\/232210"}],"collection":[{"href":"https:\/\/franciscanos.org.br\/noticias\/wp-json\/wp\/v2\/posts"}],"about":[{"href":"https:\/\/franciscanos.org.br\/noticias\/wp-json\/wp\/v2\/types\/post"}],"author":[{"embeddable":true,"href":"https:\/\/franciscanos.org.br\/noticias\/wp-json\/wp\/v2\/users\/3"}],"replies":[{"embeddable":true,"href":"https:\/\/franciscanos.org.br\/noticias\/wp-json\/wp\/v2\/comments?post=232210"}],"version-history":[{"count":2,"href":"https:\/\/franciscanos.org.br\/noticias\/wp-json\/wp\/v2\/posts\/232210\/revisions"}],"predecessor-version":[{"id":232221,"href":"https:\/\/franciscanos.org.br\/noticias\/wp-json\/wp\/v2\/posts\/232210\/revisions\/232221"}],"wp:featuredmedia":[{"embeddable":true,"href":"https:\/\/franciscanos.org.br\/noticias\/wp-json\/wp\/v2\/media\/232219"}],"wp:attachment":[{"href":"https:\/\/franciscanos.org.br\/noticias\/wp-json\/wp\/v2\/media?parent=232210"}],"wp:term":[{"taxonomy":"category","embeddable":true,"href":"https:\/\/franciscanos.org.br\/noticias\/wp-json\/wp\/v2\/categories?post=232210"},{"taxonomy":"post_tag","embeddable":true,"href":"https:\/\/franciscanos.org.br\/noticias\/wp-json\/wp\/v2\/tags?post=232210"}],"curies":[{"name":"wp","href":"https:\/\/api.w.org\/{rel}","templated":true}]}}