{"id":232200,"date":"2021-05-29T09:53:43","date_gmt":"2021-05-29T12:53:43","guid":{"rendered":"https:\/\/franciscanos.org.br\/noticias\/?p=232200"},"modified":"2021-05-29T09:58:46","modified_gmt":"2021-05-29T12:58:46","slug":"frei-florival-comanda-a-live-mariana-no-convento-sao-francisco","status":"publish","type":"post","link":"https:\/\/franciscanos.org.br\/noticias\/frei-florival-comanda-a-live-mariana-no-convento-sao-francisco.html","title":{"rendered":"Frei Florival comanda a &#8216;Live&#8217; Mariana no Convento S\u00e3o Francisco"},"content":{"rendered":"<div id=\"attachment_232201\" style=\"width: 1290px\" class=\"wp-caption alignright\"><img aria-describedby=\"caption-attachment-232201\" loading=\"lazy\" class=\"wp-image-232201 size-full\" src=\"https:\/\/franciscanos.org.br\/noticias\/wp-content\/uploads\/2021\/05\/live_29-3.jpg\" alt=\"\" width=\"1280\" height=\"698\" srcset=\"https:\/\/franciscanos.org.br\/noticias\/wp-content\/uploads\/2021\/05\/live_29-3.jpg 1280w, https:\/\/franciscanos.org.br\/noticias\/wp-content\/uploads\/2021\/05\/live_29-3-450x245.jpg 450w, https:\/\/franciscanos.org.br\/noticias\/wp-content\/uploads\/2021\/05\/live_29-3-1024x558.jpg 1024w, https:\/\/franciscanos.org.br\/noticias\/wp-content\/uploads\/2021\/05\/live_29-3-768x419.jpg 768w, https:\/\/franciscanos.org.br\/noticias\/wp-content\/uploads\/2021\/05\/live_29-3-150x82.jpg 150w\" sizes=\"(max-width: 1280px) 100vw, 1280px\" \/><p id=\"caption-attachment-232201\" class=\"wp-caption-text\">\u00a0 \u00a0 \u00a0 \u00a0 \u00a0 \u00a0 \u00a0 \u00a0 \u00a0 \u00a0 \u00a0 \u00a0 \u00a0 \u00a0 \u00a0 \u00a0 \u00a0 \u00a0 \u00a0 \u00a0 \u00a0 \u00a0 \u00a0 \u00a0 \u00a0 \u00a0 \u00a0 \u00a0 \u00a0 \u00a0 \u00a0 \u00a0 \u00a0 \u00a0 \u00a0 \u00a0 \u00a0 \u00a0 \u00a0 \u00a0 \u00a0 \u00a0 \u00a0 <em>\u00a0 \u00a0 Imagens: captura de tela da transmiss\u00e3o digital<\/em><\/p><\/div>\n<p>O m\u00fasico e cantor Frei Florival Mariano de Toledo conduziu a Live Mariana do Convento S\u00e3o Francisco de S\u00e3o Paulo, nesta sexta-feira, \u00e0s 19 horas. Esse momento de devo\u00e7\u00e3o no encerramento do M\u00eas Mariano teve tamb\u00e9m a participa\u00e7\u00e3o da Fraternidade do Convento e de m\u00fasicos convidados para esta celebra\u00e7\u00e3o. O evento foi transmitido atrav\u00e9s das m\u00eddias digitais do Convento.<\/p>\n<p>Autor do \u201cPerfeita Alegria\u201d, que re\u00fane m\u00fasicas com tem\u00e1tica franciscana, Frei Florival apresentou cantos e hinos dedicados a Maria nesta noite.<\/p>\n<p>Frei Florival, que \u00e9 natural de Umuarana, no Paran\u00e1, e ingressou na Ordem Franciscana em 1994, percorreu o pa\u00eds em shows de lan\u00e7amento do seu CD, al\u00e9m de ter v\u00e1rias participa\u00e7\u00f5es como m\u00fasico e cantor em diversos trabalhos musicais. Frei Florival foi ordenado sacerdote no dia 23 de agosto de 2003, em Sorocaba (SP), onde reside atualmente sua fam\u00edlia. Residiu desde 2009 nas Fraternidades do Esp\u00edrito Santo e atualmente mora no Convento S\u00e3o Francisco.<\/p>\n<p><img loading=\"lazy\" class=\"alignright size-full wp-image-232202\" src=\"https:\/\/franciscanos.org.br\/noticias\/wp-content\/uploads\/2021\/05\/live_29.jpg\" alt=\"\" width=\"1280\" height=\"720\" srcset=\"https:\/\/franciscanos.org.br\/noticias\/wp-content\/uploads\/2021\/05\/live_29.jpg 1280w, https:\/\/franciscanos.org.br\/noticias\/wp-content\/uploads\/2021\/05\/live_29-450x253.jpg 450w, https:\/\/franciscanos.org.br\/noticias\/wp-content\/uploads\/2021\/05\/live_29-1024x576.jpg 1024w, https:\/\/franciscanos.org.br\/noticias\/wp-content\/uploads\/2021\/05\/live_29-768x432.jpg 768w, https:\/\/franciscanos.org.br\/noticias\/wp-content\/uploads\/2021\/05\/live_29-150x84.jpg 150w\" sizes=\"(max-width: 1280px) 100vw, 1280px\" \/><\/p>\n<p>O guardi\u00e3o do Convento S\u00e3o Francisco, Frei M\u00e1rio Tagliari, lembrou que, na \u00faltima segunda-feira, a Igreja celebrou a festa &#8220;M\u00e3e, M\u00e3e da Igreja&#8221;, que foi institu\u00edda pelo Papa Francisco em 2018. Segundo ele, j\u00e1 se rezava na Ladainha &#8216;Maria, M\u00e3e da Igreja&#8217;, mas n\u00e3o havia um dia espec\u00edfico para celebrar esta devo\u00e7\u00e3o. &#8220;O Papa Francisco escolheu a segunda-feira depois de Pentecostes, porque em Pentecostes nasce a Igreja, fruto do Esp\u00edrito Santo. Jesus foi ungido pelo Esp\u00edrito Santo no batismo, iniciou sua prega\u00e7\u00e3o do Evangelho e fez o an\u00fancio do Reino de Deus, deixando depois para os disc\u00edpulos o Esp\u00edrito Santo. Maria est\u00e1 presente na Festa de Pentecostes quando recebe o Esp\u00edrito Santo. Por conta disso, rompe-se aquele &#8216;t\u00famulo de medo&#8217; dos ap\u00f3stolos e os ap\u00f3stolos t\u00eam coragem de anunciar Jesus e assim a Igreja vai se formando e se chama crist\u00e3, como cantou bonito Frei Florival em &#8216;Maria, mulher primeira crist\u00e3&#8217;, do Pe. Zezinho&#8221;, disse Frei M\u00e1rio.<\/p>\n<p>O frade lembrou que na igreja do Convento, no Largo S\u00e3o Francisco, viveu por 60 anos o querido Frei Galv\u00e3o, o primeiro santo brasileiro. &#8220;E ele tinha uma devo\u00e7\u00e3o especial\u00edssima por Maria, a Imaculada Concei\u00e7\u00e3o, bem antes da proclama\u00e7\u00e3o do dogma. Inclusive, com seu pr\u00f3prio sangue assinou um documento se consagrando inteiramente \u00e0 Imaculada Concei\u00e7\u00e3o&#8221;, lembrou o guardi\u00e3o.<\/p>\n<p><img loading=\"lazy\" class=\"alignright size-full wp-image-232203\" src=\"https:\/\/franciscanos.org.br\/noticias\/wp-content\/uploads\/2021\/05\/live_29_2.jpg\" alt=\"\" width=\"1280\" height=\"720\" srcset=\"https:\/\/franciscanos.org.br\/noticias\/wp-content\/uploads\/2021\/05\/live_29_2.jpg 1280w, https:\/\/franciscanos.org.br\/noticias\/wp-content\/uploads\/2021\/05\/live_29_2-450x253.jpg 450w, https:\/\/franciscanos.org.br\/noticias\/wp-content\/uploads\/2021\/05\/live_29_2-1024x576.jpg 1024w, https:\/\/franciscanos.org.br\/noticias\/wp-content\/uploads\/2021\/05\/live_29_2-768x432.jpg 768w, https:\/\/franciscanos.org.br\/noticias\/wp-content\/uploads\/2021\/05\/live_29_2-150x84.jpg 150w\" sizes=\"(max-width: 1280px) 100vw, 1280px\" \/><\/p>\n<p>&#8220;Eu queria encerrar lembrando S\u00e3o Francisco de Assis, que busca na ternura, no carinho, no amor e no cuidado de uma m\u00e3e a inspira\u00e7\u00e3o para conduzir seus filhos. Ele convida os frades a terem esse amor maternal: &#8216;Se uma m\u00e3e nutre e ama seu filho carnal, com quanto mais amor n\u00e3o dever\u00edamos amar, nutrir, o nosso irm\u00e3o espiritual&#8217;, dizia. Em tempo de pandemia fica ainda mais contundente isso. \u00c9 tempo da cultura do cuidado, da cultura da ternura, da cultura da solidariedade. A pandemia est\u00e1 nos ensinando que n\u00f3s precisamos cuidar uns dos outros, com a ternura, o amor e o carinho de m\u00e3e&#8221;, ensinou Frei M\u00e1rio.<\/p>\n<p>&#8220;Cora\u00e7\u00e3o de m\u00e3e pede can\u00e7\u00e3o de m\u00e3e, aben\u00e7oando todos n\u00f3s. Vamos pedir a b\u00ean\u00e7\u00e3o e a prote\u00e7\u00e3o de Nossa Senhora&#8221;, convidou Frei Florival no final, cantando o hino &#8220;Dai-nos a b\u00ean\u00e7\u00e3o&#8221;. A celebra\u00e7\u00e3o terminou com a b\u00ean\u00e7\u00e3o de S\u00e3o Francisco.<\/p>\n","protected":false},"excerpt":{"rendered":"<p>Encerramento do M\u00eas Mariano<\/p>\n","protected":false},"author":3,"featured_media":232204,"comment_status":"open","ping_status":"open","sticky":false,"template":"","format":"standard","meta":[],"categories":[1],"tags":[312],"acf":[],"yoast_head":"<!-- This site is optimized with the Yoast SEO plugin v19.2 - https:\/\/yoast.com\/wordpress\/plugins\/seo\/ -->\n<title>Frei Florival comanda a &#039;Live&#039; Mariana no Convento S\u00e3o Francisco - Not\u00edcias - Franciscanos<\/title>\n<meta name=\"robots\" content=\"index, follow, max-snippet:-1, max-image-preview:large, max-video-preview:-1\" \/>\n<link rel=\"canonical\" href=\"https:\/\/franciscanos.org.br\/noticias\/frei-florival-comanda-a-live-mariana-no-convento-sao-francisco.html\" \/>\n<meta property=\"og:locale\" content=\"pt_BR\" \/>\n<meta property=\"og:type\" content=\"article\" \/>\n<meta property=\"og:title\" content=\"Frei Florival comanda a &#039;Live&#039; Mariana no Convento S\u00e3o Francisco - Not\u00edcias - Franciscanos\" \/>\n<meta property=\"og:description\" content=\"Encerramento do M\u00eas Mariano\" \/>\n<meta property=\"og:url\" content=\"https:\/\/franciscanos.org.br\/noticias\/frei-florival-comanda-a-live-mariana-no-convento-sao-francisco.html\" \/>\n<meta property=\"og:site_name\" content=\"Not\u00edcias - Franciscanos\" \/>\n<meta property=\"article:published_time\" content=\"2021-05-29T12:53:43+00:00\" \/>\n<meta property=\"article:modified_time\" content=\"2021-05-29T12:58:46+00:00\" \/>\n<meta property=\"og:image\" content=\"https:\/\/franciscanos.org.br\/noticias\/wp-content\/uploads\/2021\/05\/live_29-3d.jpg\" \/>\n\t<meta property=\"og:image:width\" content=\"800\" \/>\n\t<meta property=\"og:image:height\" content=\"550\" \/>\n\t<meta property=\"og:image:type\" content=\"image\/jpeg\" \/>\n<meta name=\"author\" content=\"moacir\" \/>\n<meta name=\"twitter:card\" content=\"summary_large_image\" \/>\n<meta name=\"twitter:label1\" content=\"Escrito por\" \/>\n\t<meta name=\"twitter:data1\" content=\"moacir\" \/>\n\t<meta name=\"twitter:label2\" content=\"Est. tempo de leitura\" \/>\n\t<meta name=\"twitter:data2\" content=\"3 minutos\" \/>\n<script type=\"application\/ld+json\" class=\"yoast-schema-graph\">{\"@context\":\"https:\/\/schema.org\",\"@graph\":[{\"@type\":\"WebSite\",\"@id\":\"https:\/\/franciscanos.org.br\/noticias\/#website\",\"url\":\"https:\/\/franciscanos.org.br\/noticias\/\",\"name\":\"Not\u00edcias - Franciscanos\",\"description\":\"Prov\u00edncia Franciscana da Imaculada Concei\u00e7\u00e3o do Brasil - Ordem dos Frades Menores - OFM\",\"potentialAction\":[{\"@type\":\"SearchAction\",\"target\":{\"@type\":\"EntryPoint\",\"urlTemplate\":\"https:\/\/franciscanos.org.br\/noticias\/?s={search_term_string}\"},\"query-input\":\"required name=search_term_string\"}],\"inLanguage\":\"pt-BR\"},{\"@type\":\"ImageObject\",\"inLanguage\":\"pt-BR\",\"@id\":\"https:\/\/franciscanos.org.br\/noticias\/frei-florival-comanda-a-live-mariana-no-convento-sao-francisco.html#primaryimage\",\"url\":\"https:\/\/franciscanos.org.br\/noticias\/wp-content\/uploads\/2021\/05\/live_29-3d.jpg\",\"contentUrl\":\"https:\/\/franciscanos.org.br\/noticias\/wp-content\/uploads\/2021\/05\/live_29-3d.jpg\",\"width\":800,\"height\":550},{\"@type\":\"WebPage\",\"@id\":\"https:\/\/franciscanos.org.br\/noticias\/frei-florival-comanda-a-live-mariana-no-convento-sao-francisco.html#webpage\",\"url\":\"https:\/\/franciscanos.org.br\/noticias\/frei-florival-comanda-a-live-mariana-no-convento-sao-francisco.html\",\"name\":\"Frei Florival comanda a 'Live' Mariana no Convento S\u00e3o Francisco - Not\u00edcias - Franciscanos\",\"isPartOf\":{\"@id\":\"https:\/\/franciscanos.org.br\/noticias\/#website\"},\"primaryImageOfPage\":{\"@id\":\"https:\/\/franciscanos.org.br\/noticias\/frei-florival-comanda-a-live-mariana-no-convento-sao-francisco.html#primaryimage\"},\"datePublished\":\"2021-05-29T12:53:43+00:00\",\"dateModified\":\"2021-05-29T12:58:46+00:00\",\"author\":{\"@id\":\"https:\/\/franciscanos.org.br\/noticias\/#\/schema\/person\/b5c8cba458c330ccff548b056e95a5d4\"},\"breadcrumb\":{\"@id\":\"https:\/\/franciscanos.org.br\/noticias\/frei-florival-comanda-a-live-mariana-no-convento-sao-francisco.html#breadcrumb\"},\"inLanguage\":\"pt-BR\",\"potentialAction\":[{\"@type\":\"ReadAction\",\"target\":[\"https:\/\/franciscanos.org.br\/noticias\/frei-florival-comanda-a-live-mariana-no-convento-sao-francisco.html\"]}]},{\"@type\":\"BreadcrumbList\",\"@id\":\"https:\/\/franciscanos.org.br\/noticias\/frei-florival-comanda-a-live-mariana-no-convento-sao-francisco.html#breadcrumb\",\"itemListElement\":[{\"@type\":\"ListItem\",\"position\":1,\"name\":\"Home\",\"item\":\"https:\/\/franciscanos.org.br\/noticias\"},{\"@type\":\"ListItem\",\"position\":2,\"name\":\"Frei Florival comanda a &#8216;Live&#8217; Mariana no Convento S\u00e3o Francisco\"}]},{\"@type\":\"Person\",\"@id\":\"https:\/\/franciscanos.org.br\/noticias\/#\/schema\/person\/b5c8cba458c330ccff548b056e95a5d4\",\"name\":\"moacir\",\"image\":{\"@type\":\"ImageObject\",\"inLanguage\":\"pt-BR\",\"@id\":\"https:\/\/franciscanos.org.br\/noticias\/#\/schema\/person\/image\/\",\"url\":\"https:\/\/secure.gravatar.com\/avatar\/d08aa2ce4c8dd416d4479aa8536fcf64?s=96&d=mm&r=g\",\"contentUrl\":\"https:\/\/secure.gravatar.com\/avatar\/d08aa2ce4c8dd416d4479aa8536fcf64?s=96&d=mm&r=g\",\"caption\":\"moacir\"},\"url\":\"https:\/\/franciscanos.org.br\/noticias\/author\/moacir\"}]}<\/script>\n<!-- \/ Yoast SEO plugin. -->","yoast_head_json":{"title":"Frei Florival comanda a 'Live' Mariana no Convento S\u00e3o Francisco - Not\u00edcias - Franciscanos","robots":{"index":"index","follow":"follow","max-snippet":"max-snippet:-1","max-image-preview":"max-image-preview:large","max-video-preview":"max-video-preview:-1"},"canonical":"https:\/\/franciscanos.org.br\/noticias\/frei-florival-comanda-a-live-mariana-no-convento-sao-francisco.html","og_locale":"pt_BR","og_type":"article","og_title":"Frei Florival comanda a 'Live' Mariana no Convento S\u00e3o Francisco - Not\u00edcias - Franciscanos","og_description":"Encerramento do M\u00eas Mariano","og_url":"https:\/\/franciscanos.org.br\/noticias\/frei-florival-comanda-a-live-mariana-no-convento-sao-francisco.html","og_site_name":"Not\u00edcias - Franciscanos","article_published_time":"2021-05-29T12:53:43+00:00","article_modified_time":"2021-05-29T12:58:46+00:00","og_image":[{"width":800,"height":550,"url":"https:\/\/franciscanos.org.br\/noticias\/wp-content\/uploads\/2021\/05\/live_29-3d.jpg","type":"image\/jpeg"}],"author":"moacir","twitter_card":"summary_large_image","twitter_misc":{"Escrito por":"moacir","Est. tempo de leitura":"3 minutos"},"schema":{"@context":"https:\/\/schema.org","@graph":[{"@type":"WebSite","@id":"https:\/\/franciscanos.org.br\/noticias\/#website","url":"https:\/\/franciscanos.org.br\/noticias\/","name":"Not\u00edcias - Franciscanos","description":"Prov\u00edncia Franciscana da Imaculada Concei\u00e7\u00e3o do Brasil - Ordem dos Frades Menores - OFM","potentialAction":[{"@type":"SearchAction","target":{"@type":"EntryPoint","urlTemplate":"https:\/\/franciscanos.org.br\/noticias\/?s={search_term_string}"},"query-input":"required name=search_term_string"}],"inLanguage":"pt-BR"},{"@type":"ImageObject","inLanguage":"pt-BR","@id":"https:\/\/franciscanos.org.br\/noticias\/frei-florival-comanda-a-live-mariana-no-convento-sao-francisco.html#primaryimage","url":"https:\/\/franciscanos.org.br\/noticias\/wp-content\/uploads\/2021\/05\/live_29-3d.jpg","contentUrl":"https:\/\/franciscanos.org.br\/noticias\/wp-content\/uploads\/2021\/05\/live_29-3d.jpg","width":800,"height":550},{"@type":"WebPage","@id":"https:\/\/franciscanos.org.br\/noticias\/frei-florival-comanda-a-live-mariana-no-convento-sao-francisco.html#webpage","url":"https:\/\/franciscanos.org.br\/noticias\/frei-florival-comanda-a-live-mariana-no-convento-sao-francisco.html","name":"Frei Florival comanda a 'Live' Mariana no Convento S\u00e3o Francisco - Not\u00edcias - Franciscanos","isPartOf":{"@id":"https:\/\/franciscanos.org.br\/noticias\/#website"},"primaryImageOfPage":{"@id":"https:\/\/franciscanos.org.br\/noticias\/frei-florival-comanda-a-live-mariana-no-convento-sao-francisco.html#primaryimage"},"datePublished":"2021-05-29T12:53:43+00:00","dateModified":"2021-05-29T12:58:46+00:00","author":{"@id":"https:\/\/franciscanos.org.br\/noticias\/#\/schema\/person\/b5c8cba458c330ccff548b056e95a5d4"},"breadcrumb":{"@id":"https:\/\/franciscanos.org.br\/noticias\/frei-florival-comanda-a-live-mariana-no-convento-sao-francisco.html#breadcrumb"},"inLanguage":"pt-BR","potentialAction":[{"@type":"ReadAction","target":["https:\/\/franciscanos.org.br\/noticias\/frei-florival-comanda-a-live-mariana-no-convento-sao-francisco.html"]}]},{"@type":"BreadcrumbList","@id":"https:\/\/franciscanos.org.br\/noticias\/frei-florival-comanda-a-live-mariana-no-convento-sao-francisco.html#breadcrumb","itemListElement":[{"@type":"ListItem","position":1,"name":"Home","item":"https:\/\/franciscanos.org.br\/noticias"},{"@type":"ListItem","position":2,"name":"Frei Florival comanda a &#8216;Live&#8217; Mariana no Convento S\u00e3o Francisco"}]},{"@type":"Person","@id":"https:\/\/franciscanos.org.br\/noticias\/#\/schema\/person\/b5c8cba458c330ccff548b056e95a5d4","name":"moacir","image":{"@type":"ImageObject","inLanguage":"pt-BR","@id":"https:\/\/franciscanos.org.br\/noticias\/#\/schema\/person\/image\/","url":"https:\/\/secure.gravatar.com\/avatar\/d08aa2ce4c8dd416d4479aa8536fcf64?s=96&d=mm&r=g","contentUrl":"https:\/\/secure.gravatar.com\/avatar\/d08aa2ce4c8dd416d4479aa8536fcf64?s=96&d=mm&r=g","caption":"moacir"},"url":"https:\/\/franciscanos.org.br\/noticias\/author\/moacir"}]}},"_links":{"self":[{"href":"https:\/\/franciscanos.org.br\/noticias\/wp-json\/wp\/v2\/posts\/232200"}],"collection":[{"href":"https:\/\/franciscanos.org.br\/noticias\/wp-json\/wp\/v2\/posts"}],"about":[{"href":"https:\/\/franciscanos.org.br\/noticias\/wp-json\/wp\/v2\/types\/post"}],"author":[{"embeddable":true,"href":"https:\/\/franciscanos.org.br\/noticias\/wp-json\/wp\/v2\/users\/3"}],"replies":[{"embeddable":true,"href":"https:\/\/franciscanos.org.br\/noticias\/wp-json\/wp\/v2\/comments?post=232200"}],"version-history":[{"count":4,"href":"https:\/\/franciscanos.org.br\/noticias\/wp-json\/wp\/v2\/posts\/232200\/revisions"}],"predecessor-version":[{"id":232208,"href":"https:\/\/franciscanos.org.br\/noticias\/wp-json\/wp\/v2\/posts\/232200\/revisions\/232208"}],"wp:featuredmedia":[{"embeddable":true,"href":"https:\/\/franciscanos.org.br\/noticias\/wp-json\/wp\/v2\/media\/232204"}],"wp:attachment":[{"href":"https:\/\/franciscanos.org.br\/noticias\/wp-json\/wp\/v2\/media?parent=232200"}],"wp:term":[{"taxonomy":"category","embeddable":true,"href":"https:\/\/franciscanos.org.br\/noticias\/wp-json\/wp\/v2\/categories?post=232200"},{"taxonomy":"post_tag","embeddable":true,"href":"https:\/\/franciscanos.org.br\/noticias\/wp-json\/wp\/v2\/tags?post=232200"}],"curies":[{"name":"wp","href":"https:\/\/api.w.org\/{rel}","templated":true}]}}