{"id":232193,"date":"2021-05-29T08:12:04","date_gmt":"2021-05-29T11:12:04","guid":{"rendered":"https:\/\/franciscanos.org.br\/noticias\/?p=232193"},"modified":"2021-05-29T08:15:39","modified_gmt":"2021-05-29T11:15:39","slug":"assis-800-anos-atras-o-encontro-entre-francisco-e-antonio","status":"publish","type":"post","link":"https:\/\/franciscanos.org.br\/noticias\/assis-800-anos-atras-o-encontro-entre-francisco-e-antonio.html","title":{"rendered":"Assis: 800 anos atr\u00e1s, o encontro entre Francisco e Ant\u00f4nio"},"content":{"rendered":"<div id=\"attachment_232194\" style=\"width: 1290px\" class=\"wp-caption alignright\"><img aria-describedby=\"caption-attachment-232194\" loading=\"lazy\" class=\"wp-image-232194 size-full\" src=\"https:\/\/franciscanos.org.br\/noticias\/wp-content\/uploads\/2021\/05\/antonio_francisco.jpg\" alt=\"\" width=\"1280\" height=\"720\" srcset=\"https:\/\/franciscanos.org.br\/noticias\/wp-content\/uploads\/2021\/05\/antonio_francisco.jpg 1280w, https:\/\/franciscanos.org.br\/noticias\/wp-content\/uploads\/2021\/05\/antonio_francisco-450x253.jpg 450w, https:\/\/franciscanos.org.br\/noticias\/wp-content\/uploads\/2021\/05\/antonio_francisco-1024x576.jpg 1024w, https:\/\/franciscanos.org.br\/noticias\/wp-content\/uploads\/2021\/05\/antonio_francisco-768x432.jpg 768w, https:\/\/franciscanos.org.br\/noticias\/wp-content\/uploads\/2021\/05\/antonio_francisco-150x84.jpg 150w\" sizes=\"(max-width: 1280px) 100vw, 1280px\" \/><p id=\"caption-attachment-232194\" class=\"wp-caption-text\">\u00a0 \u00a0 \u00a0 \u00a0 \u00a0 \u00a0 \u00a0 \u00a0 \u00a0 \u00a0 \u00a0 \u00a0 \u00a0 \u00a0 \u00a0 \u00a0 \u00a0 \u00a0 \u00a0 \u00a0 \u00a0 \u00a0 \u00a0 \u00a0 \u00a0 \u00a0 \u00a0 \u00a0 \u00a0 \u00a0 \u00a0 \u00a0 \u00a0 \u00a0 \u00a0 \u00a0 \u00a0 \u00a0 \u00a0 \u00a0 \u00a0 \u00a0 \u00a0 \u00a0 \u00a0 \u00a0<em> \u00a0 Francisco e Ant\u00f4nio: Giotto, Bas\u00edlica de S\u00e3o Francisco, Assis, S\u00e9c. XIII<\/em><\/p><\/div>\n<p>Tem in\u00edcio na tarde deste s\u00e1bado (29\/5), na Sala de Imprensa do Sagrado Convento de Assis, uma s\u00e9rie de iniciativas dos Frades Franciscanos, por ocasi\u00e3o dos 800 anos do encontro entre S\u00e3o Francisco e Santo Ant\u00f4nio. O evento, que tem como tema \u201cDeus me deu um irm\u00e3o: Francisco de Assis e Ant\u00f4nio de P\u00e1dua h\u00e1 oito s\u00e9culos do Cap\u00edtulo das Esteiras\u201d, ser\u00e1 transmitido on-line, com um momento de ora\u00e7\u00e3o e exposi\u00e7\u00e3o do relic\u00e1rio de Santo Ant\u00f4nio, presidido por dom Domenico Sorrentino, arcebispo de Assis, na Bas\u00edlica Superior de S\u00e3o Francisco.<\/p>\n<p>O evento, promovido pelos Frades das Prov\u00edncias italianas de P\u00e1dua e Assis, recorda o encontro hist\u00f3rico, em 30 de maio de 1221, entre Frei Francisco e Frei Ant\u00f4nio, jovem n\u00e1ufrago proveniente de Portugal, e todos os Frades da Ordem, que conseguiram chegar a Santa Maria dos Anjos para a grande assembleia do Cap\u00edtulo das Esteiras.<\/p>\n<p>\u201cA iniciativa deste s\u00e1bado ser\u00e1 uma oportunidade para salientar a beleza do encontro entre os dois homens apaixonados por Deus, que continuam a inspirar a nossa vida e a de muitos homens e mulheres de boa vontade\u201d, destacam Frei Marco Moroni, Cust\u00f3dio do Sagrado Convento de Assis, e Frei Roberto Brandinelli, Provincial da Prov\u00edncia Italiana Santo Ant\u00f4nio de P\u00e1dua.<\/p>\n<p><img loading=\"lazy\" class=\"alignright size-full wp-image-232195\" src=\"https:\/\/franciscanos.org.br\/noticias\/wp-content\/uploads\/2021\/05\/encontro_francisco_logo.jpg\" alt=\"\" width=\"1280\" height=\"719\" srcset=\"https:\/\/franciscanos.org.br\/noticias\/wp-content\/uploads\/2021\/05\/encontro_francisco_logo.jpg 1280w, https:\/\/franciscanos.org.br\/noticias\/wp-content\/uploads\/2021\/05\/encontro_francisco_logo-450x253.jpg 450w, https:\/\/franciscanos.org.br\/noticias\/wp-content\/uploads\/2021\/05\/encontro_francisco_logo-1024x575.jpg 1024w, https:\/\/franciscanos.org.br\/noticias\/wp-content\/uploads\/2021\/05\/encontro_francisco_logo-768x431.jpg 768w, https:\/\/franciscanos.org.br\/noticias\/wp-content\/uploads\/2021\/05\/encontro_francisco_logo-150x84.jpg 150w\" sizes=\"(max-width: 1280px) 100vw, 1280px\" \/><\/p>\n<p><strong>Confira a programa\u00e7\u00e3o de hoje<\/strong><br \/>\n\u00c0s 16h na It\u00e1lia, 11h no hor\u00e1rio de Bras\u00edlia, ser\u00e1 realizada uma coletiva na Sala de Imprensa da Bas\u00edlica de S\u00e3o Francisco de Assis, sobre a iniciativa \u201cDeus me deu um irm\u00e3o\u201d. Est\u00e3o confirmadas as participa\u00e7\u00f5es de dom Felice Accrocca, arcebispo de Benevento; Frei Pietro Maranesi, Instituto Teol\u00f3gico de Assis e Antonianum de Roma; Milvia Bollati (Univ. Cat. Mil\u00e3o); Frei F\u00e1bio Scarsato, diretor do &#8220;Mensageiro de Santo Ant\u00f4nio&#8221;; Frei Carlos Trovarelli, Ministro geral dos Frades Menores Conventuais; Ant\u00f4nio Jos\u00e9 Emauz de Almeida Lima, Embaixador de Portugal junto da Santa S\u00e9. O moderador do encontro \u00e9 Frei Enzo Fortunato, diretor da Sala de Imprensa do Sagrado Convento de Assis e da revista mensal &#8220;S\u00e3o Francisco&#8221;.<\/p>\n<p>O encontro ser\u00e1 transmitido ao vivo pelas seguintes p\u00e1ginas no Facebook: @sanfrancescoassisi e @messaggerosantantonio, e tamb\u00e9m pelo canal de S\u00e3o Francisco de Assis e do Mensageiro de Santo Ant\u00f4nio no YouTube.<\/p>\n<p>J\u00e1 \u00e0s 19h na It\u00e1lia, 14h no hor\u00e1rio de Bras\u00edlia, na Bas\u00edlica Superior de S\u00e3o Francisco de Assis, dom Domenico Sorrentino, arcebispo de Assis &#8211; Nocera Umbra &#8211; Gualdo Tadino, preside \u00e0 ora\u00e7\u00e3o da fraternidade, diante do relic\u00e1rio de Santo Ant\u00f4nio de P\u00e1dua. A iniciativa faz parte do Projeto &#8220;Ant\u00f4nio 2020-2022&#8221; para a valoriza\u00e7\u00e3o do tri\u00eanio de anivers\u00e1rios antonianos.<\/p>\n<hr \/>\n<p><em>Fonte: Vatican News ( texto de Manoel Tavares )<\/em><\/p>\n","protected":false},"excerpt":{"rendered":"<p>Jubileu: Hist\u00f3ria franciscana<\/p>\n","protected":false},"author":3,"featured_media":232196,"comment_status":"open","ping_status":"open","sticky":false,"template":"","format":"standard","meta":[],"categories":[1],"tags":[280],"acf":[],"yoast_head":"<!-- This site is optimized with the Yoast SEO plugin v19.2 - https:\/\/yoast.com\/wordpress\/plugins\/seo\/ -->\n<title>Assis: 800 anos atr\u00e1s, o encontro entre Francisco e Ant\u00f4nio - Not\u00edcias - Franciscanos<\/title>\n<meta name=\"robots\" content=\"index, follow, max-snippet:-1, max-image-preview:large, max-video-preview:-1\" \/>\n<link rel=\"canonical\" href=\"https:\/\/franciscanos.org.br\/noticias\/assis-800-anos-atras-o-encontro-entre-francisco-e-antonio.html\" \/>\n<meta property=\"og:locale\" content=\"pt_BR\" \/>\n<meta property=\"og:type\" content=\"article\" \/>\n<meta property=\"og:title\" content=\"Assis: 800 anos atr\u00e1s, o encontro entre Francisco e Ant\u00f4nio - Not\u00edcias - Franciscanos\" \/>\n<meta property=\"og:description\" content=\"Jubileu: Hist\u00f3ria franciscana\" \/>\n<meta property=\"og:url\" content=\"https:\/\/franciscanos.org.br\/noticias\/assis-800-anos-atras-o-encontro-entre-francisco-e-antonio.html\" \/>\n<meta property=\"og:site_name\" content=\"Not\u00edcias - Franciscanos\" \/>\n<meta property=\"article:published_time\" content=\"2021-05-29T11:12:04+00:00\" \/>\n<meta property=\"article:modified_time\" content=\"2021-05-29T11:15:39+00:00\" \/>\n<meta property=\"og:image\" content=\"https:\/\/franciscanos.org.br\/noticias\/wp-content\/uploads\/2021\/05\/antonio_francisco29.jpg\" \/>\n\t<meta property=\"og:image:width\" content=\"800\" \/>\n\t<meta property=\"og:image:height\" content=\"550\" \/>\n\t<meta property=\"og:image:type\" content=\"image\/jpeg\" \/>\n<meta name=\"author\" content=\"moacir\" \/>\n<meta name=\"twitter:card\" content=\"summary_large_image\" \/>\n<meta name=\"twitter:label1\" content=\"Escrito por\" \/>\n\t<meta name=\"twitter:data1\" content=\"moacir\" \/>\n\t<meta name=\"twitter:label2\" content=\"Est. tempo de leitura\" \/>\n\t<meta name=\"twitter:data2\" content=\"2 minutos\" \/>\n<script type=\"application\/ld+json\" class=\"yoast-schema-graph\">{\"@context\":\"https:\/\/schema.org\",\"@graph\":[{\"@type\":\"WebSite\",\"@id\":\"https:\/\/franciscanos.org.br\/noticias\/#website\",\"url\":\"https:\/\/franciscanos.org.br\/noticias\/\",\"name\":\"Not\u00edcias - Franciscanos\",\"description\":\"Prov\u00edncia Franciscana da Imaculada Concei\u00e7\u00e3o do Brasil - Ordem dos Frades Menores - OFM\",\"potentialAction\":[{\"@type\":\"SearchAction\",\"target\":{\"@type\":\"EntryPoint\",\"urlTemplate\":\"https:\/\/franciscanos.org.br\/noticias\/?s={search_term_string}\"},\"query-input\":\"required name=search_term_string\"}],\"inLanguage\":\"pt-BR\"},{\"@type\":\"ImageObject\",\"inLanguage\":\"pt-BR\",\"@id\":\"https:\/\/franciscanos.org.br\/noticias\/assis-800-anos-atras-o-encontro-entre-francisco-e-antonio.html#primaryimage\",\"url\":\"https:\/\/franciscanos.org.br\/noticias\/wp-content\/uploads\/2021\/05\/antonio_francisco29.jpg\",\"contentUrl\":\"https:\/\/franciscanos.org.br\/noticias\/wp-content\/uploads\/2021\/05\/antonio_francisco29.jpg\",\"width\":800,\"height\":550},{\"@type\":\"WebPage\",\"@id\":\"https:\/\/franciscanos.org.br\/noticias\/assis-800-anos-atras-o-encontro-entre-francisco-e-antonio.html#webpage\",\"url\":\"https:\/\/franciscanos.org.br\/noticias\/assis-800-anos-atras-o-encontro-entre-francisco-e-antonio.html\",\"name\":\"Assis: 800 anos atr\u00e1s, o encontro entre Francisco e Ant\u00f4nio - Not\u00edcias - Franciscanos\",\"isPartOf\":{\"@id\":\"https:\/\/franciscanos.org.br\/noticias\/#website\"},\"primaryImageOfPage\":{\"@id\":\"https:\/\/franciscanos.org.br\/noticias\/assis-800-anos-atras-o-encontro-entre-francisco-e-antonio.html#primaryimage\"},\"datePublished\":\"2021-05-29T11:12:04+00:00\",\"dateModified\":\"2021-05-29T11:15:39+00:00\",\"author\":{\"@id\":\"https:\/\/franciscanos.org.br\/noticias\/#\/schema\/person\/b5c8cba458c330ccff548b056e95a5d4\"},\"breadcrumb\":{\"@id\":\"https:\/\/franciscanos.org.br\/noticias\/assis-800-anos-atras-o-encontro-entre-francisco-e-antonio.html#breadcrumb\"},\"inLanguage\":\"pt-BR\",\"potentialAction\":[{\"@type\":\"ReadAction\",\"target\":[\"https:\/\/franciscanos.org.br\/noticias\/assis-800-anos-atras-o-encontro-entre-francisco-e-antonio.html\"]}]},{\"@type\":\"BreadcrumbList\",\"@id\":\"https:\/\/franciscanos.org.br\/noticias\/assis-800-anos-atras-o-encontro-entre-francisco-e-antonio.html#breadcrumb\",\"itemListElement\":[{\"@type\":\"ListItem\",\"position\":1,\"name\":\"Home\",\"item\":\"https:\/\/franciscanos.org.br\/noticias\"},{\"@type\":\"ListItem\",\"position\":2,\"name\":\"Assis: 800 anos atr\u00e1s, o encontro entre Francisco e Ant\u00f4nio\"}]},{\"@type\":\"Person\",\"@id\":\"https:\/\/franciscanos.org.br\/noticias\/#\/schema\/person\/b5c8cba458c330ccff548b056e95a5d4\",\"name\":\"moacir\",\"image\":{\"@type\":\"ImageObject\",\"inLanguage\":\"pt-BR\",\"@id\":\"https:\/\/franciscanos.org.br\/noticias\/#\/schema\/person\/image\/\",\"url\":\"https:\/\/secure.gravatar.com\/avatar\/d08aa2ce4c8dd416d4479aa8536fcf64?s=96&d=mm&r=g\",\"contentUrl\":\"https:\/\/secure.gravatar.com\/avatar\/d08aa2ce4c8dd416d4479aa8536fcf64?s=96&d=mm&r=g\",\"caption\":\"moacir\"},\"url\":\"https:\/\/franciscanos.org.br\/noticias\/author\/moacir\"}]}<\/script>\n<!-- \/ Yoast SEO plugin. -->","yoast_head_json":{"title":"Assis: 800 anos atr\u00e1s, o encontro entre Francisco e Ant\u00f4nio - Not\u00edcias - Franciscanos","robots":{"index":"index","follow":"follow","max-snippet":"max-snippet:-1","max-image-preview":"max-image-preview:large","max-video-preview":"max-video-preview:-1"},"canonical":"https:\/\/franciscanos.org.br\/noticias\/assis-800-anos-atras-o-encontro-entre-francisco-e-antonio.html","og_locale":"pt_BR","og_type":"article","og_title":"Assis: 800 anos atr\u00e1s, o encontro entre Francisco e Ant\u00f4nio - Not\u00edcias - Franciscanos","og_description":"Jubileu: Hist\u00f3ria franciscana","og_url":"https:\/\/franciscanos.org.br\/noticias\/assis-800-anos-atras-o-encontro-entre-francisco-e-antonio.html","og_site_name":"Not\u00edcias - Franciscanos","article_published_time":"2021-05-29T11:12:04+00:00","article_modified_time":"2021-05-29T11:15:39+00:00","og_image":[{"width":800,"height":550,"url":"https:\/\/franciscanos.org.br\/noticias\/wp-content\/uploads\/2021\/05\/antonio_francisco29.jpg","type":"image\/jpeg"}],"author":"moacir","twitter_card":"summary_large_image","twitter_misc":{"Escrito por":"moacir","Est. tempo de leitura":"2 minutos"},"schema":{"@context":"https:\/\/schema.org","@graph":[{"@type":"WebSite","@id":"https:\/\/franciscanos.org.br\/noticias\/#website","url":"https:\/\/franciscanos.org.br\/noticias\/","name":"Not\u00edcias - Franciscanos","description":"Prov\u00edncia Franciscana da Imaculada Concei\u00e7\u00e3o do Brasil - Ordem dos Frades Menores - OFM","potentialAction":[{"@type":"SearchAction","target":{"@type":"EntryPoint","urlTemplate":"https:\/\/franciscanos.org.br\/noticias\/?s={search_term_string}"},"query-input":"required name=search_term_string"}],"inLanguage":"pt-BR"},{"@type":"ImageObject","inLanguage":"pt-BR","@id":"https:\/\/franciscanos.org.br\/noticias\/assis-800-anos-atras-o-encontro-entre-francisco-e-antonio.html#primaryimage","url":"https:\/\/franciscanos.org.br\/noticias\/wp-content\/uploads\/2021\/05\/antonio_francisco29.jpg","contentUrl":"https:\/\/franciscanos.org.br\/noticias\/wp-content\/uploads\/2021\/05\/antonio_francisco29.jpg","width":800,"height":550},{"@type":"WebPage","@id":"https:\/\/franciscanos.org.br\/noticias\/assis-800-anos-atras-o-encontro-entre-francisco-e-antonio.html#webpage","url":"https:\/\/franciscanos.org.br\/noticias\/assis-800-anos-atras-o-encontro-entre-francisco-e-antonio.html","name":"Assis: 800 anos atr\u00e1s, o encontro entre Francisco e Ant\u00f4nio - Not\u00edcias - Franciscanos","isPartOf":{"@id":"https:\/\/franciscanos.org.br\/noticias\/#website"},"primaryImageOfPage":{"@id":"https:\/\/franciscanos.org.br\/noticias\/assis-800-anos-atras-o-encontro-entre-francisco-e-antonio.html#primaryimage"},"datePublished":"2021-05-29T11:12:04+00:00","dateModified":"2021-05-29T11:15:39+00:00","author":{"@id":"https:\/\/franciscanos.org.br\/noticias\/#\/schema\/person\/b5c8cba458c330ccff548b056e95a5d4"},"breadcrumb":{"@id":"https:\/\/franciscanos.org.br\/noticias\/assis-800-anos-atras-o-encontro-entre-francisco-e-antonio.html#breadcrumb"},"inLanguage":"pt-BR","potentialAction":[{"@type":"ReadAction","target":["https:\/\/franciscanos.org.br\/noticias\/assis-800-anos-atras-o-encontro-entre-francisco-e-antonio.html"]}]},{"@type":"BreadcrumbList","@id":"https:\/\/franciscanos.org.br\/noticias\/assis-800-anos-atras-o-encontro-entre-francisco-e-antonio.html#breadcrumb","itemListElement":[{"@type":"ListItem","position":1,"name":"Home","item":"https:\/\/franciscanos.org.br\/noticias"},{"@type":"ListItem","position":2,"name":"Assis: 800 anos atr\u00e1s, o encontro entre Francisco e Ant\u00f4nio"}]},{"@type":"Person","@id":"https:\/\/franciscanos.org.br\/noticias\/#\/schema\/person\/b5c8cba458c330ccff548b056e95a5d4","name":"moacir","image":{"@type":"ImageObject","inLanguage":"pt-BR","@id":"https:\/\/franciscanos.org.br\/noticias\/#\/schema\/person\/image\/","url":"https:\/\/secure.gravatar.com\/avatar\/d08aa2ce4c8dd416d4479aa8536fcf64?s=96&d=mm&r=g","contentUrl":"https:\/\/secure.gravatar.com\/avatar\/d08aa2ce4c8dd416d4479aa8536fcf64?s=96&d=mm&r=g","caption":"moacir"},"url":"https:\/\/franciscanos.org.br\/noticias\/author\/moacir"}]}},"_links":{"self":[{"href":"https:\/\/franciscanos.org.br\/noticias\/wp-json\/wp\/v2\/posts\/232193"}],"collection":[{"href":"https:\/\/franciscanos.org.br\/noticias\/wp-json\/wp\/v2\/posts"}],"about":[{"href":"https:\/\/franciscanos.org.br\/noticias\/wp-json\/wp\/v2\/types\/post"}],"author":[{"embeddable":true,"href":"https:\/\/franciscanos.org.br\/noticias\/wp-json\/wp\/v2\/users\/3"}],"replies":[{"embeddable":true,"href":"https:\/\/franciscanos.org.br\/noticias\/wp-json\/wp\/v2\/comments?post=232193"}],"version-history":[{"count":3,"href":"https:\/\/franciscanos.org.br\/noticias\/wp-json\/wp\/v2\/posts\/232193\/revisions"}],"predecessor-version":[{"id":232199,"href":"https:\/\/franciscanos.org.br\/noticias\/wp-json\/wp\/v2\/posts\/232193\/revisions\/232199"}],"wp:featuredmedia":[{"embeddable":true,"href":"https:\/\/franciscanos.org.br\/noticias\/wp-json\/wp\/v2\/media\/232196"}],"wp:attachment":[{"href":"https:\/\/franciscanos.org.br\/noticias\/wp-json\/wp\/v2\/media?parent=232193"}],"wp:term":[{"taxonomy":"category","embeddable":true,"href":"https:\/\/franciscanos.org.br\/noticias\/wp-json\/wp\/v2\/categories?post=232193"},{"taxonomy":"post_tag","embeddable":true,"href":"https:\/\/franciscanos.org.br\/noticias\/wp-json\/wp\/v2\/tags?post=232193"}],"curies":[{"name":"wp","href":"https:\/\/api.w.org\/{rel}","templated":true}]}}