{"id":232179,"date":"2021-05-27T10:29:36","date_gmt":"2021-05-27T13:29:36","guid":{"rendered":"https:\/\/franciscanos.org.br\/noticias\/?p=232179"},"modified":"2021-05-27T10:34:10","modified_gmt":"2021-05-27T13:34:10","slug":"lancado-o-dicionario-do-pacto-educativo-global-veja-o-e-book-neste-site","status":"publish","type":"post","link":"https:\/\/franciscanos.org.br\/noticias\/lancado-o-dicionario-do-pacto-educativo-global-veja-o-e-book-neste-site.html","title":{"rendered":"Lan\u00e7ado o Dicion\u00e1rio do Pacto Educativo Global (veja o e-book neste site)"},"content":{"rendered":"<p><img loading=\"lazy\" class=\"alignright size-full wp-image-232180\" src=\"https:\/\/franciscanos.org.br\/noticias\/wp-content\/uploads\/2021\/05\/dicionario_27.jpg\" alt=\"\" width=\"603\" height=\"854\" srcset=\"https:\/\/franciscanos.org.br\/noticias\/wp-content\/uploads\/2021\/05\/dicionario_27.jpg 603w, https:\/\/franciscanos.org.br\/noticias\/wp-content\/uploads\/2021\/05\/dicionario_27-318x450.jpg 318w, https:\/\/franciscanos.org.br\/noticias\/wp-content\/uploads\/2021\/05\/dicionario_27-150x212.jpg 150w\" sizes=\"(max-width: 603px) 100vw, 603px\" \/>Associa\u00e7\u00e3o Nacional de Educa\u00e7\u00e3o Cat\u00f3lica do Brasil (ANEC) lan\u00e7ou no \u00faltimo dia 24 de maio, o Dicion\u00e1rio do Pacto Educativo Global, em portugu\u00eas e espanhol, que ajuda a compreender bem o Pacto Educativo Global proposto pelo Papa Francisco. O documento \u00e9 uma parceria da institui\u00e7\u00e3o com a Confer\u00eancia Nacional dos Bispos do Brasil (CNBB), Confer\u00eancia dos Religiosos do Brasil (CRB), Confedera\u00e7\u00e3o Interamericana de Educa\u00e7\u00e3o Cat\u00f3lica (CIEC), universidades e escolas cat\u00f3licas.<\/p>\n<p>&#8220;O Pacto Educativo Global, proposto pelo Papa Francisco em 2019, tem por objetivo construir uma alian\u00e7a entre escola, fam\u00edlia e sociedade. Essas tr\u00eas inst\u00e2ncias n\u00e3o s\u00e3o categorias estanques ou dissociadas umas das outras, mas realidades interligadas e indispens\u00e1veis para o desenvolvimento integral do ser humano e o cuidado do planeta Terra, nossa Casa Comum. O objetivo geral de toda educa\u00e7\u00e3o \u00e9 a sobrevida do planeta, mediante uma pedagogia do cuidado, do amor fraterno e do respeito m\u00fatuo a todos os seres da cria\u00e7\u00e3o&#8221;, explica Frei M\u00e1rio Knapik, diretor respons\u00e1vel pelo Setor de Anima\u00e7\u00e3o Pastoral da ANEC.<\/p>\n<p>Segundo Frei M\u00e1rio, al\u00e9m dessas institui\u00e7\u00f5es, tamb\u00e9m professores da educa\u00e7\u00e3o b\u00e1sica e superior, religiosos, agentes de pastoral e educadores em geral participaram deste projeto, composto por 72 verbetes e seus significados. &#8220;O objetivo \u00e9 oferecer aos educadores e agentes de pastoral um texto de refer\u00eancia para a miss\u00e3o evangelizadora&#8221;, enfatiza Frei M\u00e1rio.<\/p>\n<p>&#8220;Em muitos sentidos, este dicion\u00e1rio ressoa a proposta do pacto, desde a sua concep\u00e7\u00e3o, passando pela sua constru\u00e7\u00e3o colaborativa com o envolvimento de muitos\/as educadores\/as &#8211; o que expressa o desejo de que a educa\u00e7\u00e3o seja um instrumento transformador das realidades sociais e emancipador. Ali\u00e1s, a emancipa\u00e7\u00e3o que almejamos n\u00e3o \u00e9 a do indiv\u00edduo isolado, mas de sujeitos abertos, dispon\u00edveis, afinal, o verdadeiro poder \u00e9 o da solidariedade&#8221;, acredita Frei M\u00e1rio.<\/p>\n<p>Segundo Ir. Maria In\u00eas Vieira Ribeiro, presidente da Confer\u00eancia dos Religiosos do Brasil, o Dicion\u00e1rio \u00e9 um servi\u00e7o &#8220;que nos alerta e compromete a sermos protagonistas de uma educa\u00e7\u00e3o cat\u00f3lica que toque em profundidade a vida das pessoas e transforme as formas de ver, julgar e agir, neste mundo em profundas e r\u00e1pidas transforma\u00e7\u00f5es, cujo cerne \u00e9 a cultura&#8221;. Para Ir. Maria In\u00eas, a Vida Religiosa Consagrada sempre esteve comprometida com a Educa\u00e7\u00e3o de qualidade.<\/p>\n<p>Frei M\u00e1rio pede a prote\u00e7\u00e3o de Maria, M\u00e3e Imaculada, nesta miss\u00e3o: &#8220;Assim, assumimos o pacto educativo global e o terno cuidado da casa comum, por meio de uma educa\u00e7\u00e3o humanista, solid\u00e1ria e sustent\u00e1vel, para o bem de todas as criaturas do planeta Terra&#8221;.<\/p>\n<hr \/>\n<h2><a href=\"https:\/\/franciscanos.org.br\/banca\/dicionario-do-pacto-educativo-global.html#gsc.tab=0\">CONFIRA AQUI\u00a0 O E-BOOK DO DICION\u00c1RIO<\/a><\/h2>\n<h2><a href=\"https:\/\/franciscanos.org.br\/banca\/wp-content\/uploads\/2021\/05\/Dicionario-Pacto-Educativo-Global-2021.pdf\">Baixe neste link o arquivo gratuito e aproveite!<\/a><\/h2>\n","protected":false},"excerpt":{"rendered":"<p>Pacto Educativo Global<\/p>\n","protected":false},"author":3,"featured_media":232181,"comment_status":"open","ping_status":"open","sticky":false,"template":"","format":"standard","meta":[],"categories":[1],"tags":[1768],"acf":[],"yoast_head":"<!-- This site is optimized with the Yoast SEO plugin v19.2 - https:\/\/yoast.com\/wordpress\/plugins\/seo\/ -->\n<title>Lan\u00e7ado o Dicion\u00e1rio do Pacto Educativo Global (veja o e-book neste site) - Not\u00edcias - Franciscanos<\/title>\n<meta name=\"robots\" content=\"index, follow, max-snippet:-1, max-image-preview:large, max-video-preview:-1\" \/>\n<link rel=\"canonical\" href=\"https:\/\/franciscanos.org.br\/noticias\/lancado-o-dicionario-do-pacto-educativo-global-veja-o-e-book-neste-site.html\" \/>\n<meta property=\"og:locale\" content=\"pt_BR\" \/>\n<meta property=\"og:type\" content=\"article\" \/>\n<meta property=\"og:title\" content=\"Lan\u00e7ado o Dicion\u00e1rio do Pacto Educativo Global (veja o e-book neste site) - Not\u00edcias - Franciscanos\" \/>\n<meta property=\"og:description\" content=\"Pacto Educativo Global\" \/>\n<meta property=\"og:url\" content=\"https:\/\/franciscanos.org.br\/noticias\/lancado-o-dicionario-do-pacto-educativo-global-veja-o-e-book-neste-site.html\" \/>\n<meta property=\"og:site_name\" content=\"Not\u00edcias - Franciscanos\" \/>\n<meta property=\"article:published_time\" content=\"2021-05-27T13:29:36+00:00\" \/>\n<meta property=\"article:modified_time\" content=\"2021-05-27T13:34:10+00:00\" \/>\n<meta property=\"og:image\" content=\"https:\/\/franciscanos.org.br\/noticias\/wp-content\/uploads\/2021\/05\/papa_dicionario_d.jpg\" \/>\n\t<meta property=\"og:image:width\" content=\"800\" \/>\n\t<meta property=\"og:image:height\" content=\"550\" \/>\n\t<meta property=\"og:image:type\" content=\"image\/jpeg\" \/>\n<meta name=\"author\" content=\"moacir\" \/>\n<meta name=\"twitter:card\" content=\"summary_large_image\" \/>\n<meta name=\"twitter:label1\" content=\"Escrito por\" \/>\n\t<meta name=\"twitter:data1\" content=\"moacir\" \/>\n\t<meta name=\"twitter:label2\" content=\"Est. tempo de leitura\" \/>\n\t<meta name=\"twitter:data2\" content=\"2 minutos\" \/>\n<script type=\"application\/ld+json\" class=\"yoast-schema-graph\">{\"@context\":\"https:\/\/schema.org\",\"@graph\":[{\"@type\":\"WebSite\",\"@id\":\"https:\/\/franciscanos.org.br\/noticias\/#website\",\"url\":\"https:\/\/franciscanos.org.br\/noticias\/\",\"name\":\"Not\u00edcias - Franciscanos\",\"description\":\"Prov\u00edncia Franciscana da Imaculada Concei\u00e7\u00e3o do Brasil - Ordem dos Frades Menores - OFM\",\"potentialAction\":[{\"@type\":\"SearchAction\",\"target\":{\"@type\":\"EntryPoint\",\"urlTemplate\":\"https:\/\/franciscanos.org.br\/noticias\/?s={search_term_string}\"},\"query-input\":\"required name=search_term_string\"}],\"inLanguage\":\"pt-BR\"},{\"@type\":\"ImageObject\",\"inLanguage\":\"pt-BR\",\"@id\":\"https:\/\/franciscanos.org.br\/noticias\/lancado-o-dicionario-do-pacto-educativo-global-veja-o-e-book-neste-site.html#primaryimage\",\"url\":\"https:\/\/franciscanos.org.br\/noticias\/wp-content\/uploads\/2021\/05\/papa_dicionario_d.jpg\",\"contentUrl\":\"https:\/\/franciscanos.org.br\/noticias\/wp-content\/uploads\/2021\/05\/papa_dicionario_d.jpg\",\"width\":800,\"height\":550},{\"@type\":\"WebPage\",\"@id\":\"https:\/\/franciscanos.org.br\/noticias\/lancado-o-dicionario-do-pacto-educativo-global-veja-o-e-book-neste-site.html#webpage\",\"url\":\"https:\/\/franciscanos.org.br\/noticias\/lancado-o-dicionario-do-pacto-educativo-global-veja-o-e-book-neste-site.html\",\"name\":\"Lan\u00e7ado o Dicion\u00e1rio do Pacto Educativo Global (veja o e-book neste site) - Not\u00edcias - Franciscanos\",\"isPartOf\":{\"@id\":\"https:\/\/franciscanos.org.br\/noticias\/#website\"},\"primaryImageOfPage\":{\"@id\":\"https:\/\/franciscanos.org.br\/noticias\/lancado-o-dicionario-do-pacto-educativo-global-veja-o-e-book-neste-site.html#primaryimage\"},\"datePublished\":\"2021-05-27T13:29:36+00:00\",\"dateModified\":\"2021-05-27T13:34:10+00:00\",\"author\":{\"@id\":\"https:\/\/franciscanos.org.br\/noticias\/#\/schema\/person\/b5c8cba458c330ccff548b056e95a5d4\"},\"breadcrumb\":{\"@id\":\"https:\/\/franciscanos.org.br\/noticias\/lancado-o-dicionario-do-pacto-educativo-global-veja-o-e-book-neste-site.html#breadcrumb\"},\"inLanguage\":\"pt-BR\",\"potentialAction\":[{\"@type\":\"ReadAction\",\"target\":[\"https:\/\/franciscanos.org.br\/noticias\/lancado-o-dicionario-do-pacto-educativo-global-veja-o-e-book-neste-site.html\"]}]},{\"@type\":\"BreadcrumbList\",\"@id\":\"https:\/\/franciscanos.org.br\/noticias\/lancado-o-dicionario-do-pacto-educativo-global-veja-o-e-book-neste-site.html#breadcrumb\",\"itemListElement\":[{\"@type\":\"ListItem\",\"position\":1,\"name\":\"Home\",\"item\":\"https:\/\/franciscanos.org.br\/noticias\"},{\"@type\":\"ListItem\",\"position\":2,\"name\":\"Lan\u00e7ado o Dicion\u00e1rio do Pacto Educativo Global (veja o e-book neste site)\"}]},{\"@type\":\"Person\",\"@id\":\"https:\/\/franciscanos.org.br\/noticias\/#\/schema\/person\/b5c8cba458c330ccff548b056e95a5d4\",\"name\":\"moacir\",\"image\":{\"@type\":\"ImageObject\",\"inLanguage\":\"pt-BR\",\"@id\":\"https:\/\/franciscanos.org.br\/noticias\/#\/schema\/person\/image\/\",\"url\":\"https:\/\/secure.gravatar.com\/avatar\/d08aa2ce4c8dd416d4479aa8536fcf64?s=96&d=mm&r=g\",\"contentUrl\":\"https:\/\/secure.gravatar.com\/avatar\/d08aa2ce4c8dd416d4479aa8536fcf64?s=96&d=mm&r=g\",\"caption\":\"moacir\"},\"url\":\"https:\/\/franciscanos.org.br\/noticias\/author\/moacir\"}]}<\/script>\n<!-- \/ Yoast SEO plugin. -->","yoast_head_json":{"title":"Lan\u00e7ado o Dicion\u00e1rio do Pacto Educativo Global (veja o e-book neste site) - Not\u00edcias - Franciscanos","robots":{"index":"index","follow":"follow","max-snippet":"max-snippet:-1","max-image-preview":"max-image-preview:large","max-video-preview":"max-video-preview:-1"},"canonical":"https:\/\/franciscanos.org.br\/noticias\/lancado-o-dicionario-do-pacto-educativo-global-veja-o-e-book-neste-site.html","og_locale":"pt_BR","og_type":"article","og_title":"Lan\u00e7ado o Dicion\u00e1rio do Pacto Educativo Global (veja o e-book neste site) - Not\u00edcias - Franciscanos","og_description":"Pacto Educativo Global","og_url":"https:\/\/franciscanos.org.br\/noticias\/lancado-o-dicionario-do-pacto-educativo-global-veja-o-e-book-neste-site.html","og_site_name":"Not\u00edcias - Franciscanos","article_published_time":"2021-05-27T13:29:36+00:00","article_modified_time":"2021-05-27T13:34:10+00:00","og_image":[{"width":800,"height":550,"url":"https:\/\/franciscanos.org.br\/noticias\/wp-content\/uploads\/2021\/05\/papa_dicionario_d.jpg","type":"image\/jpeg"}],"author":"moacir","twitter_card":"summary_large_image","twitter_misc":{"Escrito por":"moacir","Est. tempo de leitura":"2 minutos"},"schema":{"@context":"https:\/\/schema.org","@graph":[{"@type":"WebSite","@id":"https:\/\/franciscanos.org.br\/noticias\/#website","url":"https:\/\/franciscanos.org.br\/noticias\/","name":"Not\u00edcias - Franciscanos","description":"Prov\u00edncia Franciscana da Imaculada Concei\u00e7\u00e3o do Brasil - Ordem dos Frades Menores - OFM","potentialAction":[{"@type":"SearchAction","target":{"@type":"EntryPoint","urlTemplate":"https:\/\/franciscanos.org.br\/noticias\/?s={search_term_string}"},"query-input":"required name=search_term_string"}],"inLanguage":"pt-BR"},{"@type":"ImageObject","inLanguage":"pt-BR","@id":"https:\/\/franciscanos.org.br\/noticias\/lancado-o-dicionario-do-pacto-educativo-global-veja-o-e-book-neste-site.html#primaryimage","url":"https:\/\/franciscanos.org.br\/noticias\/wp-content\/uploads\/2021\/05\/papa_dicionario_d.jpg","contentUrl":"https:\/\/franciscanos.org.br\/noticias\/wp-content\/uploads\/2021\/05\/papa_dicionario_d.jpg","width":800,"height":550},{"@type":"WebPage","@id":"https:\/\/franciscanos.org.br\/noticias\/lancado-o-dicionario-do-pacto-educativo-global-veja-o-e-book-neste-site.html#webpage","url":"https:\/\/franciscanos.org.br\/noticias\/lancado-o-dicionario-do-pacto-educativo-global-veja-o-e-book-neste-site.html","name":"Lan\u00e7ado o Dicion\u00e1rio do Pacto Educativo Global (veja o e-book neste site) - Not\u00edcias - Franciscanos","isPartOf":{"@id":"https:\/\/franciscanos.org.br\/noticias\/#website"},"primaryImageOfPage":{"@id":"https:\/\/franciscanos.org.br\/noticias\/lancado-o-dicionario-do-pacto-educativo-global-veja-o-e-book-neste-site.html#primaryimage"},"datePublished":"2021-05-27T13:29:36+00:00","dateModified":"2021-05-27T13:34:10+00:00","author":{"@id":"https:\/\/franciscanos.org.br\/noticias\/#\/schema\/person\/b5c8cba458c330ccff548b056e95a5d4"},"breadcrumb":{"@id":"https:\/\/franciscanos.org.br\/noticias\/lancado-o-dicionario-do-pacto-educativo-global-veja-o-e-book-neste-site.html#breadcrumb"},"inLanguage":"pt-BR","potentialAction":[{"@type":"ReadAction","target":["https:\/\/franciscanos.org.br\/noticias\/lancado-o-dicionario-do-pacto-educativo-global-veja-o-e-book-neste-site.html"]}]},{"@type":"BreadcrumbList","@id":"https:\/\/franciscanos.org.br\/noticias\/lancado-o-dicionario-do-pacto-educativo-global-veja-o-e-book-neste-site.html#breadcrumb","itemListElement":[{"@type":"ListItem","position":1,"name":"Home","item":"https:\/\/franciscanos.org.br\/noticias"},{"@type":"ListItem","position":2,"name":"Lan\u00e7ado o Dicion\u00e1rio do Pacto Educativo Global (veja o e-book neste site)"}]},{"@type":"Person","@id":"https:\/\/franciscanos.org.br\/noticias\/#\/schema\/person\/b5c8cba458c330ccff548b056e95a5d4","name":"moacir","image":{"@type":"ImageObject","inLanguage":"pt-BR","@id":"https:\/\/franciscanos.org.br\/noticias\/#\/schema\/person\/image\/","url":"https:\/\/secure.gravatar.com\/avatar\/d08aa2ce4c8dd416d4479aa8536fcf64?s=96&d=mm&r=g","contentUrl":"https:\/\/secure.gravatar.com\/avatar\/d08aa2ce4c8dd416d4479aa8536fcf64?s=96&d=mm&r=g","caption":"moacir"},"url":"https:\/\/franciscanos.org.br\/noticias\/author\/moacir"}]}},"_links":{"self":[{"href":"https:\/\/franciscanos.org.br\/noticias\/wp-json\/wp\/v2\/posts\/232179"}],"collection":[{"href":"https:\/\/franciscanos.org.br\/noticias\/wp-json\/wp\/v2\/posts"}],"about":[{"href":"https:\/\/franciscanos.org.br\/noticias\/wp-json\/wp\/v2\/types\/post"}],"author":[{"embeddable":true,"href":"https:\/\/franciscanos.org.br\/noticias\/wp-json\/wp\/v2\/users\/3"}],"replies":[{"embeddable":true,"href":"https:\/\/franciscanos.org.br\/noticias\/wp-json\/wp\/v2\/comments?post=232179"}],"version-history":[{"count":5,"href":"https:\/\/franciscanos.org.br\/noticias\/wp-json\/wp\/v2\/posts\/232179\/revisions"}],"predecessor-version":[{"id":232186,"href":"https:\/\/franciscanos.org.br\/noticias\/wp-json\/wp\/v2\/posts\/232179\/revisions\/232186"}],"wp:featuredmedia":[{"embeddable":true,"href":"https:\/\/franciscanos.org.br\/noticias\/wp-json\/wp\/v2\/media\/232181"}],"wp:attachment":[{"href":"https:\/\/franciscanos.org.br\/noticias\/wp-json\/wp\/v2\/media?parent=232179"}],"wp:term":[{"taxonomy":"category","embeddable":true,"href":"https:\/\/franciscanos.org.br\/noticias\/wp-json\/wp\/v2\/categories?post=232179"},{"taxonomy":"post_tag","embeddable":true,"href":"https:\/\/franciscanos.org.br\/noticias\/wp-json\/wp\/v2\/tags?post=232179"}],"curies":[{"name":"wp","href":"https:\/\/api.w.org\/{rel}","templated":true}]}}