{"id":232166,"date":"2021-05-27T07:51:09","date_gmt":"2021-05-27T10:51:09","guid":{"rendered":"https:\/\/franciscanos.org.br\/noticias\/?p=232166"},"modified":"2024-01-12T08:09:28","modified_gmt":"2024-01-12T11:09:28","slug":"mosteiro-das-irmas-clarissas-celebra-30-anos-de-presenca-na-diocese-de-colatina","status":"publish","type":"post","link":"https:\/\/franciscanos.org.br\/noticias\/mosteiro-das-irmas-clarissas-celebra-30-anos-de-presenca-na-diocese-de-colatina.html","title":{"rendered":"Mosteiro das Irm\u00e3s Clarissas celebra 30 anos de presen\u00e7a na Diocese de Colatina"},"content":{"rendered":"<p><img loading=\"lazy\" class=\"alignnone wp-image-232177 size-full\" src=\"https:\/\/franciscanos.org.br\/noticias\/wp-content\/uploads\/2021\/05\/Clarissas-26-05-1.jpg\" alt=\"\" width=\"1024\" height=\"768\" srcset=\"https:\/\/franciscanos.org.br\/noticias\/wp-content\/uploads\/2021\/05\/Clarissas-26-05-1.jpg 1024w, https:\/\/franciscanos.org.br\/noticias\/wp-content\/uploads\/2021\/05\/Clarissas-26-05-1-450x338.jpg 450w, https:\/\/franciscanos.org.br\/noticias\/wp-content\/uploads\/2021\/05\/Clarissas-26-05-1-768x576.jpg 768w, https:\/\/franciscanos.org.br\/noticias\/wp-content\/uploads\/2021\/05\/Clarissas-26-05-1-150x113.jpg 150w, https:\/\/franciscanos.org.br\/noticias\/wp-content\/uploads\/2021\/05\/Clarissas-26-05-1-600x450.jpg 600w\" sizes=\"(max-width: 1024px) 100vw, 1024px\" \/><\/p>\n<p>Nesta semana, o Mosteiro Sant\u00edssima Trindade celebra 30 anos de funda\u00e7\u00e3o e instala\u00e7\u00e3o\u00a0 da presen\u00e7a orante das\u00a0 Irm\u00e3s Clarissas na Diocese de Colatina, no Esp\u00edrito Santo.<\/p>\n<div class=\"elementor-element elementor-element-16e558a elementor-widget elementor-widget-theme-post-content\" data-id=\"16e558a\" data-element_type=\"widget\" data-widget_type=\"theme-post-content.default\">\n<div class=\"elementor-widget-container\">\n<p>No dia 26 de maio de 1991, dia da Solenidade da Sant\u00edssima Trindade, h\u00e1 exatos 30 anos, deu-se a instala\u00e7\u00e3o oficial do mosteiro em uma solene liturgia celebrada na Catedral Sagrado Cora\u00e7\u00e3o de Jesus, em Colatina, pelo ent\u00e3o bispo diocesano, Dom Geraldo Lyrio Rocha.<\/p>\n<p><img loading=\"lazy\" class=\"alignleft size-full wp-image-232172\" src=\"https:\/\/franciscanos.org.br\/noticias\/wp-content\/uploads\/2021\/05\/clarissas_27d.png\" alt=\"\" width=\"450\" height=\"423\" srcset=\"https:\/\/franciscanos.org.br\/noticias\/wp-content\/uploads\/2021\/05\/clarissas_27d.png 450w, https:\/\/franciscanos.org.br\/noticias\/wp-content\/uploads\/2021\/05\/clarissas_27d-150x141.png 150w\" sizes=\"(max-width: 450px) 100vw, 450px\" \/>Dom Geraldo, juntamente com as irm\u00e3s fundadoras do mosteiro, irm\u00e3s Maria Teresinha, Maria Socorro, Maria de F\u00e1tima e Maria Josefina (<em>em\u00a0<\/em><\/p>\n<p><em>mem\u00f3ria<\/em>), e seguidos de uma multid\u00e3o de fi\u00e9is, dirigiram-se ao mosteiro provis\u00f3rio, que ficava na Rua Adwalter Ribeiro Soares, para a introdu\u00e7\u00e3o do Sant\u00edssimo Sacramento. Iniciou ali, naquele momento, um percurso conduzido pela gra\u00e7a de Deus que hoje, tr\u00eas d\u00e9cadas depois, relembramos com j\u00fabilo.<\/p>\n<p><strong>Mosteiro e sua import\u00e2ncia<\/strong><\/p>\n<p>Um mosteiro contemplativo constitui um dom para a Igreja. Com seu rosto orante, torna mais plena e significativa a presen\u00e7a da Igreja missionaria. Uma comunidade mon\u00e1stica pode ser comparada a Mois\u00e9s que, na ora\u00e7\u00e3o, decidiu a sorte das batalhas de Israel<\/p>\n<p>De \u00e2nimo livre e hospitaleiro, com a ternura de Cristo, as monjas trazem no cora\u00e7\u00e3o os sofrimentos e as ansiedades daqueles que recorrem \u00e0 sua ajuda, incluindo todos os homens e mulheres.; e com a sentinela que vigia a noite \u00e0 espera da aurora. O mosteiro representa a pr\u00f3pria intimidade de uma Igreja, o cora\u00e7\u00e3o onde o Esp\u00edrito geme e intercede continuamente pelas necessidades da comunidade inteira, e donde se eleva sem cessar a a\u00e7\u00e3o de gra\u00e7as pela vida que ele concede cada dia. \u201cAs irm\u00e3s s\u00e3o como que as amigas do paral\u00edtico que o levam a Jesus\u201d.<\/p>\n<p><img loading=\"lazy\" class=\"alignleft size-full wp-image-232175\" src=\"https:\/\/franciscanos.org.br\/noticias\/wp-content\/uploads\/2021\/05\/55a6849f-d994-4eef-a8f3-9473a5f62d23.jpg\" alt=\"\" width=\"1280\" height=\"720\" srcset=\"https:\/\/franciscanos.org.br\/noticias\/wp-content\/uploads\/2021\/05\/55a6849f-d994-4eef-a8f3-9473a5f62d23.jpg 1280w, https:\/\/franciscanos.org.br\/noticias\/wp-content\/uploads\/2021\/05\/55a6849f-d994-4eef-a8f3-9473a5f62d23-450x253.jpg 450w, https:\/\/franciscanos.org.br\/noticias\/wp-content\/uploads\/2021\/05\/55a6849f-d994-4eef-a8f3-9473a5f62d23-1024x576.jpg 1024w, https:\/\/franciscanos.org.br\/noticias\/wp-content\/uploads\/2021\/05\/55a6849f-d994-4eef-a8f3-9473a5f62d23-768x432.jpg 768w, https:\/\/franciscanos.org.br\/noticias\/wp-content\/uploads\/2021\/05\/55a6849f-d994-4eef-a8f3-9473a5f62d23-150x84.jpg 150w\" sizes=\"(max-width: 1280px) 100vw, 1280px\" \/><\/p>\n<p><img loading=\"lazy\" class=\"size-full wp-image-232168 alignright\" src=\"https:\/\/franciscanos.org.br\/noticias\/wp-content\/uploads\/2021\/05\/c3e57514-c910-4fe5-ace6-d57efe5e393f-585x439-1.jpg\" alt=\"\" width=\"585\" height=\"439\" srcset=\"https:\/\/franciscanos.org.br\/noticias\/wp-content\/uploads\/2021\/05\/c3e57514-c910-4fe5-ace6-d57efe5e393f-585x439-1.jpg 585w, https:\/\/franciscanos.org.br\/noticias\/wp-content\/uploads\/2021\/05\/c3e57514-c910-4fe5-ace6-d57efe5e393f-585x439-1-450x338.jpg 450w, https:\/\/franciscanos.org.br\/noticias\/wp-content\/uploads\/2021\/05\/c3e57514-c910-4fe5-ace6-d57efe5e393f-585x439-1-150x113.jpg 150w\" sizes=\"(max-width: 585px) 100vw, 585px\" \/>Fazemos nossas as palavras do Papa Francisco para dizer:\u00a0<em>\u201cSem v\u00f3s, queridas Irm\u00e3s Clarissas, que seria da Igreja e de quantos vivem nas periferias humanas e trabalham nos postos avan\u00e7ados da evangeliza\u00e7\u00e3o? A Igreja olha com muito apre\u00e7o a vossa vida inteiramente doada. A Igreja conta com a vossa ora\u00e7\u00e3o e imola\u00e7\u00e3o para levar aos homens e mulheres do nosso tempo a boa not\u00edcia do Evangelho. A Igreja precisa de v\u00f3s!&#8221;<\/em><\/p>\n<p>&nbsp;<\/p>\n<p>Louvado sejas, \u00f3 bom Senhor, pelas Irm\u00e3s do Mosteiro Sant\u00edssima Trindade, presente de Seu Cora\u00e7\u00e3o para nossa Diocese de Colatina!<\/p>\n<p><img src=\"https:\/\/cdn.diocesedecolatina.com.br\/wp-content\/uploads\/2021\/05\/4a24866b-289f-4e02-a282-eb5321a8b64c.jpg\" \/><\/p>\n<hr \/>\n<p><em>Fonte: Diocese de Colatina<\/em><\/p>\n<p><img loading=\"lazy\" class=\"alignleft size-full wp-image-232167\" src=\"https:\/\/franciscanos.org.br\/noticias\/wp-content\/uploads\/2021\/05\/7ca6606e-4e8f-40bb-8fbb-fb13e1c7dd8c.jpg\" alt=\"\" width=\"1024\" height=\"771\" srcset=\"https:\/\/franciscanos.org.br\/noticias\/wp-content\/uploads\/2021\/05\/7ca6606e-4e8f-40bb-8fbb-fb13e1c7dd8c.jpg 1024w, https:\/\/franciscanos.org.br\/noticias\/wp-content\/uploads\/2021\/05\/7ca6606e-4e8f-40bb-8fbb-fb13e1c7dd8c-450x339.jpg 450w, https:\/\/franciscanos.org.br\/noticias\/wp-content\/uploads\/2021\/05\/7ca6606e-4e8f-40bb-8fbb-fb13e1c7dd8c-768x578.jpg 768w, https:\/\/franciscanos.org.br\/noticias\/wp-content\/uploads\/2021\/05\/7ca6606e-4e8f-40bb-8fbb-fb13e1c7dd8c-150x113.jpg 150w\" sizes=\"(max-width: 1024px) 100vw, 1024px\" \/><\/p>\n<\/div>\n<\/div>\n","protected":false},"excerpt":{"rendered":"<p>Irm\u00e3s Clarissas<\/p>\n","protected":false},"author":3,"featured_media":232171,"comment_status":"open","ping_status":"open","sticky":false,"template":"","format":"standard","meta":[],"categories":[1],"tags":[171],"acf":[],"yoast_head":"<!-- This site is optimized with the Yoast SEO plugin v19.2 - https:\/\/yoast.com\/wordpress\/plugins\/seo\/ -->\n<title>Mosteiro das Irm\u00e3s Clarissas celebra 30 anos de presen\u00e7a na Diocese de Colatina - Not\u00edcias - Franciscanos<\/title>\n<meta name=\"robots\" content=\"index, follow, max-snippet:-1, max-image-preview:large, max-video-preview:-1\" \/>\n<link rel=\"canonical\" href=\"https:\/\/franciscanos.org.br\/noticias\/mosteiro-das-irmas-clarissas-celebra-30-anos-de-presenca-na-diocese-de-colatina.html\" \/>\n<meta property=\"og:locale\" content=\"pt_BR\" \/>\n<meta property=\"og:type\" content=\"article\" \/>\n<meta property=\"og:title\" content=\"Mosteiro das Irm\u00e3s Clarissas celebra 30 anos de presen\u00e7a na Diocese de Colatina - Not\u00edcias - Franciscanos\" \/>\n<meta property=\"og:description\" content=\"Irm\u00e3s Clarissas\" \/>\n<meta property=\"og:url\" content=\"https:\/\/franciscanos.org.br\/noticias\/mosteiro-das-irmas-clarissas-celebra-30-anos-de-presenca-na-diocese-de-colatina.html\" \/>\n<meta property=\"og:site_name\" content=\"Not\u00edcias - Franciscanos\" \/>\n<meta property=\"article:published_time\" content=\"2021-05-27T10:51:09+00:00\" \/>\n<meta property=\"article:modified_time\" content=\"2024-01-12T11:09:28+00:00\" \/>\n<meta property=\"og:image\" content=\"https:\/\/franciscanos.org.br\/noticias\/wp-content\/uploads\/2021\/05\/clarissas_27.jpg\" \/>\n\t<meta property=\"og:image:width\" content=\"800\" \/>\n\t<meta property=\"og:image:height\" content=\"550\" \/>\n\t<meta property=\"og:image:type\" content=\"image\/jpeg\" \/>\n<meta name=\"author\" content=\"moacir\" \/>\n<meta name=\"twitter:card\" content=\"summary_large_image\" \/>\n<meta name=\"twitter:label1\" content=\"Escrito por\" \/>\n\t<meta name=\"twitter:data1\" content=\"moacir\" \/>\n\t<meta name=\"twitter:label2\" content=\"Est. tempo de leitura\" \/>\n\t<meta name=\"twitter:data2\" content=\"2 minutos\" \/>\n<script type=\"application\/ld+json\" class=\"yoast-schema-graph\">{\"@context\":\"https:\/\/schema.org\",\"@graph\":[{\"@type\":\"WebSite\",\"@id\":\"https:\/\/franciscanos.org.br\/noticias\/#website\",\"url\":\"https:\/\/franciscanos.org.br\/noticias\/\",\"name\":\"Not\u00edcias - Franciscanos\",\"description\":\"Prov\u00edncia Franciscana da Imaculada Concei\u00e7\u00e3o do Brasil - Ordem dos Frades Menores - OFM\",\"potentialAction\":[{\"@type\":\"SearchAction\",\"target\":{\"@type\":\"EntryPoint\",\"urlTemplate\":\"https:\/\/franciscanos.org.br\/noticias\/?s={search_term_string}\"},\"query-input\":\"required name=search_term_string\"}],\"inLanguage\":\"pt-BR\"},{\"@type\":\"ImageObject\",\"inLanguage\":\"pt-BR\",\"@id\":\"https:\/\/franciscanos.org.br\/noticias\/mosteiro-das-irmas-clarissas-celebra-30-anos-de-presenca-na-diocese-de-colatina.html#primaryimage\",\"url\":\"https:\/\/franciscanos.org.br\/noticias\/wp-content\/uploads\/2021\/05\/clarissas_27.jpg\",\"contentUrl\":\"https:\/\/franciscanos.org.br\/noticias\/wp-content\/uploads\/2021\/05\/clarissas_27.jpg\",\"width\":800,\"height\":550},{\"@type\":\"WebPage\",\"@id\":\"https:\/\/franciscanos.org.br\/noticias\/mosteiro-das-irmas-clarissas-celebra-30-anos-de-presenca-na-diocese-de-colatina.html#webpage\",\"url\":\"https:\/\/franciscanos.org.br\/noticias\/mosteiro-das-irmas-clarissas-celebra-30-anos-de-presenca-na-diocese-de-colatina.html\",\"name\":\"Mosteiro das Irm\u00e3s Clarissas celebra 30 anos de presen\u00e7a na Diocese de Colatina - Not\u00edcias - Franciscanos\",\"isPartOf\":{\"@id\":\"https:\/\/franciscanos.org.br\/noticias\/#website\"},\"primaryImageOfPage\":{\"@id\":\"https:\/\/franciscanos.org.br\/noticias\/mosteiro-das-irmas-clarissas-celebra-30-anos-de-presenca-na-diocese-de-colatina.html#primaryimage\"},\"datePublished\":\"2021-05-27T10:51:09+00:00\",\"dateModified\":\"2024-01-12T11:09:28+00:00\",\"author\":{\"@id\":\"https:\/\/franciscanos.org.br\/noticias\/#\/schema\/person\/b5c8cba458c330ccff548b056e95a5d4\"},\"breadcrumb\":{\"@id\":\"https:\/\/franciscanos.org.br\/noticias\/mosteiro-das-irmas-clarissas-celebra-30-anos-de-presenca-na-diocese-de-colatina.html#breadcrumb\"},\"inLanguage\":\"pt-BR\",\"potentialAction\":[{\"@type\":\"ReadAction\",\"target\":[\"https:\/\/franciscanos.org.br\/noticias\/mosteiro-das-irmas-clarissas-celebra-30-anos-de-presenca-na-diocese-de-colatina.html\"]}]},{\"@type\":\"BreadcrumbList\",\"@id\":\"https:\/\/franciscanos.org.br\/noticias\/mosteiro-das-irmas-clarissas-celebra-30-anos-de-presenca-na-diocese-de-colatina.html#breadcrumb\",\"itemListElement\":[{\"@type\":\"ListItem\",\"position\":1,\"name\":\"Home\",\"item\":\"https:\/\/franciscanos.org.br\/noticias\"},{\"@type\":\"ListItem\",\"position\":2,\"name\":\"Mosteiro das Irm\u00e3s Clarissas celebra 30 anos de presen\u00e7a na Diocese de Colatina\"}]},{\"@type\":\"Person\",\"@id\":\"https:\/\/franciscanos.org.br\/noticias\/#\/schema\/person\/b5c8cba458c330ccff548b056e95a5d4\",\"name\":\"moacir\",\"image\":{\"@type\":\"ImageObject\",\"inLanguage\":\"pt-BR\",\"@id\":\"https:\/\/franciscanos.org.br\/noticias\/#\/schema\/person\/image\/\",\"url\":\"https:\/\/secure.gravatar.com\/avatar\/d08aa2ce4c8dd416d4479aa8536fcf64?s=96&d=mm&r=g\",\"contentUrl\":\"https:\/\/secure.gravatar.com\/avatar\/d08aa2ce4c8dd416d4479aa8536fcf64?s=96&d=mm&r=g\",\"caption\":\"moacir\"},\"url\":\"https:\/\/franciscanos.org.br\/noticias\/author\/moacir\"}]}<\/script>\n<!-- \/ Yoast SEO plugin. -->","yoast_head_json":{"title":"Mosteiro das Irm\u00e3s Clarissas celebra 30 anos de presen\u00e7a na Diocese de Colatina - Not\u00edcias - Franciscanos","robots":{"index":"index","follow":"follow","max-snippet":"max-snippet:-1","max-image-preview":"max-image-preview:large","max-video-preview":"max-video-preview:-1"},"canonical":"https:\/\/franciscanos.org.br\/noticias\/mosteiro-das-irmas-clarissas-celebra-30-anos-de-presenca-na-diocese-de-colatina.html","og_locale":"pt_BR","og_type":"article","og_title":"Mosteiro das Irm\u00e3s Clarissas celebra 30 anos de presen\u00e7a na Diocese de Colatina - Not\u00edcias - Franciscanos","og_description":"Irm\u00e3s Clarissas","og_url":"https:\/\/franciscanos.org.br\/noticias\/mosteiro-das-irmas-clarissas-celebra-30-anos-de-presenca-na-diocese-de-colatina.html","og_site_name":"Not\u00edcias - Franciscanos","article_published_time":"2021-05-27T10:51:09+00:00","article_modified_time":"2024-01-12T11:09:28+00:00","og_image":[{"width":800,"height":550,"url":"https:\/\/franciscanos.org.br\/noticias\/wp-content\/uploads\/2021\/05\/clarissas_27.jpg","type":"image\/jpeg"}],"author":"moacir","twitter_card":"summary_large_image","twitter_misc":{"Escrito por":"moacir","Est. tempo de leitura":"2 minutos"},"schema":{"@context":"https:\/\/schema.org","@graph":[{"@type":"WebSite","@id":"https:\/\/franciscanos.org.br\/noticias\/#website","url":"https:\/\/franciscanos.org.br\/noticias\/","name":"Not\u00edcias - Franciscanos","description":"Prov\u00edncia Franciscana da Imaculada Concei\u00e7\u00e3o do Brasil - Ordem dos Frades Menores - OFM","potentialAction":[{"@type":"SearchAction","target":{"@type":"EntryPoint","urlTemplate":"https:\/\/franciscanos.org.br\/noticias\/?s={search_term_string}"},"query-input":"required name=search_term_string"}],"inLanguage":"pt-BR"},{"@type":"ImageObject","inLanguage":"pt-BR","@id":"https:\/\/franciscanos.org.br\/noticias\/mosteiro-das-irmas-clarissas-celebra-30-anos-de-presenca-na-diocese-de-colatina.html#primaryimage","url":"https:\/\/franciscanos.org.br\/noticias\/wp-content\/uploads\/2021\/05\/clarissas_27.jpg","contentUrl":"https:\/\/franciscanos.org.br\/noticias\/wp-content\/uploads\/2021\/05\/clarissas_27.jpg","width":800,"height":550},{"@type":"WebPage","@id":"https:\/\/franciscanos.org.br\/noticias\/mosteiro-das-irmas-clarissas-celebra-30-anos-de-presenca-na-diocese-de-colatina.html#webpage","url":"https:\/\/franciscanos.org.br\/noticias\/mosteiro-das-irmas-clarissas-celebra-30-anos-de-presenca-na-diocese-de-colatina.html","name":"Mosteiro das Irm\u00e3s Clarissas celebra 30 anos de presen\u00e7a na Diocese de Colatina - Not\u00edcias - Franciscanos","isPartOf":{"@id":"https:\/\/franciscanos.org.br\/noticias\/#website"},"primaryImageOfPage":{"@id":"https:\/\/franciscanos.org.br\/noticias\/mosteiro-das-irmas-clarissas-celebra-30-anos-de-presenca-na-diocese-de-colatina.html#primaryimage"},"datePublished":"2021-05-27T10:51:09+00:00","dateModified":"2024-01-12T11:09:28+00:00","author":{"@id":"https:\/\/franciscanos.org.br\/noticias\/#\/schema\/person\/b5c8cba458c330ccff548b056e95a5d4"},"breadcrumb":{"@id":"https:\/\/franciscanos.org.br\/noticias\/mosteiro-das-irmas-clarissas-celebra-30-anos-de-presenca-na-diocese-de-colatina.html#breadcrumb"},"inLanguage":"pt-BR","potentialAction":[{"@type":"ReadAction","target":["https:\/\/franciscanos.org.br\/noticias\/mosteiro-das-irmas-clarissas-celebra-30-anos-de-presenca-na-diocese-de-colatina.html"]}]},{"@type":"BreadcrumbList","@id":"https:\/\/franciscanos.org.br\/noticias\/mosteiro-das-irmas-clarissas-celebra-30-anos-de-presenca-na-diocese-de-colatina.html#breadcrumb","itemListElement":[{"@type":"ListItem","position":1,"name":"Home","item":"https:\/\/franciscanos.org.br\/noticias"},{"@type":"ListItem","position":2,"name":"Mosteiro das Irm\u00e3s Clarissas celebra 30 anos de presen\u00e7a na Diocese de Colatina"}]},{"@type":"Person","@id":"https:\/\/franciscanos.org.br\/noticias\/#\/schema\/person\/b5c8cba458c330ccff548b056e95a5d4","name":"moacir","image":{"@type":"ImageObject","inLanguage":"pt-BR","@id":"https:\/\/franciscanos.org.br\/noticias\/#\/schema\/person\/image\/","url":"https:\/\/secure.gravatar.com\/avatar\/d08aa2ce4c8dd416d4479aa8536fcf64?s=96&d=mm&r=g","contentUrl":"https:\/\/secure.gravatar.com\/avatar\/d08aa2ce4c8dd416d4479aa8536fcf64?s=96&d=mm&r=g","caption":"moacir"},"url":"https:\/\/franciscanos.org.br\/noticias\/author\/moacir"}]}},"_links":{"self":[{"href":"https:\/\/franciscanos.org.br\/noticias\/wp-json\/wp\/v2\/posts\/232166"}],"collection":[{"href":"https:\/\/franciscanos.org.br\/noticias\/wp-json\/wp\/v2\/posts"}],"about":[{"href":"https:\/\/franciscanos.org.br\/noticias\/wp-json\/wp\/v2\/types\/post"}],"author":[{"embeddable":true,"href":"https:\/\/franciscanos.org.br\/noticias\/wp-json\/wp\/v2\/users\/3"}],"replies":[{"embeddable":true,"href":"https:\/\/franciscanos.org.br\/noticias\/wp-json\/wp\/v2\/comments?post=232166"}],"version-history":[{"count":5,"href":"https:\/\/franciscanos.org.br\/noticias\/wp-json\/wp\/v2\/posts\/232166\/revisions"}],"predecessor-version":[{"id":232178,"href":"https:\/\/franciscanos.org.br\/noticias\/wp-json\/wp\/v2\/posts\/232166\/revisions\/232178"}],"wp:featuredmedia":[{"embeddable":true,"href":"https:\/\/franciscanos.org.br\/noticias\/wp-json\/wp\/v2\/media\/232171"}],"wp:attachment":[{"href":"https:\/\/franciscanos.org.br\/noticias\/wp-json\/wp\/v2\/media?parent=232166"}],"wp:term":[{"taxonomy":"category","embeddable":true,"href":"https:\/\/franciscanos.org.br\/noticias\/wp-json\/wp\/v2\/categories?post=232166"},{"taxonomy":"post_tag","embeddable":true,"href":"https:\/\/franciscanos.org.br\/noticias\/wp-json\/wp\/v2\/tags?post=232166"}],"curies":[{"name":"wp","href":"https:\/\/api.w.org\/{rel}","templated":true}]}}