{"id":232147,"date":"2021-05-25T07:19:18","date_gmt":"2021-05-25T10:19:18","guid":{"rendered":"https:\/\/franciscanos.org.br\/noticias\/?p=232147"},"modified":"2021-05-25T07:19:50","modified_gmt":"2021-05-25T10:19:50","slug":"papa-deus-deu-um-jardim-nao-deixemos-um-deserto-aos-filhos","status":"publish","type":"post","link":"https:\/\/franciscanos.org.br\/noticias\/papa-deus-deu-um-jardim-nao-deixemos-um-deserto-aos-filhos.html","title":{"rendered":"Papa: Deus deu um jardim, n\u00e3o deixemos um deserto aos filhos"},"content":{"rendered":"<div id=\"attachment_232148\" style=\"width: 1290px\" class=\"wp-caption alignnone\"><img aria-describedby=\"caption-attachment-232148\" loading=\"lazy\" class=\"wp-image-232148 size-full\" src=\"https:\/\/franciscanos.org.br\/noticias\/wp-content\/uploads\/2021\/05\/laudato_25.jpg\" alt=\"\" width=\"1280\" height=\"715\" srcset=\"https:\/\/franciscanos.org.br\/noticias\/wp-content\/uploads\/2021\/05\/laudato_25.jpg 1280w, https:\/\/franciscanos.org.br\/noticias\/wp-content\/uploads\/2021\/05\/laudato_25-450x251.jpg 450w, https:\/\/franciscanos.org.br\/noticias\/wp-content\/uploads\/2021\/05\/laudato_25-1024x572.jpg 1024w, https:\/\/franciscanos.org.br\/noticias\/wp-content\/uploads\/2021\/05\/laudato_25-768x429.jpg 768w, https:\/\/franciscanos.org.br\/noticias\/wp-content\/uploads\/2021\/05\/laudato_25-150x84.jpg 150w\" sizes=\"(max-width: 1280px) 100vw, 1280px\" \/><p id=\"caption-attachment-232148\" class=\"wp-caption-text\"><em>\u00a0 \u00a0 \u00a0 \u00a0 \u00a0 \u00a0 \u00a0 \u00a0 \u00a0 \u00a0 \u00a0 \u00a0 \u00a0 \u00a0 \u00a0 \u00a0 \u00a0 \u00a0 \u00a0 \u00a0 \u00a0 \u00a0 \u00a0 \u00a0 \u00a0 \u00a0 \u00a0 \u00a0 \u00a0 \u00a0 \u00a0 \u00a0 \u00a0 \u00a0 \u00a0 \u00a0 \u00a0 \u00a0 \u00a0 \u00a0 \u00a0 \u00a0 \u00a0 Imagem: Captura de tela do v\u00eddeo da Semana Laudato Si&#8217;<\/em><\/p><\/div>\n<p>Durante o encerramento do Ano Especial do quinto anivers\u00e1rio da enc\u00edclica Laudato Si\u2019 do Papa Francisco, uma Plataforma de A\u00e7\u00e3o que vai guiar as iniciativas por uma ecologia integral foi apresentada nesta ter\u00e7a-feira (25) em coletiva de imprensa no Vaticano com o lan\u00e7amento oficial feito pelo pr\u00f3prio Pont\u00edfice. Atrav\u00e9s de uma mensagem em v\u00eddeo, o agradecimento especial do Papa ao Dicast\u00e9rio para o Servi\u00e7o de Desenvolvimento Humano Integral que organizou o Ano Laudato Si\u2019 e a todos que aderiram \u00e0 proposta por \u201cuma miss\u00e3o de reconstruir a nossa casa comum\u201d.<\/p>\n<p><strong>A Plataforma de A\u00e7\u00e3o Laudato si\u2019<\/strong><br \/>\nAssim, Francisco anunciou que o projeto vai se estender pelos pr\u00f3ximos 7 anos com a Plataforma de A\u00e7\u00e3o <em>(Laudato si\u2019 Action Platform<\/em>) que pretende envolver 7 diferentes realidades para que as comunidades se tornem \u201ctotalmente sustent\u00e1veis, no esp\u00edrito da ecologia integral\u201d: fam\u00edlias; par\u00f3quias e dioceses; escolas e universidades; hospitais; empresas comerciais e agr\u00edcolas; organiza\u00e7\u00f5es, grupos e movimentos; e institutos religiosos.<\/p>\n<p>Uma jornada que ser\u00e1 guiada pelos 7 objetivos da Laudato Si&#8217; para responder ao grito da Terra e ao grito dos pobres, por uma economia ecol\u00f3gica, atrav\u00e9s da ado\u00e7\u00e3o de um estilo de vida simples, por uma educa\u00e7\u00e3o e espiritualidade ecol\u00f3gicas, al\u00e9m do engajamento comunit\u00e1rio. \u201cTrabalhar juntos\u201d, destaca o Papa no v\u00eddeo, para \u201ccriar o futuro que desejamos: um mundo mais inclusivo, fraterno, pac\u00edfico e sustent\u00e1vel\u201d.<\/p>\n<p>\u201cH\u00e1 esperan\u00e7a. Todos podemos colaborar, cada um com a pr\u00f3pria cultura e experi\u00eancia, cada um com as pr\u00f3prias iniciativas e capacidades, para que a nossa m\u00e3e Terra retorne \u00e0 sua beleza original e a cria\u00e7\u00e3o volte a brilhar novamente segundo o plano de Deus\u201d, disse.<\/p>\n<p><strong>O cuidado com a casa comum<\/strong><br \/>\nO Papa, ent\u00e3o, renova o convite para que todos cuidem da \u201cnossa casa comum\u201d, sobretudo com as consequ\u00eancias impostas pela pandemia de Covid-19 que amplificou o grito da natureza e o dos pobres, enaltecendo que \u201ctudo est\u00e1 interligado e \u00e9 interdependente e que a nossa sa\u00fade n\u00e3o est\u00e1 separada da sa\u00fade do meio ambiente em que vivemos\u201d:\u00a0\u201cH\u00e1 muito tempo esta casa que nos hospeda sofre com feridas que causamos por causa de uma atitude predat\u00f3ria, que nos faz sentir como soberanos do planeta e dos seus recursos e nos autoriza a um uso irrespons\u00e1vel dos bens que Deus nos deu. Hoje, essas feridas se manifestam dramaticamente em uma crise ecol\u00f3gica sem precedentes, que afeta o solo, o ar, a \u00e1gua e, em geral, o ecossistema em que os seres humanos vivem.\u201d<\/p>\n<p><strong>O apelo renovado do Papa<\/strong><br \/>\n\u201cPrecisamos, portanto, de uma nova abordagem ecol\u00f3gica\u201d, insiste Francisco na mensagem em v\u00eddeo, que seja direcionada \u00e0 ecologia humana integral para envolver tanto quest\u00f5es ambientais como o homem na sua totalidade. Essa \u00e9 a nossa grande responsabilidade diante das futuras gera\u00e7\u00f5es, conclui o Papa com um forte apelo e reflex\u00e3o:\u00a0\u201cQue mundo queremos deixar \u00e0s nossas crian\u00e7as e aos nossos jovens? O nosso ego\u00edsmo, a nossa indiferen\u00e7a e os nossos estilos irrespons\u00e1veis est\u00e3o amea\u00e7ando o futuro dos nossos jovens! Assim, renovo o meu apelo: cuidemos da nossa m\u00e3e Terra, superemos a tenta\u00e7\u00e3o do ego\u00edsmo que nos faz predadores de recursos, cultivemos o respeito pelos dons da Terra e da cria\u00e7\u00e3o, inauguremos um estilo de vida e uma sociedade finalmente ecosustent\u00e1vel: temos a oportunidade de preparar um amanh\u00e3 melhor para todos. Das m\u00e3os de Deus recebemos um jardim; aos nossos filhos n\u00e3o podemos deixar um deserto\u201d.<\/p>\n<hr \/>\n<p><em>Fonte: Vatican News (texto de Andressa Collet)<\/em><\/p>\n","protected":false},"excerpt":{"rendered":"<p>Laudato Si&#8217;<\/p>\n","protected":false},"author":3,"featured_media":232149,"comment_status":"open","ping_status":"open","sticky":false,"template":"","format":"standard","meta":[],"categories":[1428],"tags":[701],"acf":[],"yoast_head":"<!-- This site is optimized with the Yoast SEO plugin v19.2 - https:\/\/yoast.com\/wordpress\/plugins\/seo\/ -->\n<title>Papa: Deus deu um jardim, n\u00e3o deixemos um deserto aos filhos - Not\u00edcias - Franciscanos<\/title>\n<meta name=\"robots\" content=\"index, follow, max-snippet:-1, max-image-preview:large, max-video-preview:-1\" \/>\n<link rel=\"canonical\" href=\"https:\/\/franciscanos.org.br\/noticias\/papa-deus-deu-um-jardim-nao-deixemos-um-deserto-aos-filhos.html\" \/>\n<meta property=\"og:locale\" content=\"pt_BR\" \/>\n<meta property=\"og:type\" content=\"article\" \/>\n<meta property=\"og:title\" content=\"Papa: Deus deu um jardim, n\u00e3o deixemos um deserto aos filhos - Not\u00edcias - Franciscanos\" \/>\n<meta property=\"og:description\" content=\"Laudato Si&#039;\" \/>\n<meta property=\"og:url\" content=\"https:\/\/franciscanos.org.br\/noticias\/papa-deus-deu-um-jardim-nao-deixemos-um-deserto-aos-filhos.html\" \/>\n<meta property=\"og:site_name\" content=\"Not\u00edcias - Franciscanos\" \/>\n<meta property=\"article:published_time\" content=\"2021-05-25T10:19:18+00:00\" \/>\n<meta property=\"article:modified_time\" content=\"2021-05-25T10:19:50+00:00\" \/>\n<meta property=\"og:image\" content=\"https:\/\/franciscanos.org.br\/noticias\/wp-content\/uploads\/2021\/05\/laudato_25d.jpg\" \/>\n\t<meta property=\"og:image:width\" content=\"800\" \/>\n\t<meta property=\"og:image:height\" content=\"550\" \/>\n\t<meta property=\"og:image:type\" content=\"image\/jpeg\" \/>\n<meta name=\"author\" content=\"moacir\" \/>\n<meta name=\"twitter:card\" content=\"summary_large_image\" \/>\n<meta name=\"twitter:label1\" content=\"Escrito por\" \/>\n\t<meta name=\"twitter:data1\" content=\"moacir\" \/>\n\t<meta name=\"twitter:label2\" content=\"Est. tempo de leitura\" \/>\n\t<meta name=\"twitter:data2\" content=\"3 minutos\" \/>\n<script type=\"application\/ld+json\" class=\"yoast-schema-graph\">{\"@context\":\"https:\/\/schema.org\",\"@graph\":[{\"@type\":\"WebSite\",\"@id\":\"https:\/\/franciscanos.org.br\/noticias\/#website\",\"url\":\"https:\/\/franciscanos.org.br\/noticias\/\",\"name\":\"Not\u00edcias - Franciscanos\",\"description\":\"Prov\u00edncia Franciscana da Imaculada Concei\u00e7\u00e3o do Brasil - Ordem dos Frades Menores - OFM\",\"potentialAction\":[{\"@type\":\"SearchAction\",\"target\":{\"@type\":\"EntryPoint\",\"urlTemplate\":\"https:\/\/franciscanos.org.br\/noticias\/?s={search_term_string}\"},\"query-input\":\"required name=search_term_string\"}],\"inLanguage\":\"pt-BR\"},{\"@type\":\"ImageObject\",\"inLanguage\":\"pt-BR\",\"@id\":\"https:\/\/franciscanos.org.br\/noticias\/papa-deus-deu-um-jardim-nao-deixemos-um-deserto-aos-filhos.html#primaryimage\",\"url\":\"https:\/\/franciscanos.org.br\/noticias\/wp-content\/uploads\/2021\/05\/laudato_25d.jpg\",\"contentUrl\":\"https:\/\/franciscanos.org.br\/noticias\/wp-content\/uploads\/2021\/05\/laudato_25d.jpg\",\"width\":800,\"height\":550},{\"@type\":\"WebPage\",\"@id\":\"https:\/\/franciscanos.org.br\/noticias\/papa-deus-deu-um-jardim-nao-deixemos-um-deserto-aos-filhos.html#webpage\",\"url\":\"https:\/\/franciscanos.org.br\/noticias\/papa-deus-deu-um-jardim-nao-deixemos-um-deserto-aos-filhos.html\",\"name\":\"Papa: Deus deu um jardim, n\u00e3o deixemos um deserto aos filhos - Not\u00edcias - Franciscanos\",\"isPartOf\":{\"@id\":\"https:\/\/franciscanos.org.br\/noticias\/#website\"},\"primaryImageOfPage\":{\"@id\":\"https:\/\/franciscanos.org.br\/noticias\/papa-deus-deu-um-jardim-nao-deixemos-um-deserto-aos-filhos.html#primaryimage\"},\"datePublished\":\"2021-05-25T10:19:18+00:00\",\"dateModified\":\"2021-05-25T10:19:50+00:00\",\"author\":{\"@id\":\"https:\/\/franciscanos.org.br\/noticias\/#\/schema\/person\/b5c8cba458c330ccff548b056e95a5d4\"},\"breadcrumb\":{\"@id\":\"https:\/\/franciscanos.org.br\/noticias\/papa-deus-deu-um-jardim-nao-deixemos-um-deserto-aos-filhos.html#breadcrumb\"},\"inLanguage\":\"pt-BR\",\"potentialAction\":[{\"@type\":\"ReadAction\",\"target\":[\"https:\/\/franciscanos.org.br\/noticias\/papa-deus-deu-um-jardim-nao-deixemos-um-deserto-aos-filhos.html\"]}]},{\"@type\":\"BreadcrumbList\",\"@id\":\"https:\/\/franciscanos.org.br\/noticias\/papa-deus-deu-um-jardim-nao-deixemos-um-deserto-aos-filhos.html#breadcrumb\",\"itemListElement\":[{\"@type\":\"ListItem\",\"position\":1,\"name\":\"Home\",\"item\":\"https:\/\/franciscanos.org.br\/noticias\"},{\"@type\":\"ListItem\",\"position\":2,\"name\":\"Papa: Deus deu um jardim, n\u00e3o deixemos um deserto aos filhos\"}]},{\"@type\":\"Person\",\"@id\":\"https:\/\/franciscanos.org.br\/noticias\/#\/schema\/person\/b5c8cba458c330ccff548b056e95a5d4\",\"name\":\"moacir\",\"image\":{\"@type\":\"ImageObject\",\"inLanguage\":\"pt-BR\",\"@id\":\"https:\/\/franciscanos.org.br\/noticias\/#\/schema\/person\/image\/\",\"url\":\"https:\/\/secure.gravatar.com\/avatar\/d08aa2ce4c8dd416d4479aa8536fcf64?s=96&d=mm&r=g\",\"contentUrl\":\"https:\/\/secure.gravatar.com\/avatar\/d08aa2ce4c8dd416d4479aa8536fcf64?s=96&d=mm&r=g\",\"caption\":\"moacir\"},\"url\":\"https:\/\/franciscanos.org.br\/noticias\/author\/moacir\"}]}<\/script>\n<!-- \/ Yoast SEO plugin. -->","yoast_head_json":{"title":"Papa: Deus deu um jardim, n\u00e3o deixemos um deserto aos filhos - Not\u00edcias - Franciscanos","robots":{"index":"index","follow":"follow","max-snippet":"max-snippet:-1","max-image-preview":"max-image-preview:large","max-video-preview":"max-video-preview:-1"},"canonical":"https:\/\/franciscanos.org.br\/noticias\/papa-deus-deu-um-jardim-nao-deixemos-um-deserto-aos-filhos.html","og_locale":"pt_BR","og_type":"article","og_title":"Papa: Deus deu um jardim, n\u00e3o deixemos um deserto aos filhos - Not\u00edcias - Franciscanos","og_description":"Laudato Si'","og_url":"https:\/\/franciscanos.org.br\/noticias\/papa-deus-deu-um-jardim-nao-deixemos-um-deserto-aos-filhos.html","og_site_name":"Not\u00edcias - Franciscanos","article_published_time":"2021-05-25T10:19:18+00:00","article_modified_time":"2021-05-25T10:19:50+00:00","og_image":[{"width":800,"height":550,"url":"https:\/\/franciscanos.org.br\/noticias\/wp-content\/uploads\/2021\/05\/laudato_25d.jpg","type":"image\/jpeg"}],"author":"moacir","twitter_card":"summary_large_image","twitter_misc":{"Escrito por":"moacir","Est. tempo de leitura":"3 minutos"},"schema":{"@context":"https:\/\/schema.org","@graph":[{"@type":"WebSite","@id":"https:\/\/franciscanos.org.br\/noticias\/#website","url":"https:\/\/franciscanos.org.br\/noticias\/","name":"Not\u00edcias - Franciscanos","description":"Prov\u00edncia Franciscana da Imaculada Concei\u00e7\u00e3o do Brasil - Ordem dos Frades Menores - OFM","potentialAction":[{"@type":"SearchAction","target":{"@type":"EntryPoint","urlTemplate":"https:\/\/franciscanos.org.br\/noticias\/?s={search_term_string}"},"query-input":"required name=search_term_string"}],"inLanguage":"pt-BR"},{"@type":"ImageObject","inLanguage":"pt-BR","@id":"https:\/\/franciscanos.org.br\/noticias\/papa-deus-deu-um-jardim-nao-deixemos-um-deserto-aos-filhos.html#primaryimage","url":"https:\/\/franciscanos.org.br\/noticias\/wp-content\/uploads\/2021\/05\/laudato_25d.jpg","contentUrl":"https:\/\/franciscanos.org.br\/noticias\/wp-content\/uploads\/2021\/05\/laudato_25d.jpg","width":800,"height":550},{"@type":"WebPage","@id":"https:\/\/franciscanos.org.br\/noticias\/papa-deus-deu-um-jardim-nao-deixemos-um-deserto-aos-filhos.html#webpage","url":"https:\/\/franciscanos.org.br\/noticias\/papa-deus-deu-um-jardim-nao-deixemos-um-deserto-aos-filhos.html","name":"Papa: Deus deu um jardim, n\u00e3o deixemos um deserto aos filhos - Not\u00edcias - Franciscanos","isPartOf":{"@id":"https:\/\/franciscanos.org.br\/noticias\/#website"},"primaryImageOfPage":{"@id":"https:\/\/franciscanos.org.br\/noticias\/papa-deus-deu-um-jardim-nao-deixemos-um-deserto-aos-filhos.html#primaryimage"},"datePublished":"2021-05-25T10:19:18+00:00","dateModified":"2021-05-25T10:19:50+00:00","author":{"@id":"https:\/\/franciscanos.org.br\/noticias\/#\/schema\/person\/b5c8cba458c330ccff548b056e95a5d4"},"breadcrumb":{"@id":"https:\/\/franciscanos.org.br\/noticias\/papa-deus-deu-um-jardim-nao-deixemos-um-deserto-aos-filhos.html#breadcrumb"},"inLanguage":"pt-BR","potentialAction":[{"@type":"ReadAction","target":["https:\/\/franciscanos.org.br\/noticias\/papa-deus-deu-um-jardim-nao-deixemos-um-deserto-aos-filhos.html"]}]},{"@type":"BreadcrumbList","@id":"https:\/\/franciscanos.org.br\/noticias\/papa-deus-deu-um-jardim-nao-deixemos-um-deserto-aos-filhos.html#breadcrumb","itemListElement":[{"@type":"ListItem","position":1,"name":"Home","item":"https:\/\/franciscanos.org.br\/noticias"},{"@type":"ListItem","position":2,"name":"Papa: Deus deu um jardim, n\u00e3o deixemos um deserto aos filhos"}]},{"@type":"Person","@id":"https:\/\/franciscanos.org.br\/noticias\/#\/schema\/person\/b5c8cba458c330ccff548b056e95a5d4","name":"moacir","image":{"@type":"ImageObject","inLanguage":"pt-BR","@id":"https:\/\/franciscanos.org.br\/noticias\/#\/schema\/person\/image\/","url":"https:\/\/secure.gravatar.com\/avatar\/d08aa2ce4c8dd416d4479aa8536fcf64?s=96&d=mm&r=g","contentUrl":"https:\/\/secure.gravatar.com\/avatar\/d08aa2ce4c8dd416d4479aa8536fcf64?s=96&d=mm&r=g","caption":"moacir"},"url":"https:\/\/franciscanos.org.br\/noticias\/author\/moacir"}]}},"_links":{"self":[{"href":"https:\/\/franciscanos.org.br\/noticias\/wp-json\/wp\/v2\/posts\/232147"}],"collection":[{"href":"https:\/\/franciscanos.org.br\/noticias\/wp-json\/wp\/v2\/posts"}],"about":[{"href":"https:\/\/franciscanos.org.br\/noticias\/wp-json\/wp\/v2\/types\/post"}],"author":[{"embeddable":true,"href":"https:\/\/franciscanos.org.br\/noticias\/wp-json\/wp\/v2\/users\/3"}],"replies":[{"embeddable":true,"href":"https:\/\/franciscanos.org.br\/noticias\/wp-json\/wp\/v2\/comments?post=232147"}],"version-history":[{"count":2,"href":"https:\/\/franciscanos.org.br\/noticias\/wp-json\/wp\/v2\/posts\/232147\/revisions"}],"predecessor-version":[{"id":232151,"href":"https:\/\/franciscanos.org.br\/noticias\/wp-json\/wp\/v2\/posts\/232147\/revisions\/232151"}],"wp:featuredmedia":[{"embeddable":true,"href":"https:\/\/franciscanos.org.br\/noticias\/wp-json\/wp\/v2\/media\/232149"}],"wp:attachment":[{"href":"https:\/\/franciscanos.org.br\/noticias\/wp-json\/wp\/v2\/media?parent=232147"}],"wp:term":[{"taxonomy":"category","embeddable":true,"href":"https:\/\/franciscanos.org.br\/noticias\/wp-json\/wp\/v2\/categories?post=232147"},{"taxonomy":"post_tag","embeddable":true,"href":"https:\/\/franciscanos.org.br\/noticias\/wp-json\/wp\/v2\/tags?post=232147"}],"curies":[{"name":"wp","href":"https:\/\/api.w.org\/{rel}","templated":true}]}}