{"id":232099,"date":"2021-05-22T16:30:48","date_gmt":"2021-05-22T19:30:48","guid":{"rendered":"https:\/\/franciscanos.org.br\/noticias\/?p=232099"},"modified":"2021-05-23T22:38:49","modified_gmt":"2021-05-24T01:38:49","slug":"canarinhos-coral-das-meninas-acolhe-novas-integrantes","status":"publish","type":"post","link":"https:\/\/franciscanos.org.br\/noticias\/canarinhos-coral-das-meninas-acolhe-novas-integrantes.html","title":{"rendered":"Canarinhos: Coral das Meninas acolhe novas integrantes"},"content":{"rendered":"<p><img loading=\"lazy\" class=\"alignnone wp-image-232100 size-full\" src=\"https:\/\/franciscanos.org.br\/noticias\/wp-content\/uploads\/2021\/05\/canarinhos_2205.jpg\" alt=\"\" width=\"1280\" height=\"720\" srcset=\"https:\/\/franciscanos.org.br\/noticias\/wp-content\/uploads\/2021\/05\/canarinhos_2205.jpg 1280w, https:\/\/franciscanos.org.br\/noticias\/wp-content\/uploads\/2021\/05\/canarinhos_2205-450x253.jpg 450w, https:\/\/franciscanos.org.br\/noticias\/wp-content\/uploads\/2021\/05\/canarinhos_2205-1024x576.jpg 1024w, https:\/\/franciscanos.org.br\/noticias\/wp-content\/uploads\/2021\/05\/canarinhos_2205-768x432.jpg 768w, https:\/\/franciscanos.org.br\/noticias\/wp-content\/uploads\/2021\/05\/canarinhos_2205-150x84.jpg 150w\" sizes=\"(max-width: 1280px) 100vw, 1280px\" \/><\/p>\n<p><strong>Petr\u00f3polis (RJ)<\/strong> \u2013 O Coral das Meninas do Instituto dos Canarinhos de Petr\u00f3polis (IMCP), acolheu, neste s\u00e1bado (22\/5), dez novas integrantes. Ap\u00f3s um per\u00edodo de prepara\u00e7\u00e3o no Ponto de Cultura Aprendiz de Canarinhos, as turmas de 2019 e 2020 tomaram seu lugar no coro, que hoje \u00e9 composto por 56 integrantes, tendo como regente o maestro Marcelo Vizani.<\/p>\n<p>O diretor e presidente do IMCP, Frei Marcos Antonio de Andrade, conduziu o rito de investidura, que contou tamb\u00e9m com ajuda dos frades do tempo da Teologia que acompanham os trabalhos e atividades dos corais. Ao seu lado estavam o diretor art\u00edstico e maestro do Coral dos Canarinhos, Marco Aur\u00e9lio Lischt, e o maestro Marcelo Vizani. A celebra\u00e7\u00e3o foi transmitida pelas plataformas digitais do Instituto.<\/p>\n<p><img loading=\"lazy\" class=\"alignnone wp-image-232102 size-full\" src=\"https:\/\/franciscanos.org.br\/noticias\/wp-content\/uploads\/2021\/05\/canarinhos_06.jpg\" alt=\"\" width=\"1280\" height=\"608\" srcset=\"https:\/\/franciscanos.org.br\/noticias\/wp-content\/uploads\/2021\/05\/canarinhos_06.jpg 1280w, https:\/\/franciscanos.org.br\/noticias\/wp-content\/uploads\/2021\/05\/canarinhos_06-450x214.jpg 450w, https:\/\/franciscanos.org.br\/noticias\/wp-content\/uploads\/2021\/05\/canarinhos_06-1024x486.jpg 1024w, https:\/\/franciscanos.org.br\/noticias\/wp-content\/uploads\/2021\/05\/canarinhos_06-768x365.jpg 768w, https:\/\/franciscanos.org.br\/noticias\/wp-content\/uploads\/2021\/05\/canarinhos_06-150x71.jpg 150w\" sizes=\"(max-width: 1280px) 100vw, 1280px\" \/><\/p>\n<p>Ap\u00f3s os ritos iniciais, o regente Marco Aur\u00e9lio chamou cada uma das meninas pelo nome e, em seguida, Frei Marcos perguntou: \u201cQueridas meninas, o que desejais?\u201d. De p\u00e9, todas responderam: \u201cDesejamos receber a veste coral das Meninas dos Canarinhos de Petr\u00f3polis\u201d. O celebrante ent\u00e3o, em nome da Igreja e do Instituto dos Meninos Cantores de Petr\u00f3polis, recebeu as novas integrantes no Coral das Meninas dos Canarinhos de Petr\u00f3polis.<\/p>\n<p>Ap\u00f3s a leitura do Evangelho de S\u00e3o Mateus (18, 1-4), Frei Marcos falou da import\u00e2ncia da m\u00fasica na liturgia desde os primeiros s\u00e9culos e que, desde muito cedo, tinha a participa\u00e7\u00e3o do coro de crian\u00e7as. \u201cCome\u00e7ou com os meninos e depois mais tarde vieram as vozes femininas\u201d, disse. O frade explicou que quando v\u00ea o coro nas liturgias, tantos dos meninos quanto das meninas, lembra do Evangelho que Jesus falava da import\u00e2ncia de ser crian\u00e7a. &#8220;Jesus diz: \u2018Olha para elas\u2019. Porque Deus olha para as crian\u00e7as e escuta as crian\u00e7as pelo seu jeito pr\u00f3prio\u201d, explicou. Para ele, a presen\u00e7a do coro das meninas e dos meninos nas celebra\u00e7\u00f5es dominicais faz muita falta. \u201cVejo que toda a comunidade sente muito esta falta, porque a voz da crian\u00e7a, tenho certeza que Deus escuta\u201d, avaliou.<\/p>\n<p><img loading=\"lazy\" class=\"wp-image-232103 alignleft\" src=\"https:\/\/franciscanos.org.br\/noticias\/wp-content\/uploads\/2021\/05\/canarinhos_02-450x300.jpg\" alt=\"\" width=\"363\" height=\"242\" srcset=\"https:\/\/franciscanos.org.br\/noticias\/wp-content\/uploads\/2021\/05\/canarinhos_02-450x300.jpg 450w, https:\/\/franciscanos.org.br\/noticias\/wp-content\/uploads\/2021\/05\/canarinhos_02-1024x682.jpg 1024w, https:\/\/franciscanos.org.br\/noticias\/wp-content\/uploads\/2021\/05\/canarinhos_02-768x512.jpg 768w, https:\/\/franciscanos.org.br\/noticias\/wp-content\/uploads\/2021\/05\/canarinhos_02-150x100.jpg 150w, https:\/\/franciscanos.org.br\/noticias\/wp-content\/uploads\/2021\/05\/canarinhos_02.jpg 1280w\" sizes=\"(max-width: 363px) 100vw, 363px\" \/><img loading=\"lazy\" class=\" wp-image-232104 alignright\" src=\"https:\/\/franciscanos.org.br\/noticias\/wp-content\/uploads\/2021\/05\/canarinhos_04-450x253.jpg\" alt=\"\" width=\"429\" height=\"241\" srcset=\"https:\/\/franciscanos.org.br\/noticias\/wp-content\/uploads\/2021\/05\/canarinhos_04-450x253.jpg 450w, https:\/\/franciscanos.org.br\/noticias\/wp-content\/uploads\/2021\/05\/canarinhos_04-1024x576.jpg 1024w, https:\/\/franciscanos.org.br\/noticias\/wp-content\/uploads\/2021\/05\/canarinhos_04-768x432.jpg 768w, https:\/\/franciscanos.org.br\/noticias\/wp-content\/uploads\/2021\/05\/canarinhos_04-150x84.jpg 150w, https:\/\/franciscanos.org.br\/noticias\/wp-content\/uploads\/2021\/05\/canarinhos_04.jpg 1280w\" sizes=\"(max-width: 429px) 100vw, 429px\" \/><\/p>\n<p>&nbsp;<\/p>\n<p>&nbsp;<\/p>\n<p>&nbsp;<\/p>\n<p>&nbsp;<\/p>\n<p>&nbsp;<\/p>\n<p>&nbsp;<\/p>\n<p>&nbsp;<\/p>\n<p>&nbsp;<\/p>\n<p>O presidente do IMCP explicou que a miss\u00e3o de emprestar a pr\u00f3pria voz para toda a Igreja \u00e9 de suma import\u00e2ncia. \u201cVoc\u00eas est\u00e3o recebendo esta miss\u00e3o da Igreja dentro de nosso Instituto. Ent\u00e3o, em primeiro lugar, guardem isso: voc\u00eas t\u00eam o compromisso de cantar os louvores a Deus em nome de todos n\u00f3s\u201d, orientou, agradecendo pela confian\u00e7a dos pais no Instituto. Recordou que no pr\u00f3ximo ano o coro dos meninos completa 80 anos e o das meninas 34 anos: \u201cObrigado pela confian\u00e7a de voc\u00eas em nossa institui\u00e7\u00e3o que busca, atrav\u00e9s da m\u00fasica, dar uma forma\u00e7\u00e3o integral para todas essas meninas e meninos que v\u00eam at\u00e9 n\u00f3s\u201d.<\/p>\n<p><strong>B\u00c1LSAMO PARA A VIDA<\/strong><br \/>\nO celebrante prosseguiu com a b\u00ean\u00e7\u00e3o de Deus sobre as meninas que, a partir de agora, estar\u00e3o assumindo a miss\u00e3o de cantar as maravilhas que Deus continua a realizar na vida de todos. E, com \u00e1gua benta, aben\u00e7oou as novas integrantes. Elas foram acolhidas ao coro com um salva de palmas dos pais.<\/p>\n<p><img loading=\"lazy\" class=\"alignnone wp-image-232101 size-full\" src=\"https:\/\/franciscanos.org.br\/noticias\/wp-content\/uploads\/2021\/05\/canarinhos_03.jpg\" alt=\"\" width=\"1280\" height=\"853\" srcset=\"https:\/\/franciscanos.org.br\/noticias\/wp-content\/uploads\/2021\/05\/canarinhos_03.jpg 1280w, https:\/\/franciscanos.org.br\/noticias\/wp-content\/uploads\/2021\/05\/canarinhos_03-450x300.jpg 450w, https:\/\/franciscanos.org.br\/noticias\/wp-content\/uploads\/2021\/05\/canarinhos_03-1024x682.jpg 1024w, https:\/\/franciscanos.org.br\/noticias\/wp-content\/uploads\/2021\/05\/canarinhos_03-768x512.jpg 768w, https:\/\/franciscanos.org.br\/noticias\/wp-content\/uploads\/2021\/05\/canarinhos_03-150x100.jpg 150w\" sizes=\"(max-width: 1280px) 100vw, 1280px\" \/><\/p>\n<p>O maestro Marco Aur\u00e9lio, na sua acolhida, disse que a m\u00fasica \u00e9 um b\u00e1lsamo para nossas almas. &#8220;\u00c9 uma alegria muito grande quando a gente canta. Espero que voc\u00eas possam sentir esse b\u00e1lsamo cada vez mais nas almas e cora\u00e7\u00f5es. Desejo que sempre sejam muito felizes na m\u00fasica. Que continuem cantando sempre\u201d, disse. Citou o fil\u00f3sofo Nietzsche ao afirmar que a vida sem a m\u00fasica seria um erro. \u201cEu acredito muito na energia da m\u00fasica. Que essa energia possa estar sempre vibrando no seus cora\u00e7\u00f5es. A m\u00fasica eleva a alma, a m\u00fasica socializa, m\u00fasica coloca todo mundo no n\u00edvel mais alto de vibra\u00e7\u00e3o; e essa vibra\u00e7\u00e3o \u00e9 Deus. Aproveitem essa energia de Deus e a leve sempre para a vida\u201d, encorajou.<\/p>\n<p>O regente Marcelo Vizani tamb\u00e9m recepcionou o coro: \u201cVer a hist\u00f3ria se repetir todos os anos \u00e9 sentir em nosso cora\u00e7\u00e3o que somos guardi\u00e3es da boa m\u00fasica, da cultura, da boa fam\u00edlia, dos cora\u00e7\u00f5es alegres. Voc\u00eas simbolizam a alegria, a vida, a esperan\u00e7a\u201d, frisou. \u201cParab\u00e9ns meninas. Tenham certeza que as coisas ir\u00e3o melhorar porque n\u00f3s cantamos para isso\u201d, disse, e agradeceu tamb\u00e9m aos pais e colaboradores do IMCP.<\/p>\n<p><img loading=\"lazy\" class=\"alignnone wp-image-232105 size-full\" src=\"https:\/\/franciscanos.org.br\/noticias\/wp-content\/uploads\/2021\/05\/canarinhos_07.jpg\" alt=\"\" width=\"1280\" height=\"764\" srcset=\"https:\/\/franciscanos.org.br\/noticias\/wp-content\/uploads\/2021\/05\/canarinhos_07.jpg 1280w, https:\/\/franciscanos.org.br\/noticias\/wp-content\/uploads\/2021\/05\/canarinhos_07-450x269.jpg 450w, https:\/\/franciscanos.org.br\/noticias\/wp-content\/uploads\/2021\/05\/canarinhos_07-1024x611.jpg 1024w, https:\/\/franciscanos.org.br\/noticias\/wp-content\/uploads\/2021\/05\/canarinhos_07-768x458.jpg 768w, https:\/\/franciscanos.org.br\/noticias\/wp-content\/uploads\/2021\/05\/canarinhos_07-150x90.jpg 150w\" sizes=\"(max-width: 1280px) 100vw, 1280px\" \/><\/p>\n<p>Como s\u00edmbolo da entrada no coro o regente entregou para cada menina a pasta do coral. O rito se encerrou com a ora\u00e7\u00e3o do Pai-Nosso e a b\u00ean\u00e7\u00e3o final de Frei Marcos. Na sequ\u00eancia, as meninas foram conduzidas at\u00e9 o presbit\u00e9rio, onde definitivamente assumiram seu lugar no Coral das Meninas dos Canarinhos de Petr\u00f3polis. No final, a gestora Rose Melo explicou que \u00e9 tradi\u00e7\u00e3o fazer uma confraterniza\u00e7\u00e3o ap\u00f3s a investidura, mas que neste ano, por raz\u00f5es j\u00e1 conhecidas, a confraterniza\u00e7\u00e3o seria apenas com a fam\u00edlia, entregando assim uma lembrancinha e bolo.<\/p>\n<hr \/>\n<p><em>Frei Augusto Luiz Gabriel, Frei Andrei Nascimento Anjos e Frei Felipe Medeiros Carretta<\/em><\/p>\n","protected":false},"excerpt":{"rendered":"<p>Rito de Investidura <\/p>\n","protected":false},"author":3,"featured_media":232106,"comment_status":"open","ping_status":"open","sticky":false,"template":"","format":"standard","meta":[],"categories":[1],"tags":[1378,1531],"acf":[],"yoast_head":"<!-- This site is optimized with the Yoast SEO plugin v19.2 - https:\/\/yoast.com\/wordpress\/plugins\/seo\/ -->\n<title>Canarinhos: Coral das Meninas acolhe novas integrantes - Not\u00edcias - Franciscanos<\/title>\n<meta name=\"robots\" content=\"index, follow, max-snippet:-1, max-image-preview:large, max-video-preview:-1\" \/>\n<link rel=\"canonical\" href=\"https:\/\/franciscanos.org.br\/noticias\/canarinhos-coral-das-meninas-acolhe-novas-integrantes.html\" \/>\n<meta property=\"og:locale\" content=\"pt_BR\" \/>\n<meta property=\"og:type\" content=\"article\" \/>\n<meta property=\"og:title\" content=\"Canarinhos: Coral das Meninas acolhe novas integrantes - Not\u00edcias - Franciscanos\" \/>\n<meta property=\"og:description\" content=\"Rito de Investidura\" \/>\n<meta property=\"og:url\" content=\"https:\/\/franciscanos.org.br\/noticias\/canarinhos-coral-das-meninas-acolhe-novas-integrantes.html\" \/>\n<meta property=\"og:site_name\" content=\"Not\u00edcias - Franciscanos\" \/>\n<meta property=\"article:published_time\" content=\"2021-05-22T19:30:48+00:00\" \/>\n<meta property=\"article:modified_time\" content=\"2021-05-24T01:38:49+00:00\" \/>\n<meta property=\"og:image\" content=\"https:\/\/franciscanos.org.br\/noticias\/wp-content\/uploads\/2021\/05\/canarinhos_22d.jpg\" \/>\n\t<meta property=\"og:image:width\" content=\"800\" \/>\n\t<meta property=\"og:image:height\" content=\"550\" \/>\n\t<meta property=\"og:image:type\" content=\"image\/jpeg\" \/>\n<meta name=\"author\" content=\"moacir\" \/>\n<meta name=\"twitter:card\" content=\"summary_large_image\" \/>\n<meta name=\"twitter:label1\" content=\"Escrito por\" \/>\n\t<meta name=\"twitter:data1\" content=\"moacir\" \/>\n\t<meta name=\"twitter:label2\" content=\"Est. tempo de leitura\" \/>\n\t<meta name=\"twitter:data2\" content=\"4 minutos\" \/>\n<script type=\"application\/ld+json\" class=\"yoast-schema-graph\">{\"@context\":\"https:\/\/schema.org\",\"@graph\":[{\"@type\":\"WebSite\",\"@id\":\"https:\/\/franciscanos.org.br\/noticias\/#website\",\"url\":\"https:\/\/franciscanos.org.br\/noticias\/\",\"name\":\"Not\u00edcias - Franciscanos\",\"description\":\"Prov\u00edncia Franciscana da Imaculada Concei\u00e7\u00e3o do Brasil - Ordem dos Frades Menores - OFM\",\"potentialAction\":[{\"@type\":\"SearchAction\",\"target\":{\"@type\":\"EntryPoint\",\"urlTemplate\":\"https:\/\/franciscanos.org.br\/noticias\/?s={search_term_string}\"},\"query-input\":\"required name=search_term_string\"}],\"inLanguage\":\"pt-BR\"},{\"@type\":\"ImageObject\",\"inLanguage\":\"pt-BR\",\"@id\":\"https:\/\/franciscanos.org.br\/noticias\/canarinhos-coral-das-meninas-acolhe-novas-integrantes.html#primaryimage\",\"url\":\"https:\/\/franciscanos.org.br\/noticias\/wp-content\/uploads\/2021\/05\/canarinhos_22d.jpg\",\"contentUrl\":\"https:\/\/franciscanos.org.br\/noticias\/wp-content\/uploads\/2021\/05\/canarinhos_22d.jpg\",\"width\":800,\"height\":550},{\"@type\":\"WebPage\",\"@id\":\"https:\/\/franciscanos.org.br\/noticias\/canarinhos-coral-das-meninas-acolhe-novas-integrantes.html#webpage\",\"url\":\"https:\/\/franciscanos.org.br\/noticias\/canarinhos-coral-das-meninas-acolhe-novas-integrantes.html\",\"name\":\"Canarinhos: Coral das Meninas acolhe novas integrantes - Not\u00edcias - Franciscanos\",\"isPartOf\":{\"@id\":\"https:\/\/franciscanos.org.br\/noticias\/#website\"},\"primaryImageOfPage\":{\"@id\":\"https:\/\/franciscanos.org.br\/noticias\/canarinhos-coral-das-meninas-acolhe-novas-integrantes.html#primaryimage\"},\"datePublished\":\"2021-05-22T19:30:48+00:00\",\"dateModified\":\"2021-05-24T01:38:49+00:00\",\"author\":{\"@id\":\"https:\/\/franciscanos.org.br\/noticias\/#\/schema\/person\/b5c8cba458c330ccff548b056e95a5d4\"},\"breadcrumb\":{\"@id\":\"https:\/\/franciscanos.org.br\/noticias\/canarinhos-coral-das-meninas-acolhe-novas-integrantes.html#breadcrumb\"},\"inLanguage\":\"pt-BR\",\"potentialAction\":[{\"@type\":\"ReadAction\",\"target\":[\"https:\/\/franciscanos.org.br\/noticias\/canarinhos-coral-das-meninas-acolhe-novas-integrantes.html\"]}]},{\"@type\":\"BreadcrumbList\",\"@id\":\"https:\/\/franciscanos.org.br\/noticias\/canarinhos-coral-das-meninas-acolhe-novas-integrantes.html#breadcrumb\",\"itemListElement\":[{\"@type\":\"ListItem\",\"position\":1,\"name\":\"Home\",\"item\":\"https:\/\/franciscanos.org.br\/noticias\"},{\"@type\":\"ListItem\",\"position\":2,\"name\":\"Canarinhos: Coral das Meninas acolhe novas integrantes\"}]},{\"@type\":\"Person\",\"@id\":\"https:\/\/franciscanos.org.br\/noticias\/#\/schema\/person\/b5c8cba458c330ccff548b056e95a5d4\",\"name\":\"moacir\",\"image\":{\"@type\":\"ImageObject\",\"inLanguage\":\"pt-BR\",\"@id\":\"https:\/\/franciscanos.org.br\/noticias\/#\/schema\/person\/image\/\",\"url\":\"https:\/\/secure.gravatar.com\/avatar\/d08aa2ce4c8dd416d4479aa8536fcf64?s=96&d=mm&r=g\",\"contentUrl\":\"https:\/\/secure.gravatar.com\/avatar\/d08aa2ce4c8dd416d4479aa8536fcf64?s=96&d=mm&r=g\",\"caption\":\"moacir\"},\"url\":\"https:\/\/franciscanos.org.br\/noticias\/author\/moacir\"}]}<\/script>\n<!-- \/ Yoast SEO plugin. -->","yoast_head_json":{"title":"Canarinhos: Coral das Meninas acolhe novas integrantes - Not\u00edcias - Franciscanos","robots":{"index":"index","follow":"follow","max-snippet":"max-snippet:-1","max-image-preview":"max-image-preview:large","max-video-preview":"max-video-preview:-1"},"canonical":"https:\/\/franciscanos.org.br\/noticias\/canarinhos-coral-das-meninas-acolhe-novas-integrantes.html","og_locale":"pt_BR","og_type":"article","og_title":"Canarinhos: Coral das Meninas acolhe novas integrantes - Not\u00edcias - Franciscanos","og_description":"Rito de Investidura","og_url":"https:\/\/franciscanos.org.br\/noticias\/canarinhos-coral-das-meninas-acolhe-novas-integrantes.html","og_site_name":"Not\u00edcias - Franciscanos","article_published_time":"2021-05-22T19:30:48+00:00","article_modified_time":"2021-05-24T01:38:49+00:00","og_image":[{"width":800,"height":550,"url":"https:\/\/franciscanos.org.br\/noticias\/wp-content\/uploads\/2021\/05\/canarinhos_22d.jpg","type":"image\/jpeg"}],"author":"moacir","twitter_card":"summary_large_image","twitter_misc":{"Escrito por":"moacir","Est. tempo de leitura":"4 minutos"},"schema":{"@context":"https:\/\/schema.org","@graph":[{"@type":"WebSite","@id":"https:\/\/franciscanos.org.br\/noticias\/#website","url":"https:\/\/franciscanos.org.br\/noticias\/","name":"Not\u00edcias - Franciscanos","description":"Prov\u00edncia Franciscana da Imaculada Concei\u00e7\u00e3o do Brasil - Ordem dos Frades Menores - OFM","potentialAction":[{"@type":"SearchAction","target":{"@type":"EntryPoint","urlTemplate":"https:\/\/franciscanos.org.br\/noticias\/?s={search_term_string}"},"query-input":"required name=search_term_string"}],"inLanguage":"pt-BR"},{"@type":"ImageObject","inLanguage":"pt-BR","@id":"https:\/\/franciscanos.org.br\/noticias\/canarinhos-coral-das-meninas-acolhe-novas-integrantes.html#primaryimage","url":"https:\/\/franciscanos.org.br\/noticias\/wp-content\/uploads\/2021\/05\/canarinhos_22d.jpg","contentUrl":"https:\/\/franciscanos.org.br\/noticias\/wp-content\/uploads\/2021\/05\/canarinhos_22d.jpg","width":800,"height":550},{"@type":"WebPage","@id":"https:\/\/franciscanos.org.br\/noticias\/canarinhos-coral-das-meninas-acolhe-novas-integrantes.html#webpage","url":"https:\/\/franciscanos.org.br\/noticias\/canarinhos-coral-das-meninas-acolhe-novas-integrantes.html","name":"Canarinhos: Coral das Meninas acolhe novas integrantes - Not\u00edcias - Franciscanos","isPartOf":{"@id":"https:\/\/franciscanos.org.br\/noticias\/#website"},"primaryImageOfPage":{"@id":"https:\/\/franciscanos.org.br\/noticias\/canarinhos-coral-das-meninas-acolhe-novas-integrantes.html#primaryimage"},"datePublished":"2021-05-22T19:30:48+00:00","dateModified":"2021-05-24T01:38:49+00:00","author":{"@id":"https:\/\/franciscanos.org.br\/noticias\/#\/schema\/person\/b5c8cba458c330ccff548b056e95a5d4"},"breadcrumb":{"@id":"https:\/\/franciscanos.org.br\/noticias\/canarinhos-coral-das-meninas-acolhe-novas-integrantes.html#breadcrumb"},"inLanguage":"pt-BR","potentialAction":[{"@type":"ReadAction","target":["https:\/\/franciscanos.org.br\/noticias\/canarinhos-coral-das-meninas-acolhe-novas-integrantes.html"]}]},{"@type":"BreadcrumbList","@id":"https:\/\/franciscanos.org.br\/noticias\/canarinhos-coral-das-meninas-acolhe-novas-integrantes.html#breadcrumb","itemListElement":[{"@type":"ListItem","position":1,"name":"Home","item":"https:\/\/franciscanos.org.br\/noticias"},{"@type":"ListItem","position":2,"name":"Canarinhos: Coral das Meninas acolhe novas integrantes"}]},{"@type":"Person","@id":"https:\/\/franciscanos.org.br\/noticias\/#\/schema\/person\/b5c8cba458c330ccff548b056e95a5d4","name":"moacir","image":{"@type":"ImageObject","inLanguage":"pt-BR","@id":"https:\/\/franciscanos.org.br\/noticias\/#\/schema\/person\/image\/","url":"https:\/\/secure.gravatar.com\/avatar\/d08aa2ce4c8dd416d4479aa8536fcf64?s=96&d=mm&r=g","contentUrl":"https:\/\/secure.gravatar.com\/avatar\/d08aa2ce4c8dd416d4479aa8536fcf64?s=96&d=mm&r=g","caption":"moacir"},"url":"https:\/\/franciscanos.org.br\/noticias\/author\/moacir"}]}},"_links":{"self":[{"href":"https:\/\/franciscanos.org.br\/noticias\/wp-json\/wp\/v2\/posts\/232099"}],"collection":[{"href":"https:\/\/franciscanos.org.br\/noticias\/wp-json\/wp\/v2\/posts"}],"about":[{"href":"https:\/\/franciscanos.org.br\/noticias\/wp-json\/wp\/v2\/types\/post"}],"author":[{"embeddable":true,"href":"https:\/\/franciscanos.org.br\/noticias\/wp-json\/wp\/v2\/users\/3"}],"replies":[{"embeddable":true,"href":"https:\/\/franciscanos.org.br\/noticias\/wp-json\/wp\/v2\/comments?post=232099"}],"version-history":[{"count":19,"href":"https:\/\/franciscanos.org.br\/noticias\/wp-json\/wp\/v2\/posts\/232099\/revisions"}],"predecessor-version":[{"id":232136,"href":"https:\/\/franciscanos.org.br\/noticias\/wp-json\/wp\/v2\/posts\/232099\/revisions\/232136"}],"wp:featuredmedia":[{"embeddable":true,"href":"https:\/\/franciscanos.org.br\/noticias\/wp-json\/wp\/v2\/media\/232106"}],"wp:attachment":[{"href":"https:\/\/franciscanos.org.br\/noticias\/wp-json\/wp\/v2\/media?parent=232099"}],"wp:term":[{"taxonomy":"category","embeddable":true,"href":"https:\/\/franciscanos.org.br\/noticias\/wp-json\/wp\/v2\/categories?post=232099"},{"taxonomy":"post_tag","embeddable":true,"href":"https:\/\/franciscanos.org.br\/noticias\/wp-json\/wp\/v2\/tags?post=232099"}],"curies":[{"name":"wp","href":"https:\/\/api.w.org\/{rel}","templated":true}]}}