{"id":232093,"date":"2021-05-22T08:58:38","date_gmt":"2021-05-22T11:58:38","guid":{"rendered":"https:\/\/franciscanos.org.br\/noticias\/?p=232093"},"modified":"2021-05-22T08:59:40","modified_gmt":"2021-05-22T11:59:40","slug":"todos-ficaram-repletos-do-espirito-santo-carta-do-ministro-geral-a-toda-a-ordem-por-ocasiao-da-solenidade-de-pentecostes-2021","status":"publish","type":"post","link":"https:\/\/franciscanos.org.br\/noticias\/todos-ficaram-repletos-do-espirito-santo-carta-do-ministro-geral-a-toda-a-ordem-por-ocasiao-da-solenidade-de-pentecostes-2021.html","title":{"rendered":"&#8220;Todos ficaram repletos do Esp\u00edrito Santo&#8221; | Carta do Ministro Geral a toda a Ordem por ocasi\u00e3o da Solenidade de Pentecostes"},"content":{"rendered":"<div id=\"attachment_232094\" style=\"width: 1290px\" class=\"wp-caption alignnone\"><img aria-describedby=\"caption-attachment-232094\" loading=\"lazy\" class=\"wp-image-232094 size-full\" src=\"https:\/\/franciscanos.org.br\/noticias\/wp-content\/uploads\/2021\/05\/pentecostes_22.jpg\" alt=\"\" width=\"1280\" height=\"721\" srcset=\"https:\/\/franciscanos.org.br\/noticias\/wp-content\/uploads\/2021\/05\/pentecostes_22.jpg 1280w, https:\/\/franciscanos.org.br\/noticias\/wp-content\/uploads\/2021\/05\/pentecostes_22-450x253.jpg 450w, https:\/\/franciscanos.org.br\/noticias\/wp-content\/uploads\/2021\/05\/pentecostes_22-1024x577.jpg 1024w, https:\/\/franciscanos.org.br\/noticias\/wp-content\/uploads\/2021\/05\/pentecostes_22-768x433.jpg 768w, https:\/\/franciscanos.org.br\/noticias\/wp-content\/uploads\/2021\/05\/pentecostes_22-150x84.jpg 150w\" sizes=\"(max-width: 1280px) 100vw, 1280px\" \/><p id=\"caption-attachment-232094\" class=\"wp-caption-text\"><em>\u00a0 \u00a0 \u00a0 \u00a0 \u00a0 \u00a0 \u00a0 \u00a0 \u00a0 \u00a0 \u00a0 \u00a0 \u00a0 \u00a0 \u00a0 \u00a0 \u00a0 \u00a0 \u00a0 \u00a0 \u00a0 \u00a0 \u00a0 \u00a0 \u00a0 \u00a0 \u00a0 \u00a0 \u00a0 \u00a0 \u00a0 \u00a0 \u00a0 \u00a0 \u00a0 \u00a0 \u00a0 \u00a0 \u00a0 \u00a0 \u00a0 \u00a0 \u00a0 \u00a0 \u00a0 Giotto di Bondone (\u20131337) Pentecost &#8211; Dom\u00ednio P\u00fablico<\/em><\/p><\/div>\n<p><strong><em>Todos ficaram repletos do Esp\u00edrito Santo (Atos 2,1-12)<\/em><\/strong><\/p>\n<p>Queridos irm\u00e3os,<\/p>\n<p>Que o Senhor vos d\u00ea a Paz!<\/p>\n<p>A tradi\u00e7\u00e3o diz que o Cap\u00edtulo Geral da Ordem coincide com a festa de Pentecostes, seguindo o desejo expresso por Francisco em documentos como a Regra N\u00e3o-Bulada (cf. Rnb XVIII, 2) e que ele reitera na Regra Bulada quando diz: \u201cQuando ele falecer (o Ministro geral), fa\u00e7a-se a elei\u00e7\u00e3o do sucessor pelos ministros provinciais e cust\u00f3dios no cap\u00edtulo de Pentecostes, em que os ministros provinciais tenham sempre que se reunir juntos, onde quer que for estabelecido pelo Ministro Geral\u201d (Rb VIII, 2). Este ano, por motivos que todos conhecemos bem, fomos obrigados a mudar este importante acontecimento para o m\u00eas de julho, esperando que as condi\u00e7\u00f5es e os regulamentos governamentais o permitissem.<\/p>\n<p>De modo algum gostaria de perder a oportunidade de dirigir-me a v\u00f3s, queridos irm\u00e3os, nesta solenidade de Pentecostes, para partilhar convosco tudo o que esta celebra\u00e7\u00e3o lit\u00fargica inspira no meu cora\u00e7\u00e3o e, ao mesmo tempo, para devolver ao Senhor e a cada um de v\u00f3s a bondade e a b\u00ean\u00e7\u00e3o nestes \u00faltimos anos no servi\u00e7o de Ministro Geral dos Frades Menores (cfr. Rnb XVII, 17-18). Esta restitui\u00e7\u00e3o gostaria de expressar atrav\u00e9s de uma a\u00e7\u00e3o de gra\u00e7as profunda e sentida a toda a Ordem, \u00e0s Clarissas e \u00e0s Concepcionistas e a toda a Fam\u00edlia Franciscana em geral, por ter me ajudado a ver a for\u00e7a e efic\u00e1cia do dom da fraternidade enquanto nos comprometemos a ouvir a voz de Deus e a cumprir o que nos pede com fidelidade, perseveran\u00e7a e amor.<\/p>\n<p>\u00c9 inspiradora, sem d\u00favida alguma, a rela\u00e7\u00e3o profunda que o pobre de Assis cultivou com a pessoa do Esp\u00edrito Santo. Este fato pode ser evidenciado na forma como a terceira pessoa da Sant\u00edssima Trindade aparece tanto nos Escritos do santo como nas fontes hagiogr\u00e1ficas (Cf. RnB XVII, 14; RB X, 8-10; CtaF2 48; LM X , 3, etc.). Francisco sentia o seu derramamento e presen\u00e7a t\u00e3o pr\u00f3ximos que atribui ao Esp\u00edrito Santo a orienta\u00e7\u00e3o e a dire\u00e7\u00e3o da Ordem, chamando-o de Ministro da Ordem, como nos diz Tom\u00e1s de Celano: \u201cEm Deus n\u00e3o h\u00e1 acep\u00e7\u00e3o das pessoas, e o Ministro Geral da Ordem &#8211; que \u00e9 o Esp\u00edrito Santo &#8211; repousa igualmente sobre os pobres e sobre os ricos \u00bb. Ele at\u00e9 queria incluir essas palavras na Regra; mas n\u00e3o foi poss\u00edvel, por j\u00e1 estar bulada (2Cel CXLV).<\/p>\n<p>Chama-me particularmente a aten\u00e7\u00e3o esta observa\u00e7\u00e3o do bi\u00f3grafo porque, em certo sentido, se presta a criar um v\u00ednculo direto com a cena que \u00e9 descrita no livro dos Atos dos Ap\u00f3stolos, uma leitura que \u00e9 proposta na Solenidade de Pentecostes, &#8220;Apareceram ent\u00e3o umas l\u00ednguas como de fogo, que se espalharam e foram pousar sobre cada um deles. Todos ficaram repletos do Esp\u00edrito Santo&#8221; (Atos 2,3-4). O adjetivo determinativo \u201ctodos\u201d, que aparece 6 vezes, oferece uma chave de leitura e nos permite ver uma inten\u00e7\u00e3o totalizante: toda a casa (v.2); todos ficaram repletos do Esp\u00edrito Santo (v.4); de todas as na\u00e7\u00f5es (v.5); N\u00e3o s\u00e3o todos galileus? (v.7); Todos n\u00f3s os ouvimos proclamar (v.11), todos disseram maravilhados (v. 12). Al\u00e9m disso, o adjetivo indefinido &#8220;cada um&#8221;, repetido tr\u00eas vezes, confirma essa forte ideia de inclus\u00e3o e desejo de ampla participa\u00e7\u00e3o em uma experi\u00eancia do Esp\u00edrito. Francisco, por sua vez, considera a efus\u00e3o do Esp\u00edrito uma b\u00ean\u00e7\u00e3o para todos, porque &#8230; &#8220;em Deus n\u00e3o h\u00e1 acep\u00e7\u00e3o das pessoas&#8221; (2 Cel CXLV).<\/p>\n<p>Detenho-me por um momento sobre esta ideia porque nestes anos de servi\u00e7o como Ministro Geral pude constatar que ainda devemos continuar trabalhando incansavelmente para combater o que o Papa Francisco chamou em sua enc\u00edclica <em>Laudato Si&#8217;<\/em>, a cultura do descarte, em rela\u00e7\u00e3o direta com outro tema que ele mesmo chamou de \u201ca globaliza\u00e7\u00e3o da indiferen\u00e7a\u201d (cf<em>. Mensagem do Santo Padre Francisco para a celebra\u00e7\u00e3o do XLIX Dia Mundial da Paz, 1\u00ba de janeiro de 2016<\/em>) que se expressa atrav\u00e9s de fen\u00f4menos como o \u00f3dio racial, a xenofobia, a apari\u00e7\u00e3o de personagens populistas que proclamam tempos messi\u00e2nicos para a constru\u00e7\u00e3o de uma sociedade como ela &#8220;deveria ser&#8221;. Uma mentalidade desta natureza preocupa-me sinceramente porque aos poucos vai tomando conta, como o joio que cresce entre o trigo (cf. Mt 13,24-52), fragmentando dramaticamente n\u00e3o s\u00f3 o ambiente pol\u00edtico dos nossos pa\u00edses, mas tamb\u00e9m amea\u00e7ando a integridade de nossas sociedades, das fam\u00edlias e at\u00e9 batendo nas portas de algumas de nossas fraternidades locais.<\/p>\n<p>O texto dos Atos dos Ap\u00f3stolos que narra essa a\u00e7\u00e3o especial do Esp\u00edrito ilumina essa realidade de tal forma que n\u00e3o se pode negar, porque o cen\u00e1rio em que se produz tal acontecimento \u00e9 extraordinariamente diferente, cheio de diversidade, de diferen\u00e7as, de nuances e formas que n\u00e3o admitem uniformidade. \u00c9 uma cena caracterizada pelo pluralismo, variedade e movimento (ru\u00eddo semelhante a uma forte rajada de vento v. 2). Nada est\u00e1 parado, tudo est\u00e1 em movimento, algo est\u00e1 acontecendo, algu\u00e9m est\u00e1 chegando. Todos repletos do Esp\u00edrito Santo come\u00e7aram a expressar\u2026. o que o Esp\u00edrito lhes havia dado (cf. v. 4).<\/p>\n<p>O epis\u00f3dio de Pentecostes, al\u00e9m de evocar o cen\u00e1rio t\u00edpico das teofanias veterotestament\u00e1rias, est\u00e1 ligado a outros momentos em que uma personagem importante \u00e9 assistida de maneira especial pelo Esp\u00edrito (por exemplo, Jo\u00e3o Batista, Lc 1,15; Isabel, Lc 1,41 ; Zacarias Lc 1,67; Pedro, Atos 4,8; Paulo Atos 9,17; 13,9; 13,9). No entanto, a plenitude do Esp\u00edrito que os Ap\u00f3stolos est\u00e3o experimentando agora em 2,4 se caracteriza por um aspecto \u00fanico, se trata do in\u00edcio dos tempos da Igreja, de um novo caminho que Jesus j\u00e1 havia anunciado, com o qual estaria entre os seus seguidores todos os dias at\u00e9 o fim do mundo (cf. Mt 28, 16-20). A a\u00e7\u00e3o realizada pelo Esp\u00edrito Santo, ou seja, as l\u00ednguas de fogo que se \u201csepararam\u201d e \u201cpousaram\u201d sobre cada um, nos faz pensar imediatamente no dom \u201ccarism\u00e1tico\u201d que os Ap\u00f3stolos receberam para realizar sua prega\u00e7\u00e3o e miss\u00e3o. O fogo, s\u00edmbolo por excel\u00eancia da presen\u00e7a divina, indica a vontade de Deus de envolver, quase invadir, toda a comunidade presente, conseguindo expulsar todas as sombras do medo e dando uma for\u00e7a interior capaz de transformar os cora\u00e7\u00f5es dos presentes e criar uma aut\u00eantica comunh\u00e3o.<\/p>\n<p>O Papa Francisco diz: \u201cQuando estamos bem e nos sentimos bem, nos esquecemos dos outros (algo que Deus Pai nunca faz), n\u00e3o nos interessamos pelos seus problemas, pelos seus sofrimentos, pelas injusti\u00e7as que sofrem &#8230; Ent\u00e3o o nosso cora\u00e7\u00e3o cai na indiferen\u00e7a\u201d. (<em>Ibid. Mensagem para o 49\u00ba Dia Mundial da Paz<\/em>). Ap\u00f3s os eventos horr\u00edveis do assassinato de George Floyd em Minnesota, EUA, em 20 de maio de 2020, uma s\u00e9rie de rea\u00e7\u00f5es emergiu em muitas partes do mundo. Isso gerou protestos p\u00fablicos que se espalharam de Minneapolis (EUA) a Manaus (Brasil), de Nova York a Joanesburgo, de Paris a Jacarta. Infelizmente, a situa\u00e7\u00e3o de racismo sistem\u00e1tico, a manipula\u00e7\u00e3o da classe social e da casta, e outras categorias de exclus\u00e3o est\u00e3o presentes na nossa Ordem e na Igreja.<\/p>\n<p>Pude ler alguns testemunhos que alguns frades me enviaram sobre as experi\u00eancias de racismo ou exclus\u00e3o na sociedade e na Ordem. Eles falam de momentos de intensa humilha\u00e7\u00e3o, um sentimento de trai\u00e7\u00e3o e uma profunda ruptura no tecido da comunh\u00e3o fraterna. As hist\u00f3rias dos irm\u00e3os tamb\u00e9m revelam o fato de que muitos de n\u00f3s est\u00e3o dispostos a fechar os olhos \u00e0s situa\u00e7\u00f5es de agress\u00f5es direta ou indiretamente \u00e0 dignidade humana. A festa de Pentecostes que celebramos hoje nos faz exig\u00eancias radicais. Ele nos chama a \u201cdespertar\u201d para as realidades que nos rodeiam e dentro de n\u00f3s, para as estruturas e acontecimentos que expressam atitudes diretamente contr\u00e1rias \u00e0 nossa voca\u00e7\u00e3o humana, crist\u00e3 e franciscana. O Esp\u00edrito nos convida a uma convers\u00e3o radical da mente, do cora\u00e7\u00e3o e da a\u00e7\u00e3o (cf. Ef 4, 23-32) e a abra\u00e7ar a vis\u00e3o de Deus para toda a humanidade e toda a cria\u00e7\u00e3o. Pentecostes nos lembra que todos s\u00e3o bem-vindos, todos s\u00e3o respeitados, todos s\u00e3o convidados a oferecer suas contribui\u00e7\u00f5es \u00fanicas e distintas, todos compartilham a mesma dignidade e o mesmo destino. O dom do Esp\u00edrito \u00e9 &#8220;uma b\u00ean\u00e7\u00e3o para todos porque &#8230; em Deus n\u00e3o h\u00e1 acep\u00e7\u00e3o de pessoas!&#8221;<\/p>\n<p>Queridos irm\u00e3os e irm\u00e3s, creio que a celebra\u00e7\u00e3o do Pentecostes deve nos encorajar a viver uma experi\u00eancia que abala os alicerces das nossas seguran\u00e7as e expulsa de dentro de n\u00f3s o medo de ser homens e mulheres \u201cem sa\u00edda\u201d. Pentecostes deve ajudar-nos a abrir os olhos (cf. Lc 24, 13-35), a reconhecer a riqueza da diferen\u00e7a, da variedade de formas, cores, modos, mentalidades, abordagens, opini\u00f5es, perspectivas. Se ainda temos medo do confronto, de sair da nossa zona de conforto, de abrir espa\u00e7os para partilhar um modo de ver, de apreciar, de julgar, \u00e9 tempo de deixar trabalhar o Esp\u00edrito do Senhor e seu santo modo de operar (cf. Rb X , 8).<\/p>\n<p>Continuemos a rezar pelo pr\u00f3ximo Cap\u00edtulo Geral, para que o Esp\u00edrito do Senhor, Ministro Geral da Ordem, nos conceda um momento de gra\u00e7a, efus\u00e3o e inspira\u00e7\u00e3o para o bem da Ordem, da Igreja e do mundo em que vivemos.<\/p>\n<p>Feliz festa de Pentecostes!<\/p>\n<p><strong>Frei Michael A. Perry, OFM<\/strong><\/p>\n<p><em>Ministro Geral e servo<\/em><\/p>\n","protected":false},"excerpt":{"rendered":"<p>Frei Michael A. Perry, OFM<\/p>\n","protected":false},"author":3,"featured_media":232095,"comment_status":"open","ping_status":"open","sticky":false,"template":"","format":"standard","meta":[],"categories":[1],"tags":[1820],"acf":[],"yoast_head":"<!-- This site is optimized with the Yoast SEO plugin v19.2 - https:\/\/yoast.com\/wordpress\/plugins\/seo\/ -->\n<title>&quot;Todos ficaram repletos do Esp\u00edrito Santo&quot; | Carta do Ministro Geral a toda a Ordem por ocasi\u00e3o da Solenidade de Pentecostes - Not\u00edcias - Franciscanos<\/title>\n<meta name=\"robots\" content=\"index, follow, max-snippet:-1, max-image-preview:large, max-video-preview:-1\" \/>\n<link rel=\"canonical\" href=\"https:\/\/franciscanos.org.br\/noticias\/todos-ficaram-repletos-do-espirito-santo-carta-do-ministro-geral-a-toda-a-ordem-por-ocasiao-da-solenidade-de-pentecostes-2021.html\" \/>\n<meta property=\"og:locale\" content=\"pt_BR\" \/>\n<meta property=\"og:type\" content=\"article\" \/>\n<meta property=\"og:title\" content=\"&quot;Todos ficaram repletos do Esp\u00edrito Santo&quot; | Carta do Ministro Geral a toda a Ordem por ocasi\u00e3o da Solenidade de Pentecostes - Not\u00edcias - Franciscanos\" \/>\n<meta property=\"og:description\" content=\"Frei Michael A. Perry, OFM\" \/>\n<meta property=\"og:url\" content=\"https:\/\/franciscanos.org.br\/noticias\/todos-ficaram-repletos-do-espirito-santo-carta-do-ministro-geral-a-toda-a-ordem-por-ocasiao-da-solenidade-de-pentecostes-2021.html\" \/>\n<meta property=\"og:site_name\" content=\"Not\u00edcias - Franciscanos\" \/>\n<meta property=\"article:published_time\" content=\"2021-05-22T11:58:38+00:00\" \/>\n<meta property=\"article:modified_time\" content=\"2021-05-22T11:59:40+00:00\" \/>\n<meta property=\"og:image\" content=\"https:\/\/franciscanos.org.br\/noticias\/wp-content\/uploads\/2021\/05\/pentecostes_22d.jpg\" \/>\n\t<meta property=\"og:image:width\" content=\"800\" \/>\n\t<meta property=\"og:image:height\" content=\"550\" \/>\n\t<meta property=\"og:image:type\" content=\"image\/jpeg\" \/>\n<meta name=\"author\" content=\"moacir\" \/>\n<meta name=\"twitter:card\" content=\"summary_large_image\" \/>\n<meta name=\"twitter:label1\" content=\"Escrito por\" \/>\n\t<meta name=\"twitter:data1\" content=\"moacir\" \/>\n\t<meta name=\"twitter:label2\" content=\"Est. tempo de leitura\" \/>\n\t<meta name=\"twitter:data2\" content=\"8 minutos\" \/>\n<script type=\"application\/ld+json\" class=\"yoast-schema-graph\">{\"@context\":\"https:\/\/schema.org\",\"@graph\":[{\"@type\":\"WebSite\",\"@id\":\"https:\/\/franciscanos.org.br\/noticias\/#website\",\"url\":\"https:\/\/franciscanos.org.br\/noticias\/\",\"name\":\"Not\u00edcias - Franciscanos\",\"description\":\"Prov\u00edncia Franciscana da Imaculada Concei\u00e7\u00e3o do Brasil - Ordem dos Frades Menores - OFM\",\"potentialAction\":[{\"@type\":\"SearchAction\",\"target\":{\"@type\":\"EntryPoint\",\"urlTemplate\":\"https:\/\/franciscanos.org.br\/noticias\/?s={search_term_string}\"},\"query-input\":\"required name=search_term_string\"}],\"inLanguage\":\"pt-BR\"},{\"@type\":\"ImageObject\",\"inLanguage\":\"pt-BR\",\"@id\":\"https:\/\/franciscanos.org.br\/noticias\/todos-ficaram-repletos-do-espirito-santo-carta-do-ministro-geral-a-toda-a-ordem-por-ocasiao-da-solenidade-de-pentecostes-2021.html#primaryimage\",\"url\":\"https:\/\/franciscanos.org.br\/noticias\/wp-content\/uploads\/2021\/05\/pentecostes_22d.jpg\",\"contentUrl\":\"https:\/\/franciscanos.org.br\/noticias\/wp-content\/uploads\/2021\/05\/pentecostes_22d.jpg\",\"width\":800,\"height\":550},{\"@type\":\"WebPage\",\"@id\":\"https:\/\/franciscanos.org.br\/noticias\/todos-ficaram-repletos-do-espirito-santo-carta-do-ministro-geral-a-toda-a-ordem-por-ocasiao-da-solenidade-de-pentecostes-2021.html#webpage\",\"url\":\"https:\/\/franciscanos.org.br\/noticias\/todos-ficaram-repletos-do-espirito-santo-carta-do-ministro-geral-a-toda-a-ordem-por-ocasiao-da-solenidade-de-pentecostes-2021.html\",\"name\":\"\\\"Todos ficaram repletos do Esp\u00edrito Santo\\\" | Carta do Ministro Geral a toda a Ordem por ocasi\u00e3o da Solenidade de Pentecostes - Not\u00edcias - Franciscanos\",\"isPartOf\":{\"@id\":\"https:\/\/franciscanos.org.br\/noticias\/#website\"},\"primaryImageOfPage\":{\"@id\":\"https:\/\/franciscanos.org.br\/noticias\/todos-ficaram-repletos-do-espirito-santo-carta-do-ministro-geral-a-toda-a-ordem-por-ocasiao-da-solenidade-de-pentecostes-2021.html#primaryimage\"},\"datePublished\":\"2021-05-22T11:58:38+00:00\",\"dateModified\":\"2021-05-22T11:59:40+00:00\",\"author\":{\"@id\":\"https:\/\/franciscanos.org.br\/noticias\/#\/schema\/person\/b5c8cba458c330ccff548b056e95a5d4\"},\"breadcrumb\":{\"@id\":\"https:\/\/franciscanos.org.br\/noticias\/todos-ficaram-repletos-do-espirito-santo-carta-do-ministro-geral-a-toda-a-ordem-por-ocasiao-da-solenidade-de-pentecostes-2021.html#breadcrumb\"},\"inLanguage\":\"pt-BR\",\"potentialAction\":[{\"@type\":\"ReadAction\",\"target\":[\"https:\/\/franciscanos.org.br\/noticias\/todos-ficaram-repletos-do-espirito-santo-carta-do-ministro-geral-a-toda-a-ordem-por-ocasiao-da-solenidade-de-pentecostes-2021.html\"]}]},{\"@type\":\"BreadcrumbList\",\"@id\":\"https:\/\/franciscanos.org.br\/noticias\/todos-ficaram-repletos-do-espirito-santo-carta-do-ministro-geral-a-toda-a-ordem-por-ocasiao-da-solenidade-de-pentecostes-2021.html#breadcrumb\",\"itemListElement\":[{\"@type\":\"ListItem\",\"position\":1,\"name\":\"Home\",\"item\":\"https:\/\/franciscanos.org.br\/noticias\"},{\"@type\":\"ListItem\",\"position\":2,\"name\":\"&#8220;Todos ficaram repletos do Esp\u00edrito Santo&#8221; | Carta do Ministro Geral a toda a Ordem por ocasi\u00e3o da Solenidade de Pentecostes\"}]},{\"@type\":\"Person\",\"@id\":\"https:\/\/franciscanos.org.br\/noticias\/#\/schema\/person\/b5c8cba458c330ccff548b056e95a5d4\",\"name\":\"moacir\",\"image\":{\"@type\":\"ImageObject\",\"inLanguage\":\"pt-BR\",\"@id\":\"https:\/\/franciscanos.org.br\/noticias\/#\/schema\/person\/image\/\",\"url\":\"https:\/\/secure.gravatar.com\/avatar\/d08aa2ce4c8dd416d4479aa8536fcf64?s=96&d=mm&r=g\",\"contentUrl\":\"https:\/\/secure.gravatar.com\/avatar\/d08aa2ce4c8dd416d4479aa8536fcf64?s=96&d=mm&r=g\",\"caption\":\"moacir\"},\"url\":\"https:\/\/franciscanos.org.br\/noticias\/author\/moacir\"}]}<\/script>\n<!-- \/ Yoast SEO plugin. -->","yoast_head_json":{"title":"\"Todos ficaram repletos do Esp\u00edrito Santo\" | Carta do Ministro Geral a toda a Ordem por ocasi\u00e3o da Solenidade de Pentecostes - Not\u00edcias - Franciscanos","robots":{"index":"index","follow":"follow","max-snippet":"max-snippet:-1","max-image-preview":"max-image-preview:large","max-video-preview":"max-video-preview:-1"},"canonical":"https:\/\/franciscanos.org.br\/noticias\/todos-ficaram-repletos-do-espirito-santo-carta-do-ministro-geral-a-toda-a-ordem-por-ocasiao-da-solenidade-de-pentecostes-2021.html","og_locale":"pt_BR","og_type":"article","og_title":"\"Todos ficaram repletos do Esp\u00edrito Santo\" | Carta do Ministro Geral a toda a Ordem por ocasi\u00e3o da Solenidade de Pentecostes - Not\u00edcias - Franciscanos","og_description":"Frei Michael A. Perry, OFM","og_url":"https:\/\/franciscanos.org.br\/noticias\/todos-ficaram-repletos-do-espirito-santo-carta-do-ministro-geral-a-toda-a-ordem-por-ocasiao-da-solenidade-de-pentecostes-2021.html","og_site_name":"Not\u00edcias - Franciscanos","article_published_time":"2021-05-22T11:58:38+00:00","article_modified_time":"2021-05-22T11:59:40+00:00","og_image":[{"width":800,"height":550,"url":"https:\/\/franciscanos.org.br\/noticias\/wp-content\/uploads\/2021\/05\/pentecostes_22d.jpg","type":"image\/jpeg"}],"author":"moacir","twitter_card":"summary_large_image","twitter_misc":{"Escrito por":"moacir","Est. tempo de leitura":"8 minutos"},"schema":{"@context":"https:\/\/schema.org","@graph":[{"@type":"WebSite","@id":"https:\/\/franciscanos.org.br\/noticias\/#website","url":"https:\/\/franciscanos.org.br\/noticias\/","name":"Not\u00edcias - Franciscanos","description":"Prov\u00edncia Franciscana da Imaculada Concei\u00e7\u00e3o do Brasil - Ordem dos Frades Menores - OFM","potentialAction":[{"@type":"SearchAction","target":{"@type":"EntryPoint","urlTemplate":"https:\/\/franciscanos.org.br\/noticias\/?s={search_term_string}"},"query-input":"required name=search_term_string"}],"inLanguage":"pt-BR"},{"@type":"ImageObject","inLanguage":"pt-BR","@id":"https:\/\/franciscanos.org.br\/noticias\/todos-ficaram-repletos-do-espirito-santo-carta-do-ministro-geral-a-toda-a-ordem-por-ocasiao-da-solenidade-de-pentecostes-2021.html#primaryimage","url":"https:\/\/franciscanos.org.br\/noticias\/wp-content\/uploads\/2021\/05\/pentecostes_22d.jpg","contentUrl":"https:\/\/franciscanos.org.br\/noticias\/wp-content\/uploads\/2021\/05\/pentecostes_22d.jpg","width":800,"height":550},{"@type":"WebPage","@id":"https:\/\/franciscanos.org.br\/noticias\/todos-ficaram-repletos-do-espirito-santo-carta-do-ministro-geral-a-toda-a-ordem-por-ocasiao-da-solenidade-de-pentecostes-2021.html#webpage","url":"https:\/\/franciscanos.org.br\/noticias\/todos-ficaram-repletos-do-espirito-santo-carta-do-ministro-geral-a-toda-a-ordem-por-ocasiao-da-solenidade-de-pentecostes-2021.html","name":"\"Todos ficaram repletos do Esp\u00edrito Santo\" | Carta do Ministro Geral a toda a Ordem por ocasi\u00e3o da Solenidade de Pentecostes - Not\u00edcias - Franciscanos","isPartOf":{"@id":"https:\/\/franciscanos.org.br\/noticias\/#website"},"primaryImageOfPage":{"@id":"https:\/\/franciscanos.org.br\/noticias\/todos-ficaram-repletos-do-espirito-santo-carta-do-ministro-geral-a-toda-a-ordem-por-ocasiao-da-solenidade-de-pentecostes-2021.html#primaryimage"},"datePublished":"2021-05-22T11:58:38+00:00","dateModified":"2021-05-22T11:59:40+00:00","author":{"@id":"https:\/\/franciscanos.org.br\/noticias\/#\/schema\/person\/b5c8cba458c330ccff548b056e95a5d4"},"breadcrumb":{"@id":"https:\/\/franciscanos.org.br\/noticias\/todos-ficaram-repletos-do-espirito-santo-carta-do-ministro-geral-a-toda-a-ordem-por-ocasiao-da-solenidade-de-pentecostes-2021.html#breadcrumb"},"inLanguage":"pt-BR","potentialAction":[{"@type":"ReadAction","target":["https:\/\/franciscanos.org.br\/noticias\/todos-ficaram-repletos-do-espirito-santo-carta-do-ministro-geral-a-toda-a-ordem-por-ocasiao-da-solenidade-de-pentecostes-2021.html"]}]},{"@type":"BreadcrumbList","@id":"https:\/\/franciscanos.org.br\/noticias\/todos-ficaram-repletos-do-espirito-santo-carta-do-ministro-geral-a-toda-a-ordem-por-ocasiao-da-solenidade-de-pentecostes-2021.html#breadcrumb","itemListElement":[{"@type":"ListItem","position":1,"name":"Home","item":"https:\/\/franciscanos.org.br\/noticias"},{"@type":"ListItem","position":2,"name":"&#8220;Todos ficaram repletos do Esp\u00edrito Santo&#8221; | Carta do Ministro Geral a toda a Ordem por ocasi\u00e3o da Solenidade de Pentecostes"}]},{"@type":"Person","@id":"https:\/\/franciscanos.org.br\/noticias\/#\/schema\/person\/b5c8cba458c330ccff548b056e95a5d4","name":"moacir","image":{"@type":"ImageObject","inLanguage":"pt-BR","@id":"https:\/\/franciscanos.org.br\/noticias\/#\/schema\/person\/image\/","url":"https:\/\/secure.gravatar.com\/avatar\/d08aa2ce4c8dd416d4479aa8536fcf64?s=96&d=mm&r=g","contentUrl":"https:\/\/secure.gravatar.com\/avatar\/d08aa2ce4c8dd416d4479aa8536fcf64?s=96&d=mm&r=g","caption":"moacir"},"url":"https:\/\/franciscanos.org.br\/noticias\/author\/moacir"}]}},"_links":{"self":[{"href":"https:\/\/franciscanos.org.br\/noticias\/wp-json\/wp\/v2\/posts\/232093"}],"collection":[{"href":"https:\/\/franciscanos.org.br\/noticias\/wp-json\/wp\/v2\/posts"}],"about":[{"href":"https:\/\/franciscanos.org.br\/noticias\/wp-json\/wp\/v2\/types\/post"}],"author":[{"embeddable":true,"href":"https:\/\/franciscanos.org.br\/noticias\/wp-json\/wp\/v2\/users\/3"}],"replies":[{"embeddable":true,"href":"https:\/\/franciscanos.org.br\/noticias\/wp-json\/wp\/v2\/comments?post=232093"}],"version-history":[{"count":3,"href":"https:\/\/franciscanos.org.br\/noticias\/wp-json\/wp\/v2\/posts\/232093\/revisions"}],"predecessor-version":[{"id":232098,"href":"https:\/\/franciscanos.org.br\/noticias\/wp-json\/wp\/v2\/posts\/232093\/revisions\/232098"}],"wp:featuredmedia":[{"embeddable":true,"href":"https:\/\/franciscanos.org.br\/noticias\/wp-json\/wp\/v2\/media\/232095"}],"wp:attachment":[{"href":"https:\/\/franciscanos.org.br\/noticias\/wp-json\/wp\/v2\/media?parent=232093"}],"wp:term":[{"taxonomy":"category","embeddable":true,"href":"https:\/\/franciscanos.org.br\/noticias\/wp-json\/wp\/v2\/categories?post=232093"},{"taxonomy":"post_tag","embeddable":true,"href":"https:\/\/franciscanos.org.br\/noticias\/wp-json\/wp\/v2\/tags?post=232093"}],"curies":[{"name":"wp","href":"https:\/\/api.w.org\/{rel}","templated":true}]}}