{"id":232084,"date":"2021-05-21T10:18:50","date_gmt":"2021-05-21T13:18:50","guid":{"rendered":"https:\/\/franciscanos.org.br\/noticias\/?p=232084"},"modified":"2021-05-21T10:39:55","modified_gmt":"2021-05-21T13:39:55","slug":"cerimonia-marca-entrada-de-novas-integrantes-no-coral-das-meninas-dos-canarinhos","status":"publish","type":"post","link":"https:\/\/franciscanos.org.br\/noticias\/cerimonia-marca-entrada-de-novas-integrantes-no-coral-das-meninas-dos-canarinhos.html","title":{"rendered":"Cerim\u00f4nia marca entrada de novas integrantes no Coral das Meninas dos Canarinhos"},"content":{"rendered":"<p><img loading=\"lazy\" class=\"alignnone wp-image-232085 size-full\" src=\"https:\/\/franciscanos.org.br\/noticias\/wp-content\/uploads\/2021\/05\/coral_01.jpg\" alt=\"\" width=\"1280\" height=\"720\" srcset=\"https:\/\/franciscanos.org.br\/noticias\/wp-content\/uploads\/2021\/05\/coral_01.jpg 1280w, https:\/\/franciscanos.org.br\/noticias\/wp-content\/uploads\/2021\/05\/coral_01-450x253.jpg 450w, https:\/\/franciscanos.org.br\/noticias\/wp-content\/uploads\/2021\/05\/coral_01-1024x576.jpg 1024w, https:\/\/franciscanos.org.br\/noticias\/wp-content\/uploads\/2021\/05\/coral_01-768x432.jpg 768w, https:\/\/franciscanos.org.br\/noticias\/wp-content\/uploads\/2021\/05\/coral_01-150x84.jpg 150w\" sizes=\"(max-width: 1280px) 100vw, 1280px\" \/><\/p>\n<p><strong>Petr\u00f3polis (RJ) &#8211;<\/strong> Neste s\u00e1bado (22\/05) acontece a cerim\u00f4nia de investidura das 11 novas integrantes do Coral das Meninas dos Canarinhos de Petr\u00f3polis. Previsto para come\u00e7ar \u00e0s 10 horas, o evento ser\u00e1 realizado na Igreja do Sagrado Cora\u00e7\u00e3o de Jesus e estar\u00e1 restrito \u00e0 presen\u00e7a das coralistas e dos pais. A cerim\u00f4nia, contudo, poder\u00e1 ser acompanhada de casa pelo <em>YouTube<\/em> <em>e Facebook<\/em> do Coral dos Canarinhos.<\/p>\n<p>Como aponta o maestro Marco Aur\u00e9lio Lischt, o esperado momento \u00e9 resultado da entrega das meninas durante o per\u00edodo enquanto aprendizes. Em fun\u00e7\u00e3o da pandemia, far\u00e3o parte da cerim\u00f4nia de investidura as turmas de 2019 e 2020 do Ponto de Cultura Aprendiz de Canarinho. Normalmente, como parte da missa, desta vez, o evento ser\u00e1 realizado em hor\u00e1rio diferenciado e com redu\u00e7\u00e3o de p\u00fablico, em preven\u00e7\u00e3o \u00e0 Covid-19.<\/p>\n<p>\u201cEsse momento representa o coroamento de todo o esfor\u00e7o e dedica\u00e7\u00e3o que as novas integrantes tiveram ao longo do ano, enquanto se preparavam para ingressar no Coral das Meninas dos Canarinhos. Agora, elas come\u00e7am uma nova etapa em suas vidas, onde ir\u00e3o amadurecer como cantoras e como pessoas tamb\u00e9m. Al\u00e9m disso, o coral segue a sua tradi\u00e7\u00e3o de renova\u00e7\u00e3o, como j\u00e1 \u00e9 realizado h\u00e1 anos em sua trajet\u00f3ria\u201d, diz o maestro Marco Aur\u00e9lio Lischt.<\/p>\n<p>Segundo o Frei Marcos Ant\u00f4nio de Andrade, que celebrar\u00e1 a investidura, ainda que de modo breve, a celebra\u00e7\u00e3o ser\u00e1 especial. \u201cEste ano, excepcionalmente, teremos uma celebra\u00e7\u00e3o um pouco diferente do que costumamos fazer. Simples, mas significativa, j\u00e1 que, por causa da pandemia, dois grupos n\u00e3o puderam oficialmente entrar no coro. Faremos a b\u00ean\u00e7\u00e3o das vestes e o gesto bastante simb\u00f3lico de entregar a pasta para cada uma\u201d.<\/p>\n<p>Regido pelo maestro Marcelo Vizani, o Coral das Meninas dos Canarinhos de Petr\u00f3polis \u00e9 hoje composto por 56 integrantes. O trabalho do Instituto dos Meninos Cantores de Petr\u00f3polis pode ser acompanhado pelo Facebook (<a href=\"https:\/\/www.facebook.com\/canarinhosdepetropolis\/\" target=\"_blank\" rel=\"noopener noreferrer\">Canarinhos de Petr\u00f3polis<\/a>), YouTube (<a href=\"https:\/\/www.youtube.com\/channel\/UC3qcwmhvaVP_J1tNaPVzBCA\" target=\"_blank\" rel=\"noopener noreferrer\">Coral dos Canarinhos de Petr\u00f3polis<\/a>) e Instagram (<a href=\"https:\/\/www.instagram.com\/coraldoscanarinhos\/\" target=\"_blank\" rel=\"noopener noreferrer\">coraldoscanarinhos<\/a>).<\/p>\n<p><iframe loading=\"lazy\" title=\"YouTube video player\" src=\"https:\/\/www.youtube.com\/embed\/Sp7H_ACSZBI\" width=\"100%\" height=\"480\" frameborder=\"0\" allowfullscreen=\"allowfullscreen\"><\/iframe><\/p>\n","protected":false},"excerpt":{"rendered":"<p>Coral das Meninas dos Canarinhos<\/p>\n","protected":false},"author":3,"featured_media":232086,"comment_status":"open","ping_status":"open","sticky":false,"template":"","format":"standard","meta":[],"categories":[1],"tags":[1378,1531],"acf":[],"yoast_head":"<!-- This site is optimized with the Yoast SEO plugin v19.2 - https:\/\/yoast.com\/wordpress\/plugins\/seo\/ -->\n<title>Cerim\u00f4nia marca entrada de novas integrantes no Coral das Meninas dos Canarinhos - Not\u00edcias - Franciscanos<\/title>\n<meta name=\"robots\" content=\"index, follow, max-snippet:-1, max-image-preview:large, max-video-preview:-1\" \/>\n<link rel=\"canonical\" href=\"https:\/\/franciscanos.org.br\/noticias\/cerimonia-marca-entrada-de-novas-integrantes-no-coral-das-meninas-dos-canarinhos.html\" \/>\n<meta property=\"og:locale\" content=\"pt_BR\" \/>\n<meta property=\"og:type\" content=\"article\" \/>\n<meta property=\"og:title\" content=\"Cerim\u00f4nia marca entrada de novas integrantes no Coral das Meninas dos Canarinhos - Not\u00edcias - Franciscanos\" \/>\n<meta property=\"og:description\" content=\"Coral das Meninas dos Canarinhos\" \/>\n<meta property=\"og:url\" content=\"https:\/\/franciscanos.org.br\/noticias\/cerimonia-marca-entrada-de-novas-integrantes-no-coral-das-meninas-dos-canarinhos.html\" \/>\n<meta property=\"og:site_name\" content=\"Not\u00edcias - Franciscanos\" \/>\n<meta property=\"article:published_time\" content=\"2021-05-21T13:18:50+00:00\" \/>\n<meta property=\"article:modified_time\" content=\"2021-05-21T13:39:55+00:00\" \/>\n<meta property=\"og:image\" content=\"https:\/\/franciscanos.org.br\/noticias\/wp-content\/uploads\/2021\/05\/coral_01d.jpg\" \/>\n\t<meta property=\"og:image:width\" content=\"800\" \/>\n\t<meta property=\"og:image:height\" content=\"550\" \/>\n\t<meta property=\"og:image:type\" content=\"image\/jpeg\" \/>\n<meta name=\"author\" content=\"moacir\" \/>\n<meta name=\"twitter:card\" content=\"summary_large_image\" \/>\n<meta name=\"twitter:label1\" content=\"Escrito por\" \/>\n\t<meta name=\"twitter:data1\" content=\"moacir\" \/>\n\t<meta name=\"twitter:label2\" content=\"Est. tempo de leitura\" \/>\n\t<meta name=\"twitter:data2\" content=\"2 minutos\" \/>\n<script type=\"application\/ld+json\" class=\"yoast-schema-graph\">{\"@context\":\"https:\/\/schema.org\",\"@graph\":[{\"@type\":\"WebSite\",\"@id\":\"https:\/\/franciscanos.org.br\/noticias\/#website\",\"url\":\"https:\/\/franciscanos.org.br\/noticias\/\",\"name\":\"Not\u00edcias - Franciscanos\",\"description\":\"Prov\u00edncia Franciscana da Imaculada Concei\u00e7\u00e3o do Brasil - Ordem dos Frades Menores - OFM\",\"potentialAction\":[{\"@type\":\"SearchAction\",\"target\":{\"@type\":\"EntryPoint\",\"urlTemplate\":\"https:\/\/franciscanos.org.br\/noticias\/?s={search_term_string}\"},\"query-input\":\"required name=search_term_string\"}],\"inLanguage\":\"pt-BR\"},{\"@type\":\"ImageObject\",\"inLanguage\":\"pt-BR\",\"@id\":\"https:\/\/franciscanos.org.br\/noticias\/cerimonia-marca-entrada-de-novas-integrantes-no-coral-das-meninas-dos-canarinhos.html#primaryimage\",\"url\":\"https:\/\/franciscanos.org.br\/noticias\/wp-content\/uploads\/2021\/05\/coral_01d.jpg\",\"contentUrl\":\"https:\/\/franciscanos.org.br\/noticias\/wp-content\/uploads\/2021\/05\/coral_01d.jpg\",\"width\":800,\"height\":550},{\"@type\":\"WebPage\",\"@id\":\"https:\/\/franciscanos.org.br\/noticias\/cerimonia-marca-entrada-de-novas-integrantes-no-coral-das-meninas-dos-canarinhos.html#webpage\",\"url\":\"https:\/\/franciscanos.org.br\/noticias\/cerimonia-marca-entrada-de-novas-integrantes-no-coral-das-meninas-dos-canarinhos.html\",\"name\":\"Cerim\u00f4nia marca entrada de novas integrantes no Coral das Meninas dos Canarinhos - Not\u00edcias - Franciscanos\",\"isPartOf\":{\"@id\":\"https:\/\/franciscanos.org.br\/noticias\/#website\"},\"primaryImageOfPage\":{\"@id\":\"https:\/\/franciscanos.org.br\/noticias\/cerimonia-marca-entrada-de-novas-integrantes-no-coral-das-meninas-dos-canarinhos.html#primaryimage\"},\"datePublished\":\"2021-05-21T13:18:50+00:00\",\"dateModified\":\"2021-05-21T13:39:55+00:00\",\"author\":{\"@id\":\"https:\/\/franciscanos.org.br\/noticias\/#\/schema\/person\/b5c8cba458c330ccff548b056e95a5d4\"},\"breadcrumb\":{\"@id\":\"https:\/\/franciscanos.org.br\/noticias\/cerimonia-marca-entrada-de-novas-integrantes-no-coral-das-meninas-dos-canarinhos.html#breadcrumb\"},\"inLanguage\":\"pt-BR\",\"potentialAction\":[{\"@type\":\"ReadAction\",\"target\":[\"https:\/\/franciscanos.org.br\/noticias\/cerimonia-marca-entrada-de-novas-integrantes-no-coral-das-meninas-dos-canarinhos.html\"]}]},{\"@type\":\"BreadcrumbList\",\"@id\":\"https:\/\/franciscanos.org.br\/noticias\/cerimonia-marca-entrada-de-novas-integrantes-no-coral-das-meninas-dos-canarinhos.html#breadcrumb\",\"itemListElement\":[{\"@type\":\"ListItem\",\"position\":1,\"name\":\"Home\",\"item\":\"https:\/\/franciscanos.org.br\/noticias\"},{\"@type\":\"ListItem\",\"position\":2,\"name\":\"Cerim\u00f4nia marca entrada de novas integrantes no Coral das Meninas dos Canarinhos\"}]},{\"@type\":\"Person\",\"@id\":\"https:\/\/franciscanos.org.br\/noticias\/#\/schema\/person\/b5c8cba458c330ccff548b056e95a5d4\",\"name\":\"moacir\",\"image\":{\"@type\":\"ImageObject\",\"inLanguage\":\"pt-BR\",\"@id\":\"https:\/\/franciscanos.org.br\/noticias\/#\/schema\/person\/image\/\",\"url\":\"https:\/\/secure.gravatar.com\/avatar\/d08aa2ce4c8dd416d4479aa8536fcf64?s=96&d=mm&r=g\",\"contentUrl\":\"https:\/\/secure.gravatar.com\/avatar\/d08aa2ce4c8dd416d4479aa8536fcf64?s=96&d=mm&r=g\",\"caption\":\"moacir\"},\"url\":\"https:\/\/franciscanos.org.br\/noticias\/author\/moacir\"}]}<\/script>\n<!-- \/ Yoast SEO plugin. -->","yoast_head_json":{"title":"Cerim\u00f4nia marca entrada de novas integrantes no Coral das Meninas dos Canarinhos - Not\u00edcias - Franciscanos","robots":{"index":"index","follow":"follow","max-snippet":"max-snippet:-1","max-image-preview":"max-image-preview:large","max-video-preview":"max-video-preview:-1"},"canonical":"https:\/\/franciscanos.org.br\/noticias\/cerimonia-marca-entrada-de-novas-integrantes-no-coral-das-meninas-dos-canarinhos.html","og_locale":"pt_BR","og_type":"article","og_title":"Cerim\u00f4nia marca entrada de novas integrantes no Coral das Meninas dos Canarinhos - Not\u00edcias - Franciscanos","og_description":"Coral das Meninas dos Canarinhos","og_url":"https:\/\/franciscanos.org.br\/noticias\/cerimonia-marca-entrada-de-novas-integrantes-no-coral-das-meninas-dos-canarinhos.html","og_site_name":"Not\u00edcias - Franciscanos","article_published_time":"2021-05-21T13:18:50+00:00","article_modified_time":"2021-05-21T13:39:55+00:00","og_image":[{"width":800,"height":550,"url":"https:\/\/franciscanos.org.br\/noticias\/wp-content\/uploads\/2021\/05\/coral_01d.jpg","type":"image\/jpeg"}],"author":"moacir","twitter_card":"summary_large_image","twitter_misc":{"Escrito por":"moacir","Est. tempo de leitura":"2 minutos"},"schema":{"@context":"https:\/\/schema.org","@graph":[{"@type":"WebSite","@id":"https:\/\/franciscanos.org.br\/noticias\/#website","url":"https:\/\/franciscanos.org.br\/noticias\/","name":"Not\u00edcias - Franciscanos","description":"Prov\u00edncia Franciscana da Imaculada Concei\u00e7\u00e3o do Brasil - Ordem dos Frades Menores - OFM","potentialAction":[{"@type":"SearchAction","target":{"@type":"EntryPoint","urlTemplate":"https:\/\/franciscanos.org.br\/noticias\/?s={search_term_string}"},"query-input":"required name=search_term_string"}],"inLanguage":"pt-BR"},{"@type":"ImageObject","inLanguage":"pt-BR","@id":"https:\/\/franciscanos.org.br\/noticias\/cerimonia-marca-entrada-de-novas-integrantes-no-coral-das-meninas-dos-canarinhos.html#primaryimage","url":"https:\/\/franciscanos.org.br\/noticias\/wp-content\/uploads\/2021\/05\/coral_01d.jpg","contentUrl":"https:\/\/franciscanos.org.br\/noticias\/wp-content\/uploads\/2021\/05\/coral_01d.jpg","width":800,"height":550},{"@type":"WebPage","@id":"https:\/\/franciscanos.org.br\/noticias\/cerimonia-marca-entrada-de-novas-integrantes-no-coral-das-meninas-dos-canarinhos.html#webpage","url":"https:\/\/franciscanos.org.br\/noticias\/cerimonia-marca-entrada-de-novas-integrantes-no-coral-das-meninas-dos-canarinhos.html","name":"Cerim\u00f4nia marca entrada de novas integrantes no Coral das Meninas dos Canarinhos - Not\u00edcias - Franciscanos","isPartOf":{"@id":"https:\/\/franciscanos.org.br\/noticias\/#website"},"primaryImageOfPage":{"@id":"https:\/\/franciscanos.org.br\/noticias\/cerimonia-marca-entrada-de-novas-integrantes-no-coral-das-meninas-dos-canarinhos.html#primaryimage"},"datePublished":"2021-05-21T13:18:50+00:00","dateModified":"2021-05-21T13:39:55+00:00","author":{"@id":"https:\/\/franciscanos.org.br\/noticias\/#\/schema\/person\/b5c8cba458c330ccff548b056e95a5d4"},"breadcrumb":{"@id":"https:\/\/franciscanos.org.br\/noticias\/cerimonia-marca-entrada-de-novas-integrantes-no-coral-das-meninas-dos-canarinhos.html#breadcrumb"},"inLanguage":"pt-BR","potentialAction":[{"@type":"ReadAction","target":["https:\/\/franciscanos.org.br\/noticias\/cerimonia-marca-entrada-de-novas-integrantes-no-coral-das-meninas-dos-canarinhos.html"]}]},{"@type":"BreadcrumbList","@id":"https:\/\/franciscanos.org.br\/noticias\/cerimonia-marca-entrada-de-novas-integrantes-no-coral-das-meninas-dos-canarinhos.html#breadcrumb","itemListElement":[{"@type":"ListItem","position":1,"name":"Home","item":"https:\/\/franciscanos.org.br\/noticias"},{"@type":"ListItem","position":2,"name":"Cerim\u00f4nia marca entrada de novas integrantes no Coral das Meninas dos Canarinhos"}]},{"@type":"Person","@id":"https:\/\/franciscanos.org.br\/noticias\/#\/schema\/person\/b5c8cba458c330ccff548b056e95a5d4","name":"moacir","image":{"@type":"ImageObject","inLanguage":"pt-BR","@id":"https:\/\/franciscanos.org.br\/noticias\/#\/schema\/person\/image\/","url":"https:\/\/secure.gravatar.com\/avatar\/d08aa2ce4c8dd416d4479aa8536fcf64?s=96&d=mm&r=g","contentUrl":"https:\/\/secure.gravatar.com\/avatar\/d08aa2ce4c8dd416d4479aa8536fcf64?s=96&d=mm&r=g","caption":"moacir"},"url":"https:\/\/franciscanos.org.br\/noticias\/author\/moacir"}]}},"_links":{"self":[{"href":"https:\/\/franciscanos.org.br\/noticias\/wp-json\/wp\/v2\/posts\/232084"}],"collection":[{"href":"https:\/\/franciscanos.org.br\/noticias\/wp-json\/wp\/v2\/posts"}],"about":[{"href":"https:\/\/franciscanos.org.br\/noticias\/wp-json\/wp\/v2\/types\/post"}],"author":[{"embeddable":true,"href":"https:\/\/franciscanos.org.br\/noticias\/wp-json\/wp\/v2\/users\/3"}],"replies":[{"embeddable":true,"href":"https:\/\/franciscanos.org.br\/noticias\/wp-json\/wp\/v2\/comments?post=232084"}],"version-history":[{"count":3,"href":"https:\/\/franciscanos.org.br\/noticias\/wp-json\/wp\/v2\/posts\/232084\/revisions"}],"predecessor-version":[{"id":232089,"href":"https:\/\/franciscanos.org.br\/noticias\/wp-json\/wp\/v2\/posts\/232084\/revisions\/232089"}],"wp:featuredmedia":[{"embeddable":true,"href":"https:\/\/franciscanos.org.br\/noticias\/wp-json\/wp\/v2\/media\/232086"}],"wp:attachment":[{"href":"https:\/\/franciscanos.org.br\/noticias\/wp-json\/wp\/v2\/media?parent=232084"}],"wp:term":[{"taxonomy":"category","embeddable":true,"href":"https:\/\/franciscanos.org.br\/noticias\/wp-json\/wp\/v2\/categories?post=232084"},{"taxonomy":"post_tag","embeddable":true,"href":"https:\/\/franciscanos.org.br\/noticias\/wp-json\/wp\/v2\/tags?post=232084"}],"curies":[{"name":"wp","href":"https:\/\/api.w.org\/{rel}","templated":true}]}}