{"id":232079,"date":"2021-05-20T14:46:18","date_gmt":"2021-05-20T17:46:18","guid":{"rendered":"https:\/\/franciscanos.org.br\/noticias\/?p=232079"},"modified":"2023-01-09T11:08:14","modified_gmt":"2023-01-09T14:08:14","slug":"pe-manoel-o-que-nos-une-e-muito-maior-do-que-aquilo-que-nos-separa","status":"publish","type":"post","link":"https:\/\/franciscanos.org.br\/noticias\/pe-manoel-o-que-nos-une-e-muito-maior-do-que-aquilo-que-nos-separa.html","title":{"rendered":"Pe. Manoel: \u201cO que nos une \u00e9 muito maior do que aquilo que nos separa\u201d"},"content":{"rendered":"<p><img loading=\"lazy\" class=\"alignnone wp-image-232080 size-full\" src=\"https:\/\/franciscanos.org.br\/noticias\/wp-content\/uploads\/2021\/05\/souc_01.jpg\" alt=\"\" width=\"1280\" height=\"861\" srcset=\"https:\/\/franciscanos.org.br\/noticias\/wp-content\/uploads\/2021\/05\/souc_01.jpg 1280w, https:\/\/franciscanos.org.br\/noticias\/wp-content\/uploads\/2021\/05\/souc_01-450x303.jpg 450w, https:\/\/franciscanos.org.br\/noticias\/wp-content\/uploads\/2021\/05\/souc_01-1024x689.jpg 1024w, https:\/\/franciscanos.org.br\/noticias\/wp-content\/uploads\/2021\/05\/souc_01-768x517.jpg 768w, https:\/\/franciscanos.org.br\/noticias\/wp-content\/uploads\/2021\/05\/souc_01-150x101.jpg 150w\" sizes=\"(max-width: 1280px) 100vw, 1280px\" \/><\/p>\n<p>A Semana de Ora\u00e7\u00e3o pela Unidade Crist\u00e3 (SOUC) ainda nem terminou e j\u00e1 vem rendendo bons frutos. Parafraseando o que sugere o tema da campanha deste ano de 2021, essa tem sido uma ocasi\u00e3o em que os crist\u00e3os continuam permanecendo no amor do Pai e assim as sementes da caridade, da fraternidade, da esperan\u00e7a e da uni\u00e3o come\u00e7am a frutificar em cada celebra\u00e7\u00e3o que \u00e9 realizada no Convento da Penha, em Vila Velha. \u00c9 que desde o \u00faltimo domingo, a Fraternidade Franciscana da Penha est\u00e1 vivenciando a experi\u00eancia do di\u00e1logo e da comunh\u00e3o com as igrejas irm\u00e3s.<\/p>\n<p>A SOUC \u00e9 organizada pelo Conselho Nacional de Igrejas Crist\u00e3s (CONIC) e tem como principal objetivo motivar os crist\u00e3os e crist\u00e3s na busca permanente da unidade e na converg\u00eancia do di\u00e1logo e do respeito. Em cada celebra\u00e7\u00e3o, somos convidados a olhar com rever\u00eancia para aquilo que nos une como irm\u00e3os, embora cada um tenha sua confiss\u00e3o de f\u00e9.<\/p>\n<p>Na tarde desta quarta-feira (19), o Padre Manoel David Neto, da Par\u00f3quia S\u00e3o Pedro de Vila Rubim, Vit\u00f3ria, presidiu a Santa Missa na Capela do Convento da Penha, em mais um dia de ora\u00e7\u00e3o pela unidade dos crist\u00e3os. Ele estava representando a Igreja Cat\u00f3lica Apost\u00f3lica Romana e tamb\u00e9m o CEBI, Centro de Estudos B\u00edblicos. A celebra\u00e7\u00e3o teve ainda a presen\u00e7a de uma representante da diretoria do CEBI Nacional, a Maria de F\u00e1tima Castelan. Ele fez a Primeira Leitura e tamb\u00e9m falou da import\u00e2ncia do movimento no contexto da unidade crist\u00e3.<\/p>\n<p>Para Padre Manoel, a Semana de Ora\u00e7\u00e3o pela Unidade Crist\u00e3 traz a import\u00e2ncia dos crist\u00e3os estarem unidos numa s\u00f3 f\u00e9, num s\u00f3 Senhor e num s\u00f3 batismo. \u201cAs doutrinas podem nos ajudar a seguir ou n\u00e3o Jesus Cristo, mas o fruto dessas doutrinas \u00e9 essencial. N\u00e3o s\u00e3o as doutrinas que s\u00e3o as mais importantes. O tema da SOUC fala justamente disso. Que alegria podermos, de fato, rezarmos pela unidade crist\u00e3 e sabermos que outros irm\u00e3os, outras igrejas est\u00e3o rezando tamb\u00e9m conosco, especialmente neste tempo t\u00e3o dif\u00edcil que temos vivido em nosso pa\u00eds e no mundo. \u00c9 nesse tempo que a unidade crist\u00e3 deve prevalecer. N\u00e3o estamos falando de uniformidade, n\u00f3s lembramos a unidade, que passa necessariamente pelas diferen\u00e7as. Somos diferentes na doutrina? Sim, mas o mais importante \u00e9 exatamente a unidade\u201d, refletiu o sacerdote.<\/p>\n<p>Ele tamb\u00e9m frisou a passagem b\u00edblica de Atos dos Ap\u00f3stolos 20, 28-38. \u201cA despedida que Paulo faz \u00e9 exatamente uma despedida muito dolorosa porque ele sabe que deixando seu grupo, aqueles com os quais ele conviveu, haveria de chegar aqueles que vinham (em nome at\u00e9 de uma f\u00e9) dizimar, separar ou desunir aquilo que estava unido. \u00c9 um sinal de que muitas vezes essas situa\u00e7\u00f5es de separa\u00e7\u00e3o j\u00e1 estavam presentes no in\u00edcio das comunidades crist\u00e3s, na primeira gera\u00e7\u00e3o de crist\u00e3os e crist\u00e3s e isso chegou at\u00e9 os nossos dias. N\u00f3s temos feito uma luta grande pela unidade, n\u00e3o para fazer uma religi\u00e3o s\u00f3, mas para fazermos com que os frutos da nossa f\u00e9 sejam percebidos pelas pessoas\u201d.<\/p>\n<p>Ainda durante a celebra\u00e7\u00e3o, Padre Manoel explicou os gestos de partilha e comunh\u00e3o, como situa\u00e7\u00f5es e convites que nos levam a produzir frutos do Esp\u00edrito Santo de modo a permanecermos unidos. \u201cHoje, de maneira muito especial, em nome do CONIC e do CEBI, queremos mais do que nunca pedir ao Senhor que continue suscitando no cora\u00e7\u00e3o de todas as Igrejas crist\u00e3s, no cora\u00e7\u00e3o de todos os homens e mulheres de boa-vontade, aquilo que nos une \u00e9 muito maior do que aquilo que nos separa\u201d, finalizou.<\/p>\n<p>Em sua mensagem final, Padre Manoel pediu respeito ao diferente. \u201cNingu\u00e9m precisa pensar igual. N\u00f3s, enquanto fam\u00edlia, pensamos diferentes, somos diferentes, rezamos diferentes, e devemos buscar o respeito. Abra tamb\u00e9m a possibilidade de ouvir o outro, quando eu ou\u00e7o, escuto o outro, tenho chance de crescer, j\u00e1 que eu n\u00e3o nasci e n\u00e3o vivo sozinho, preciso dialogar com o outro. Respeito, di\u00e1logo e a busca da solidariedade e da partilha, \u00e9 isso que queremos!\u201d, finalizou.<\/p>\n<p>A representante do CEBI Nacional, Maria de F\u00e1tima, comentou como \u00e9 na pr\u00e1tica a atua\u00e7\u00e3o do movimento no ecumenismo. \u201cO Centro de Estudos B\u00edblicos est\u00e1 aberto para pessoas das diferentes denomina\u00e7\u00f5es religiosas e assim buscamos chegar mais perto das pessoas simples, que possam falar da b\u00edblia, escutar a b\u00edblia dentro de sua pr\u00f3pria realidade. Neste tempo de pandemia, a atua\u00e7\u00e3o das pessoas participantes do CEBI no Brasil inteiro, se fez muito forte, neste sentido de atender as necessidades. Voc\u00ea se junta a pessoas com pensam diferentes e vai at\u00e9 esses grupos para atender a esses grupos em suas demandas e necessidades, claro, \u00e0 Luz da Palavra de Deus\u201d, afirma.<\/p>\n<p>A programa\u00e7\u00e3o da SOUC 2021 no Esp\u00edrito Santo continua e vai at\u00e9 domingo, quando celebramos a Solenidade de Pentecostes, a vinda do Esp\u00edrito Santo sobre os Ap\u00f3stolos.<\/p>\n<hr \/>\n<p><em>Fonte: Convento da Penha (https:\/\/conventodapenha.org.br\/)<\/em><\/p>\n","protected":false},"excerpt":{"rendered":"<p>Semana de Ora\u00e7\u00e3o pela Unidade Crist\u00e3 (SOUC)<\/p>\n","protected":false},"author":3,"featured_media":232081,"comment_status":"open","ping_status":"open","sticky":false,"template":"","format":"standard","meta":[],"categories":[1],"tags":[1208],"acf":[],"yoast_head":"<!-- This site is optimized with the Yoast SEO plugin v19.2 - https:\/\/yoast.com\/wordpress\/plugins\/seo\/ -->\n<title>Pe. Manoel: \u201cO que nos une \u00e9 muito maior do que aquilo que nos separa\u201d - Not\u00edcias - Franciscanos<\/title>\n<meta name=\"robots\" content=\"index, follow, max-snippet:-1, max-image-preview:large, max-video-preview:-1\" \/>\n<link rel=\"canonical\" href=\"https:\/\/franciscanos.org.br\/noticias\/pe-manoel-o-que-nos-une-e-muito-maior-do-que-aquilo-que-nos-separa.html\" \/>\n<meta property=\"og:locale\" content=\"pt_BR\" \/>\n<meta property=\"og:type\" content=\"article\" \/>\n<meta property=\"og:title\" content=\"Pe. Manoel: \u201cO que nos une \u00e9 muito maior do que aquilo que nos separa\u201d - Not\u00edcias - Franciscanos\" \/>\n<meta property=\"og:description\" content=\"Semana de Ora\u00e7\u00e3o pela Unidade Crist\u00e3 (SOUC)\" \/>\n<meta property=\"og:url\" content=\"https:\/\/franciscanos.org.br\/noticias\/pe-manoel-o-que-nos-une-e-muito-maior-do-que-aquilo-que-nos-separa.html\" \/>\n<meta property=\"og:site_name\" content=\"Not\u00edcias - Franciscanos\" \/>\n<meta property=\"article:published_time\" content=\"2021-05-20T17:46:18+00:00\" \/>\n<meta property=\"article:modified_time\" content=\"2023-01-09T14:08:14+00:00\" \/>\n<meta property=\"og:image\" content=\"https:\/\/franciscanos.org.br\/noticias\/wp-content\/uploads\/2021\/05\/souc_01d.jpg\" \/>\n\t<meta property=\"og:image:width\" content=\"800\" \/>\n\t<meta property=\"og:image:height\" content=\"550\" \/>\n\t<meta property=\"og:image:type\" content=\"image\/jpeg\" \/>\n<meta name=\"author\" content=\"moacir\" \/>\n<meta name=\"twitter:card\" content=\"summary_large_image\" \/>\n<meta name=\"twitter:label1\" content=\"Escrito por\" \/>\n\t<meta name=\"twitter:data1\" content=\"moacir\" \/>\n\t<meta name=\"twitter:label2\" content=\"Est. tempo de leitura\" \/>\n\t<meta name=\"twitter:data2\" content=\"4 minutos\" \/>\n<script type=\"application\/ld+json\" class=\"yoast-schema-graph\">{\"@context\":\"https:\/\/schema.org\",\"@graph\":[{\"@type\":\"WebSite\",\"@id\":\"https:\/\/franciscanos.org.br\/noticias\/#website\",\"url\":\"https:\/\/franciscanos.org.br\/noticias\/\",\"name\":\"Not\u00edcias - Franciscanos\",\"description\":\"Prov\u00edncia Franciscana da Imaculada Concei\u00e7\u00e3o do Brasil - Ordem dos Frades Menores - OFM\",\"potentialAction\":[{\"@type\":\"SearchAction\",\"target\":{\"@type\":\"EntryPoint\",\"urlTemplate\":\"https:\/\/franciscanos.org.br\/noticias\/?s={search_term_string}\"},\"query-input\":\"required name=search_term_string\"}],\"inLanguage\":\"pt-BR\"},{\"@type\":\"ImageObject\",\"inLanguage\":\"pt-BR\",\"@id\":\"https:\/\/franciscanos.org.br\/noticias\/pe-manoel-o-que-nos-une-e-muito-maior-do-que-aquilo-que-nos-separa.html#primaryimage\",\"url\":\"https:\/\/franciscanos.org.br\/noticias\/wp-content\/uploads\/2021\/05\/souc_01d.jpg\",\"contentUrl\":\"https:\/\/franciscanos.org.br\/noticias\/wp-content\/uploads\/2021\/05\/souc_01d.jpg\",\"width\":800,\"height\":550},{\"@type\":\"WebPage\",\"@id\":\"https:\/\/franciscanos.org.br\/noticias\/pe-manoel-o-que-nos-une-e-muito-maior-do-que-aquilo-que-nos-separa.html#webpage\",\"url\":\"https:\/\/franciscanos.org.br\/noticias\/pe-manoel-o-que-nos-une-e-muito-maior-do-que-aquilo-que-nos-separa.html\",\"name\":\"Pe. Manoel: \u201cO que nos une \u00e9 muito maior do que aquilo que nos separa\u201d - Not\u00edcias - Franciscanos\",\"isPartOf\":{\"@id\":\"https:\/\/franciscanos.org.br\/noticias\/#website\"},\"primaryImageOfPage\":{\"@id\":\"https:\/\/franciscanos.org.br\/noticias\/pe-manoel-o-que-nos-une-e-muito-maior-do-que-aquilo-que-nos-separa.html#primaryimage\"},\"datePublished\":\"2021-05-20T17:46:18+00:00\",\"dateModified\":\"2023-01-09T14:08:14+00:00\",\"author\":{\"@id\":\"https:\/\/franciscanos.org.br\/noticias\/#\/schema\/person\/b5c8cba458c330ccff548b056e95a5d4\"},\"breadcrumb\":{\"@id\":\"https:\/\/franciscanos.org.br\/noticias\/pe-manoel-o-que-nos-une-e-muito-maior-do-que-aquilo-que-nos-separa.html#breadcrumb\"},\"inLanguage\":\"pt-BR\",\"potentialAction\":[{\"@type\":\"ReadAction\",\"target\":[\"https:\/\/franciscanos.org.br\/noticias\/pe-manoel-o-que-nos-une-e-muito-maior-do-que-aquilo-que-nos-separa.html\"]}]},{\"@type\":\"BreadcrumbList\",\"@id\":\"https:\/\/franciscanos.org.br\/noticias\/pe-manoel-o-que-nos-une-e-muito-maior-do-que-aquilo-que-nos-separa.html#breadcrumb\",\"itemListElement\":[{\"@type\":\"ListItem\",\"position\":1,\"name\":\"Home\",\"item\":\"https:\/\/franciscanos.org.br\/noticias\"},{\"@type\":\"ListItem\",\"position\":2,\"name\":\"Pe. Manoel: \u201cO que nos une \u00e9 muito maior do que aquilo que nos separa\u201d\"}]},{\"@type\":\"Person\",\"@id\":\"https:\/\/franciscanos.org.br\/noticias\/#\/schema\/person\/b5c8cba458c330ccff548b056e95a5d4\",\"name\":\"moacir\",\"image\":{\"@type\":\"ImageObject\",\"inLanguage\":\"pt-BR\",\"@id\":\"https:\/\/franciscanos.org.br\/noticias\/#\/schema\/person\/image\/\",\"url\":\"https:\/\/secure.gravatar.com\/avatar\/d08aa2ce4c8dd416d4479aa8536fcf64?s=96&d=mm&r=g\",\"contentUrl\":\"https:\/\/secure.gravatar.com\/avatar\/d08aa2ce4c8dd416d4479aa8536fcf64?s=96&d=mm&r=g\",\"caption\":\"moacir\"},\"url\":\"https:\/\/franciscanos.org.br\/noticias\/author\/moacir\"}]}<\/script>\n<!-- \/ Yoast SEO plugin. -->","yoast_head_json":{"title":"Pe. Manoel: \u201cO que nos une \u00e9 muito maior do que aquilo que nos separa\u201d - Not\u00edcias - Franciscanos","robots":{"index":"index","follow":"follow","max-snippet":"max-snippet:-1","max-image-preview":"max-image-preview:large","max-video-preview":"max-video-preview:-1"},"canonical":"https:\/\/franciscanos.org.br\/noticias\/pe-manoel-o-que-nos-une-e-muito-maior-do-que-aquilo-que-nos-separa.html","og_locale":"pt_BR","og_type":"article","og_title":"Pe. Manoel: \u201cO que nos une \u00e9 muito maior do que aquilo que nos separa\u201d - Not\u00edcias - Franciscanos","og_description":"Semana de Ora\u00e7\u00e3o pela Unidade Crist\u00e3 (SOUC)","og_url":"https:\/\/franciscanos.org.br\/noticias\/pe-manoel-o-que-nos-une-e-muito-maior-do-que-aquilo-que-nos-separa.html","og_site_name":"Not\u00edcias - Franciscanos","article_published_time":"2021-05-20T17:46:18+00:00","article_modified_time":"2023-01-09T14:08:14+00:00","og_image":[{"width":800,"height":550,"url":"https:\/\/franciscanos.org.br\/noticias\/wp-content\/uploads\/2021\/05\/souc_01d.jpg","type":"image\/jpeg"}],"author":"moacir","twitter_card":"summary_large_image","twitter_misc":{"Escrito por":"moacir","Est. tempo de leitura":"4 minutos"},"schema":{"@context":"https:\/\/schema.org","@graph":[{"@type":"WebSite","@id":"https:\/\/franciscanos.org.br\/noticias\/#website","url":"https:\/\/franciscanos.org.br\/noticias\/","name":"Not\u00edcias - Franciscanos","description":"Prov\u00edncia Franciscana da Imaculada Concei\u00e7\u00e3o do Brasil - Ordem dos Frades Menores - OFM","potentialAction":[{"@type":"SearchAction","target":{"@type":"EntryPoint","urlTemplate":"https:\/\/franciscanos.org.br\/noticias\/?s={search_term_string}"},"query-input":"required name=search_term_string"}],"inLanguage":"pt-BR"},{"@type":"ImageObject","inLanguage":"pt-BR","@id":"https:\/\/franciscanos.org.br\/noticias\/pe-manoel-o-que-nos-une-e-muito-maior-do-que-aquilo-que-nos-separa.html#primaryimage","url":"https:\/\/franciscanos.org.br\/noticias\/wp-content\/uploads\/2021\/05\/souc_01d.jpg","contentUrl":"https:\/\/franciscanos.org.br\/noticias\/wp-content\/uploads\/2021\/05\/souc_01d.jpg","width":800,"height":550},{"@type":"WebPage","@id":"https:\/\/franciscanos.org.br\/noticias\/pe-manoel-o-que-nos-une-e-muito-maior-do-que-aquilo-que-nos-separa.html#webpage","url":"https:\/\/franciscanos.org.br\/noticias\/pe-manoel-o-que-nos-une-e-muito-maior-do-que-aquilo-que-nos-separa.html","name":"Pe. Manoel: \u201cO que nos une \u00e9 muito maior do que aquilo que nos separa\u201d - Not\u00edcias - Franciscanos","isPartOf":{"@id":"https:\/\/franciscanos.org.br\/noticias\/#website"},"primaryImageOfPage":{"@id":"https:\/\/franciscanos.org.br\/noticias\/pe-manoel-o-que-nos-une-e-muito-maior-do-que-aquilo-que-nos-separa.html#primaryimage"},"datePublished":"2021-05-20T17:46:18+00:00","dateModified":"2023-01-09T14:08:14+00:00","author":{"@id":"https:\/\/franciscanos.org.br\/noticias\/#\/schema\/person\/b5c8cba458c330ccff548b056e95a5d4"},"breadcrumb":{"@id":"https:\/\/franciscanos.org.br\/noticias\/pe-manoel-o-que-nos-une-e-muito-maior-do-que-aquilo-que-nos-separa.html#breadcrumb"},"inLanguage":"pt-BR","potentialAction":[{"@type":"ReadAction","target":["https:\/\/franciscanos.org.br\/noticias\/pe-manoel-o-que-nos-une-e-muito-maior-do-que-aquilo-que-nos-separa.html"]}]},{"@type":"BreadcrumbList","@id":"https:\/\/franciscanos.org.br\/noticias\/pe-manoel-o-que-nos-une-e-muito-maior-do-que-aquilo-que-nos-separa.html#breadcrumb","itemListElement":[{"@type":"ListItem","position":1,"name":"Home","item":"https:\/\/franciscanos.org.br\/noticias"},{"@type":"ListItem","position":2,"name":"Pe. Manoel: \u201cO que nos une \u00e9 muito maior do que aquilo que nos separa\u201d"}]},{"@type":"Person","@id":"https:\/\/franciscanos.org.br\/noticias\/#\/schema\/person\/b5c8cba458c330ccff548b056e95a5d4","name":"moacir","image":{"@type":"ImageObject","inLanguage":"pt-BR","@id":"https:\/\/franciscanos.org.br\/noticias\/#\/schema\/person\/image\/","url":"https:\/\/secure.gravatar.com\/avatar\/d08aa2ce4c8dd416d4479aa8536fcf64?s=96&d=mm&r=g","contentUrl":"https:\/\/secure.gravatar.com\/avatar\/d08aa2ce4c8dd416d4479aa8536fcf64?s=96&d=mm&r=g","caption":"moacir"},"url":"https:\/\/franciscanos.org.br\/noticias\/author\/moacir"}]}},"_links":{"self":[{"href":"https:\/\/franciscanos.org.br\/noticias\/wp-json\/wp\/v2\/posts\/232079"}],"collection":[{"href":"https:\/\/franciscanos.org.br\/noticias\/wp-json\/wp\/v2\/posts"}],"about":[{"href":"https:\/\/franciscanos.org.br\/noticias\/wp-json\/wp\/v2\/types\/post"}],"author":[{"embeddable":true,"href":"https:\/\/franciscanos.org.br\/noticias\/wp-json\/wp\/v2\/users\/3"}],"replies":[{"embeddable":true,"href":"https:\/\/franciscanos.org.br\/noticias\/wp-json\/wp\/v2\/comments?post=232079"}],"version-history":[{"count":1,"href":"https:\/\/franciscanos.org.br\/noticias\/wp-json\/wp\/v2\/posts\/232079\/revisions"}],"predecessor-version":[{"id":232082,"href":"https:\/\/franciscanos.org.br\/noticias\/wp-json\/wp\/v2\/posts\/232079\/revisions\/232082"}],"wp:featuredmedia":[{"embeddable":true,"href":"https:\/\/franciscanos.org.br\/noticias\/wp-json\/wp\/v2\/media\/232081"}],"wp:attachment":[{"href":"https:\/\/franciscanos.org.br\/noticias\/wp-json\/wp\/v2\/media?parent=232079"}],"wp:term":[{"taxonomy":"category","embeddable":true,"href":"https:\/\/franciscanos.org.br\/noticias\/wp-json\/wp\/v2\/categories?post=232079"},{"taxonomy":"post_tag","embeddable":true,"href":"https:\/\/franciscanos.org.br\/noticias\/wp-json\/wp\/v2\/tags?post=232079"}],"curies":[{"name":"wp","href":"https:\/\/api.w.org\/{rel}","templated":true}]}}