{"id":232068,"date":"2021-05-20T07:33:17","date_gmt":"2021-05-20T10:33:17","guid":{"rendered":"https:\/\/franciscanos.org.br\/noticias\/?p=232068"},"modified":"2021-05-20T08:27:42","modified_gmt":"2021-05-20T11:27:42","slug":"paroquia-do-sagrado-celebra-75-anos-de-sua-instalacao-em-petropolis","status":"publish","type":"post","link":"https:\/\/franciscanos.org.br\/noticias\/paroquia-do-sagrado-celebra-75-anos-de-sua-instalacao-em-petropolis.html","title":{"rendered":"Par\u00f3quia do Sagrado celebra 75 anos de sua instala\u00e7\u00e3o em Petr\u00f3polis"},"content":{"rendered":"<p><img loading=\"lazy\" class=\"alignnone wp-image-232069 size-full\" src=\"https:\/\/franciscanos.org.br\/noticias\/wp-content\/uploads\/2021\/05\/sagrado_05.jpg\" alt=\"\" width=\"1280\" height=\"720\" srcset=\"https:\/\/franciscanos.org.br\/noticias\/wp-content\/uploads\/2021\/05\/sagrado_05.jpg 1280w, https:\/\/franciscanos.org.br\/noticias\/wp-content\/uploads\/2021\/05\/sagrado_05-450x253.jpg 450w, https:\/\/franciscanos.org.br\/noticias\/wp-content\/uploads\/2021\/05\/sagrado_05-1024x576.jpg 1024w, https:\/\/franciscanos.org.br\/noticias\/wp-content\/uploads\/2021\/05\/sagrado_05-768x432.jpg 768w, https:\/\/franciscanos.org.br\/noticias\/wp-content\/uploads\/2021\/05\/sagrado_05-150x84.jpg 150w\" sizes=\"(max-width: 1280px) 100vw, 1280px\" \/><\/p>\n<p><strong>Petr\u00f3polis (RJ) \u2013<\/strong> O 18\u00ba p\u00e1roco da centen\u00e1ria Igreja do Sagrado Cora\u00e7\u00e3o de Jesus, Frei Jorge Paulo Schiavini, presidiu a Celebra\u00e7\u00e3o Eucar\u00edstica em comemora\u00e7\u00e3o aos 75 anos de cria\u00e7\u00e3o da Par\u00f3quia, nesta quarta-feira, 19 de maio, \u00e0s 18 horas, tendo como concelebrantes Frei Ivo M\u00fcller, vig\u00e1rio paroquial, e Frei Ab\u00edlio Antunes do Amaral, atendente conventual. O coral dos frades do Tempo da Teologia animou a celebra\u00e7\u00e3o, que contou com a reg\u00eancia do mestre e m\u00fasico Frei Marcos Ant\u00f4nio de Andrade e de Frei Lauro Both, na condu\u00e7\u00e3o do harm\u00f4nio.<\/p>\n<p>Cumprindo todas as normas e exig\u00eancias sanit\u00e1rias, por raz\u00f5es j\u00e1 conhecidas, todos os lugares dispon\u00edveis da Igreja foram ocupados. Fizeram-se presentes lideran\u00e7as de movimentos e pastorais e devotos do Sagrado. Nem mesmo o frio da Serra espantou o povo que acompanhou este momento hist\u00f3rico, alguns at\u00e9 mesmo do lado de fora da Igreja. A Santa Missa tamb\u00e9m foi transmitida pela R\u00e1dio Imperial, pelo Facebook e YouTube da Par\u00f3quia do Sagrado.<\/p>\n<p><img loading=\"lazy\" class=\"alignnone wp-image-232070 size-full\" src=\"https:\/\/franciscanos.org.br\/noticias\/wp-content\/uploads\/2021\/05\/sagrado_02.jpg\" alt=\"\" width=\"1280\" height=\"720\" srcset=\"https:\/\/franciscanos.org.br\/noticias\/wp-content\/uploads\/2021\/05\/sagrado_02.jpg 1280w, https:\/\/franciscanos.org.br\/noticias\/wp-content\/uploads\/2021\/05\/sagrado_02-450x253.jpg 450w, https:\/\/franciscanos.org.br\/noticias\/wp-content\/uploads\/2021\/05\/sagrado_02-1024x576.jpg 1024w, https:\/\/franciscanos.org.br\/noticias\/wp-content\/uploads\/2021\/05\/sagrado_02-768x432.jpg 768w, https:\/\/franciscanos.org.br\/noticias\/wp-content\/uploads\/2021\/05\/sagrado_02-150x84.jpg 150w\" sizes=\"(max-width: 1280px) 100vw, 1280px\" \/><\/p>\n<p>Na acolhida, a comentarista Patr\u00edcia Gomes explicou que a celebra\u00e7\u00e3o faz parte da programa\u00e7\u00e3o do Ano Jubilar, que al\u00e9m de celebrar a f\u00e9 e a vida da Par\u00f3quia, celebra tamb\u00e9m 125 anos de presen\u00e7a franciscana em terras petropolitanas. \u201cJunto com as v\u00e1rias inten\u00e7\u00f5es e motiva\u00e7\u00f5es para esta missa, trazemos presente hoje o dia da implanta\u00e7\u00e3o da Par\u00f3quia do Sagrado e a posse do primeiro p\u00e1roco, no dia 19 de maio de 1946. Trazemos tamb\u00e9m todos que fazem parte da hist\u00f3ria da Par\u00f3quia do Sagrado e de todos os que frequentam a Par\u00f3quia e celebram aqui a f\u00e9 do Senhor Ressuscitado\u201d, disse ela.<\/p>\n<p>\u201cQue nesta noite possamos render gra\u00e7as a Deus pela nossa f\u00e9 e pela longa hist\u00f3ria de vida de f\u00e9 desta Par\u00f3quia do Sagrado Cora\u00e7\u00e3o de Jesus\u201d, saudou Frei Jorge.<\/p>\n<p><img loading=\"lazy\" class=\"alignnone wp-image-232071 size-full\" src=\"https:\/\/franciscanos.org.br\/noticias\/wp-content\/uploads\/2021\/05\/sagrado_06.jpg\" alt=\"\" width=\"1280\" height=\"1920\" srcset=\"https:\/\/franciscanos.org.br\/noticias\/wp-content\/uploads\/2021\/05\/sagrado_06.jpg 1280w, https:\/\/franciscanos.org.br\/noticias\/wp-content\/uploads\/2021\/05\/sagrado_06-300x450.jpg 300w, https:\/\/franciscanos.org.br\/noticias\/wp-content\/uploads\/2021\/05\/sagrado_06-683x1024.jpg 683w, https:\/\/franciscanos.org.br\/noticias\/wp-content\/uploads\/2021\/05\/sagrado_06-768x1152.jpg 768w, https:\/\/franciscanos.org.br\/noticias\/wp-content\/uploads\/2021\/05\/sagrado_06-1024x1536.jpg 1024w, https:\/\/franciscanos.org.br\/noticias\/wp-content\/uploads\/2021\/05\/sagrado_06-150x225.jpg 150w\" sizes=\"(max-width: 1280px) 100vw, 1280px\" \/><\/p>\n<p>Depois da proclama\u00e7\u00e3o do Evangelho do dia (Jo 17,11-19), \u00a0Frei Jorge fez a homilia destacando essa data celebrativa para os franciscanos e fi\u00e9is devotos: \u201cCelebrando hoje os 75 anos da Par\u00f3quia, n\u00f3s lembramos da ora\u00e7\u00e3o da coleta de hoje, que pede que n\u00f3s realizemos as obras de Deus. Isso nada mais \u00e9 do que anunciar o Evangelho e viver a fraternidade da qual n\u00f3s somos chamados na vida de Igreja e de Par\u00f3quia\u201d.<\/p>\n<p><strong>CRIA\u00c7\u00c3O DA PAR\u00d3QUIA DO SAGRADO<\/strong><\/p>\n<p>O p\u00e1roco lembrou que nos prim\u00f3rdios da cria\u00e7\u00e3o da Par\u00f3quia do Sagrado Cora\u00e7\u00e3o de Jesus, a Par\u00f3quia S\u00e3o Pedro de Alc\u00e2ntara, que abrangia todo munic\u00edpio de Petr\u00f3polis, celebrava 100 anos. Foi, ent\u00e3o, que se deu a cria\u00e7\u00e3o da Par\u00f3quia do Sagrado Cora\u00e7\u00e3o de Jesus. Monsenhor Gentil Costa, ent\u00e3o vig\u00e1rio da S\u00e3o Pedro de Alc\u00e2ntara fez o pedido para a cria\u00e7\u00e3o da nova par\u00f3quia ao ent\u00e3o Bispo diocesano de Niter\u00f3i (RJ), Dom Jos\u00e9 Pereira Alves. Hoje, a Igreja Matriz de S\u00e3o Pedro de Alc\u00e2ntara \u00e9 Catedral da Diocese de Petr\u00f3polis, criada em 1946.<\/p>\n<p><img loading=\"lazy\" class=\"alignnone wp-image-232072 size-full\" src=\"https:\/\/franciscanos.org.br\/noticias\/wp-content\/uploads\/2021\/05\/sagrado_03.jpg\" alt=\"\" width=\"1280\" height=\"720\" srcset=\"https:\/\/franciscanos.org.br\/noticias\/wp-content\/uploads\/2021\/05\/sagrado_03.jpg 1280w, https:\/\/franciscanos.org.br\/noticias\/wp-content\/uploads\/2021\/05\/sagrado_03-450x253.jpg 450w, https:\/\/franciscanos.org.br\/noticias\/wp-content\/uploads\/2021\/05\/sagrado_03-1024x576.jpg 1024w, https:\/\/franciscanos.org.br\/noticias\/wp-content\/uploads\/2021\/05\/sagrado_03-768x432.jpg 768w, https:\/\/franciscanos.org.br\/noticias\/wp-content\/uploads\/2021\/05\/sagrado_03-150x84.jpg 150w\" sizes=\"(max-width: 1280px) 100vw, 1280px\" \/><\/p>\n<p>O p\u00e1roco explicou que a motiva\u00e7\u00e3o para a cria\u00e7\u00e3o de uma nova par\u00f3quia foi a de entregar aos Frades Menores o cuidado pastoral de um rebanho fiel ao trabalho dos religiosos por mais de meio s\u00e9culo em Petr\u00f3polis. \u201cPara a vida espiritual e pela prosperidade de Petr\u00f3polis, uma nova par\u00f3quia contribuiria para intensificar a vida religiosa na cidade\u201d, disse, lembrando que na \u00e9poca a popula\u00e7\u00e3o da Cidade Imperial tinha em torno de 80 mil habitantes.<\/p>\n<p>A Par\u00f3quia do Sagrado foi institu\u00edda em um domingo, 19 de maio de 1946. Conforme registros dos livros hist\u00f3ricos do Convento e dos jornais locais, sob os cuidados da Ordem Terceira de S\u00e3o Francisco, Congrega\u00e7\u00e3o Mariana da Anuncia\u00e7\u00e3o e das demais associa\u00e7\u00f5es religiosas da nova Par\u00f3quia, depois da celebra\u00e7\u00e3o da Hora Santa na Catedral, precedeu a Solenidade de Instala\u00e7\u00e3o da nova Par\u00f3quia, tendo \u00e0 frente o guardi\u00e3o do Convento do Sagrado, Frei Matheus Hoeppers. \u201cNesta celebra\u00e7\u00e3o, o bispo enalteceu o desprendimento do vig\u00e1rio de S\u00e3o Pedro de Alc\u00e2ntara, solicitando da autoridade competente, espontaneamente, a cria\u00e7\u00e3o da nova Par\u00f3quia, tendo em vista a intensa vida religiosa na Igreja do Sagrado Cora\u00e7\u00e3o de Jesus\u201d, relatou.<\/p>\n<p>Naquela celebra\u00e7\u00e3o, o Monsenhor Francisco Gentil Costa leu a provis\u00e3o de vig\u00e1rio da nova Par\u00f3quia do Sagrado, declarando Frei \u00c1tico Eyng como o primeiro vig\u00e1rio (na \u00e9poca n\u00e3o se tinha o costume de usar o termo p\u00e1roco). \u00a0Comovido, Frei \u00c1tico afirmou \u201cser com a maior emo\u00e7\u00e3o que proferia pela primeira vez aquelas palavras: \u2018Meus queridos paroquianos&#8230;\u2019\u201d, recordou Frei Jorge.<\/p>\n<p><img loading=\"lazy\" class=\"alignnone wp-image-232073 size-full\" src=\"https:\/\/franciscanos.org.br\/noticias\/wp-content\/uploads\/2021\/05\/sagrado_04.jpg\" alt=\"\" width=\"1280\" height=\"853\" srcset=\"https:\/\/franciscanos.org.br\/noticias\/wp-content\/uploads\/2021\/05\/sagrado_04.jpg 1280w, https:\/\/franciscanos.org.br\/noticias\/wp-content\/uploads\/2021\/05\/sagrado_04-450x300.jpg 450w, https:\/\/franciscanos.org.br\/noticias\/wp-content\/uploads\/2021\/05\/sagrado_04-1024x682.jpg 1024w, https:\/\/franciscanos.org.br\/noticias\/wp-content\/uploads\/2021\/05\/sagrado_04-768x512.jpg 768w, https:\/\/franciscanos.org.br\/noticias\/wp-content\/uploads\/2021\/05\/sagrado_04-150x100.jpg 150w\" sizes=\"(max-width: 1280px) 100vw, 1280px\" \/><\/p>\n<p>Frei \u00c1tico foi um dedicado pastor e incans\u00e1vel mestre . \u201cEle chegou a reunir 1.500 crian\u00e7as\u00a0 na missa dominical da par\u00f3quia\u201d, recordou o celebrante, detalhando: O acompanhamento da Ordem III, ficou a cargo de Frei Mateus. A Congrega\u00e7\u00e3o Mariana e o Apostolado da Ora\u00e7\u00e3o ficaram sob responsabilidade de Frei Jo\u00e3o Jos\u00e9. As Filhas de Maria do Col\u00e9gio Santa Catarina, com Frei Estanislau. A A\u00e7\u00e3o Cat\u00f3lica com Frei Mateus, Frei Luiz Gonzaga e Frei Gil Maria. J\u00e1 Frei Arcanjo esteve \u00e0 frente dos trabalhos entre os militares e as Senhoras da Liga de Nossa Senhora Auxiliadora.<\/p>\n<p>\u201cQue todas as pastorais, movimentos e todos os que se colocam a servi\u00e7o da Par\u00f3quia nos dias de hoje possam ter a gra\u00e7a do ardor dos primeiros frades que assumiram com dedica\u00e7\u00e3o o cuidado pastoral desta Par\u00f3quia. Que sintamos todos a profundidade do amor do Sagrado Cora\u00e7\u00e3o de Jesus na Eucaristia que hoje celebramos\u201d, desejou o celebrante.<\/p>\n<p>Ap\u00f3s a comunh\u00e3o o coral entoou a ant\u00edfona de comunh\u00e3o \u201cDeus amou tanto o mundo\u201d, composi\u00e7\u00e3o de Frei Ademir Jos\u00e9 Peixer <a href=\"https:\/\/youtu.be\/cN4B6OcX62c\" target=\"_blank\" rel=\"noopener noreferrer\"><strong>(VEJA O V\u00cdDEO)<\/strong><\/a>.<\/p>\n<p>O pr\u00f3ximo evento das comemora\u00e7\u00f5es do Jubileu ser\u00e1 no dia 11 de junho, com a solene celebra\u00e7\u00e3o da festa do padroeiro da Par\u00f3quia do Sagrado Cora\u00e7\u00e3o de Jesus. A Celebra\u00e7\u00e3o Eucar\u00edsticas das 18 horas, ser\u00e1 presidida pelo bispo diocesano, Dom Greg\u00f3rio Paix\u00e3o, OSB. O Ano Jubilar se estender\u00e1 at\u00e9 9 de fevereiro de 2022.<\/p>\n<hr \/>\n<p><strong><em>Frei Augusto Luiz Gabriel<\/em><\/strong><\/p>\n<p>&nbsp;<\/p>\n<p><img loading=\"lazy\" class=\"alignnone wp-image-232075 size-full\" src=\"https:\/\/franciscanos.org.br\/noticias\/wp-content\/uploads\/2021\/05\/sagrado_01.jpg\" alt=\"\" width=\"1280\" height=\"720\" srcset=\"https:\/\/franciscanos.org.br\/noticias\/wp-content\/uploads\/2021\/05\/sagrado_01.jpg 1280w, https:\/\/franciscanos.org.br\/noticias\/wp-content\/uploads\/2021\/05\/sagrado_01-450x253.jpg 450w, https:\/\/franciscanos.org.br\/noticias\/wp-content\/uploads\/2021\/05\/sagrado_01-1024x576.jpg 1024w, https:\/\/franciscanos.org.br\/noticias\/wp-content\/uploads\/2021\/05\/sagrado_01-768x432.jpg 768w, https:\/\/franciscanos.org.br\/noticias\/wp-content\/uploads\/2021\/05\/sagrado_01-150x84.jpg 150w\" sizes=\"(max-width: 1280px) 100vw, 1280px\" \/><\/p>\n","protected":false},"excerpt":{"rendered":"<p>Par\u00f3quia do Sagrado Cora\u00e7\u00e3o de Jesus <\/p>\n","protected":false},"author":3,"featured_media":232074,"comment_status":"open","ping_status":"open","sticky":false,"template":"","format":"standard","meta":[],"categories":[1],"tags":[1766,190],"acf":[],"yoast_head":"<!-- This site is optimized with the Yoast SEO plugin v19.2 - https:\/\/yoast.com\/wordpress\/plugins\/seo\/ -->\n<title>Par\u00f3quia do Sagrado celebra 75 anos de sua instala\u00e7\u00e3o em Petr\u00f3polis - Not\u00edcias - Franciscanos<\/title>\n<meta name=\"robots\" content=\"index, follow, max-snippet:-1, max-image-preview:large, max-video-preview:-1\" \/>\n<link rel=\"canonical\" href=\"https:\/\/franciscanos.org.br\/noticias\/paroquia-do-sagrado-celebra-75-anos-de-sua-instalacao-em-petropolis.html\" \/>\n<meta property=\"og:locale\" content=\"pt_BR\" \/>\n<meta property=\"og:type\" content=\"article\" \/>\n<meta property=\"og:title\" content=\"Par\u00f3quia do Sagrado celebra 75 anos de sua instala\u00e7\u00e3o em Petr\u00f3polis - Not\u00edcias - Franciscanos\" \/>\n<meta property=\"og:description\" content=\"Par\u00f3quia do Sagrado Cora\u00e7\u00e3o de Jesus\" \/>\n<meta property=\"og:url\" content=\"https:\/\/franciscanos.org.br\/noticias\/paroquia-do-sagrado-celebra-75-anos-de-sua-instalacao-em-petropolis.html\" \/>\n<meta property=\"og:site_name\" content=\"Not\u00edcias - Franciscanos\" \/>\n<meta property=\"article:published_time\" content=\"2021-05-20T10:33:17+00:00\" \/>\n<meta property=\"article:modified_time\" content=\"2021-05-20T11:27:42+00:00\" \/>\n<meta property=\"og:image\" content=\"https:\/\/franciscanos.org.br\/noticias\/wp-content\/uploads\/2021\/05\/sagrado_05d.jpg\" \/>\n\t<meta property=\"og:image:width\" content=\"800\" \/>\n\t<meta property=\"og:image:height\" content=\"533\" \/>\n\t<meta property=\"og:image:type\" content=\"image\/jpeg\" \/>\n<meta name=\"author\" content=\"moacir\" \/>\n<meta name=\"twitter:card\" content=\"summary_large_image\" \/>\n<meta name=\"twitter:label1\" content=\"Escrito por\" \/>\n\t<meta name=\"twitter:data1\" content=\"moacir\" \/>\n\t<meta name=\"twitter:label2\" content=\"Est. tempo de leitura\" \/>\n\t<meta name=\"twitter:data2\" content=\"5 minutos\" \/>\n<script type=\"application\/ld+json\" class=\"yoast-schema-graph\">{\"@context\":\"https:\/\/schema.org\",\"@graph\":[{\"@type\":\"WebSite\",\"@id\":\"https:\/\/franciscanos.org.br\/noticias\/#website\",\"url\":\"https:\/\/franciscanos.org.br\/noticias\/\",\"name\":\"Not\u00edcias - Franciscanos\",\"description\":\"Prov\u00edncia Franciscana da Imaculada Concei\u00e7\u00e3o do Brasil - Ordem dos Frades Menores - OFM\",\"potentialAction\":[{\"@type\":\"SearchAction\",\"target\":{\"@type\":\"EntryPoint\",\"urlTemplate\":\"https:\/\/franciscanos.org.br\/noticias\/?s={search_term_string}\"},\"query-input\":\"required name=search_term_string\"}],\"inLanguage\":\"pt-BR\"},{\"@type\":\"ImageObject\",\"inLanguage\":\"pt-BR\",\"@id\":\"https:\/\/franciscanos.org.br\/noticias\/paroquia-do-sagrado-celebra-75-anos-de-sua-instalacao-em-petropolis.html#primaryimage\",\"url\":\"https:\/\/franciscanos.org.br\/noticias\/wp-content\/uploads\/2021\/05\/sagrado_05d.jpg\",\"contentUrl\":\"https:\/\/franciscanos.org.br\/noticias\/wp-content\/uploads\/2021\/05\/sagrado_05d.jpg\",\"width\":800,\"height\":533},{\"@type\":\"WebPage\",\"@id\":\"https:\/\/franciscanos.org.br\/noticias\/paroquia-do-sagrado-celebra-75-anos-de-sua-instalacao-em-petropolis.html#webpage\",\"url\":\"https:\/\/franciscanos.org.br\/noticias\/paroquia-do-sagrado-celebra-75-anos-de-sua-instalacao-em-petropolis.html\",\"name\":\"Par\u00f3quia do Sagrado celebra 75 anos de sua instala\u00e7\u00e3o em Petr\u00f3polis - Not\u00edcias - Franciscanos\",\"isPartOf\":{\"@id\":\"https:\/\/franciscanos.org.br\/noticias\/#website\"},\"primaryImageOfPage\":{\"@id\":\"https:\/\/franciscanos.org.br\/noticias\/paroquia-do-sagrado-celebra-75-anos-de-sua-instalacao-em-petropolis.html#primaryimage\"},\"datePublished\":\"2021-05-20T10:33:17+00:00\",\"dateModified\":\"2021-05-20T11:27:42+00:00\",\"author\":{\"@id\":\"https:\/\/franciscanos.org.br\/noticias\/#\/schema\/person\/b5c8cba458c330ccff548b056e95a5d4\"},\"breadcrumb\":{\"@id\":\"https:\/\/franciscanos.org.br\/noticias\/paroquia-do-sagrado-celebra-75-anos-de-sua-instalacao-em-petropolis.html#breadcrumb\"},\"inLanguage\":\"pt-BR\",\"potentialAction\":[{\"@type\":\"ReadAction\",\"target\":[\"https:\/\/franciscanos.org.br\/noticias\/paroquia-do-sagrado-celebra-75-anos-de-sua-instalacao-em-petropolis.html\"]}]},{\"@type\":\"BreadcrumbList\",\"@id\":\"https:\/\/franciscanos.org.br\/noticias\/paroquia-do-sagrado-celebra-75-anos-de-sua-instalacao-em-petropolis.html#breadcrumb\",\"itemListElement\":[{\"@type\":\"ListItem\",\"position\":1,\"name\":\"Home\",\"item\":\"https:\/\/franciscanos.org.br\/noticias\"},{\"@type\":\"ListItem\",\"position\":2,\"name\":\"Par\u00f3quia do Sagrado celebra 75 anos de sua instala\u00e7\u00e3o em Petr\u00f3polis\"}]},{\"@type\":\"Person\",\"@id\":\"https:\/\/franciscanos.org.br\/noticias\/#\/schema\/person\/b5c8cba458c330ccff548b056e95a5d4\",\"name\":\"moacir\",\"image\":{\"@type\":\"ImageObject\",\"inLanguage\":\"pt-BR\",\"@id\":\"https:\/\/franciscanos.org.br\/noticias\/#\/schema\/person\/image\/\",\"url\":\"https:\/\/secure.gravatar.com\/avatar\/d08aa2ce4c8dd416d4479aa8536fcf64?s=96&d=mm&r=g\",\"contentUrl\":\"https:\/\/secure.gravatar.com\/avatar\/d08aa2ce4c8dd416d4479aa8536fcf64?s=96&d=mm&r=g\",\"caption\":\"moacir\"},\"url\":\"https:\/\/franciscanos.org.br\/noticias\/author\/moacir\"}]}<\/script>\n<!-- \/ Yoast SEO plugin. -->","yoast_head_json":{"title":"Par\u00f3quia do Sagrado celebra 75 anos de sua instala\u00e7\u00e3o em Petr\u00f3polis - Not\u00edcias - Franciscanos","robots":{"index":"index","follow":"follow","max-snippet":"max-snippet:-1","max-image-preview":"max-image-preview:large","max-video-preview":"max-video-preview:-1"},"canonical":"https:\/\/franciscanos.org.br\/noticias\/paroquia-do-sagrado-celebra-75-anos-de-sua-instalacao-em-petropolis.html","og_locale":"pt_BR","og_type":"article","og_title":"Par\u00f3quia do Sagrado celebra 75 anos de sua instala\u00e7\u00e3o em Petr\u00f3polis - Not\u00edcias - Franciscanos","og_description":"Par\u00f3quia do Sagrado Cora\u00e7\u00e3o de Jesus","og_url":"https:\/\/franciscanos.org.br\/noticias\/paroquia-do-sagrado-celebra-75-anos-de-sua-instalacao-em-petropolis.html","og_site_name":"Not\u00edcias - Franciscanos","article_published_time":"2021-05-20T10:33:17+00:00","article_modified_time":"2021-05-20T11:27:42+00:00","og_image":[{"width":800,"height":533,"url":"https:\/\/franciscanos.org.br\/noticias\/wp-content\/uploads\/2021\/05\/sagrado_05d.jpg","type":"image\/jpeg"}],"author":"moacir","twitter_card":"summary_large_image","twitter_misc":{"Escrito por":"moacir","Est. tempo de leitura":"5 minutos"},"schema":{"@context":"https:\/\/schema.org","@graph":[{"@type":"WebSite","@id":"https:\/\/franciscanos.org.br\/noticias\/#website","url":"https:\/\/franciscanos.org.br\/noticias\/","name":"Not\u00edcias - Franciscanos","description":"Prov\u00edncia Franciscana da Imaculada Concei\u00e7\u00e3o do Brasil - Ordem dos Frades Menores - OFM","potentialAction":[{"@type":"SearchAction","target":{"@type":"EntryPoint","urlTemplate":"https:\/\/franciscanos.org.br\/noticias\/?s={search_term_string}"},"query-input":"required name=search_term_string"}],"inLanguage":"pt-BR"},{"@type":"ImageObject","inLanguage":"pt-BR","@id":"https:\/\/franciscanos.org.br\/noticias\/paroquia-do-sagrado-celebra-75-anos-de-sua-instalacao-em-petropolis.html#primaryimage","url":"https:\/\/franciscanos.org.br\/noticias\/wp-content\/uploads\/2021\/05\/sagrado_05d.jpg","contentUrl":"https:\/\/franciscanos.org.br\/noticias\/wp-content\/uploads\/2021\/05\/sagrado_05d.jpg","width":800,"height":533},{"@type":"WebPage","@id":"https:\/\/franciscanos.org.br\/noticias\/paroquia-do-sagrado-celebra-75-anos-de-sua-instalacao-em-petropolis.html#webpage","url":"https:\/\/franciscanos.org.br\/noticias\/paroquia-do-sagrado-celebra-75-anos-de-sua-instalacao-em-petropolis.html","name":"Par\u00f3quia do Sagrado celebra 75 anos de sua instala\u00e7\u00e3o em Petr\u00f3polis - Not\u00edcias - Franciscanos","isPartOf":{"@id":"https:\/\/franciscanos.org.br\/noticias\/#website"},"primaryImageOfPage":{"@id":"https:\/\/franciscanos.org.br\/noticias\/paroquia-do-sagrado-celebra-75-anos-de-sua-instalacao-em-petropolis.html#primaryimage"},"datePublished":"2021-05-20T10:33:17+00:00","dateModified":"2021-05-20T11:27:42+00:00","author":{"@id":"https:\/\/franciscanos.org.br\/noticias\/#\/schema\/person\/b5c8cba458c330ccff548b056e95a5d4"},"breadcrumb":{"@id":"https:\/\/franciscanos.org.br\/noticias\/paroquia-do-sagrado-celebra-75-anos-de-sua-instalacao-em-petropolis.html#breadcrumb"},"inLanguage":"pt-BR","potentialAction":[{"@type":"ReadAction","target":["https:\/\/franciscanos.org.br\/noticias\/paroquia-do-sagrado-celebra-75-anos-de-sua-instalacao-em-petropolis.html"]}]},{"@type":"BreadcrumbList","@id":"https:\/\/franciscanos.org.br\/noticias\/paroquia-do-sagrado-celebra-75-anos-de-sua-instalacao-em-petropolis.html#breadcrumb","itemListElement":[{"@type":"ListItem","position":1,"name":"Home","item":"https:\/\/franciscanos.org.br\/noticias"},{"@type":"ListItem","position":2,"name":"Par\u00f3quia do Sagrado celebra 75 anos de sua instala\u00e7\u00e3o em Petr\u00f3polis"}]},{"@type":"Person","@id":"https:\/\/franciscanos.org.br\/noticias\/#\/schema\/person\/b5c8cba458c330ccff548b056e95a5d4","name":"moacir","image":{"@type":"ImageObject","inLanguage":"pt-BR","@id":"https:\/\/franciscanos.org.br\/noticias\/#\/schema\/person\/image\/","url":"https:\/\/secure.gravatar.com\/avatar\/d08aa2ce4c8dd416d4479aa8536fcf64?s=96&d=mm&r=g","contentUrl":"https:\/\/secure.gravatar.com\/avatar\/d08aa2ce4c8dd416d4479aa8536fcf64?s=96&d=mm&r=g","caption":"moacir"},"url":"https:\/\/franciscanos.org.br\/noticias\/author\/moacir"}]}},"_links":{"self":[{"href":"https:\/\/franciscanos.org.br\/noticias\/wp-json\/wp\/v2\/posts\/232068"}],"collection":[{"href":"https:\/\/franciscanos.org.br\/noticias\/wp-json\/wp\/v2\/posts"}],"about":[{"href":"https:\/\/franciscanos.org.br\/noticias\/wp-json\/wp\/v2\/types\/post"}],"author":[{"embeddable":true,"href":"https:\/\/franciscanos.org.br\/noticias\/wp-json\/wp\/v2\/users\/3"}],"replies":[{"embeddable":true,"href":"https:\/\/franciscanos.org.br\/noticias\/wp-json\/wp\/v2\/comments?post=232068"}],"version-history":[{"count":3,"href":"https:\/\/franciscanos.org.br\/noticias\/wp-json\/wp\/v2\/posts\/232068\/revisions"}],"predecessor-version":[{"id":232077,"href":"https:\/\/franciscanos.org.br\/noticias\/wp-json\/wp\/v2\/posts\/232068\/revisions\/232077"}],"wp:featuredmedia":[{"embeddable":true,"href":"https:\/\/franciscanos.org.br\/noticias\/wp-json\/wp\/v2\/media\/232074"}],"wp:attachment":[{"href":"https:\/\/franciscanos.org.br\/noticias\/wp-json\/wp\/v2\/media?parent=232068"}],"wp:term":[{"taxonomy":"category","embeddable":true,"href":"https:\/\/franciscanos.org.br\/noticias\/wp-json\/wp\/v2\/categories?post=232068"},{"taxonomy":"post_tag","embeddable":true,"href":"https:\/\/franciscanos.org.br\/noticias\/wp-json\/wp\/v2\/tags?post=232068"}],"curies":[{"name":"wp","href":"https:\/\/api.w.org\/{rel}","templated":true}]}}