{"id":232062,"date":"2021-05-19T16:10:19","date_gmt":"2021-05-19T19:10:19","guid":{"rendered":"https:\/\/franciscanos.org.br\/noticias\/?p=232062"},"modified":"2023-01-09T11:08:38","modified_gmt":"2023-01-09T14:08:38","slug":"pastor-bruno-chega-de-odio-chega-de-separacao-e-tempo-de-amarmos","status":"publish","type":"post","link":"https:\/\/franciscanos.org.br\/noticias\/pastor-bruno-chega-de-odio-chega-de-separacao-e-tempo-de-amarmos.html","title":{"rendered":"Pastor Bruno: \u201cChega de \u00f3dio! Chega de separa\u00e7\u00e3o! \u00c9 tempo de amarmos\u201d"},"content":{"rendered":"<p><img loading=\"lazy\" class=\"alignnone wp-image-232063 size-full\" src=\"https:\/\/franciscanos.org.br\/noticias\/wp-content\/uploads\/2021\/05\/penha_19.jpg\" alt=\"\" width=\"1280\" height=\"720\" srcset=\"https:\/\/franciscanos.org.br\/noticias\/wp-content\/uploads\/2021\/05\/penha_19.jpg 1280w, https:\/\/franciscanos.org.br\/noticias\/wp-content\/uploads\/2021\/05\/penha_19-450x253.jpg 450w, https:\/\/franciscanos.org.br\/noticias\/wp-content\/uploads\/2021\/05\/penha_19-1024x576.jpg 1024w, https:\/\/franciscanos.org.br\/noticias\/wp-content\/uploads\/2021\/05\/penha_19-768x432.jpg 768w, https:\/\/franciscanos.org.br\/noticias\/wp-content\/uploads\/2021\/05\/penha_19-150x84.jpg 150w\" sizes=\"(max-width: 1280px) 100vw, 1280px\" \/><\/p>\n<p>Por ocasi\u00e3o do terceiro dia da Semana de Ora\u00e7\u00e3o pela Unidade Crist\u00e3 2021, nesta ter\u00e7a-feira (18), o Pastor Bruno Almeida de Oliveira, da Igreja Presbiteriana Unida do bairro Jardim da Penha, Vit\u00f3ria, subiu ao Convento da Penha para a ora\u00e7\u00e3o ecum\u00eanica organizada pelo Conselho Nacional de Igrejas Crist\u00e3s do Esp\u00edrito Santo. Esse \u00e9 o segundo ano consecutivo em que o Convento da Penha recebe representantes religiosos das Igrejas que fazem parte do CONIC.<\/p>\n<p>A Semna de Ora\u00e7\u00e3o teve in\u00edcio no fim de semana, com a Celebra\u00e7\u00e3o de um Culto Ecum\u00eanico de abertura com presen\u00e7a de l\u00edderes das igrejas irm\u00e3s. Na segunda (17), a fraternidade franciscana acolheu o Pastor Luterano Stefan Ruy Krambeck. E ontem, o pastor Bruno. Ele participou da Missa presidida pelo Frei Alessandro Dias do Nascimento, proclamou e refletiu um trecho do livro do Apocalipse 7, 9-14, exortando os fi\u00e9is na f\u00e9 sobre a necessidade da unidade mesmo em meio \u00e0 diversidade.<\/p>\n<p>Com uma reflex\u00e3o profundamente inspirada e inspiradora, o l\u00edder da Igreja Presbiteriana iniciou a homilia dizendo que comunh\u00e3o com as igrejas crist\u00e3s \u00e9 para ele \u201cum encontro precioso\u201d e que \u201cquando se pensa em comunh\u00e3o e em vida ecum\u00eanica n\u00e3o \u00e9 somente algo escrito, mas vivido. Quando se pensa em unidade, n\u00f3s precisamos entender que a unidade acontece em meio a diversidade. O fato de habitarmos no mesmo planeta feito pelo mesmo Deus, nos obriga de uma maneira muito leve, mas necess\u00e1ria, a aprendermos a conjugarmos juntos o verbo amar\u201d, refletiu.<\/p>\n<p>Pastor Bruno ainda citou Santo Agostinho para explicar a import\u00e2ncia do amor como forma de uni\u00e3o. \u201cFoi o orgulho que transformou os anjos em dem\u00f4nios, mas \u00e9 a humildade, a caridade e o amor que transforma homens e mulheres, pecadores e pecadoras como n\u00f3s, em santos na sua presen\u00e7a\u201d.<\/p>\n<p>J\u00e1 em sua mensagem final, o pastor disse que \u00e9 tempo de olharmos para os necessitados, \u00e9 tempo de amarmos. \u201cViver em comunh\u00e3o\u2026 Eu tenho uma palavra \u00e0 voc\u00ea: chega de \u00f3dio! Chega de separa\u00e7\u00e3o! \u00c9 tempo de amarmos, \u00e9 tempo de olharmos os necessitados, \u00e9 tempo de vermos o nosso Deus como um Grade Pai que tem muitos filhos e filhas, que orou encarecidamente ao Pai para que sejamos um. Que a gra\u00e7a do Senhor nosso Deus nos baste! Onde existia o muro do \u00f3dio, em Cristo constru\u00edmos a ponte do amor e amizade!\u201d, finalizou.<\/p>\n<hr \/>\n<p><em>Fonte: site do Convento da Penha (https:\/\/conventodapenha.org.br\/)<\/em><\/p>\n","protected":false},"excerpt":{"rendered":"<p>Semana de Ora\u00e7\u00e3o pela Unidade Crist\u00e3 2021<\/p>\n","protected":false},"author":3,"featured_media":232064,"comment_status":"open","ping_status":"open","sticky":false,"template":"","format":"standard","meta":[],"categories":[1],"tags":[1208],"acf":[],"yoast_head":"<!-- This site is optimized with the Yoast SEO plugin v19.2 - https:\/\/yoast.com\/wordpress\/plugins\/seo\/ -->\n<title>Pastor Bruno: \u201cChega de \u00f3dio! Chega de separa\u00e7\u00e3o! \u00c9 tempo de amarmos\u201d - Not\u00edcias - Franciscanos<\/title>\n<meta name=\"robots\" content=\"index, follow, max-snippet:-1, max-image-preview:large, max-video-preview:-1\" \/>\n<link rel=\"canonical\" href=\"https:\/\/franciscanos.org.br\/noticias\/pastor-bruno-chega-de-odio-chega-de-separacao-e-tempo-de-amarmos.html\" \/>\n<meta property=\"og:locale\" content=\"pt_BR\" \/>\n<meta property=\"og:type\" content=\"article\" \/>\n<meta property=\"og:title\" content=\"Pastor Bruno: \u201cChega de \u00f3dio! Chega de separa\u00e7\u00e3o! \u00c9 tempo de amarmos\u201d - Not\u00edcias - Franciscanos\" \/>\n<meta property=\"og:description\" content=\"Semana de Ora\u00e7\u00e3o pela Unidade Crist\u00e3 2021\" \/>\n<meta property=\"og:url\" content=\"https:\/\/franciscanos.org.br\/noticias\/pastor-bruno-chega-de-odio-chega-de-separacao-e-tempo-de-amarmos.html\" \/>\n<meta property=\"og:site_name\" content=\"Not\u00edcias - Franciscanos\" \/>\n<meta property=\"article:published_time\" content=\"2021-05-19T19:10:19+00:00\" \/>\n<meta property=\"article:modified_time\" content=\"2023-01-09T14:08:38+00:00\" \/>\n<meta property=\"og:image\" content=\"https:\/\/franciscanos.org.br\/noticias\/wp-content\/uploads\/2021\/05\/penha_19d.jpg\" \/>\n\t<meta property=\"og:image:width\" content=\"800\" \/>\n\t<meta property=\"og:image:height\" content=\"550\" \/>\n\t<meta property=\"og:image:type\" content=\"image\/jpeg\" \/>\n<meta name=\"author\" content=\"moacir\" \/>\n<meta name=\"twitter:card\" content=\"summary_large_image\" \/>\n<meta name=\"twitter:label1\" content=\"Escrito por\" \/>\n\t<meta name=\"twitter:data1\" content=\"moacir\" \/>\n\t<meta name=\"twitter:label2\" content=\"Est. tempo de leitura\" \/>\n\t<meta name=\"twitter:data2\" content=\"2 minutos\" \/>\n<script type=\"application\/ld+json\" class=\"yoast-schema-graph\">{\"@context\":\"https:\/\/schema.org\",\"@graph\":[{\"@type\":\"WebSite\",\"@id\":\"https:\/\/franciscanos.org.br\/noticias\/#website\",\"url\":\"https:\/\/franciscanos.org.br\/noticias\/\",\"name\":\"Not\u00edcias - Franciscanos\",\"description\":\"Prov\u00edncia Franciscana da Imaculada Concei\u00e7\u00e3o do Brasil - Ordem dos Frades Menores - OFM\",\"potentialAction\":[{\"@type\":\"SearchAction\",\"target\":{\"@type\":\"EntryPoint\",\"urlTemplate\":\"https:\/\/franciscanos.org.br\/noticias\/?s={search_term_string}\"},\"query-input\":\"required name=search_term_string\"}],\"inLanguage\":\"pt-BR\"},{\"@type\":\"ImageObject\",\"inLanguage\":\"pt-BR\",\"@id\":\"https:\/\/franciscanos.org.br\/noticias\/pastor-bruno-chega-de-odio-chega-de-separacao-e-tempo-de-amarmos.html#primaryimage\",\"url\":\"https:\/\/franciscanos.org.br\/noticias\/wp-content\/uploads\/2021\/05\/penha_19d.jpg\",\"contentUrl\":\"https:\/\/franciscanos.org.br\/noticias\/wp-content\/uploads\/2021\/05\/penha_19d.jpg\",\"width\":800,\"height\":550},{\"@type\":\"WebPage\",\"@id\":\"https:\/\/franciscanos.org.br\/noticias\/pastor-bruno-chega-de-odio-chega-de-separacao-e-tempo-de-amarmos.html#webpage\",\"url\":\"https:\/\/franciscanos.org.br\/noticias\/pastor-bruno-chega-de-odio-chega-de-separacao-e-tempo-de-amarmos.html\",\"name\":\"Pastor Bruno: \u201cChega de \u00f3dio! Chega de separa\u00e7\u00e3o! \u00c9 tempo de amarmos\u201d - Not\u00edcias - Franciscanos\",\"isPartOf\":{\"@id\":\"https:\/\/franciscanos.org.br\/noticias\/#website\"},\"primaryImageOfPage\":{\"@id\":\"https:\/\/franciscanos.org.br\/noticias\/pastor-bruno-chega-de-odio-chega-de-separacao-e-tempo-de-amarmos.html#primaryimage\"},\"datePublished\":\"2021-05-19T19:10:19+00:00\",\"dateModified\":\"2023-01-09T14:08:38+00:00\",\"author\":{\"@id\":\"https:\/\/franciscanos.org.br\/noticias\/#\/schema\/person\/b5c8cba458c330ccff548b056e95a5d4\"},\"breadcrumb\":{\"@id\":\"https:\/\/franciscanos.org.br\/noticias\/pastor-bruno-chega-de-odio-chega-de-separacao-e-tempo-de-amarmos.html#breadcrumb\"},\"inLanguage\":\"pt-BR\",\"potentialAction\":[{\"@type\":\"ReadAction\",\"target\":[\"https:\/\/franciscanos.org.br\/noticias\/pastor-bruno-chega-de-odio-chega-de-separacao-e-tempo-de-amarmos.html\"]}]},{\"@type\":\"BreadcrumbList\",\"@id\":\"https:\/\/franciscanos.org.br\/noticias\/pastor-bruno-chega-de-odio-chega-de-separacao-e-tempo-de-amarmos.html#breadcrumb\",\"itemListElement\":[{\"@type\":\"ListItem\",\"position\":1,\"name\":\"Home\",\"item\":\"https:\/\/franciscanos.org.br\/noticias\"},{\"@type\":\"ListItem\",\"position\":2,\"name\":\"Pastor Bruno: \u201cChega de \u00f3dio! Chega de separa\u00e7\u00e3o! \u00c9 tempo de amarmos\u201d\"}]},{\"@type\":\"Person\",\"@id\":\"https:\/\/franciscanos.org.br\/noticias\/#\/schema\/person\/b5c8cba458c330ccff548b056e95a5d4\",\"name\":\"moacir\",\"image\":{\"@type\":\"ImageObject\",\"inLanguage\":\"pt-BR\",\"@id\":\"https:\/\/franciscanos.org.br\/noticias\/#\/schema\/person\/image\/\",\"url\":\"https:\/\/secure.gravatar.com\/avatar\/d08aa2ce4c8dd416d4479aa8536fcf64?s=96&d=mm&r=g\",\"contentUrl\":\"https:\/\/secure.gravatar.com\/avatar\/d08aa2ce4c8dd416d4479aa8536fcf64?s=96&d=mm&r=g\",\"caption\":\"moacir\"},\"url\":\"https:\/\/franciscanos.org.br\/noticias\/author\/moacir\"}]}<\/script>\n<!-- \/ Yoast SEO plugin. -->","yoast_head_json":{"title":"Pastor Bruno: \u201cChega de \u00f3dio! Chega de separa\u00e7\u00e3o! \u00c9 tempo de amarmos\u201d - Not\u00edcias - Franciscanos","robots":{"index":"index","follow":"follow","max-snippet":"max-snippet:-1","max-image-preview":"max-image-preview:large","max-video-preview":"max-video-preview:-1"},"canonical":"https:\/\/franciscanos.org.br\/noticias\/pastor-bruno-chega-de-odio-chega-de-separacao-e-tempo-de-amarmos.html","og_locale":"pt_BR","og_type":"article","og_title":"Pastor Bruno: \u201cChega de \u00f3dio! Chega de separa\u00e7\u00e3o! \u00c9 tempo de amarmos\u201d - Not\u00edcias - Franciscanos","og_description":"Semana de Ora\u00e7\u00e3o pela Unidade Crist\u00e3 2021","og_url":"https:\/\/franciscanos.org.br\/noticias\/pastor-bruno-chega-de-odio-chega-de-separacao-e-tempo-de-amarmos.html","og_site_name":"Not\u00edcias - Franciscanos","article_published_time":"2021-05-19T19:10:19+00:00","article_modified_time":"2023-01-09T14:08:38+00:00","og_image":[{"width":800,"height":550,"url":"https:\/\/franciscanos.org.br\/noticias\/wp-content\/uploads\/2021\/05\/penha_19d.jpg","type":"image\/jpeg"}],"author":"moacir","twitter_card":"summary_large_image","twitter_misc":{"Escrito por":"moacir","Est. tempo de leitura":"2 minutos"},"schema":{"@context":"https:\/\/schema.org","@graph":[{"@type":"WebSite","@id":"https:\/\/franciscanos.org.br\/noticias\/#website","url":"https:\/\/franciscanos.org.br\/noticias\/","name":"Not\u00edcias - Franciscanos","description":"Prov\u00edncia Franciscana da Imaculada Concei\u00e7\u00e3o do Brasil - Ordem dos Frades Menores - OFM","potentialAction":[{"@type":"SearchAction","target":{"@type":"EntryPoint","urlTemplate":"https:\/\/franciscanos.org.br\/noticias\/?s={search_term_string}"},"query-input":"required name=search_term_string"}],"inLanguage":"pt-BR"},{"@type":"ImageObject","inLanguage":"pt-BR","@id":"https:\/\/franciscanos.org.br\/noticias\/pastor-bruno-chega-de-odio-chega-de-separacao-e-tempo-de-amarmos.html#primaryimage","url":"https:\/\/franciscanos.org.br\/noticias\/wp-content\/uploads\/2021\/05\/penha_19d.jpg","contentUrl":"https:\/\/franciscanos.org.br\/noticias\/wp-content\/uploads\/2021\/05\/penha_19d.jpg","width":800,"height":550},{"@type":"WebPage","@id":"https:\/\/franciscanos.org.br\/noticias\/pastor-bruno-chega-de-odio-chega-de-separacao-e-tempo-de-amarmos.html#webpage","url":"https:\/\/franciscanos.org.br\/noticias\/pastor-bruno-chega-de-odio-chega-de-separacao-e-tempo-de-amarmos.html","name":"Pastor Bruno: \u201cChega de \u00f3dio! Chega de separa\u00e7\u00e3o! \u00c9 tempo de amarmos\u201d - Not\u00edcias - Franciscanos","isPartOf":{"@id":"https:\/\/franciscanos.org.br\/noticias\/#website"},"primaryImageOfPage":{"@id":"https:\/\/franciscanos.org.br\/noticias\/pastor-bruno-chega-de-odio-chega-de-separacao-e-tempo-de-amarmos.html#primaryimage"},"datePublished":"2021-05-19T19:10:19+00:00","dateModified":"2023-01-09T14:08:38+00:00","author":{"@id":"https:\/\/franciscanos.org.br\/noticias\/#\/schema\/person\/b5c8cba458c330ccff548b056e95a5d4"},"breadcrumb":{"@id":"https:\/\/franciscanos.org.br\/noticias\/pastor-bruno-chega-de-odio-chega-de-separacao-e-tempo-de-amarmos.html#breadcrumb"},"inLanguage":"pt-BR","potentialAction":[{"@type":"ReadAction","target":["https:\/\/franciscanos.org.br\/noticias\/pastor-bruno-chega-de-odio-chega-de-separacao-e-tempo-de-amarmos.html"]}]},{"@type":"BreadcrumbList","@id":"https:\/\/franciscanos.org.br\/noticias\/pastor-bruno-chega-de-odio-chega-de-separacao-e-tempo-de-amarmos.html#breadcrumb","itemListElement":[{"@type":"ListItem","position":1,"name":"Home","item":"https:\/\/franciscanos.org.br\/noticias"},{"@type":"ListItem","position":2,"name":"Pastor Bruno: \u201cChega de \u00f3dio! Chega de separa\u00e7\u00e3o! \u00c9 tempo de amarmos\u201d"}]},{"@type":"Person","@id":"https:\/\/franciscanos.org.br\/noticias\/#\/schema\/person\/b5c8cba458c330ccff548b056e95a5d4","name":"moacir","image":{"@type":"ImageObject","inLanguage":"pt-BR","@id":"https:\/\/franciscanos.org.br\/noticias\/#\/schema\/person\/image\/","url":"https:\/\/secure.gravatar.com\/avatar\/d08aa2ce4c8dd416d4479aa8536fcf64?s=96&d=mm&r=g","contentUrl":"https:\/\/secure.gravatar.com\/avatar\/d08aa2ce4c8dd416d4479aa8536fcf64?s=96&d=mm&r=g","caption":"moacir"},"url":"https:\/\/franciscanos.org.br\/noticias\/author\/moacir"}]}},"_links":{"self":[{"href":"https:\/\/franciscanos.org.br\/noticias\/wp-json\/wp\/v2\/posts\/232062"}],"collection":[{"href":"https:\/\/franciscanos.org.br\/noticias\/wp-json\/wp\/v2\/posts"}],"about":[{"href":"https:\/\/franciscanos.org.br\/noticias\/wp-json\/wp\/v2\/types\/post"}],"author":[{"embeddable":true,"href":"https:\/\/franciscanos.org.br\/noticias\/wp-json\/wp\/v2\/users\/3"}],"replies":[{"embeddable":true,"href":"https:\/\/franciscanos.org.br\/noticias\/wp-json\/wp\/v2\/comments?post=232062"}],"version-history":[{"count":1,"href":"https:\/\/franciscanos.org.br\/noticias\/wp-json\/wp\/v2\/posts\/232062\/revisions"}],"predecessor-version":[{"id":232065,"href":"https:\/\/franciscanos.org.br\/noticias\/wp-json\/wp\/v2\/posts\/232062\/revisions\/232065"}],"wp:featuredmedia":[{"embeddable":true,"href":"https:\/\/franciscanos.org.br\/noticias\/wp-json\/wp\/v2\/media\/232064"}],"wp:attachment":[{"href":"https:\/\/franciscanos.org.br\/noticias\/wp-json\/wp\/v2\/media?parent=232062"}],"wp:term":[{"taxonomy":"category","embeddable":true,"href":"https:\/\/franciscanos.org.br\/noticias\/wp-json\/wp\/v2\/categories?post=232062"},{"taxonomy":"post_tag","embeddable":true,"href":"https:\/\/franciscanos.org.br\/noticias\/wp-json\/wp\/v2\/tags?post=232062"}],"curies":[{"name":"wp","href":"https:\/\/api.w.org\/{rel}","templated":true}]}}