{"id":232042,"date":"2021-05-18T13:45:11","date_gmt":"2021-05-18T16:45:11","guid":{"rendered":"https:\/\/franciscanos.org.br\/noticias\/?p=232042"},"modified":"2023-01-09T11:08:21","modified_gmt":"2023-01-09T14:08:21","slug":"pastor-stefan-prega-no-convento-da-penha-somos-encorajados-a-vencer-as-perseguicoes","status":"publish","type":"post","link":"https:\/\/franciscanos.org.br\/noticias\/pastor-stefan-prega-no-convento-da-penha-somos-encorajados-a-vencer-as-perseguicoes.html","title":{"rendered":"Pastor Stefan prega no Convento da Penha: \u201cSomos encorajados a vencer as persegui\u00e7\u00f5es\u201d"},"content":{"rendered":"<p><img loading=\"lazy\" class=\"alignnone wp-image-232043 size-full\" src=\"https:\/\/franciscanos.org.br\/noticias\/wp-content\/uploads\/2021\/05\/penha_18.jpg\" alt=\"\" width=\"1280\" height=\"720\" srcset=\"https:\/\/franciscanos.org.br\/noticias\/wp-content\/uploads\/2021\/05\/penha_18.jpg 1280w, https:\/\/franciscanos.org.br\/noticias\/wp-content\/uploads\/2021\/05\/penha_18-450x253.jpg 450w, https:\/\/franciscanos.org.br\/noticias\/wp-content\/uploads\/2021\/05\/penha_18-1024x576.jpg 1024w, https:\/\/franciscanos.org.br\/noticias\/wp-content\/uploads\/2021\/05\/penha_18-768x432.jpg 768w, https:\/\/franciscanos.org.br\/noticias\/wp-content\/uploads\/2021\/05\/penha_18-150x84.jpg 150w\" sizes=\"(max-width: 1280px) 100vw, 1280px\" \/><\/p>\n<p><strong>Vila Velha (ES) &#8211;<\/strong> Pelo segundo ano consecutivo, o Convento da Penha recebe representantes religiosos das Igrejas que fazem parte do Conselho Nacional de Igrejas Crist\u00e3s (CONIC), para celebra\u00e7\u00f5es da Semana de Ora\u00e7\u00e3o pela Unidade Crist\u00e3 (SOUC). Por conta da pandemia e da necessidade de restri\u00e7\u00f5es \u00e0 participa\u00e7\u00e3o presencial dos fi\u00e9is, a programa\u00e7\u00e3o ser\u00e1 on-line at\u00e9 domingo, quando se celebra a Solenidade de Pentecostes.<\/p>\n<p>A SOUC 2021 teve in\u00edcio no fim de semana com a Celebra\u00e7\u00e3o de um Culto Ecum\u00eanico de abertura, realizado na Igreja Evang\u00e9lica de Confiss\u00e3o Luterana no Brasil, do Bairro Alvorada, em Vila Velha-ES, com presen\u00e7a de l\u00edderes das igrejas irm\u00e3s. Nesta segunda (17), a Fraternidade Franciscana acolheu o Pastor Luterano Stefan Ruy Krambeck. Ele participou da Missa na Capela do Convento da Penha, presidida pelo Frei Pedro de Oliveira Rodrigues, representante do CONIC no Estado do Esp\u00edrito Santo.<\/p>\n<p>O pastor falou da alegria de estar celebrando com os irm\u00e3os crist\u00e3os no Santu\u00e1rio. Na homilia, refletiu sobre um trecho b\u00edblico do Apocalipse de S\u00e3o Jo\u00e3o (Apocalipse 7, 9-17), dizendo que, no tempo das primeiras comunidades, os crist\u00e3os sofriam persegui\u00e7\u00e3o, e que nos nossos dias &#8220;tamb\u00e9m somos perseguidos&#8221;. \u201cCada uma das nossas denomina\u00e7\u00f5es tem em seu seio diverg\u00eancias fortes, manifesta\u00e7\u00f5es de \u00f3dio s\u00e3o colocadas em redes sociais, agress\u00f5es supostamente em nome da f\u00e9, ainda por cima feitas em m\u00eddias e disseminadas com potencial destrutivo e autodestrutivo. Tal qual os crist\u00e3os que resistiram \u00e0s hostiliza\u00e7\u00f5es, a quem Jo\u00e3o escreveu essas revela\u00e7\u00f5es de Apocalipse para encoraj\u00e1-los, n\u00f3s tamb\u00e9m precisamos ser encorajados pelo Esp\u00edrito do Senhor e mantermos nossa compreens\u00e3o firme de que \u00e9 nosso papel cuidar e zelar dessa m\u00faltipla e bela cria\u00e7\u00e3o de Deus, para que os povos, as culturas, convivam perfeitamente em harmonia\u201d, disse.<\/p>\n<p>Pastor Stefan convocou uma unidade entre as diferentes confiss\u00f5es de f\u00e9, especialmente para produzirmos frutos, como nos sugere o texto base da Semana de Ora\u00e7\u00e3o. Segundo ele, ainda que pensemos diferente, as Sagradas Escrituras nos apontam um caminho de unidade. \u201cO texto de hoje tem por inten\u00e7\u00e3o falar da unidade de todos os povos e de toda a cria\u00e7\u00e3o. Nessa vis\u00e3o consoladora de Deus em Apocalipse, todas as pessoas, indistintamente, est\u00e3o na presen\u00e7a de Deus, est\u00e3o sendo consoladas, amparadas por Ele. N\u00f3s tamb\u00e9m cremos desta forma que n\u00e3o \u00e9 o desejo do Senhor destruir essa bela cria\u00e7\u00e3o, que Ele mesmo reafirmara que tudo que havia sido feito fora muito bom. Tantas d\u00e9cadas de movimento ecum\u00eanico e pequenas compreens\u00f5es diferentes a respeito de alguns assuntos teol\u00f3gicos j\u00e1 s\u00e3o motivos para divis\u00e3o, para hostiliza\u00e7\u00e3o. Uma Igreja dividida \u00e9 uma Igreja enfraquecida. Que nos lembremos de Apocalipse: Deus deseja habitar em nosso meio, Deus deseja saciar a fome dos seus. Deus deseja que a justi\u00e7a prevale\u00e7a, n\u00e3o para alguns, para todos!\u201d, finalizou.<\/p>\n<hr \/>\n<p><em>Fonte: site do Convento da Penha<\/em> &#8211; <a href=\"https:\/\/conventodapenha.org.br\/\">https:\/\/conventodapenha.org.br\/<\/a><\/p>\n","protected":false},"excerpt":{"rendered":"<p>Semana de Ora\u00e7\u00e3o pela Unidade Crist\u00e3 (SOUC)<\/p>\n","protected":false},"author":3,"featured_media":232044,"comment_status":"open","ping_status":"open","sticky":false,"template":"","format":"standard","meta":[],"categories":[1],"tags":[248,1208],"acf":[],"yoast_head":"<!-- This site is optimized with the Yoast SEO plugin v19.2 - https:\/\/yoast.com\/wordpress\/plugins\/seo\/ -->\n<title>Pastor Stefan prega no Convento da Penha: \u201cSomos encorajados a vencer as persegui\u00e7\u00f5es\u201d - Not\u00edcias - Franciscanos<\/title>\n<meta name=\"robots\" content=\"index, follow, max-snippet:-1, max-image-preview:large, max-video-preview:-1\" \/>\n<link rel=\"canonical\" href=\"https:\/\/franciscanos.org.br\/noticias\/pastor-stefan-prega-no-convento-da-penha-somos-encorajados-a-vencer-as-perseguicoes.html\" \/>\n<meta property=\"og:locale\" content=\"pt_BR\" \/>\n<meta property=\"og:type\" content=\"article\" \/>\n<meta property=\"og:title\" content=\"Pastor Stefan prega no Convento da Penha: \u201cSomos encorajados a vencer as persegui\u00e7\u00f5es\u201d - Not\u00edcias - Franciscanos\" \/>\n<meta property=\"og:description\" content=\"Semana de Ora\u00e7\u00e3o pela Unidade Crist\u00e3 (SOUC)\" \/>\n<meta property=\"og:url\" content=\"https:\/\/franciscanos.org.br\/noticias\/pastor-stefan-prega-no-convento-da-penha-somos-encorajados-a-vencer-as-perseguicoes.html\" \/>\n<meta property=\"og:site_name\" content=\"Not\u00edcias - Franciscanos\" \/>\n<meta property=\"article:published_time\" content=\"2021-05-18T16:45:11+00:00\" \/>\n<meta property=\"article:modified_time\" content=\"2023-01-09T14:08:21+00:00\" \/>\n<meta property=\"og:image\" content=\"https:\/\/franciscanos.org.br\/noticias\/wp-content\/uploads\/2021\/05\/penha_18d.jpg\" \/>\n\t<meta property=\"og:image:width\" content=\"800\" \/>\n\t<meta property=\"og:image:height\" content=\"550\" \/>\n\t<meta property=\"og:image:type\" content=\"image\/jpeg\" \/>\n<meta name=\"author\" content=\"moacir\" \/>\n<meta name=\"twitter:card\" content=\"summary_large_image\" \/>\n<meta name=\"twitter:label1\" content=\"Escrito por\" \/>\n\t<meta name=\"twitter:data1\" content=\"moacir\" \/>\n\t<meta name=\"twitter:label2\" content=\"Est. tempo de leitura\" \/>\n\t<meta name=\"twitter:data2\" content=\"3 minutos\" \/>\n<script type=\"application\/ld+json\" class=\"yoast-schema-graph\">{\"@context\":\"https:\/\/schema.org\",\"@graph\":[{\"@type\":\"WebSite\",\"@id\":\"https:\/\/franciscanos.org.br\/noticias\/#website\",\"url\":\"https:\/\/franciscanos.org.br\/noticias\/\",\"name\":\"Not\u00edcias - Franciscanos\",\"description\":\"Prov\u00edncia Franciscana da Imaculada Concei\u00e7\u00e3o do Brasil - Ordem dos Frades Menores - OFM\",\"potentialAction\":[{\"@type\":\"SearchAction\",\"target\":{\"@type\":\"EntryPoint\",\"urlTemplate\":\"https:\/\/franciscanos.org.br\/noticias\/?s={search_term_string}\"},\"query-input\":\"required name=search_term_string\"}],\"inLanguage\":\"pt-BR\"},{\"@type\":\"ImageObject\",\"inLanguage\":\"pt-BR\",\"@id\":\"https:\/\/franciscanos.org.br\/noticias\/pastor-stefan-prega-no-convento-da-penha-somos-encorajados-a-vencer-as-perseguicoes.html#primaryimage\",\"url\":\"https:\/\/franciscanos.org.br\/noticias\/wp-content\/uploads\/2021\/05\/penha_18d.jpg\",\"contentUrl\":\"https:\/\/franciscanos.org.br\/noticias\/wp-content\/uploads\/2021\/05\/penha_18d.jpg\",\"width\":800,\"height\":550},{\"@type\":\"WebPage\",\"@id\":\"https:\/\/franciscanos.org.br\/noticias\/pastor-stefan-prega-no-convento-da-penha-somos-encorajados-a-vencer-as-perseguicoes.html#webpage\",\"url\":\"https:\/\/franciscanos.org.br\/noticias\/pastor-stefan-prega-no-convento-da-penha-somos-encorajados-a-vencer-as-perseguicoes.html\",\"name\":\"Pastor Stefan prega no Convento da Penha: \u201cSomos encorajados a vencer as persegui\u00e7\u00f5es\u201d - Not\u00edcias - Franciscanos\",\"isPartOf\":{\"@id\":\"https:\/\/franciscanos.org.br\/noticias\/#website\"},\"primaryImageOfPage\":{\"@id\":\"https:\/\/franciscanos.org.br\/noticias\/pastor-stefan-prega-no-convento-da-penha-somos-encorajados-a-vencer-as-perseguicoes.html#primaryimage\"},\"datePublished\":\"2021-05-18T16:45:11+00:00\",\"dateModified\":\"2023-01-09T14:08:21+00:00\",\"author\":{\"@id\":\"https:\/\/franciscanos.org.br\/noticias\/#\/schema\/person\/b5c8cba458c330ccff548b056e95a5d4\"},\"breadcrumb\":{\"@id\":\"https:\/\/franciscanos.org.br\/noticias\/pastor-stefan-prega-no-convento-da-penha-somos-encorajados-a-vencer-as-perseguicoes.html#breadcrumb\"},\"inLanguage\":\"pt-BR\",\"potentialAction\":[{\"@type\":\"ReadAction\",\"target\":[\"https:\/\/franciscanos.org.br\/noticias\/pastor-stefan-prega-no-convento-da-penha-somos-encorajados-a-vencer-as-perseguicoes.html\"]}]},{\"@type\":\"BreadcrumbList\",\"@id\":\"https:\/\/franciscanos.org.br\/noticias\/pastor-stefan-prega-no-convento-da-penha-somos-encorajados-a-vencer-as-perseguicoes.html#breadcrumb\",\"itemListElement\":[{\"@type\":\"ListItem\",\"position\":1,\"name\":\"Home\",\"item\":\"https:\/\/franciscanos.org.br\/noticias\"},{\"@type\":\"ListItem\",\"position\":2,\"name\":\"Pastor Stefan prega no Convento da Penha: \u201cSomos encorajados a vencer as persegui\u00e7\u00f5es\u201d\"}]},{\"@type\":\"Person\",\"@id\":\"https:\/\/franciscanos.org.br\/noticias\/#\/schema\/person\/b5c8cba458c330ccff548b056e95a5d4\",\"name\":\"moacir\",\"image\":{\"@type\":\"ImageObject\",\"inLanguage\":\"pt-BR\",\"@id\":\"https:\/\/franciscanos.org.br\/noticias\/#\/schema\/person\/image\/\",\"url\":\"https:\/\/secure.gravatar.com\/avatar\/d08aa2ce4c8dd416d4479aa8536fcf64?s=96&d=mm&r=g\",\"contentUrl\":\"https:\/\/secure.gravatar.com\/avatar\/d08aa2ce4c8dd416d4479aa8536fcf64?s=96&d=mm&r=g\",\"caption\":\"moacir\"},\"url\":\"https:\/\/franciscanos.org.br\/noticias\/author\/moacir\"}]}<\/script>\n<!-- \/ Yoast SEO plugin. -->","yoast_head_json":{"title":"Pastor Stefan prega no Convento da Penha: \u201cSomos encorajados a vencer as persegui\u00e7\u00f5es\u201d - Not\u00edcias - Franciscanos","robots":{"index":"index","follow":"follow","max-snippet":"max-snippet:-1","max-image-preview":"max-image-preview:large","max-video-preview":"max-video-preview:-1"},"canonical":"https:\/\/franciscanos.org.br\/noticias\/pastor-stefan-prega-no-convento-da-penha-somos-encorajados-a-vencer-as-perseguicoes.html","og_locale":"pt_BR","og_type":"article","og_title":"Pastor Stefan prega no Convento da Penha: \u201cSomos encorajados a vencer as persegui\u00e7\u00f5es\u201d - Not\u00edcias - Franciscanos","og_description":"Semana de Ora\u00e7\u00e3o pela Unidade Crist\u00e3 (SOUC)","og_url":"https:\/\/franciscanos.org.br\/noticias\/pastor-stefan-prega-no-convento-da-penha-somos-encorajados-a-vencer-as-perseguicoes.html","og_site_name":"Not\u00edcias - Franciscanos","article_published_time":"2021-05-18T16:45:11+00:00","article_modified_time":"2023-01-09T14:08:21+00:00","og_image":[{"width":800,"height":550,"url":"https:\/\/franciscanos.org.br\/noticias\/wp-content\/uploads\/2021\/05\/penha_18d.jpg","type":"image\/jpeg"}],"author":"moacir","twitter_card":"summary_large_image","twitter_misc":{"Escrito por":"moacir","Est. tempo de leitura":"3 minutos"},"schema":{"@context":"https:\/\/schema.org","@graph":[{"@type":"WebSite","@id":"https:\/\/franciscanos.org.br\/noticias\/#website","url":"https:\/\/franciscanos.org.br\/noticias\/","name":"Not\u00edcias - Franciscanos","description":"Prov\u00edncia Franciscana da Imaculada Concei\u00e7\u00e3o do Brasil - Ordem dos Frades Menores - OFM","potentialAction":[{"@type":"SearchAction","target":{"@type":"EntryPoint","urlTemplate":"https:\/\/franciscanos.org.br\/noticias\/?s={search_term_string}"},"query-input":"required name=search_term_string"}],"inLanguage":"pt-BR"},{"@type":"ImageObject","inLanguage":"pt-BR","@id":"https:\/\/franciscanos.org.br\/noticias\/pastor-stefan-prega-no-convento-da-penha-somos-encorajados-a-vencer-as-perseguicoes.html#primaryimage","url":"https:\/\/franciscanos.org.br\/noticias\/wp-content\/uploads\/2021\/05\/penha_18d.jpg","contentUrl":"https:\/\/franciscanos.org.br\/noticias\/wp-content\/uploads\/2021\/05\/penha_18d.jpg","width":800,"height":550},{"@type":"WebPage","@id":"https:\/\/franciscanos.org.br\/noticias\/pastor-stefan-prega-no-convento-da-penha-somos-encorajados-a-vencer-as-perseguicoes.html#webpage","url":"https:\/\/franciscanos.org.br\/noticias\/pastor-stefan-prega-no-convento-da-penha-somos-encorajados-a-vencer-as-perseguicoes.html","name":"Pastor Stefan prega no Convento da Penha: \u201cSomos encorajados a vencer as persegui\u00e7\u00f5es\u201d - Not\u00edcias - Franciscanos","isPartOf":{"@id":"https:\/\/franciscanos.org.br\/noticias\/#website"},"primaryImageOfPage":{"@id":"https:\/\/franciscanos.org.br\/noticias\/pastor-stefan-prega-no-convento-da-penha-somos-encorajados-a-vencer-as-perseguicoes.html#primaryimage"},"datePublished":"2021-05-18T16:45:11+00:00","dateModified":"2023-01-09T14:08:21+00:00","author":{"@id":"https:\/\/franciscanos.org.br\/noticias\/#\/schema\/person\/b5c8cba458c330ccff548b056e95a5d4"},"breadcrumb":{"@id":"https:\/\/franciscanos.org.br\/noticias\/pastor-stefan-prega-no-convento-da-penha-somos-encorajados-a-vencer-as-perseguicoes.html#breadcrumb"},"inLanguage":"pt-BR","potentialAction":[{"@type":"ReadAction","target":["https:\/\/franciscanos.org.br\/noticias\/pastor-stefan-prega-no-convento-da-penha-somos-encorajados-a-vencer-as-perseguicoes.html"]}]},{"@type":"BreadcrumbList","@id":"https:\/\/franciscanos.org.br\/noticias\/pastor-stefan-prega-no-convento-da-penha-somos-encorajados-a-vencer-as-perseguicoes.html#breadcrumb","itemListElement":[{"@type":"ListItem","position":1,"name":"Home","item":"https:\/\/franciscanos.org.br\/noticias"},{"@type":"ListItem","position":2,"name":"Pastor Stefan prega no Convento da Penha: \u201cSomos encorajados a vencer as persegui\u00e7\u00f5es\u201d"}]},{"@type":"Person","@id":"https:\/\/franciscanos.org.br\/noticias\/#\/schema\/person\/b5c8cba458c330ccff548b056e95a5d4","name":"moacir","image":{"@type":"ImageObject","inLanguage":"pt-BR","@id":"https:\/\/franciscanos.org.br\/noticias\/#\/schema\/person\/image\/","url":"https:\/\/secure.gravatar.com\/avatar\/d08aa2ce4c8dd416d4479aa8536fcf64?s=96&d=mm&r=g","contentUrl":"https:\/\/secure.gravatar.com\/avatar\/d08aa2ce4c8dd416d4479aa8536fcf64?s=96&d=mm&r=g","caption":"moacir"},"url":"https:\/\/franciscanos.org.br\/noticias\/author\/moacir"}]}},"_links":{"self":[{"href":"https:\/\/franciscanos.org.br\/noticias\/wp-json\/wp\/v2\/posts\/232042"}],"collection":[{"href":"https:\/\/franciscanos.org.br\/noticias\/wp-json\/wp\/v2\/posts"}],"about":[{"href":"https:\/\/franciscanos.org.br\/noticias\/wp-json\/wp\/v2\/types\/post"}],"author":[{"embeddable":true,"href":"https:\/\/franciscanos.org.br\/noticias\/wp-json\/wp\/v2\/users\/3"}],"replies":[{"embeddable":true,"href":"https:\/\/franciscanos.org.br\/noticias\/wp-json\/wp\/v2\/comments?post=232042"}],"version-history":[{"count":1,"href":"https:\/\/franciscanos.org.br\/noticias\/wp-json\/wp\/v2\/posts\/232042\/revisions"}],"predecessor-version":[{"id":232045,"href":"https:\/\/franciscanos.org.br\/noticias\/wp-json\/wp\/v2\/posts\/232042\/revisions\/232045"}],"wp:featuredmedia":[{"embeddable":true,"href":"https:\/\/franciscanos.org.br\/noticias\/wp-json\/wp\/v2\/media\/232044"}],"wp:attachment":[{"href":"https:\/\/franciscanos.org.br\/noticias\/wp-json\/wp\/v2\/media?parent=232042"}],"wp:term":[{"taxonomy":"category","embeddable":true,"href":"https:\/\/franciscanos.org.br\/noticias\/wp-json\/wp\/v2\/categories?post=232042"},{"taxonomy":"post_tag","embeddable":true,"href":"https:\/\/franciscanos.org.br\/noticias\/wp-json\/wp\/v2\/tags?post=232042"}],"curies":[{"name":"wp","href":"https:\/\/api.w.org\/{rel}","templated":true}]}}