{"id":232021,"date":"2021-05-15T09:59:07","date_gmt":"2021-05-15T12:59:07","guid":{"rendered":"https:\/\/franciscanos.org.br\/noticias\/?p=232021"},"modified":"2021-05-15T09:59:07","modified_gmt":"2021-05-15T12:59:07","slug":"pontificias-obras-missionarias-pom-lancam-site-da-campanha-missionaria-2021","status":"publish","type":"post","link":"https:\/\/franciscanos.org.br\/noticias\/pontificias-obras-missionarias-pom-lancam-site-da-campanha-missionaria-2021.html","title":{"rendered":"Pontif\u00edcias Obras Mission\u00e1rias (POM) lan\u00e7am site da Campanha Mission\u00e1ria 2021"},"content":{"rendered":"<section class=\"elementor-section elementor-top-section elementor-element elementor-element-63e64f4 elementor-section-boxed elementor-section-height-default elementor-section-height-default\" data-id=\"63e64f4\" data-element_type=\"section\">\n<div class=\"elementor-container elementor-column-gap-default\">\n<div class=\"elementor-row\">\n<div class=\"elementor-column elementor-col-100 elementor-top-column elementor-element elementor-element-60007b31\" data-id=\"60007b31\" data-element_type=\"column\">\n<div class=\"elementor-column-wrap elementor-element-populated\">\n<div class=\"elementor-widget-wrap\">\n<section class=\"elementor-section elementor-inner-section elementor-element elementor-element-7e55c3b elementor-section-boxed elementor-section-height-default elementor-section-height-default\" data-id=\"7e55c3b\" data-element_type=\"section\">\n<div class=\"elementor-container elementor-column-gap-default\">\n<div class=\"elementor-row\">\n<div class=\"elementor-column elementor-col-50 elementor-inner-column elementor-element elementor-element-f2b1fed\" data-id=\"f2b1fed\" data-element_type=\"column\">\n<div class=\"elementor-column-wrap elementor-element-populated\">\n<div class=\"elementor-widget-wrap\">\n<div class=\"elementor-element elementor-element-19d7f321 elementor-widget elementor-widget-heading\" data-id=\"19d7f321\" data-element_type=\"widget\" data-widget_type=\"heading.default\">\n<div class=\"elementor-widget-container\"><\/div>\n<\/div>\n<\/div>\n<\/div>\n<\/div>\n<\/div>\n<\/div>\n<\/section>\n<section class=\"elementor-section elementor-inner-section elementor-element elementor-element-6391dca5 elementor-section-boxed elementor-section-height-default elementor-section-height-default\" data-id=\"6391dca5\" data-element_type=\"section\">\n<div class=\"elementor-container elementor-column-gap-no\">\n<div class=\"elementor-row\">\n<div class=\"elementor-column elementor-col-33 elementor-inner-column elementor-element elementor-element-578fe2b1\" data-id=\"578fe2b1\" data-element_type=\"column\">\n<div class=\"elementor-column-wrap elementor-element-populated\">\n<div class=\"elementor-widget-wrap\">\n<div class=\"elementor-element elementor-element-2b1a18bf elementor-share-buttons--view-icon elementor-share-buttons--skin-minimal elementor-share-buttons--shape-rounded elementor-share-buttons--align-right elementor-share-buttons--color-custom elementor-share-buttons-mobile--align-center elementor-grid-0 elementor-widget elementor-widget-share-buttons\" data-id=\"2b1a18bf\" data-element_type=\"widget\" data-widget_type=\"share-buttons.default\">\n<div class=\"elementor-widget-container\">\n<div class=\"elementor-grid\">\n<div class=\"elementor-grid-item\">\n<div class=\"elementor-share-btn elementor-share-btn_whatsapp\"><\/div>\n<\/div>\n<\/div>\n<\/div>\n<\/div>\n<\/div>\n<\/div>\n<\/div>\n<\/div>\n<\/div>\n<\/section>\n<\/div>\n<\/div>\n<\/div>\n<\/div>\n<\/div>\n<\/section>\n<section class=\"elementor-section elementor-top-section elementor-element elementor-element-254fd40d elementor-section-stretched elementor-section-full_width elementor-section-height-default elementor-section-height-default\" data-id=\"254fd40d\" data-element_type=\"section\" data-settings=\"{&quot;stretch_section&quot;:&quot;section-stretched&quot;}\">\n<div class=\"elementor-container elementor-column-gap-default\">\n<div class=\"elementor-row\">\n<div class=\"elementor-column elementor-col-100 elementor-top-column elementor-element elementor-element-25e9ab4e\" data-id=\"25e9ab4e\" data-element_type=\"column\">\n<div class=\"elementor-column-wrap elementor-element-populated\">\n<div class=\"elementor-widget-wrap\">\n<section class=\"elementor-section elementor-inner-section elementor-element elementor-element-4118c185 elementor-section-boxed elementor-section-height-default elementor-section-height-default\" data-id=\"4118c185\" data-element_type=\"section\">\n<div class=\"elementor-container elementor-column-gap-default\">\n<div class=\"elementor-row\">\n<div class=\"elementor-column elementor-col-50 elementor-inner-column elementor-element elementor-element-798e2db8\" data-id=\"798e2db8\" data-element_type=\"column\">\n<div class=\"elementor-column-wrap elementor-element-populated\">\n<div class=\"elementor-widget-wrap\">\n<div id=\"ImagagemDestacada\" class=\"elementor-element elementor-element-1fe4726 elementor-widget elementor-widget-theme-post-featured-image elementor-widget-image\" data-id=\"1fe4726\" data-element_type=\"widget\" data-widget_type=\"theme-post-featured-image.default\">\n<div class=\"elementor-widget-container\">\n<div class=\"elementor-image\"><img loading=\"lazy\" class=\"attachment-full size-full lazyloaded\" src=\"https:\/\/eadn-wc02-718006.nxedge.io\/cdn\/wp-content\/uploads\/2021\/05\/Camoanha-missionarioa-2021.jpg\" sizes=\"(max-width: 854px) 100vw, 854px\" srcset=\"https:\/\/eadn-wc02-718006.nxedge.io\/cdn\/wp-content\/uploads\/2021\/05\/Camoanha-missionarioa-2021.jpg 854w, https:\/\/eadn-wc02-718006.nxedge.io\/cdn\/wp-content\/uploads\/2021\/05\/Camoanha-missionarioa-2021-300x138.png 300w, https:\/\/eadn-wc02-718006.nxedge.io\/cdn\/wp-content\/uploads\/2021\/05\/Camoanha-missionarioa-2021-768x353.png 768w, https:\/\/eadn-wc02-718006.nxedge.io\/cdn\/wp-content\/uploads\/2021\/05\/Camoanha-missionarioa-2021-500x230.png 500w\" alt=\"\" width=\"854\" height=\"393\" data-ll-status=\"loaded\" \/><\/div>\n<\/div>\n<\/div>\n<div class=\"elementor-element elementor-element-3a087bd2 elementor-widget elementor-widget-theme-post-content\" data-id=\"3a087bd2\" data-element_type=\"widget\" data-widget_type=\"theme-post-content.default\">\n<div class=\"elementor-widget-container\">\n<p>Celebrando a dia da Ascens\u00e3o do Senhor, as Pontif\u00edcias Obras Mission\u00e1rias realizam o lan\u00e7amento do\u00a0<a href=\"https:\/\/www.pom.org.br\/campanha-missionaria-2021\/\" target=\"_blank\" rel=\"noopener noreferrer\">site da Campanha Mission\u00e1ria 2021<\/a>. O site apresenta a nova arte e torna dispon\u00edveis os materiais para a anima\u00e7\u00e3o da Campanha Mission\u00e1ria em todo o Brasil.<\/p>\n<p>As Pontif\u00edcias Obras Mission\u00e1rias (POM) t\u00eam a responsabilidade de organizar a Campanha Mission\u00e1ria, realizada sempre no m\u00eas de outubro desde 1972. Colaboram nesta a\u00e7\u00e3o a Confer\u00eancia Nacional dos Bispos do Brasil (CNBB), por meio da Comiss\u00e3o Episcopal para a A\u00e7\u00e3o Mission\u00e1ria e Coopera\u00e7\u00e3o Intereclesial, e outros organismos que comp\u00f5em o Conselho Mission\u00e1rio Nacional (COMINA).<\/p>\n<p><a title=\"\" href=\"https:\/\/i0.wp.com\/www.pom.org.br\/wp-content\/uploads\/2021\/05\/Arte-Campanha.jpg\" target=\"_blank\" rel=\"noopener noreferrer\" data-rel=\"lightbox-image-0\"><img loading=\"lazy\" class=\"alignright wp-image-20025 lazyloaded\" src=\"https:\/\/i0.wp.com\/www.pom.org.br\/wp-content\/uploads\/2021\/05\/Arte-Campanha-266x300.jpg\" sizes=\"(max-width: 400px) 100vw, 400px\" srcset=\"\/\/i0.wp.com\/www.pom.org.br\/wp-content\/uploads\/2021\/05\/Arte-Campanha-266x300.jpg 266w, \/\/i0.wp.com\/www.pom.org.br\/wp-content\/uploads\/2021\/05\/Arte-Campanha.jpg 524w\" alt=\"\" width=\"400\" height=\"451\" data-ll-status=\"loaded\" \/><\/a>\u201cJesus Cristo \u00e9 miss\u00e3o\u201d \u00e9 o tema escolhido para o m\u00eas mission\u00e1rio, cuja inspira\u00e7\u00e3o b\u00edblica \u00e9 \u201cN\u00e3o podemos deixar de falar sobre o que vimos e ouvimos\u201d (At 4,20). O novo contexto da pandemia que se estende de forma prolongada, evidenciou e ampliou o sofrimento, a solid\u00e3o, a pobreza e as injusti\u00e7as de que tantos j\u00e1 padeciam. Desmascarou nossas falsas seguran\u00e7as e desnudou nossa fragilidade humana.<\/p>\n<p>Como gesto concreto, em todas as Igrejas do mundo, realiza-se nos dias 23 e 24 de outubro a coleta mission\u00e1ria, destinada de forma integral para a miss\u00e3o da compaix\u00e3o. Oitenta por cento dos recursos s\u00e3o enviados \u00e0 Congrega\u00e7\u00e3o para Evangeliza\u00e7\u00e3o dos Povos que faz circular um fundo universal de solidariedade, mantendo 1.050 dioceses nas periferias mais necessitadas do mundo. Os vinte por cento restantes ficam no Brasil e mant\u00e9m os trabalhos das Pontif\u00edcias Obras Mission\u00e1rias, compondo uma rede mundial de ora\u00e7\u00e3o e caridade a servi\u00e7o do Papa e da Miss\u00e3o da Igreja.<\/p>\n<p><strong>Arte da Campanha Mission\u00e1rios 2021<\/strong><\/p>\n<p>A constru\u00e7\u00e3o da arte da Campanha Mission\u00e1ria 2021 seguiu a intui\u00e7\u00e3o da janela que se abre para o mundo e est\u00e1 conectada com a realidade da pandemia em em que vivemos. Dentro da janela apresenta-se a centralidade da pessoa de Jesus na cena da cura do cego de Jeric\u00f3 que grita por compaix\u00e3o. Este \u00e9 o Evangelho do Dia Mundial das Miss\u00f5es (24 de outubro 2021).<\/p>\n<p>Al\u00e9m do tema \u201cJesus Cristo \u00e9 miss\u00e3o\u201d, a arte contempla o lema \u201cN\u00e3o podemos deixar de falar sobre o que vimos e ouvimos\u201d que remete aos mission\u00e1rios da compaix\u00e3o e da esperan\u00e7a, linha de frente diante dos desafios da pandemia. O destaque das imagens valoriza os profissionais de sa\u00fade e a prote\u00e7\u00e3o dos povos origin\u00e1rios, bem como um gesto concreto de solidariedade vivido com a campanha \u201cA Amaz\u00f4nia precisa de voc\u00ea\u201d.<\/p>\n<p><a href=\"https:\/\/www.pom.org.br\/campanha-missionaria-2021\/\" target=\"_blank\" rel=\"noopener noreferrer\">Acesse o novo site da Campanha Mission\u00e1ria 2021<\/a><\/p>\n<\/div>\n<\/div>\n<\/div>\n<\/div>\n<\/div>\n<\/div>\n<\/div>\n<\/section>\n<\/div>\n<\/div>\n<\/div>\n<\/div>\n<\/div>\n<\/section>\n","protected":false},"excerpt":{"rendered":"<p>Campanha Mission\u00e1ria 2021<\/p>\n","protected":false},"author":3,"featured_media":232022,"comment_status":"open","ping_status":"open","sticky":false,"template":"","format":"standard","meta":[],"categories":[1],"tags":[122],"acf":[],"yoast_head":"<!-- This site is optimized with the Yoast SEO plugin v19.2 - https:\/\/yoast.com\/wordpress\/plugins\/seo\/ -->\n<title>Pontif\u00edcias Obras Mission\u00e1rias (POM) lan\u00e7am site da Campanha Mission\u00e1ria 2021 - Not\u00edcias - Franciscanos<\/title>\n<meta name=\"robots\" content=\"index, follow, max-snippet:-1, max-image-preview:large, max-video-preview:-1\" \/>\n<link rel=\"canonical\" href=\"https:\/\/franciscanos.org.br\/noticias\/pontificias-obras-missionarias-pom-lancam-site-da-campanha-missionaria-2021.html\" \/>\n<meta property=\"og:locale\" content=\"pt_BR\" \/>\n<meta property=\"og:type\" content=\"article\" \/>\n<meta property=\"og:title\" content=\"Pontif\u00edcias Obras Mission\u00e1rias (POM) lan\u00e7am site da Campanha Mission\u00e1ria 2021 - Not\u00edcias - Franciscanos\" \/>\n<meta property=\"og:description\" content=\"Campanha Mission\u00e1ria 2021\" \/>\n<meta property=\"og:url\" content=\"https:\/\/franciscanos.org.br\/noticias\/pontificias-obras-missionarias-pom-lancam-site-da-campanha-missionaria-2021.html\" \/>\n<meta property=\"og:site_name\" content=\"Not\u00edcias - Franciscanos\" \/>\n<meta property=\"article:published_time\" content=\"2021-05-15T12:59:07+00:00\" \/>\n<meta property=\"og:image\" content=\"https:\/\/franciscanos.org.br\/noticias\/wp-content\/uploads\/2021\/05\/campanha.jpg\" \/>\n\t<meta property=\"og:image:width\" content=\"800\" \/>\n\t<meta property=\"og:image:height\" content=\"522\" \/>\n\t<meta property=\"og:image:type\" content=\"image\/jpeg\" \/>\n<meta name=\"author\" content=\"moacir\" \/>\n<meta name=\"twitter:card\" content=\"summary_large_image\" \/>\n<meta name=\"twitter:label1\" content=\"Escrito por\" \/>\n\t<meta name=\"twitter:data1\" content=\"moacir\" \/>\n\t<meta name=\"twitter:label2\" content=\"Est. tempo de leitura\" \/>\n\t<meta name=\"twitter:data2\" content=\"2 minutos\" \/>\n<script type=\"application\/ld+json\" class=\"yoast-schema-graph\">{\"@context\":\"https:\/\/schema.org\",\"@graph\":[{\"@type\":\"WebSite\",\"@id\":\"https:\/\/franciscanos.org.br\/noticias\/#website\",\"url\":\"https:\/\/franciscanos.org.br\/noticias\/\",\"name\":\"Not\u00edcias - Franciscanos\",\"description\":\"Prov\u00edncia Franciscana da Imaculada Concei\u00e7\u00e3o do Brasil - Ordem dos Frades Menores - OFM\",\"potentialAction\":[{\"@type\":\"SearchAction\",\"target\":{\"@type\":\"EntryPoint\",\"urlTemplate\":\"https:\/\/franciscanos.org.br\/noticias\/?s={search_term_string}\"},\"query-input\":\"required name=search_term_string\"}],\"inLanguage\":\"pt-BR\"},{\"@type\":\"ImageObject\",\"inLanguage\":\"pt-BR\",\"@id\":\"https:\/\/franciscanos.org.br\/noticias\/pontificias-obras-missionarias-pom-lancam-site-da-campanha-missionaria-2021.html#primaryimage\",\"url\":\"https:\/\/franciscanos.org.br\/noticias\/wp-content\/uploads\/2021\/05\/campanha.jpg\",\"contentUrl\":\"https:\/\/franciscanos.org.br\/noticias\/wp-content\/uploads\/2021\/05\/campanha.jpg\",\"width\":800,\"height\":522},{\"@type\":\"WebPage\",\"@id\":\"https:\/\/franciscanos.org.br\/noticias\/pontificias-obras-missionarias-pom-lancam-site-da-campanha-missionaria-2021.html#webpage\",\"url\":\"https:\/\/franciscanos.org.br\/noticias\/pontificias-obras-missionarias-pom-lancam-site-da-campanha-missionaria-2021.html\",\"name\":\"Pontif\u00edcias Obras Mission\u00e1rias (POM) lan\u00e7am site da Campanha Mission\u00e1ria 2021 - Not\u00edcias - Franciscanos\",\"isPartOf\":{\"@id\":\"https:\/\/franciscanos.org.br\/noticias\/#website\"},\"primaryImageOfPage\":{\"@id\":\"https:\/\/franciscanos.org.br\/noticias\/pontificias-obras-missionarias-pom-lancam-site-da-campanha-missionaria-2021.html#primaryimage\"},\"datePublished\":\"2021-05-15T12:59:07+00:00\",\"dateModified\":\"2021-05-15T12:59:07+00:00\",\"author\":{\"@id\":\"https:\/\/franciscanos.org.br\/noticias\/#\/schema\/person\/b5c8cba458c330ccff548b056e95a5d4\"},\"breadcrumb\":{\"@id\":\"https:\/\/franciscanos.org.br\/noticias\/pontificias-obras-missionarias-pom-lancam-site-da-campanha-missionaria-2021.html#breadcrumb\"},\"inLanguage\":\"pt-BR\",\"potentialAction\":[{\"@type\":\"ReadAction\",\"target\":[\"https:\/\/franciscanos.org.br\/noticias\/pontificias-obras-missionarias-pom-lancam-site-da-campanha-missionaria-2021.html\"]}]},{\"@type\":\"BreadcrumbList\",\"@id\":\"https:\/\/franciscanos.org.br\/noticias\/pontificias-obras-missionarias-pom-lancam-site-da-campanha-missionaria-2021.html#breadcrumb\",\"itemListElement\":[{\"@type\":\"ListItem\",\"position\":1,\"name\":\"Home\",\"item\":\"https:\/\/franciscanos.org.br\/noticias\"},{\"@type\":\"ListItem\",\"position\":2,\"name\":\"Pontif\u00edcias Obras Mission\u00e1rias (POM) lan\u00e7am site da Campanha Mission\u00e1ria 2021\"}]},{\"@type\":\"Person\",\"@id\":\"https:\/\/franciscanos.org.br\/noticias\/#\/schema\/person\/b5c8cba458c330ccff548b056e95a5d4\",\"name\":\"moacir\",\"image\":{\"@type\":\"ImageObject\",\"inLanguage\":\"pt-BR\",\"@id\":\"https:\/\/franciscanos.org.br\/noticias\/#\/schema\/person\/image\/\",\"url\":\"https:\/\/secure.gravatar.com\/avatar\/d08aa2ce4c8dd416d4479aa8536fcf64?s=96&d=mm&r=g\",\"contentUrl\":\"https:\/\/secure.gravatar.com\/avatar\/d08aa2ce4c8dd416d4479aa8536fcf64?s=96&d=mm&r=g\",\"caption\":\"moacir\"},\"url\":\"https:\/\/franciscanos.org.br\/noticias\/author\/moacir\"}]}<\/script>\n<!-- \/ Yoast SEO plugin. -->","yoast_head_json":{"title":"Pontif\u00edcias Obras Mission\u00e1rias (POM) lan\u00e7am site da Campanha Mission\u00e1ria 2021 - Not\u00edcias - Franciscanos","robots":{"index":"index","follow":"follow","max-snippet":"max-snippet:-1","max-image-preview":"max-image-preview:large","max-video-preview":"max-video-preview:-1"},"canonical":"https:\/\/franciscanos.org.br\/noticias\/pontificias-obras-missionarias-pom-lancam-site-da-campanha-missionaria-2021.html","og_locale":"pt_BR","og_type":"article","og_title":"Pontif\u00edcias Obras Mission\u00e1rias (POM) lan\u00e7am site da Campanha Mission\u00e1ria 2021 - Not\u00edcias - Franciscanos","og_description":"Campanha Mission\u00e1ria 2021","og_url":"https:\/\/franciscanos.org.br\/noticias\/pontificias-obras-missionarias-pom-lancam-site-da-campanha-missionaria-2021.html","og_site_name":"Not\u00edcias - Franciscanos","article_published_time":"2021-05-15T12:59:07+00:00","og_image":[{"width":800,"height":522,"url":"https:\/\/franciscanos.org.br\/noticias\/wp-content\/uploads\/2021\/05\/campanha.jpg","type":"image\/jpeg"}],"author":"moacir","twitter_card":"summary_large_image","twitter_misc":{"Escrito por":"moacir","Est. tempo de leitura":"2 minutos"},"schema":{"@context":"https:\/\/schema.org","@graph":[{"@type":"WebSite","@id":"https:\/\/franciscanos.org.br\/noticias\/#website","url":"https:\/\/franciscanos.org.br\/noticias\/","name":"Not\u00edcias - Franciscanos","description":"Prov\u00edncia Franciscana da Imaculada Concei\u00e7\u00e3o do Brasil - Ordem dos Frades Menores - OFM","potentialAction":[{"@type":"SearchAction","target":{"@type":"EntryPoint","urlTemplate":"https:\/\/franciscanos.org.br\/noticias\/?s={search_term_string}"},"query-input":"required name=search_term_string"}],"inLanguage":"pt-BR"},{"@type":"ImageObject","inLanguage":"pt-BR","@id":"https:\/\/franciscanos.org.br\/noticias\/pontificias-obras-missionarias-pom-lancam-site-da-campanha-missionaria-2021.html#primaryimage","url":"https:\/\/franciscanos.org.br\/noticias\/wp-content\/uploads\/2021\/05\/campanha.jpg","contentUrl":"https:\/\/franciscanos.org.br\/noticias\/wp-content\/uploads\/2021\/05\/campanha.jpg","width":800,"height":522},{"@type":"WebPage","@id":"https:\/\/franciscanos.org.br\/noticias\/pontificias-obras-missionarias-pom-lancam-site-da-campanha-missionaria-2021.html#webpage","url":"https:\/\/franciscanos.org.br\/noticias\/pontificias-obras-missionarias-pom-lancam-site-da-campanha-missionaria-2021.html","name":"Pontif\u00edcias Obras Mission\u00e1rias (POM) lan\u00e7am site da Campanha Mission\u00e1ria 2021 - Not\u00edcias - Franciscanos","isPartOf":{"@id":"https:\/\/franciscanos.org.br\/noticias\/#website"},"primaryImageOfPage":{"@id":"https:\/\/franciscanos.org.br\/noticias\/pontificias-obras-missionarias-pom-lancam-site-da-campanha-missionaria-2021.html#primaryimage"},"datePublished":"2021-05-15T12:59:07+00:00","dateModified":"2021-05-15T12:59:07+00:00","author":{"@id":"https:\/\/franciscanos.org.br\/noticias\/#\/schema\/person\/b5c8cba458c330ccff548b056e95a5d4"},"breadcrumb":{"@id":"https:\/\/franciscanos.org.br\/noticias\/pontificias-obras-missionarias-pom-lancam-site-da-campanha-missionaria-2021.html#breadcrumb"},"inLanguage":"pt-BR","potentialAction":[{"@type":"ReadAction","target":["https:\/\/franciscanos.org.br\/noticias\/pontificias-obras-missionarias-pom-lancam-site-da-campanha-missionaria-2021.html"]}]},{"@type":"BreadcrumbList","@id":"https:\/\/franciscanos.org.br\/noticias\/pontificias-obras-missionarias-pom-lancam-site-da-campanha-missionaria-2021.html#breadcrumb","itemListElement":[{"@type":"ListItem","position":1,"name":"Home","item":"https:\/\/franciscanos.org.br\/noticias"},{"@type":"ListItem","position":2,"name":"Pontif\u00edcias Obras Mission\u00e1rias (POM) lan\u00e7am site da Campanha Mission\u00e1ria 2021"}]},{"@type":"Person","@id":"https:\/\/franciscanos.org.br\/noticias\/#\/schema\/person\/b5c8cba458c330ccff548b056e95a5d4","name":"moacir","image":{"@type":"ImageObject","inLanguage":"pt-BR","@id":"https:\/\/franciscanos.org.br\/noticias\/#\/schema\/person\/image\/","url":"https:\/\/secure.gravatar.com\/avatar\/d08aa2ce4c8dd416d4479aa8536fcf64?s=96&d=mm&r=g","contentUrl":"https:\/\/secure.gravatar.com\/avatar\/d08aa2ce4c8dd416d4479aa8536fcf64?s=96&d=mm&r=g","caption":"moacir"},"url":"https:\/\/franciscanos.org.br\/noticias\/author\/moacir"}]}},"_links":{"self":[{"href":"https:\/\/franciscanos.org.br\/noticias\/wp-json\/wp\/v2\/posts\/232021"}],"collection":[{"href":"https:\/\/franciscanos.org.br\/noticias\/wp-json\/wp\/v2\/posts"}],"about":[{"href":"https:\/\/franciscanos.org.br\/noticias\/wp-json\/wp\/v2\/types\/post"}],"author":[{"embeddable":true,"href":"https:\/\/franciscanos.org.br\/noticias\/wp-json\/wp\/v2\/users\/3"}],"replies":[{"embeddable":true,"href":"https:\/\/franciscanos.org.br\/noticias\/wp-json\/wp\/v2\/comments?post=232021"}],"version-history":[{"count":1,"href":"https:\/\/franciscanos.org.br\/noticias\/wp-json\/wp\/v2\/posts\/232021\/revisions"}],"predecessor-version":[{"id":232023,"href":"https:\/\/franciscanos.org.br\/noticias\/wp-json\/wp\/v2\/posts\/232021\/revisions\/232023"}],"wp:featuredmedia":[{"embeddable":true,"href":"https:\/\/franciscanos.org.br\/noticias\/wp-json\/wp\/v2\/media\/232022"}],"wp:attachment":[{"href":"https:\/\/franciscanos.org.br\/noticias\/wp-json\/wp\/v2\/media?parent=232021"}],"wp:term":[{"taxonomy":"category","embeddable":true,"href":"https:\/\/franciscanos.org.br\/noticias\/wp-json\/wp\/v2\/categories?post=232021"},{"taxonomy":"post_tag","embeddable":true,"href":"https:\/\/franciscanos.org.br\/noticias\/wp-json\/wp\/v2\/tags?post=232021"}],"curies":[{"name":"wp","href":"https:\/\/api.w.org\/{rel}","templated":true}]}}