{"id":232013,"date":"2021-05-14T07:27:27","date_gmt":"2021-05-14T10:27:27","guid":{"rendered":"https:\/\/franciscanos.org.br\/noticias\/?p=232013"},"modified":"2021-05-14T07:27:27","modified_gmt":"2021-05-14T10:27:27","slug":"cardeal-tolentino-convida-ao-sonho-por-uma-nova-humanidade-a-partir-da-mensagem-de-fatima","status":"publish","type":"post","link":"https:\/\/franciscanos.org.br\/noticias\/cardeal-tolentino-convida-ao-sonho-por-uma-nova-humanidade-a-partir-da-mensagem-de-fatima.html","title":{"rendered":"Cardeal Tolentino convida ao sonho por uma nova humanidade a partir da mensagem de F\u00e1tima"},"content":{"rendered":"<div class=\"article__subTitle\">\n<div id=\"attachment_232014\" style=\"width: 1290px\" class=\"wp-caption alignnone\"><img aria-describedby=\"caption-attachment-232014\" loading=\"lazy\" class=\"wp-image-232014 size-full\" src=\"https:\/\/franciscanos.org.br\/noticias\/wp-content\/uploads\/2021\/05\/fatima_01.jpg\" alt=\"\" width=\"1280\" height=\"720\" srcset=\"https:\/\/franciscanos.org.br\/noticias\/wp-content\/uploads\/2021\/05\/fatima_01.jpg 1280w, https:\/\/franciscanos.org.br\/noticias\/wp-content\/uploads\/2021\/05\/fatima_01-450x253.jpg 450w, https:\/\/franciscanos.org.br\/noticias\/wp-content\/uploads\/2021\/05\/fatima_01-1024x576.jpg 1024w, https:\/\/franciscanos.org.br\/noticias\/wp-content\/uploads\/2021\/05\/fatima_01-768x432.jpg 768w, https:\/\/franciscanos.org.br\/noticias\/wp-content\/uploads\/2021\/05\/fatima_01-150x84.jpg 150w\" sizes=\"(max-width: 1280px) 100vw, 1280px\" \/><p id=\"caption-attachment-232014\" class=\"wp-caption-text\">\u00a0 \u00a0 \u00a0 \u00a0 \u00a0 \u00a0 \u00a0 \u00a0 \u00a0 \u00a0 \u00a0 \u00a0 \u00a0 \u00a0 \u00a0 \u00a0 \u00a0 \u00a0 \u00a0 \u00a0 \u00a0 \u00a0 \u00a0 \u00a0 \u00a0 \u00a0 \u00a0 \u00a0 \u00a0 \u00a0 \u00a0 \u00a0 \u00a0 \u00a0 \u00a0 \u00a0 \u00a0 \u00a0 \u00a0 \u00a0 \u00a0 \u00a0 \u00a0 \u00a0 \u00a0 \u00a0 \u00a0 \u00a0 \u00a0 \u00a0 \u00a0 \u00a0 \u00a0 \u00a0 \u00a0 \u00a0 \u00a0 \u00a0 \u00a0 \u00a0 \u00a0 \u00a0 \u00a0 \u00a0 \u00a0 \u00a0 \u00a0 \u00a0 \u00a0 \u00a0 \u00a0 \u00a0 \u00a0 \u00a0 \u00a0 \u00a0 \u00a0 \u00a0 \u00a0 \u00a0 \u00a0 \u00a0 \u00a0 \u00a0 \u00a0 \u00a0 \u00a0 \u00a0<em> \u00a0 \u00a0 \u00a0 \u00a0Imagem: Vatican Media<\/em><\/p><\/div>\n<\/div>\n<div class=\"title__separator\"><\/div>\n<div class=\"article__text \">\n<p>O cardeal D. Jos\u00e9 Tolentino de Mendon\u00e7a presidiu em F\u00e1tima nesta quinta-feira, 13 de maio, a Santa Missa por ocasi\u00e3o do anivers\u00e1rio das apari\u00e7\u00f5es da Virgem a Jacinta, Francisco e L\u00facia. \u201cF\u00e1tima ensina como se ilumina um mundo que est\u00e1 \u00e0s escuras. Seja o pequeno mundo do nosso cora\u00e7\u00e3o, seja o cora\u00e7\u00e3o do vasto mundo\u201d disse o purpurado portugu\u00eas. A Peregrina\u00e7\u00e3o Internacional de maio, tem como tema \u201cLouvai o Senhor, que levanta os fracos\u201d.<\/p>\n<p>O texto que segue, \u00e9 do\u00a0<a href=\"https:\/\/www.fatima.pt\/pt\/news\/fatima-e-uma-alavanca-da-nossa-humanidade-um-laboratorio-sem-portas-nem-muros-sempre-aberto-para-a-esperanca\" target=\"_blank\" rel=\"external nofollow noopener noreferrer\">site do Santu\u00e1rio<\/a>.<\/p>\n<p>\u201cObrigado, Senhora, por fazeres deste lugar uma alavanca da nossa\u00a0humanidade. Um laborat\u00f3rio sem portas nem muros, sempre aberto para\u00a0a esperan\u00e7a! Em ti, louvamos o Senhor que nos reergue de todas as\u00a0fraquezas\u201d afirmou o respons\u00e1vel pela Biblioteca e Arquivo da santa S\u00e9.<\/p>\n<p>Diante de um santu\u00e1rio cheio, com a lota\u00e7\u00e3o\u00a0\u00a0m\u00e1xima definida pelas autoridades sanit\u00e1rias- 7.500 peregrinos- e perante milhares de peregrinos que seguiram em direto as celebra\u00e7\u00f5es pelos meios de comunica\u00e7\u00e3o social e digital, D. Jos\u00e9 Tolentino de Mendon\u00e7a refletiu sobre a mensagem de F\u00e1tima\u00a0\u00a0e o sentido da peregrina\u00e7\u00e3o \u00e0 Cova da Iria.<\/p>\n<p>\u201cMuitos olhando \u00e0 superf\u00edcie o santu\u00e1rio, veem apenas a\u00a0dram\u00e1tica express\u00e3o de tantas l\u00e1grimas, demandas e promessas. Mas os\u00a0peregrinos de F\u00e1tima experimentam que \u00e9 muito mais do que isso. Aquilo\u00a0que experimentamos \u00e9 que chegamos aqui inquietos, vazios, divididos,\u00a0irreconciliados ou sedentos, que chegamos aqui aos trambolh\u00f5es como o\u00a0filho pr\u00f3digo, e que Maria realiza em n\u00f3s &#8211; com que miseric\u00f3rdia, com que\u00a0inesquec\u00edvel do\u00e7ura &#8211; o mandato de amor que recebeu de Jesus: \u00abMulher,\u00a0eis a\u00ed o teu filho\u00bb, \u00abeis a\u00ed os teus filhos\u00bb\u201d, frisou o cardeal que tamb\u00e9m chegou a F\u00e1tima, uma vez mais a p\u00e9, acompanhando um grupo de peregrinos pertencentes \u00e0s Equipas de Nossa Senhora de que \u00e9 conselheiro espiritual.<\/p>\n<div>\n<aside class=\"article__readmore\">\n<div class=\"teaser--labelEvidence teaser teaser--type-foto \">\n<article>\n<div class=\"teaser__labelWrapper\">\u00a0\u201cA F\u00e1tima, n\u00f3s peregrinos, chegamos sempre de m\u00e3os vazias. Mas de F\u00e1tima levamos, acordado dentro de n\u00f3s, um sonho. F\u00e1tima ensina, assim, como se ilumina um mundo que est\u00e1 \u00e0s escuras\u201d, reiterou.<\/div>\n<\/article>\n<\/div>\n<\/aside>\n<\/div>\n<p>Nesta segunda homilia que proferiu em F\u00e1tima, no \u00e2mbito da primeira peregrina\u00e7\u00e3o internacional do ano pastoral, o cardeal portugu\u00eas voltou a falar de F\u00e1tima como um `lugar` de onde se pode iniciar um \u201cnovo come\u00e7o\u201d, que se imp\u00f5e no p\u00f3s-pandemia. E desafiou os presentes a transformar\u00a0\u201ca crise em oportunidade\u201d e \u201ca calamidade em esperan\u00e7a\u201d.<\/p>\n<p>\u201cO amor \u00e9 o mais verdadeiro, o mais prof\u00e9tico, o mais necess\u00e1rio desconfinamento\u201d, referiu o presidente da peregrina\u00e7\u00e3o internacional do 13 de maio.<\/p>\n<p>Sublinhando as restri\u00e7\u00f5es ainda impostas pela pandemia, o cardeal D. Jos\u00e9 Tolentino Mendon\u00e7a referiu que a f\u00e9 transforma a experi\u00eancia da crise em \u201cocasi\u00e3o para relan\u00e7ar a vida\u201d.<\/p>\n<p>\u201cOlhando para a cruz poder\u00edamos pensar que Jesus estava brutalmente confinado. E estava. Mas o verdadeiro desconfinamento \u00e9 aquele que o amor opera em n\u00f3s\u201d, indicou.<\/p>\n<p>O cardeal da C\u00faria Romana, \u00edntimo colaborador do Papa,\u00a0\u00a0evocou a experi\u00eancia de sofrimento de Jesus, que \u201censina a transformar as crises em laborat\u00f3rios de esperan\u00e7a\u201d.<\/p>\n<p>D. Jos\u00e9 Tolentino Mendon\u00e7a defendeu a necessidade de um \u201crelan\u00e7amento espiritual\u201d para o p\u00f3s-pandemia, que ultrapasse a \u201cexpress\u00e3o material da vida\u201d.<\/p>\n<p>\u201cNuma hora de encruzilhada da hist\u00f3ria como esta que vivemos n\u00e3o\u00a0podemos fazer coincidir o relan\u00e7amento da esperan\u00e7a unicamente com o\u00a0cuidado pela express\u00e3o material da vida\u201d, afirmou.<\/p>\n<p>\u201cSem d\u00favida que \u00e9 urgente garantir o p\u00e3o e esse trabalho exigente \u2013 fundamentalmente de reconstru\u00e7\u00e3o econ\u00f3mica &#8211; deve unir e mobilizar as nossas sociedades. Mas as nossas sociedades precisam tamb\u00e9m de um relan\u00e7amento espiritual. Sem o p\u00e3o n\u00e3o vivemos, mas n\u00e3o vivemos s\u00f3 de p\u00e3o. Os maiores momentos de crise foram superados infundindo uma alma nova, propondo caminhos de transforma\u00e7\u00e3o interior e de reconstru\u00e7\u00e3o espiritual da nossa vida comum\u201d, explicitou.<\/p>\n<p>O cardeal considerou ainda que o mundo enfrenta \u201cum imenso desafio a renascer\u201d, por causa da crise provocada pela Covid-19.<\/p>\n<p>\u201cEste \u00e9 chamado a ser tamb\u00e9m um momento de revis\u00e3o cr\u00edtica do caminho que realiz\u00e1mos at\u00e9 aqui, de fazer uma esp\u00e9cie de balan\u00e7o interior que avalie os nossos estilos de vida\u201d, disse ao salientar que\u00a0\u201cN\u00e3o basta voltarmos exatamente ao que \u00e9ramos antes: \u00e9 preciso que nos tornemos melhores. \u00c9 preciso um suplemento de alma. \u00c9 preciso que desconfinemos o nosso cora\u00e7\u00e3o\u201d.<\/p>\n<p>O arquivista e bibliotec\u00e1rio da Santa S\u00e9 convidou todos a um \u201cbalan\u00e7o interior\u201d sobre estilos de vida e modelos de desenvolvimento, transformando-os no sentido de \u201cuma verdadeira e criativa hospitalidade da vida\u201d.<\/p>\n<p>\u201cN\u00e3o tenhamos d\u00favidas: a reconstru\u00e7\u00e3o p\u00f3s-pandemia depende do modo como encararmos a fraternidade\u201d, assinalou, citando o pensamento do Papa Francisco.<\/p>\n<p>D. Jos\u00e9 Tolentino Mendon\u00e7a falou em particular aos jovens portugueses que se preparam para acolher, no ver\u00e3o de 2023, a Jornada Mundial da Juventude, pedindo que \u201cem vez de ter medo, tenham sonhos\u201d.<\/p>\n<p>\u201cO mundo fatigado por esta travessia pand\u00e9mica que ainda dura, e que pede a cada um de n\u00f3s vigil\u00e2ncia e responsabilidade, n\u00e3o tem apenas fome e sede de normalidade: precisa de novas vis\u00f5es, de outras gram\u00e1ticas, precisa que arrisquemos ter sonhos\u201d, declarou.<\/p>\n<p>O presidente da celebra\u00e7\u00e3o evocou o 40.\u00ba anivers\u00e1rio do atentado contra S\u00e3o Jo\u00e3o Paulo II, na Pra\u00e7a de S\u00e3o Pedro, e a primeira viagem do Papa polaco a F\u00e1tima, em maio de 1982, para \u201cagradecer \u00e0 Divina Provid\u00eancia, neste lugar, que a M\u00e3e de Deus parece ter escolhido de modo t\u00e3o particular\u201d, por ter sido poupada a sua vida.<\/p>\n<p>Ali\u00e1s, o c\u00e1lice utilizado durante esta celebra\u00e7\u00e3o foi oferecido por Jo\u00e3o Paulo II, no d\u00e9cimo anivers\u00e1rio do seu atentado, no decurso da segunda viagem \u00e0 Cova da Iria.<\/p>\n<p>Al\u00e9m desta evoca\u00e7\u00e3o, hoje em F\u00e1tima assinalam-se tamb\u00e9m os 75 anos da coroa\u00e7\u00e3o da Imagem que se venera na Capelinha das Apari\u00e7\u00f5es.<\/p>\n<p>Oferecida pelas mulheres de Portugal, numa campanha de recolha de pe\u00e7as de joalharia, em agradecimento \u00e0 Virgem de F\u00e1tima pelo facto de o Pa\u00eds n\u00e3o ter tomado parte na II Grande Guerra, a coroa preciosa da Imagem de Nossa Senhora de F\u00e1tima \u00e9 uma cria\u00e7\u00e3o da Casa Leit\u00e3o&amp; Irm\u00e3o, Antigos Joalheiros da Cor\u00f4a. Embora tenha sido ofertada em 1942, s\u00f3 ap\u00f3s o t\u00e9rmino da guerra foi colocada na escultura, em 13 de maio de 1946.<\/p>\n<p>Em 1989, a coroa recebe uma \u00faltima \u201cjoia\u201d: a bala que ferira Jo\u00e3o Paulo II no atentado de 1981 e por este oferecida ao bispo de Leiria, em 1984, foi encastoada no orif\u00edcio que existia na parte inferior do globo de turquesas, no eixo da cruz. Se a coroa era j\u00e1, quer pelas raz\u00f5es da sua materialidade, quer pelas raz\u00f5es relacionadas com a devo\u00e7\u00e3o, uma pe\u00e7a de grande valor, a partir dessa data auferiu um valor incalcul\u00e1vel.<\/p>\n<p>O jornal oficial do santu\u00e1rio, por altura da oferta desta pe\u00e7a, descrevia deste modo a coroa: \u201cA coroa pesa 1.200 gramas. Nela refulgem 950 brilhantes de 76 quilates, 1.400 rosas de 20 quilates, 313 p\u00e9rolas, 1 esmeralda ronde de 3,97 quilates, 13 esmeraldas pequenas, 33 safiras, 11 rubis, 260 turquesas, 1 ametista e 4 \u00e1guas-marinhas. Total: 313 p\u00e9rolas e 2.650 pedras\u201d.<\/p>\n<hr \/>\n<p><em>Fonte: Vatican News<\/em><\/p>\n<\/div>\n","protected":false},"excerpt":{"rendered":"<p>O cardeal D. Jos\u00e9 Tolentino de Mendon\u00e7a presidiu em F\u00e1tima nesta quinta-feira, 13 de maio, a Santa Missa por ocasi\u00e3o do anivers\u00e1rio das apari\u00e7\u00f5es da Virgem a Jacinta, Francisco e L\u00facia. \u201cF\u00e1tima ensina como se ilumina um mundo que est\u00e1 \u00e0s escuras. Seja o pequeno mundo do nosso cora\u00e7\u00e3o, seja o cora\u00e7\u00e3o do vasto mundo\u201d [&hellip;]<\/p>\n","protected":false},"author":3,"featured_media":232015,"comment_status":"open","ping_status":"open","sticky":false,"template":"","format":"standard","meta":[],"categories":[1],"tags":[1851],"acf":[],"yoast_head":"<!-- This site is optimized with the Yoast SEO plugin v19.2 - https:\/\/yoast.com\/wordpress\/plugins\/seo\/ -->\n<title>Cardeal Tolentino convida ao sonho por uma nova humanidade a partir da mensagem de F\u00e1tima - Not\u00edcias - Franciscanos<\/title>\n<meta name=\"robots\" content=\"index, follow, max-snippet:-1, max-image-preview:large, max-video-preview:-1\" \/>\n<link rel=\"canonical\" href=\"https:\/\/franciscanos.org.br\/noticias\/cardeal-tolentino-convida-ao-sonho-por-uma-nova-humanidade-a-partir-da-mensagem-de-fatima.html\" \/>\n<meta property=\"og:locale\" content=\"pt_BR\" \/>\n<meta property=\"og:type\" content=\"article\" \/>\n<meta property=\"og:title\" content=\"Cardeal Tolentino convida ao sonho por uma nova humanidade a partir da mensagem de F\u00e1tima - Not\u00edcias - Franciscanos\" \/>\n<meta property=\"og:description\" content=\"O cardeal D. Jos\u00e9 Tolentino de Mendon\u00e7a presidiu em F\u00e1tima nesta quinta-feira, 13 de maio, a Santa Missa por ocasi\u00e3o do anivers\u00e1rio das apari\u00e7\u00f5es da Virgem a Jacinta, Francisco e L\u00facia. \u201cF\u00e1tima ensina como se ilumina um mundo que est\u00e1 \u00e0s escuras. Seja o pequeno mundo do nosso cora\u00e7\u00e3o, seja o cora\u00e7\u00e3o do vasto mundo\u201d [&hellip;]\" \/>\n<meta property=\"og:url\" content=\"https:\/\/franciscanos.org.br\/noticias\/cardeal-tolentino-convida-ao-sonho-por-uma-nova-humanidade-a-partir-da-mensagem-de-fatima.html\" \/>\n<meta property=\"og:site_name\" content=\"Not\u00edcias - Franciscanos\" \/>\n<meta property=\"article:published_time\" content=\"2021-05-14T10:27:27+00:00\" \/>\n<meta property=\"og:image\" content=\"https:\/\/franciscanos.org.br\/noticias\/wp-content\/uploads\/2021\/05\/fatima_01d.jpg\" \/>\n\t<meta property=\"og:image:width\" content=\"800\" \/>\n\t<meta property=\"og:image:height\" content=\"550\" \/>\n\t<meta property=\"og:image:type\" content=\"image\/jpeg\" \/>\n<meta name=\"author\" content=\"moacir\" \/>\n<meta name=\"twitter:card\" content=\"summary_large_image\" \/>\n<meta name=\"twitter:label1\" content=\"Escrito por\" \/>\n\t<meta name=\"twitter:data1\" content=\"moacir\" \/>\n\t<meta name=\"twitter:label2\" content=\"Est. tempo de leitura\" \/>\n\t<meta name=\"twitter:data2\" content=\"6 minutos\" \/>\n<script type=\"application\/ld+json\" class=\"yoast-schema-graph\">{\"@context\":\"https:\/\/schema.org\",\"@graph\":[{\"@type\":\"WebSite\",\"@id\":\"https:\/\/franciscanos.org.br\/noticias\/#website\",\"url\":\"https:\/\/franciscanos.org.br\/noticias\/\",\"name\":\"Not\u00edcias - Franciscanos\",\"description\":\"Prov\u00edncia Franciscana da Imaculada Concei\u00e7\u00e3o do Brasil - Ordem dos Frades Menores - OFM\",\"potentialAction\":[{\"@type\":\"SearchAction\",\"target\":{\"@type\":\"EntryPoint\",\"urlTemplate\":\"https:\/\/franciscanos.org.br\/noticias\/?s={search_term_string}\"},\"query-input\":\"required name=search_term_string\"}],\"inLanguage\":\"pt-BR\"},{\"@type\":\"ImageObject\",\"inLanguage\":\"pt-BR\",\"@id\":\"https:\/\/franciscanos.org.br\/noticias\/cardeal-tolentino-convida-ao-sonho-por-uma-nova-humanidade-a-partir-da-mensagem-de-fatima.html#primaryimage\",\"url\":\"https:\/\/franciscanos.org.br\/noticias\/wp-content\/uploads\/2021\/05\/fatima_01d.jpg\",\"contentUrl\":\"https:\/\/franciscanos.org.br\/noticias\/wp-content\/uploads\/2021\/05\/fatima_01d.jpg\",\"width\":800,\"height\":550},{\"@type\":\"WebPage\",\"@id\":\"https:\/\/franciscanos.org.br\/noticias\/cardeal-tolentino-convida-ao-sonho-por-uma-nova-humanidade-a-partir-da-mensagem-de-fatima.html#webpage\",\"url\":\"https:\/\/franciscanos.org.br\/noticias\/cardeal-tolentino-convida-ao-sonho-por-uma-nova-humanidade-a-partir-da-mensagem-de-fatima.html\",\"name\":\"Cardeal Tolentino convida ao sonho por uma nova humanidade a partir da mensagem de F\u00e1tima - Not\u00edcias - Franciscanos\",\"isPartOf\":{\"@id\":\"https:\/\/franciscanos.org.br\/noticias\/#website\"},\"primaryImageOfPage\":{\"@id\":\"https:\/\/franciscanos.org.br\/noticias\/cardeal-tolentino-convida-ao-sonho-por-uma-nova-humanidade-a-partir-da-mensagem-de-fatima.html#primaryimage\"},\"datePublished\":\"2021-05-14T10:27:27+00:00\",\"dateModified\":\"2021-05-14T10:27:27+00:00\",\"author\":{\"@id\":\"https:\/\/franciscanos.org.br\/noticias\/#\/schema\/person\/b5c8cba458c330ccff548b056e95a5d4\"},\"breadcrumb\":{\"@id\":\"https:\/\/franciscanos.org.br\/noticias\/cardeal-tolentino-convida-ao-sonho-por-uma-nova-humanidade-a-partir-da-mensagem-de-fatima.html#breadcrumb\"},\"inLanguage\":\"pt-BR\",\"potentialAction\":[{\"@type\":\"ReadAction\",\"target\":[\"https:\/\/franciscanos.org.br\/noticias\/cardeal-tolentino-convida-ao-sonho-por-uma-nova-humanidade-a-partir-da-mensagem-de-fatima.html\"]}]},{\"@type\":\"BreadcrumbList\",\"@id\":\"https:\/\/franciscanos.org.br\/noticias\/cardeal-tolentino-convida-ao-sonho-por-uma-nova-humanidade-a-partir-da-mensagem-de-fatima.html#breadcrumb\",\"itemListElement\":[{\"@type\":\"ListItem\",\"position\":1,\"name\":\"Home\",\"item\":\"https:\/\/franciscanos.org.br\/noticias\"},{\"@type\":\"ListItem\",\"position\":2,\"name\":\"Cardeal Tolentino convida ao sonho por uma nova humanidade a partir da mensagem de F\u00e1tima\"}]},{\"@type\":\"Person\",\"@id\":\"https:\/\/franciscanos.org.br\/noticias\/#\/schema\/person\/b5c8cba458c330ccff548b056e95a5d4\",\"name\":\"moacir\",\"image\":{\"@type\":\"ImageObject\",\"inLanguage\":\"pt-BR\",\"@id\":\"https:\/\/franciscanos.org.br\/noticias\/#\/schema\/person\/image\/\",\"url\":\"https:\/\/secure.gravatar.com\/avatar\/d08aa2ce4c8dd416d4479aa8536fcf64?s=96&d=mm&r=g\",\"contentUrl\":\"https:\/\/secure.gravatar.com\/avatar\/d08aa2ce4c8dd416d4479aa8536fcf64?s=96&d=mm&r=g\",\"caption\":\"moacir\"},\"url\":\"https:\/\/franciscanos.org.br\/noticias\/author\/moacir\"}]}<\/script>\n<!-- \/ Yoast SEO plugin. -->","yoast_head_json":{"title":"Cardeal Tolentino convida ao sonho por uma nova humanidade a partir da mensagem de F\u00e1tima - Not\u00edcias - Franciscanos","robots":{"index":"index","follow":"follow","max-snippet":"max-snippet:-1","max-image-preview":"max-image-preview:large","max-video-preview":"max-video-preview:-1"},"canonical":"https:\/\/franciscanos.org.br\/noticias\/cardeal-tolentino-convida-ao-sonho-por-uma-nova-humanidade-a-partir-da-mensagem-de-fatima.html","og_locale":"pt_BR","og_type":"article","og_title":"Cardeal Tolentino convida ao sonho por uma nova humanidade a partir da mensagem de F\u00e1tima - Not\u00edcias - Franciscanos","og_description":"O cardeal D. Jos\u00e9 Tolentino de Mendon\u00e7a presidiu em F\u00e1tima nesta quinta-feira, 13 de maio, a Santa Missa por ocasi\u00e3o do anivers\u00e1rio das apari\u00e7\u00f5es da Virgem a Jacinta, Francisco e L\u00facia. \u201cF\u00e1tima ensina como se ilumina um mundo que est\u00e1 \u00e0s escuras. Seja o pequeno mundo do nosso cora\u00e7\u00e3o, seja o cora\u00e7\u00e3o do vasto mundo\u201d [&hellip;]","og_url":"https:\/\/franciscanos.org.br\/noticias\/cardeal-tolentino-convida-ao-sonho-por-uma-nova-humanidade-a-partir-da-mensagem-de-fatima.html","og_site_name":"Not\u00edcias - Franciscanos","article_published_time":"2021-05-14T10:27:27+00:00","og_image":[{"width":800,"height":550,"url":"https:\/\/franciscanos.org.br\/noticias\/wp-content\/uploads\/2021\/05\/fatima_01d.jpg","type":"image\/jpeg"}],"author":"moacir","twitter_card":"summary_large_image","twitter_misc":{"Escrito por":"moacir","Est. tempo de leitura":"6 minutos"},"schema":{"@context":"https:\/\/schema.org","@graph":[{"@type":"WebSite","@id":"https:\/\/franciscanos.org.br\/noticias\/#website","url":"https:\/\/franciscanos.org.br\/noticias\/","name":"Not\u00edcias - Franciscanos","description":"Prov\u00edncia Franciscana da Imaculada Concei\u00e7\u00e3o do Brasil - Ordem dos Frades Menores - OFM","potentialAction":[{"@type":"SearchAction","target":{"@type":"EntryPoint","urlTemplate":"https:\/\/franciscanos.org.br\/noticias\/?s={search_term_string}"},"query-input":"required name=search_term_string"}],"inLanguage":"pt-BR"},{"@type":"ImageObject","inLanguage":"pt-BR","@id":"https:\/\/franciscanos.org.br\/noticias\/cardeal-tolentino-convida-ao-sonho-por-uma-nova-humanidade-a-partir-da-mensagem-de-fatima.html#primaryimage","url":"https:\/\/franciscanos.org.br\/noticias\/wp-content\/uploads\/2021\/05\/fatima_01d.jpg","contentUrl":"https:\/\/franciscanos.org.br\/noticias\/wp-content\/uploads\/2021\/05\/fatima_01d.jpg","width":800,"height":550},{"@type":"WebPage","@id":"https:\/\/franciscanos.org.br\/noticias\/cardeal-tolentino-convida-ao-sonho-por-uma-nova-humanidade-a-partir-da-mensagem-de-fatima.html#webpage","url":"https:\/\/franciscanos.org.br\/noticias\/cardeal-tolentino-convida-ao-sonho-por-uma-nova-humanidade-a-partir-da-mensagem-de-fatima.html","name":"Cardeal Tolentino convida ao sonho por uma nova humanidade a partir da mensagem de F\u00e1tima - Not\u00edcias - Franciscanos","isPartOf":{"@id":"https:\/\/franciscanos.org.br\/noticias\/#website"},"primaryImageOfPage":{"@id":"https:\/\/franciscanos.org.br\/noticias\/cardeal-tolentino-convida-ao-sonho-por-uma-nova-humanidade-a-partir-da-mensagem-de-fatima.html#primaryimage"},"datePublished":"2021-05-14T10:27:27+00:00","dateModified":"2021-05-14T10:27:27+00:00","author":{"@id":"https:\/\/franciscanos.org.br\/noticias\/#\/schema\/person\/b5c8cba458c330ccff548b056e95a5d4"},"breadcrumb":{"@id":"https:\/\/franciscanos.org.br\/noticias\/cardeal-tolentino-convida-ao-sonho-por-uma-nova-humanidade-a-partir-da-mensagem-de-fatima.html#breadcrumb"},"inLanguage":"pt-BR","potentialAction":[{"@type":"ReadAction","target":["https:\/\/franciscanos.org.br\/noticias\/cardeal-tolentino-convida-ao-sonho-por-uma-nova-humanidade-a-partir-da-mensagem-de-fatima.html"]}]},{"@type":"BreadcrumbList","@id":"https:\/\/franciscanos.org.br\/noticias\/cardeal-tolentino-convida-ao-sonho-por-uma-nova-humanidade-a-partir-da-mensagem-de-fatima.html#breadcrumb","itemListElement":[{"@type":"ListItem","position":1,"name":"Home","item":"https:\/\/franciscanos.org.br\/noticias"},{"@type":"ListItem","position":2,"name":"Cardeal Tolentino convida ao sonho por uma nova humanidade a partir da mensagem de F\u00e1tima"}]},{"@type":"Person","@id":"https:\/\/franciscanos.org.br\/noticias\/#\/schema\/person\/b5c8cba458c330ccff548b056e95a5d4","name":"moacir","image":{"@type":"ImageObject","inLanguage":"pt-BR","@id":"https:\/\/franciscanos.org.br\/noticias\/#\/schema\/person\/image\/","url":"https:\/\/secure.gravatar.com\/avatar\/d08aa2ce4c8dd416d4479aa8536fcf64?s=96&d=mm&r=g","contentUrl":"https:\/\/secure.gravatar.com\/avatar\/d08aa2ce4c8dd416d4479aa8536fcf64?s=96&d=mm&r=g","caption":"moacir"},"url":"https:\/\/franciscanos.org.br\/noticias\/author\/moacir"}]}},"_links":{"self":[{"href":"https:\/\/franciscanos.org.br\/noticias\/wp-json\/wp\/v2\/posts\/232013"}],"collection":[{"href":"https:\/\/franciscanos.org.br\/noticias\/wp-json\/wp\/v2\/posts"}],"about":[{"href":"https:\/\/franciscanos.org.br\/noticias\/wp-json\/wp\/v2\/types\/post"}],"author":[{"embeddable":true,"href":"https:\/\/franciscanos.org.br\/noticias\/wp-json\/wp\/v2\/users\/3"}],"replies":[{"embeddable":true,"href":"https:\/\/franciscanos.org.br\/noticias\/wp-json\/wp\/v2\/comments?post=232013"}],"version-history":[{"count":1,"href":"https:\/\/franciscanos.org.br\/noticias\/wp-json\/wp\/v2\/posts\/232013\/revisions"}],"predecessor-version":[{"id":232016,"href":"https:\/\/franciscanos.org.br\/noticias\/wp-json\/wp\/v2\/posts\/232013\/revisions\/232016"}],"wp:featuredmedia":[{"embeddable":true,"href":"https:\/\/franciscanos.org.br\/noticias\/wp-json\/wp\/v2\/media\/232015"}],"wp:attachment":[{"href":"https:\/\/franciscanos.org.br\/noticias\/wp-json\/wp\/v2\/media?parent=232013"}],"wp:term":[{"taxonomy":"category","embeddable":true,"href":"https:\/\/franciscanos.org.br\/noticias\/wp-json\/wp\/v2\/categories?post=232013"},{"taxonomy":"post_tag","embeddable":true,"href":"https:\/\/franciscanos.org.br\/noticias\/wp-json\/wp\/v2\/tags?post=232013"}],"curies":[{"name":"wp","href":"https:\/\/api.w.org\/{rel}","templated":true}]}}