{"id":231994,"date":"2021-05-12T11:02:00","date_gmt":"2021-05-12T14:02:00","guid":{"rendered":"https:\/\/franciscanos.org.br\/noticias\/?p=231994"},"modified":"2021-05-12T11:27:48","modified_gmt":"2021-05-12T14:27:48","slug":"mensagem-do-papa-e-base-para-o-encontro-formativo-da-frente-de-comunicacao","status":"publish","type":"post","link":"https:\/\/franciscanos.org.br\/noticias\/mensagem-do-papa-e-base-para-o-encontro-formativo-da-frente-de-comunicacao.html","title":{"rendered":"Mensagem do Papa \u00e9 tema do encontro formativo da Frente de Comunica\u00e7\u00e3o"},"content":{"rendered":"<p><img loading=\"lazy\" class=\"alignnone wp-image-231995 size-full\" src=\"https:\/\/franciscanos.org.br\/noticias\/wp-content\/uploads\/2021\/05\/frentecom_01.jpg\" alt=\"\" width=\"1280\" height=\"720\" srcset=\"https:\/\/franciscanos.org.br\/noticias\/wp-content\/uploads\/2021\/05\/frentecom_01.jpg 1280w, https:\/\/franciscanos.org.br\/noticias\/wp-content\/uploads\/2021\/05\/frentecom_01-450x253.jpg 450w, https:\/\/franciscanos.org.br\/noticias\/wp-content\/uploads\/2021\/05\/frentecom_01-1024x576.jpg 1024w, https:\/\/franciscanos.org.br\/noticias\/wp-content\/uploads\/2021\/05\/frentecom_01-768x432.jpg 768w, https:\/\/franciscanos.org.br\/noticias\/wp-content\/uploads\/2021\/05\/frentecom_01-150x84.jpg 150w\" sizes=\"(max-width: 1280px) 100vw, 1280px\" \/><\/p>\n<p>&#8220;&#8216;Vem e ver\u00e1s&#8217; (Jo 1, 46) &#8211; Comunicar encontrando as pessoas onde est\u00e3o e como s\u00e3o&#8221;. A mensagem do Papa Francisco para o 55\u00ba Dia Mundial das Comunica\u00e7\u00f5es Sociais foi o tema escolhida pela Frente de Evangeliza\u00e7\u00e3o da Comunica\u00e7\u00e3o da Prov\u00edncia da Imaculada Concei\u00e7\u00e3o para o segundo encontro formativo deste ano nesta ter\u00e7a-feira, 11 de maio. De forma remota, esse momento reuniu os colaboradores e frades dos principais trabalhos desta Frente, que \u00e9 coordenada por Frei Neuri Reinisch.<\/p>\n<p>Na ora\u00e7\u00e3o inicial, rendeu-se gra\u00e7as pelo anivers\u00e1rio de 125 anos de funda\u00e7\u00e3o do Grupo Educacional Bom Jesus neste dia; os 125 anos da presen\u00e7a franciscana em Petr\u00f3polis; a prepara\u00e7\u00e3o para o Cap\u00edtulo Provincial e tamb\u00e9m foram lembrados os frades e colaboradores que faleceram devido \u00e0 pandemia e aqueles que se recuperam ou est\u00e3o se recuperando da doen\u00e7a.<\/p>\n<p>O Ministro Provincial, Frei C\u00e9sar K\u00fclkamp, fez a acolhida e lembrou que ainda n\u00e3o se pode fazer encontros pessoais, mas tem tido, por outro lado, &#8220;a rica oportunidade de nos reunir pelos meios de comunica\u00e7\u00e3o&#8221;. Frei C\u00e9sar saudou a todos e destacou a beleza e a import\u00e2ncia da tem\u00e1tica escolhida para esta reuni\u00e3o. &#8220;O Papa nos convoca a fazermos n\u00e3o apenas uma qualidade t\u00e9cnica desses meios, mas pede que a comunica\u00e7\u00e3o tamb\u00e9m se identifique com a pr\u00f3pria mensagem a ser anunciada. Ent\u00e3o, uma provoca\u00e7\u00e3o de uma consci\u00eancia direta com o pr\u00f3prio Cristo e por isso \u00e9 que n\u00f3s temos tamb\u00e9m essa Frente da Evangeliza\u00e7\u00e3o da Comunica\u00e7\u00e3o. Essa \u00e9 a nossa grande miss\u00e3o dentro das nossas dimens\u00f5es de total abertura com o diferente, com quem pensa diferente, com quem acredita diferente, isso \u00e9 muito importante tamb\u00e9m no nosso trabalho. Desejo que seja um encontro produtivo e propositivo, neste ano em que estamos nos preparando para o Cap\u00edtulo Provincial, e que a reflex\u00e3o dessa Frente seja uma importante contribui\u00e7\u00e3o&#8221;, indicou Frei C\u00e9sar.<\/p>\n<p><img loading=\"lazy\" class=\"alignnone wp-image-231996 size-full\" src=\"https:\/\/franciscanos.org.br\/noticias\/wp-content\/uploads\/2021\/05\/frentecom_02.jpg\" alt=\"\" width=\"1280\" height=\"880\" srcset=\"https:\/\/franciscanos.org.br\/noticias\/wp-content\/uploads\/2021\/05\/frentecom_02.jpg 1280w, https:\/\/franciscanos.org.br\/noticias\/wp-content\/uploads\/2021\/05\/frentecom_02-450x309.jpg 450w, https:\/\/franciscanos.org.br\/noticias\/wp-content\/uploads\/2021\/05\/frentecom_02-1024x704.jpg 1024w, https:\/\/franciscanos.org.br\/noticias\/wp-content\/uploads\/2021\/05\/frentecom_02-768x528.jpg 768w, https:\/\/franciscanos.org.br\/noticias\/wp-content\/uploads\/2021\/05\/frentecom_02-150x103.jpg 150w, https:\/\/franciscanos.org.br\/noticias\/wp-content\/uploads\/2021\/05\/frentecom_02-320x220.jpg 320w\" sizes=\"(max-width: 1280px) 100vw, 1280px\" \/><\/p>\n<p>Frei Gustavo Medella, o Vig\u00e1rio Provincial e Secret\u00e1rio para a Evangeliza\u00e7\u00e3o da Prov\u00edncia, conduziu a reflex\u00e3o e lembrou que o 55\u00ba Dia Mundial das Comunica\u00e7\u00f5es Sociais ser\u00e1 celebrado neste final de semana, exatamente no Domingo da Ascens\u00e3o do Senhor (16\/5).\u00a0 Esse dia foi estabelecido pelo Conc\u00edlio Vaticano II atrav\u00e9s do decreto \u201cInter Mirifica\u201d em 1963.<\/p>\n<p>Para Frei Medella, a comunica\u00e7\u00e3o passa por tr\u00eas disposi\u00e7\u00f5es: ir, ver e encontrar. &#8220;Ver e encontrar s\u00e3o a\u00e7\u00f5es que est\u00e3o no n\u00facleo da comunica\u00e7\u00e3o, creio que essa seja a ideia central que o Papa Francisco deseja transmitir para este dia&#8221;, disse.<\/p>\n<p>Segundo o frade, o Papa aponta ao que chama de uma &#8220;crise editorial&#8221;. &#8220;E n\u00f3s temos percebido isso acompanhando o movimento os meios de comunica\u00e7\u00e3o. H\u00e1 uma semana mais ou menos, a Revista \u00c9poca encerrou suas atividades nas vers\u00f5es impressa e on-line. Vemos o enxugamento e esvaziamento das reda\u00e7\u00f5es. Tudo isso leva a uma produ\u00e7\u00e3o jornal\u00edstica que pode ser marcada por alguns v\u00edcios&#8221;, observou Frei Medella.<\/p>\n<p>Essa crise, segundo o Papa, tem levado a um nivelamento em \u00abjornais fotoc\u00f3pia\u00bb ou em notici\u00e1rios de televis\u00e3o, r\u00e1dio e websites que s\u00e3o substancialmente iguais, onde os g\u00eaneros da entrevista e da reportagem perdem espa\u00e7o e qualidade ao que o Papa chama de informa\u00e7\u00e3o pr\u00e9-fabricada, de \u201cde pal\u00e1cio\u201d, autorreferencial. &#8220;Ele fala da falta de falta de intera\u00e7\u00e3o e empatia e lamenta pelo que permanece um mero espectador externo. Isso faz cair demais a qualidade daquilo que comunica&#8221;, lembra Frei Medella.<\/p>\n<p><img loading=\"lazy\" class=\"alignnone wp-image-231997 size-full\" src=\"https:\/\/franciscanos.org.br\/noticias\/wp-content\/uploads\/2021\/05\/frentecom_03.jpg\" alt=\"\" width=\"1280\" height=\"880\" srcset=\"https:\/\/franciscanos.org.br\/noticias\/wp-content\/uploads\/2021\/05\/frentecom_03.jpg 1280w, https:\/\/franciscanos.org.br\/noticias\/wp-content\/uploads\/2021\/05\/frentecom_03-450x309.jpg 450w, https:\/\/franciscanos.org.br\/noticias\/wp-content\/uploads\/2021\/05\/frentecom_03-1024x704.jpg 1024w, https:\/\/franciscanos.org.br\/noticias\/wp-content\/uploads\/2021\/05\/frentecom_03-768x528.jpg 768w, https:\/\/franciscanos.org.br\/noticias\/wp-content\/uploads\/2021\/05\/frentecom_03-150x103.jpg 150w, https:\/\/franciscanos.org.br\/noticias\/wp-content\/uploads\/2021\/05\/frentecom_03-320x220.jpg 320w\" sizes=\"(max-width: 1280px) 100vw, 1280px\" \/><\/p>\n<p>Segundo ele, o Papa indica que o pr\u00f3prio jornalismo, como exposi\u00e7\u00e3o da realidade, requer a capacidade de ir aonde mais ningu\u00e9m vai: mover-se com desejo de ver.<\/p>\n<p>&#8220;E como contrapartida a essa comunica\u00e7\u00e3o &#8220;pr\u00e9-fabricada&#8221;, ele faz uma provoca\u00e7\u00e3o dizendo que o bom jornalista, o bom comunicador, tem que gastar as solas do sapato. Na pr\u00e1tica, isso significa sair \u00e0s ruas, encontrar as pessoas, significa procurar hist\u00f3rias e ver com os pr\u00f3prios olhos. E ele tem essa frase bastante bonita e ilustrativa: &#8216;Todo o instrumento s\u00f3 \u00e9 \u00fatil e v\u00e1lido se nos impele a ir e ver coisas que de contr\u00e1rio n\u00e3o chegar\u00edamos a saber, se coloca em rede conhecimentos que de contr\u00e1rio n\u00e3o circulariam, se consente encontro que de contr\u00e1rio n\u00e3o teriam lugar'&#8221;, enfatizou.<\/p>\n<p>Frei Medella disse que o Papa n\u00e3o nega o valor da tecnologia, mas ele n\u00e3o corrobora com a l\u00f3gica substitutiva. &#8220;Um instrumento, como o celular, facilita ao fazer uma foto, mas \u00e9 preciso conhecer a hist\u00f3ria daquela foto e dar vida a ela. O instrumento \u00e9 um suporte para a nossa vontade de construir junto, ir e ver&#8221;. Segundo o Papa, o Evangelho \u00e9 cheio dessas experi\u00eancias, como por exemplo, o testemunho da Samaritana.<\/p>\n<p>&#8220;O Papa fala que uma das tarefas principais do jornalista \u00e9 o compromisso com a realidade e a\u00ed ele cita alguns requisitos: capacidade de ir aonde ningu\u00e9m vai; mover-se com desejo de ver; e uma curiosidade, uma abertura, uma paix\u00e3o&#8221;, acrescentou o frade.<\/p>\n<p>Segundo Frei Medella, o Papa d\u00e1 umas sugest\u00f5es de pauta para quest\u00f5es que poderiam ser mais aproveitadas: os dramas da pandemia, como nos t\u00eam sido contados?; Como est\u00e1 sendo a ordem de distribui\u00e7\u00e3o das vacinas entre os pa\u00edses mais ricos e mais pobres?; E o direito universal \u00e0 sa\u00fade, como tem sido observado e promovido?; e as fam\u00edlias que rapidamente decaem a uma situa\u00e7\u00e3o de pobreza?<\/p>\n<p>Outras quest\u00f5es levantadas pelo Papa dizem o que \u00e9 bom e perigoso na internet.<\/p>\n<p><strong>Oportunidades:<\/strong> Multiplica a capacidade de relato e partilha; Possibilidade de uma informa\u00e7\u00e3o em primeira m\u00e3o e r\u00e1pida; Divide a responsabilidade entre todos como quem produz e quem se beneficia dos conte\u00fados; possibilidade de testemunhar acontecimentos importantes que poderiam passar despercebidos.<\/p>\n<p><strong>Armadilhas ou ins\u00eddias:<\/strong> Risco de uma comunica\u00e7\u00e3o social n\u00e3o verific\u00e1vel; Not\u00edcias e imagem facilmente manipul\u00e1veis;\u00a0Narcisismo exacerbado; Not\u00edcias falsas; Exige grande capacidade de discernimento e um maduro senso de responsabilidade.<\/p>\n<p>Frei Medella destacou algumas ideias finais: \u201cNada substitui o ver pessoalmente\u201d; \u201cAlgumas coisas s\u00f3 se pode aprender, experimentando-as\u201d; \u201cNa verdade, s\u00e3o se comunica s\u00f3 com as palavras, mas tamb\u00e9m com os olhos, os tons da voz, o gesto\u201d; \u201cOs disc\u00edpulos n\u00e3o s\u00f3 ouviam os ensinamentos de Jesus, viam-No falar\u201d; e \u201cA palavra s\u00f3 \u00e9 eficaz, se se \u2018v\u00ea\u2019, se te envolve numa experi\u00eancia, num di\u00e1logo\u201d.<\/p>\n<p>&#8220;O grande comunicador que se chamava Paulo de Tarso ter-se-ia certamente servido do e-mail e das mensagens eletr\u00f4nicas; mas foram a sua f\u00e9, esperan\u00e7a e caridade que impressionaram os contempor\u00e2neos que o ouviram pregar e tiveram a sorte de passar algum tempo com ele, de o ver durante uma assembleia ou numa conversa pessoal\u201d, diz o Papa, refor\u00e7ando o tema &#8220;vem e ver\u00e1s&#8221;.<\/p>\n<p><strong>LGPD<\/strong><\/p>\n<p>Outro momento formativo teve a assessoria de Frei Alan Leal de Mattos, do n\u00facleo religioso da Funda\u00e7\u00e3o Celinauta, de Pato Branco (PR), que falou sobre a nova Lei Geral de Prote\u00e7\u00e3o de Dados (LGPD), de 14\/8\/2018 e que entrou em vigor em 18 de setembro de 2020. Segundo o frade, com a lei, os casos de uso indevido, comercializa\u00e7\u00e3o e vazamento de dados, garantem a privacidade dos brasileiros.<\/p>\n<p>Segundo a nova lei, todas as pessoas f\u00edsicas e jur\u00eddicas que tratem (recolham, utilizem, armazenem, manipulem, etc.) dados pessoais de pessoas f\u00edsicas s\u00e3o obrigadas a se adequarem \u00e0 LGPD.<\/p>\n<p>Para Frei Alan, a nova lei, no artigo 5\u00ba, considera como dado pessoal sens\u00edvel aqueles relativos \u00e0 &#8220;origem racial ou \u00e9tnica, convic\u00e7\u00e3o religiosa, opini\u00e3o pol\u00edtica, filia\u00e7\u00e3o a sindicato ou a organiza\u00e7\u00e3o de car\u00e1ter religioso, filos\u00f3fico ou pol\u00edtico, dado referente \u00e0 sa\u00fade ou \u00e0 vida sexual, dado gen\u00e9tico ou biom\u00e9trico, quando vinculado a uma pessoa natural&#8221;.<\/p>\n<p>Segundo o frade, sendo a convic\u00e7\u00e3o religiosa um dado sens\u00edvel, a igreja ou institui\u00e7\u00e3o religiosa deve tomar especial cuidado com o tratamento e, principalmente, no compartilhamento de informa\u00e7\u00f5es pessoais.<\/p>\n<p>Frei Volney Berkenbrock, diretor da Editora Vozes, disse que a adequa\u00e7\u00e3o \u00e0 nova lei est\u00e1 finalizada na Editora, assim como nas principais entidades como o Grupo Educacional Bom Jesus. Mas para ele, ainda a um trabalho a ser feito especialmente nas Par\u00f3quias.<\/p>\n<p>As adequa\u00e7\u00f5es dever\u00e3o acontecer at\u00e9 agosto deste ano, quando come\u00e7ar\u00e3o a ser aplicadas puni\u00e7\u00f5es e multas previstas pelo decreto.<\/p>\n<p>O pr\u00f3ximo encontro da Frente de Comunica\u00e7\u00e3o est\u00e1 marcado para o dia 21 de junho.<\/p>\n","protected":false},"excerpt":{"rendered":"<p>Frente de Evangeliza\u00e7\u00e3o da Comunica\u00e7\u00e3o<\/p>\n","protected":false},"author":3,"featured_media":0,"comment_status":"open","ping_status":"open","sticky":false,"template":"","format":"standard","meta":[],"categories":[1],"tags":[550],"acf":[],"yoast_head":"<!-- This site is optimized with the Yoast SEO plugin v19.2 - https:\/\/yoast.com\/wordpress\/plugins\/seo\/ -->\n<title>Mensagem do Papa \u00e9 tema do encontro formativo da Frente de Comunica\u00e7\u00e3o - Not\u00edcias - Franciscanos<\/title>\n<meta name=\"robots\" content=\"index, follow, max-snippet:-1, max-image-preview:large, max-video-preview:-1\" \/>\n<link rel=\"canonical\" href=\"https:\/\/franciscanos.org.br\/noticias\/mensagem-do-papa-e-base-para-o-encontro-formativo-da-frente-de-comunicacao.html\" \/>\n<meta property=\"og:locale\" content=\"pt_BR\" \/>\n<meta property=\"og:type\" content=\"article\" \/>\n<meta property=\"og:title\" content=\"Mensagem do Papa \u00e9 tema do encontro formativo da Frente de Comunica\u00e7\u00e3o - Not\u00edcias - Franciscanos\" \/>\n<meta property=\"og:description\" content=\"Frente de Evangeliza\u00e7\u00e3o da Comunica\u00e7\u00e3o\" \/>\n<meta property=\"og:url\" content=\"https:\/\/franciscanos.org.br\/noticias\/mensagem-do-papa-e-base-para-o-encontro-formativo-da-frente-de-comunicacao.html\" \/>\n<meta property=\"og:site_name\" content=\"Not\u00edcias - Franciscanos\" \/>\n<meta property=\"article:published_time\" content=\"2021-05-12T14:02:00+00:00\" \/>\n<meta property=\"article:modified_time\" content=\"2021-05-12T14:27:48+00:00\" \/>\n<meta property=\"og:image\" content=\"https:\/\/franciscanos.org.br\/noticias\/wp-content\/uploads\/2021\/05\/frentecom_01.jpg\" \/>\n<meta name=\"author\" content=\"moacir\" \/>\n<meta name=\"twitter:card\" content=\"summary_large_image\" \/>\n<meta name=\"twitter:label1\" content=\"Escrito por\" \/>\n\t<meta name=\"twitter:data1\" content=\"moacir\" \/>\n\t<meta name=\"twitter:label2\" content=\"Est. tempo de leitura\" \/>\n\t<meta name=\"twitter:data2\" content=\"7 minutos\" \/>\n<script type=\"application\/ld+json\" class=\"yoast-schema-graph\">{\"@context\":\"https:\/\/schema.org\",\"@graph\":[{\"@type\":\"WebSite\",\"@id\":\"https:\/\/franciscanos.org.br\/noticias\/#website\",\"url\":\"https:\/\/franciscanos.org.br\/noticias\/\",\"name\":\"Not\u00edcias - Franciscanos\",\"description\":\"Prov\u00edncia Franciscana da Imaculada Concei\u00e7\u00e3o do Brasil - Ordem dos Frades Menores - OFM\",\"potentialAction\":[{\"@type\":\"SearchAction\",\"target\":{\"@type\":\"EntryPoint\",\"urlTemplate\":\"https:\/\/franciscanos.org.br\/noticias\/?s={search_term_string}\"},\"query-input\":\"required name=search_term_string\"}],\"inLanguage\":\"pt-BR\"},{\"@type\":\"ImageObject\",\"inLanguage\":\"pt-BR\",\"@id\":\"https:\/\/franciscanos.org.br\/noticias\/mensagem-do-papa-e-base-para-o-encontro-formativo-da-frente-de-comunicacao.html#primaryimage\",\"url\":\"https:\/\/franciscanos.org.br\/noticias\/wp-content\/uploads\/2021\/05\/frentecom_01.jpg\",\"contentUrl\":\"https:\/\/franciscanos.org.br\/noticias\/wp-content\/uploads\/2021\/05\/frentecom_01.jpg\",\"width\":1280,\"height\":720},{\"@type\":\"WebPage\",\"@id\":\"https:\/\/franciscanos.org.br\/noticias\/mensagem-do-papa-e-base-para-o-encontro-formativo-da-frente-de-comunicacao.html#webpage\",\"url\":\"https:\/\/franciscanos.org.br\/noticias\/mensagem-do-papa-e-base-para-o-encontro-formativo-da-frente-de-comunicacao.html\",\"name\":\"Mensagem do Papa \u00e9 tema do encontro formativo da Frente de Comunica\u00e7\u00e3o - Not\u00edcias - Franciscanos\",\"isPartOf\":{\"@id\":\"https:\/\/franciscanos.org.br\/noticias\/#website\"},\"primaryImageOfPage\":{\"@id\":\"https:\/\/franciscanos.org.br\/noticias\/mensagem-do-papa-e-base-para-o-encontro-formativo-da-frente-de-comunicacao.html#primaryimage\"},\"datePublished\":\"2021-05-12T14:02:00+00:00\",\"dateModified\":\"2021-05-12T14:27:48+00:00\",\"author\":{\"@id\":\"https:\/\/franciscanos.org.br\/noticias\/#\/schema\/person\/b5c8cba458c330ccff548b056e95a5d4\"},\"breadcrumb\":{\"@id\":\"https:\/\/franciscanos.org.br\/noticias\/mensagem-do-papa-e-base-para-o-encontro-formativo-da-frente-de-comunicacao.html#breadcrumb\"},\"inLanguage\":\"pt-BR\",\"potentialAction\":[{\"@type\":\"ReadAction\",\"target\":[\"https:\/\/franciscanos.org.br\/noticias\/mensagem-do-papa-e-base-para-o-encontro-formativo-da-frente-de-comunicacao.html\"]}]},{\"@type\":\"BreadcrumbList\",\"@id\":\"https:\/\/franciscanos.org.br\/noticias\/mensagem-do-papa-e-base-para-o-encontro-formativo-da-frente-de-comunicacao.html#breadcrumb\",\"itemListElement\":[{\"@type\":\"ListItem\",\"position\":1,\"name\":\"Home\",\"item\":\"https:\/\/franciscanos.org.br\/noticias\"},{\"@type\":\"ListItem\",\"position\":2,\"name\":\"Mensagem do Papa \u00e9 tema do encontro formativo da Frente de Comunica\u00e7\u00e3o\"}]},{\"@type\":\"Person\",\"@id\":\"https:\/\/franciscanos.org.br\/noticias\/#\/schema\/person\/b5c8cba458c330ccff548b056e95a5d4\",\"name\":\"moacir\",\"image\":{\"@type\":\"ImageObject\",\"inLanguage\":\"pt-BR\",\"@id\":\"https:\/\/franciscanos.org.br\/noticias\/#\/schema\/person\/image\/\",\"url\":\"https:\/\/secure.gravatar.com\/avatar\/d08aa2ce4c8dd416d4479aa8536fcf64?s=96&d=mm&r=g\",\"contentUrl\":\"https:\/\/secure.gravatar.com\/avatar\/d08aa2ce4c8dd416d4479aa8536fcf64?s=96&d=mm&r=g\",\"caption\":\"moacir\"},\"url\":\"https:\/\/franciscanos.org.br\/noticias\/author\/moacir\"}]}<\/script>\n<!-- \/ Yoast SEO plugin. -->","yoast_head_json":{"title":"Mensagem do Papa \u00e9 tema do encontro formativo da Frente de Comunica\u00e7\u00e3o - Not\u00edcias - Franciscanos","robots":{"index":"index","follow":"follow","max-snippet":"max-snippet:-1","max-image-preview":"max-image-preview:large","max-video-preview":"max-video-preview:-1"},"canonical":"https:\/\/franciscanos.org.br\/noticias\/mensagem-do-papa-e-base-para-o-encontro-formativo-da-frente-de-comunicacao.html","og_locale":"pt_BR","og_type":"article","og_title":"Mensagem do Papa \u00e9 tema do encontro formativo da Frente de Comunica\u00e7\u00e3o - Not\u00edcias - Franciscanos","og_description":"Frente de Evangeliza\u00e7\u00e3o da Comunica\u00e7\u00e3o","og_url":"https:\/\/franciscanos.org.br\/noticias\/mensagem-do-papa-e-base-para-o-encontro-formativo-da-frente-de-comunicacao.html","og_site_name":"Not\u00edcias - Franciscanos","article_published_time":"2021-05-12T14:02:00+00:00","article_modified_time":"2021-05-12T14:27:48+00:00","og_image":[{"url":"https:\/\/franciscanos.org.br\/noticias\/wp-content\/uploads\/2021\/05\/frentecom_01.jpg"}],"author":"moacir","twitter_card":"summary_large_image","twitter_misc":{"Escrito por":"moacir","Est. tempo de leitura":"7 minutos"},"schema":{"@context":"https:\/\/schema.org","@graph":[{"@type":"WebSite","@id":"https:\/\/franciscanos.org.br\/noticias\/#website","url":"https:\/\/franciscanos.org.br\/noticias\/","name":"Not\u00edcias - Franciscanos","description":"Prov\u00edncia Franciscana da Imaculada Concei\u00e7\u00e3o do Brasil - Ordem dos Frades Menores - OFM","potentialAction":[{"@type":"SearchAction","target":{"@type":"EntryPoint","urlTemplate":"https:\/\/franciscanos.org.br\/noticias\/?s={search_term_string}"},"query-input":"required name=search_term_string"}],"inLanguage":"pt-BR"},{"@type":"ImageObject","inLanguage":"pt-BR","@id":"https:\/\/franciscanos.org.br\/noticias\/mensagem-do-papa-e-base-para-o-encontro-formativo-da-frente-de-comunicacao.html#primaryimage","url":"https:\/\/franciscanos.org.br\/noticias\/wp-content\/uploads\/2021\/05\/frentecom_01.jpg","contentUrl":"https:\/\/franciscanos.org.br\/noticias\/wp-content\/uploads\/2021\/05\/frentecom_01.jpg","width":1280,"height":720},{"@type":"WebPage","@id":"https:\/\/franciscanos.org.br\/noticias\/mensagem-do-papa-e-base-para-o-encontro-formativo-da-frente-de-comunicacao.html#webpage","url":"https:\/\/franciscanos.org.br\/noticias\/mensagem-do-papa-e-base-para-o-encontro-formativo-da-frente-de-comunicacao.html","name":"Mensagem do Papa \u00e9 tema do encontro formativo da Frente de Comunica\u00e7\u00e3o - Not\u00edcias - Franciscanos","isPartOf":{"@id":"https:\/\/franciscanos.org.br\/noticias\/#website"},"primaryImageOfPage":{"@id":"https:\/\/franciscanos.org.br\/noticias\/mensagem-do-papa-e-base-para-o-encontro-formativo-da-frente-de-comunicacao.html#primaryimage"},"datePublished":"2021-05-12T14:02:00+00:00","dateModified":"2021-05-12T14:27:48+00:00","author":{"@id":"https:\/\/franciscanos.org.br\/noticias\/#\/schema\/person\/b5c8cba458c330ccff548b056e95a5d4"},"breadcrumb":{"@id":"https:\/\/franciscanos.org.br\/noticias\/mensagem-do-papa-e-base-para-o-encontro-formativo-da-frente-de-comunicacao.html#breadcrumb"},"inLanguage":"pt-BR","potentialAction":[{"@type":"ReadAction","target":["https:\/\/franciscanos.org.br\/noticias\/mensagem-do-papa-e-base-para-o-encontro-formativo-da-frente-de-comunicacao.html"]}]},{"@type":"BreadcrumbList","@id":"https:\/\/franciscanos.org.br\/noticias\/mensagem-do-papa-e-base-para-o-encontro-formativo-da-frente-de-comunicacao.html#breadcrumb","itemListElement":[{"@type":"ListItem","position":1,"name":"Home","item":"https:\/\/franciscanos.org.br\/noticias"},{"@type":"ListItem","position":2,"name":"Mensagem do Papa \u00e9 tema do encontro formativo da Frente de Comunica\u00e7\u00e3o"}]},{"@type":"Person","@id":"https:\/\/franciscanos.org.br\/noticias\/#\/schema\/person\/b5c8cba458c330ccff548b056e95a5d4","name":"moacir","image":{"@type":"ImageObject","inLanguage":"pt-BR","@id":"https:\/\/franciscanos.org.br\/noticias\/#\/schema\/person\/image\/","url":"https:\/\/secure.gravatar.com\/avatar\/d08aa2ce4c8dd416d4479aa8536fcf64?s=96&d=mm&r=g","contentUrl":"https:\/\/secure.gravatar.com\/avatar\/d08aa2ce4c8dd416d4479aa8536fcf64?s=96&d=mm&r=g","caption":"moacir"},"url":"https:\/\/franciscanos.org.br\/noticias\/author\/moacir"}]}},"_links":{"self":[{"href":"https:\/\/franciscanos.org.br\/noticias\/wp-json\/wp\/v2\/posts\/231994"}],"collection":[{"href":"https:\/\/franciscanos.org.br\/noticias\/wp-json\/wp\/v2\/posts"}],"about":[{"href":"https:\/\/franciscanos.org.br\/noticias\/wp-json\/wp\/v2\/types\/post"}],"author":[{"embeddable":true,"href":"https:\/\/franciscanos.org.br\/noticias\/wp-json\/wp\/v2\/users\/3"}],"replies":[{"embeddable":true,"href":"https:\/\/franciscanos.org.br\/noticias\/wp-json\/wp\/v2\/comments?post=231994"}],"version-history":[{"count":4,"href":"https:\/\/franciscanos.org.br\/noticias\/wp-json\/wp\/v2\/posts\/231994\/revisions"}],"predecessor-version":[{"id":232001,"href":"https:\/\/franciscanos.org.br\/noticias\/wp-json\/wp\/v2\/posts\/231994\/revisions\/232001"}],"wp:attachment":[{"href":"https:\/\/franciscanos.org.br\/noticias\/wp-json\/wp\/v2\/media?parent=231994"}],"wp:term":[{"taxonomy":"category","embeddable":true,"href":"https:\/\/franciscanos.org.br\/noticias\/wp-json\/wp\/v2\/categories?post=231994"},{"taxonomy":"post_tag","embeddable":true,"href":"https:\/\/franciscanos.org.br\/noticias\/wp-json\/wp\/v2\/tags?post=231994"}],"curies":[{"name":"wp","href":"https:\/\/api.w.org\/{rel}","templated":true}]}}