{"id":231955,"date":"2021-05-09T08:27:42","date_gmt":"2021-05-09T11:27:42","guid":{"rendered":"https:\/\/franciscanos.org.br\/noticias\/?p=231955"},"modified":"2021-05-09T08:27:42","modified_gmt":"2021-05-09T11:27:42","slug":"papa-colocar-se-a-disposicao-dos-outros-amando-nao-com-palavras-mas-com-fatos","status":"publish","type":"post","link":"https:\/\/franciscanos.org.br\/noticias\/papa-colocar-se-a-disposicao-dos-outros-amando-nao-com-palavras-mas-com-fatos.html","title":{"rendered":"Papa: colocar-se \u00e0 disposi\u00e7\u00e3o dos outros, amando n\u00e3o com palavras, mas com fatos"},"content":{"rendered":"<div id=\"attachment_231956\" style=\"width: 1290px\" class=\"wp-caption alignnone\"><img aria-describedby=\"caption-attachment-231956\" loading=\"lazy\" class=\"wp-image-231956 size-full\" src=\"https:\/\/franciscanos.org.br\/noticias\/wp-content\/uploads\/2021\/05\/regina_09.jpg\" alt=\"\" width=\"1280\" height=\"720\" srcset=\"https:\/\/franciscanos.org.br\/noticias\/wp-content\/uploads\/2021\/05\/regina_09.jpg 1280w, https:\/\/franciscanos.org.br\/noticias\/wp-content\/uploads\/2021\/05\/regina_09-450x253.jpg 450w, https:\/\/franciscanos.org.br\/noticias\/wp-content\/uploads\/2021\/05\/regina_09-1024x576.jpg 1024w, https:\/\/franciscanos.org.br\/noticias\/wp-content\/uploads\/2021\/05\/regina_09-768x432.jpg 768w, https:\/\/franciscanos.org.br\/noticias\/wp-content\/uploads\/2021\/05\/regina_09-150x84.jpg 150w\" sizes=\"(max-width: 1280px) 100vw, 1280px\" \/><p id=\"caption-attachment-231956\" class=\"wp-caption-text\">\u00a0 \u00a0 \u00a0 \u00a0 \u00a0 \u00a0 \u00a0 \u00a0 \u00a0 \u00a0 \u00a0 \u00a0 \u00a0 \u00a0 \u00a0 \u00a0 \u00a0 \u00a0 \u00a0 \u00a0 \u00a0 \u00a0 \u00a0 \u00a0 \u00a0 \u00a0 \u00a0 \u00a0 \u00a0 \u00a0 \u00a0 \u00a0 \u00a0 \u00a0 \u00a0 \u00a0 \u00a0 \u00a0 \u00a0 \u00a0 \u00a0 \u00a0 \u00a0 \u00a0 \u00a0 <em>\u00a0 \u00a0 Imagem: Captura de tela do v\u00eddeo do Vaticano<\/em><\/p><\/div>\n<p>\u201cAmar como Cristo significa dizer n\u00e3o a outros &#8220;amores&#8221; que o mundo nos prop\u00f5e: amor pelo dinheiro \u2013 quem ama o dinheiro n\u00e3o ama como ama Jesus &#8211; amor pelo sucesso, pela vaidade, pelo poder\u201d: foi o que disse o Papa Francisco da janela do Pal\u00e1cio Apost\u00f3lico do Vaticano antes de recitar neste domingo, Dia das M\u00e3es, a ora\u00e7\u00e3o do Regina Coeli com os fi\u00e9is e peregrinos reunidos na Pra\u00e7a S\u00e3o Pedro.<\/p>\n<p>Estes caminhos enganosos de \u201camor\u201d \u2013 continuou o Papa &#8211; nos afastam do amor do Senhor e nos levam a nos tornarmos cada vez mais ego\u00edstas, narcisistas e prepotentes. \u201cE a prepot\u00eancia leva a uma degenera\u00e7\u00e3o do amor, a abusar dos outros, a fazer a pessoa amada sofrer. Penso no amor doentio que se transforma em viol\u00eancia &#8211; e em quantas mulheres s\u00e3o v\u00edtimas disso hoje em dia das viol\u00eancias. Isto n\u00e3o \u00e9 amor\u201d.<\/p>\n<p>Amar como o Senhor nos ama \u2013 destacou Francisco &#8211; significa apreciar a pessoa que est\u00e1 ao nosso lado e respeitar sua liberdade, am\u00e1-la como ela \u00e9, n\u00e3o como queremos que fosse; como \u00e9, gratuitamente.<\/p>\n<p>\u201cEm \u00faltima an\u00e1lise, Jesus nos pede para permanecermos no seu amor, para habitar em seu amor, n\u00e3o em nossas ideias, n\u00e3o no culto de n\u00f3s mesmos; que habita no culto de si mesmo, habita no espelho&#8230;Sempre a olhar-se. Pede-nos para sair da pretens\u00e3o de controlar e administrar os outros. N\u00e3o controlar, mas servir. Mas abrir o cora\u00e7\u00e3o aos outros, isto \u00e9 amor, doar-se aos outros\u201d.<\/p>\n<p>No Evangelho deste domingo recordou Francisco Jesus, depois de se comparar com a videira e n\u00f3s com os ramos, explica que o fruto que produzem aqueles que permanecem unidos \u00e9 o amor. Ele retoma o verbo-chave: permanecer. Ele nos convida a permanecer em seu amor para que sua alegria esteja em n\u00f3s e nossa alegria seja plena. Permanecer no amor de Jesus.<\/p>\n<p>N\u00f3s nos perguntamos, continuou o Pont\u00edfice: qual \u00e9 esse amor no qual Jesus nos diz para ficarmos para ter a sua alegria? Qual \u00e9 este amor? \u00c9 o amor que tem sua origem no Pai, porque &#8220;Deus \u00e9 amor&#8221;. E este amor de Deus, do Pai, como um rio escorre no Filho Jesus e atrav\u00e9s d\u2019Ele chega at\u00e9 n\u00f3s, suas criaturas. O amor que Jesus nos d\u00e1 \u00e9 o mesmo amor com o qual o Pai O ama: amor puro, incondicional, amor gratuito.<\/p>\n<p>\u201cN\u00e3o se pode comprar, \u00e9 gratuito. Doando-o a n\u00f3s, Jesus nos trata como amigos, &#8211; com este amor &#8211; fazendo-nos conhecer o Pai e nos envolve em sua pr\u00f3pria miss\u00e3o para a vida do mundo\u201d.<\/p>\n<p>Para onde conduz este permanecer no amor do Senhor? Para onde nos conduz? Jesus nos disse: &#8220;Para que minha alegria esteja em v\u00f3s e a vossa alegria seja plena&#8221;. E a alegria que o Senhor possui, porque \u00e9 em total comunh\u00e3o com o Pai, quer que ela esteja em n\u00f3s, pois estamos unidos a Ele\u201d, frisou Francisco.<\/p>\n<p>A alegria de saber que somos amados por Deus \u2013 disse o Santo Padre -, apesar das nossas infidelidades nos faz enfrentar as prova\u00e7\u00f5es da vida com f\u00e9, nos faz atravessar as crises para sairmos melhores.<\/p>\n<p>\u00c9 em viver esta alegria que consiste em sermos verdadeiras testemunhas, porque a alegria \u00e9 o sinal distintivo do verdadeiro crist\u00e3o. \u201cO verdadeiro crist\u00e3o n\u00e3o \u00e9 triste, sempre tem a alegria dentro, tamb\u00e9m nos momentos dif\u00edceis\u201d.<\/p>\n<p>Francisco finalizou pedindo \u00e0 Virgem Maria que \u201cnos ajude a permanecer no amor de Jesus e a crescer no amor para com todos, testemunhando a alegria do Senhor Ressuscitado\u201d.<\/p>\n<hr \/>\n<p><em>Fonte: Vatican News (Silvonei Jos\u00e9)<\/em><\/p>\n","protected":false},"excerpt":{"rendered":"<p>Regina Coeli<\/p>\n","protected":false},"author":3,"featured_media":231957,"comment_status":"open","ping_status":"open","sticky":false,"template":"","format":"standard","meta":[],"categories":[1428],"tags":[564],"acf":[],"yoast_head":"<!-- This site is optimized with the Yoast SEO plugin v19.2 - https:\/\/yoast.com\/wordpress\/plugins\/seo\/ -->\n<title>Papa: colocar-se \u00e0 disposi\u00e7\u00e3o dos outros, amando n\u00e3o com palavras, mas com fatos - Not\u00edcias - Franciscanos<\/title>\n<meta name=\"robots\" content=\"index, follow, max-snippet:-1, max-image-preview:large, max-video-preview:-1\" \/>\n<link rel=\"canonical\" href=\"https:\/\/franciscanos.org.br\/noticias\/papa-colocar-se-a-disposicao-dos-outros-amando-nao-com-palavras-mas-com-fatos.html\" \/>\n<meta property=\"og:locale\" content=\"pt_BR\" \/>\n<meta property=\"og:type\" content=\"article\" \/>\n<meta property=\"og:title\" content=\"Papa: colocar-se \u00e0 disposi\u00e7\u00e3o dos outros, amando n\u00e3o com palavras, mas com fatos - Not\u00edcias - Franciscanos\" \/>\n<meta property=\"og:description\" content=\"Regina Coeli\" \/>\n<meta property=\"og:url\" content=\"https:\/\/franciscanos.org.br\/noticias\/papa-colocar-se-a-disposicao-dos-outros-amando-nao-com-palavras-mas-com-fatos.html\" \/>\n<meta property=\"og:site_name\" content=\"Not\u00edcias - Franciscanos\" \/>\n<meta property=\"article:published_time\" content=\"2021-05-09T11:27:42+00:00\" \/>\n<meta property=\"og:image\" content=\"https:\/\/franciscanos.org.br\/noticias\/wp-content\/uploads\/2021\/05\/regina_09d.jpg\" \/>\n\t<meta property=\"og:image:width\" content=\"800\" \/>\n\t<meta property=\"og:image:height\" content=\"550\" \/>\n\t<meta property=\"og:image:type\" content=\"image\/jpeg\" \/>\n<meta name=\"author\" content=\"moacir\" \/>\n<meta name=\"twitter:card\" content=\"summary_large_image\" \/>\n<meta name=\"twitter:label1\" content=\"Escrito por\" \/>\n\t<meta name=\"twitter:data1\" content=\"moacir\" \/>\n\t<meta name=\"twitter:label2\" content=\"Est. tempo de leitura\" \/>\n\t<meta name=\"twitter:data2\" content=\"3 minutos\" \/>\n<script type=\"application\/ld+json\" class=\"yoast-schema-graph\">{\"@context\":\"https:\/\/schema.org\",\"@graph\":[{\"@type\":\"WebSite\",\"@id\":\"https:\/\/franciscanos.org.br\/noticias\/#website\",\"url\":\"https:\/\/franciscanos.org.br\/noticias\/\",\"name\":\"Not\u00edcias - Franciscanos\",\"description\":\"Prov\u00edncia Franciscana da Imaculada Concei\u00e7\u00e3o do Brasil - Ordem dos Frades Menores - OFM\",\"potentialAction\":[{\"@type\":\"SearchAction\",\"target\":{\"@type\":\"EntryPoint\",\"urlTemplate\":\"https:\/\/franciscanos.org.br\/noticias\/?s={search_term_string}\"},\"query-input\":\"required name=search_term_string\"}],\"inLanguage\":\"pt-BR\"},{\"@type\":\"ImageObject\",\"inLanguage\":\"pt-BR\",\"@id\":\"https:\/\/franciscanos.org.br\/noticias\/papa-colocar-se-a-disposicao-dos-outros-amando-nao-com-palavras-mas-com-fatos.html#primaryimage\",\"url\":\"https:\/\/franciscanos.org.br\/noticias\/wp-content\/uploads\/2021\/05\/regina_09d.jpg\",\"contentUrl\":\"https:\/\/franciscanos.org.br\/noticias\/wp-content\/uploads\/2021\/05\/regina_09d.jpg\",\"width\":800,\"height\":550},{\"@type\":\"WebPage\",\"@id\":\"https:\/\/franciscanos.org.br\/noticias\/papa-colocar-se-a-disposicao-dos-outros-amando-nao-com-palavras-mas-com-fatos.html#webpage\",\"url\":\"https:\/\/franciscanos.org.br\/noticias\/papa-colocar-se-a-disposicao-dos-outros-amando-nao-com-palavras-mas-com-fatos.html\",\"name\":\"Papa: colocar-se \u00e0 disposi\u00e7\u00e3o dos outros, amando n\u00e3o com palavras, mas com fatos - Not\u00edcias - Franciscanos\",\"isPartOf\":{\"@id\":\"https:\/\/franciscanos.org.br\/noticias\/#website\"},\"primaryImageOfPage\":{\"@id\":\"https:\/\/franciscanos.org.br\/noticias\/papa-colocar-se-a-disposicao-dos-outros-amando-nao-com-palavras-mas-com-fatos.html#primaryimage\"},\"datePublished\":\"2021-05-09T11:27:42+00:00\",\"dateModified\":\"2021-05-09T11:27:42+00:00\",\"author\":{\"@id\":\"https:\/\/franciscanos.org.br\/noticias\/#\/schema\/person\/b5c8cba458c330ccff548b056e95a5d4\"},\"breadcrumb\":{\"@id\":\"https:\/\/franciscanos.org.br\/noticias\/papa-colocar-se-a-disposicao-dos-outros-amando-nao-com-palavras-mas-com-fatos.html#breadcrumb\"},\"inLanguage\":\"pt-BR\",\"potentialAction\":[{\"@type\":\"ReadAction\",\"target\":[\"https:\/\/franciscanos.org.br\/noticias\/papa-colocar-se-a-disposicao-dos-outros-amando-nao-com-palavras-mas-com-fatos.html\"]}]},{\"@type\":\"BreadcrumbList\",\"@id\":\"https:\/\/franciscanos.org.br\/noticias\/papa-colocar-se-a-disposicao-dos-outros-amando-nao-com-palavras-mas-com-fatos.html#breadcrumb\",\"itemListElement\":[{\"@type\":\"ListItem\",\"position\":1,\"name\":\"Home\",\"item\":\"https:\/\/franciscanos.org.br\/noticias\"},{\"@type\":\"ListItem\",\"position\":2,\"name\":\"Papa: colocar-se \u00e0 disposi\u00e7\u00e3o dos outros, amando n\u00e3o com palavras, mas com fatos\"}]},{\"@type\":\"Person\",\"@id\":\"https:\/\/franciscanos.org.br\/noticias\/#\/schema\/person\/b5c8cba458c330ccff548b056e95a5d4\",\"name\":\"moacir\",\"image\":{\"@type\":\"ImageObject\",\"inLanguage\":\"pt-BR\",\"@id\":\"https:\/\/franciscanos.org.br\/noticias\/#\/schema\/person\/image\/\",\"url\":\"https:\/\/secure.gravatar.com\/avatar\/d08aa2ce4c8dd416d4479aa8536fcf64?s=96&d=mm&r=g\",\"contentUrl\":\"https:\/\/secure.gravatar.com\/avatar\/d08aa2ce4c8dd416d4479aa8536fcf64?s=96&d=mm&r=g\",\"caption\":\"moacir\"},\"url\":\"https:\/\/franciscanos.org.br\/noticias\/author\/moacir\"}]}<\/script>\n<!-- \/ Yoast SEO plugin. -->","yoast_head_json":{"title":"Papa: colocar-se \u00e0 disposi\u00e7\u00e3o dos outros, amando n\u00e3o com palavras, mas com fatos - Not\u00edcias - Franciscanos","robots":{"index":"index","follow":"follow","max-snippet":"max-snippet:-1","max-image-preview":"max-image-preview:large","max-video-preview":"max-video-preview:-1"},"canonical":"https:\/\/franciscanos.org.br\/noticias\/papa-colocar-se-a-disposicao-dos-outros-amando-nao-com-palavras-mas-com-fatos.html","og_locale":"pt_BR","og_type":"article","og_title":"Papa: colocar-se \u00e0 disposi\u00e7\u00e3o dos outros, amando n\u00e3o com palavras, mas com fatos - Not\u00edcias - Franciscanos","og_description":"Regina Coeli","og_url":"https:\/\/franciscanos.org.br\/noticias\/papa-colocar-se-a-disposicao-dos-outros-amando-nao-com-palavras-mas-com-fatos.html","og_site_name":"Not\u00edcias - Franciscanos","article_published_time":"2021-05-09T11:27:42+00:00","og_image":[{"width":800,"height":550,"url":"https:\/\/franciscanos.org.br\/noticias\/wp-content\/uploads\/2021\/05\/regina_09d.jpg","type":"image\/jpeg"}],"author":"moacir","twitter_card":"summary_large_image","twitter_misc":{"Escrito por":"moacir","Est. tempo de leitura":"3 minutos"},"schema":{"@context":"https:\/\/schema.org","@graph":[{"@type":"WebSite","@id":"https:\/\/franciscanos.org.br\/noticias\/#website","url":"https:\/\/franciscanos.org.br\/noticias\/","name":"Not\u00edcias - Franciscanos","description":"Prov\u00edncia Franciscana da Imaculada Concei\u00e7\u00e3o do Brasil - Ordem dos Frades Menores - OFM","potentialAction":[{"@type":"SearchAction","target":{"@type":"EntryPoint","urlTemplate":"https:\/\/franciscanos.org.br\/noticias\/?s={search_term_string}"},"query-input":"required name=search_term_string"}],"inLanguage":"pt-BR"},{"@type":"ImageObject","inLanguage":"pt-BR","@id":"https:\/\/franciscanos.org.br\/noticias\/papa-colocar-se-a-disposicao-dos-outros-amando-nao-com-palavras-mas-com-fatos.html#primaryimage","url":"https:\/\/franciscanos.org.br\/noticias\/wp-content\/uploads\/2021\/05\/regina_09d.jpg","contentUrl":"https:\/\/franciscanos.org.br\/noticias\/wp-content\/uploads\/2021\/05\/regina_09d.jpg","width":800,"height":550},{"@type":"WebPage","@id":"https:\/\/franciscanos.org.br\/noticias\/papa-colocar-se-a-disposicao-dos-outros-amando-nao-com-palavras-mas-com-fatos.html#webpage","url":"https:\/\/franciscanos.org.br\/noticias\/papa-colocar-se-a-disposicao-dos-outros-amando-nao-com-palavras-mas-com-fatos.html","name":"Papa: colocar-se \u00e0 disposi\u00e7\u00e3o dos outros, amando n\u00e3o com palavras, mas com fatos - Not\u00edcias - Franciscanos","isPartOf":{"@id":"https:\/\/franciscanos.org.br\/noticias\/#website"},"primaryImageOfPage":{"@id":"https:\/\/franciscanos.org.br\/noticias\/papa-colocar-se-a-disposicao-dos-outros-amando-nao-com-palavras-mas-com-fatos.html#primaryimage"},"datePublished":"2021-05-09T11:27:42+00:00","dateModified":"2021-05-09T11:27:42+00:00","author":{"@id":"https:\/\/franciscanos.org.br\/noticias\/#\/schema\/person\/b5c8cba458c330ccff548b056e95a5d4"},"breadcrumb":{"@id":"https:\/\/franciscanos.org.br\/noticias\/papa-colocar-se-a-disposicao-dos-outros-amando-nao-com-palavras-mas-com-fatos.html#breadcrumb"},"inLanguage":"pt-BR","potentialAction":[{"@type":"ReadAction","target":["https:\/\/franciscanos.org.br\/noticias\/papa-colocar-se-a-disposicao-dos-outros-amando-nao-com-palavras-mas-com-fatos.html"]}]},{"@type":"BreadcrumbList","@id":"https:\/\/franciscanos.org.br\/noticias\/papa-colocar-se-a-disposicao-dos-outros-amando-nao-com-palavras-mas-com-fatos.html#breadcrumb","itemListElement":[{"@type":"ListItem","position":1,"name":"Home","item":"https:\/\/franciscanos.org.br\/noticias"},{"@type":"ListItem","position":2,"name":"Papa: colocar-se \u00e0 disposi\u00e7\u00e3o dos outros, amando n\u00e3o com palavras, mas com fatos"}]},{"@type":"Person","@id":"https:\/\/franciscanos.org.br\/noticias\/#\/schema\/person\/b5c8cba458c330ccff548b056e95a5d4","name":"moacir","image":{"@type":"ImageObject","inLanguage":"pt-BR","@id":"https:\/\/franciscanos.org.br\/noticias\/#\/schema\/person\/image\/","url":"https:\/\/secure.gravatar.com\/avatar\/d08aa2ce4c8dd416d4479aa8536fcf64?s=96&d=mm&r=g","contentUrl":"https:\/\/secure.gravatar.com\/avatar\/d08aa2ce4c8dd416d4479aa8536fcf64?s=96&d=mm&r=g","caption":"moacir"},"url":"https:\/\/franciscanos.org.br\/noticias\/author\/moacir"}]}},"_links":{"self":[{"href":"https:\/\/franciscanos.org.br\/noticias\/wp-json\/wp\/v2\/posts\/231955"}],"collection":[{"href":"https:\/\/franciscanos.org.br\/noticias\/wp-json\/wp\/v2\/posts"}],"about":[{"href":"https:\/\/franciscanos.org.br\/noticias\/wp-json\/wp\/v2\/types\/post"}],"author":[{"embeddable":true,"href":"https:\/\/franciscanos.org.br\/noticias\/wp-json\/wp\/v2\/users\/3"}],"replies":[{"embeddable":true,"href":"https:\/\/franciscanos.org.br\/noticias\/wp-json\/wp\/v2\/comments?post=231955"}],"version-history":[{"count":1,"href":"https:\/\/franciscanos.org.br\/noticias\/wp-json\/wp\/v2\/posts\/231955\/revisions"}],"predecessor-version":[{"id":231958,"href":"https:\/\/franciscanos.org.br\/noticias\/wp-json\/wp\/v2\/posts\/231955\/revisions\/231958"}],"wp:featuredmedia":[{"embeddable":true,"href":"https:\/\/franciscanos.org.br\/noticias\/wp-json\/wp\/v2\/media\/231957"}],"wp:attachment":[{"href":"https:\/\/franciscanos.org.br\/noticias\/wp-json\/wp\/v2\/media?parent=231955"}],"wp:term":[{"taxonomy":"category","embeddable":true,"href":"https:\/\/franciscanos.org.br\/noticias\/wp-json\/wp\/v2\/categories?post=231955"},{"taxonomy":"post_tag","embeddable":true,"href":"https:\/\/franciscanos.org.br\/noticias\/wp-json\/wp\/v2\/tags?post=231955"}],"curies":[{"name":"wp","href":"https:\/\/api.w.org\/{rel}","templated":true}]}}