{"id":231949,"date":"2021-05-08T09:09:00","date_gmt":"2021-05-08T12:09:00","guid":{"rendered":"https:\/\/franciscanos.org.br\/noticias\/?p=231949"},"modified":"2021-05-08T09:10:13","modified_gmt":"2021-05-08T12:10:13","slug":"papa-vacinas-suspender-a-propriedade-intelectual-a-tempo","status":"publish","type":"post","link":"https:\/\/franciscanos.org.br\/noticias\/papa-vacinas-suspender-a-propriedade-intelectual-a-tempo.html","title":{"rendered":"Papa: vacinas, suspender a propriedade intelectual a tempo"},"content":{"rendered":"<p><img loading=\"lazy\" class=\"alignnone wp-image-231950 size-full\" src=\"https:\/\/franciscanos.org.br\/noticias\/wp-content\/uploads\/2021\/05\/show_01.jpg\" alt=\"\" width=\"1280\" height=\"720\" srcset=\"https:\/\/franciscanos.org.br\/noticias\/wp-content\/uploads\/2021\/05\/show_01.jpg 1280w, https:\/\/franciscanos.org.br\/noticias\/wp-content\/uploads\/2021\/05\/show_01-450x253.jpg 450w, https:\/\/franciscanos.org.br\/noticias\/wp-content\/uploads\/2021\/05\/show_01-1024x576.jpg 1024w, https:\/\/franciscanos.org.br\/noticias\/wp-content\/uploads\/2021\/05\/show_01-768x432.jpg 768w, https:\/\/franciscanos.org.br\/noticias\/wp-content\/uploads\/2021\/05\/show_01-150x84.jpg 150w\" sizes=\"(max-width: 1280px) 100vw, 1280px\" \/><\/p>\n<p>\u00c9 o tema do momento para a pol\u00edtica que deve se confrontar com a economia e os interesses. \u00c9 o tema de sempre de Francisco que olha constantemente para os seres humanos, especialmente se interessam a poucos. Los Angeles se ilumina para o show\u00a0 \u201cVax Live: The Concert to Reunite The World\u201d (\u201cO Concerto para Reunir o Mundo\u201d) no <em>YouTube e no Multishow<\/em><strong> (hoje, \u00e0s 21 horas)<\/strong>\u00a0que quer ter a for\u00e7a de um movimento de opini\u00e3o capaz de mudar o equil\u00edbrio na gest\u00e3o da campanha global contra a Covid nos pa\u00edses pobres. O Papa se une \u00e0s vozes das estrelas da m\u00fasica e do cinema e outros apoiadores de primeiro n\u00edvel, desde o presidente dos EUA, Biden, \u00e0 presidente da Comiss\u00e3o Europeia, Ursula von der Leyen, e ao primeiro-ministro italiano, Mario Draghi, no papel de presidente do G20.<\/p>\n<p>O show foi gravado diante de milhares de espectadores vacinados em um grande est\u00e1dio da Calif\u00f3rnia e vai ao ar na televis\u00e3o e no YouTube neste 8 de maio.<\/p>\n<p>O in\u00edcio da v\u00eddeomensagem de Francisco tem um toque de humor pessoal: &#8220;Recebam uma sauda\u00e7\u00e3o cordial deste idoso, que n\u00e3o dan\u00e7a nem canta como voc\u00eas&#8221;, e continua com a efic\u00e1cia de um magist\u00e9rio que, como sempre, abra\u00e7a o planeta at\u00e9 seus recantos abandonados: &#8220;A injusti\u00e7a e o mal n\u00e3o s\u00e3o invenc\u00edveis (&#8230;). Pe\u00e7o-lhes que n\u00e3o se esque\u00e7am dos mais vulner\u00e1veis&#8221;.<\/p>\n<p>Diante de tanta escurid\u00e3o e incerteza, precisamos de luz e esperan\u00e7a. Precisamos de caminhos de cura e salva\u00e7\u00e3o. Refiro-me a uma cura na raiz, que cura a causa do mal e n\u00e3o se limita apenas aos sintomas. Nessas ra\u00edzes doentes encontramos o v\u00edrus do individualismo, que n\u00e3o nos torna mais livres ou mais iguais, nem mais irm\u00e3os, mas nos transforma em pessoas que s\u00e3o indiferentes ao sofrimento dos outros.<\/p>\n<p><strong>O mercado que esmaga a sa\u00fade<\/strong><br \/>\nNuma conting\u00eancia pand\u00eamica na qual as &#8220;variantes&#8221; s\u00e3o temidas, o Papa identifica outro tipo. Uma &#8220;variante deste v\u00edrus&#8221;, diz ele, &#8220;\u00e9 o nacionalismo fechado, que impede, por exemplo, um internacionalismo das vacinas&#8221;. Mas n\u00e3o \u00e9 a \u00fanica.<\/p>\n<p>Outra variante \u00e9 quando colocamos as leis do mercado ou da propriedade intelectual acima das leis do amor e da sa\u00fade da humanidade. Outra variante \u00e9 quando acreditamos e fomentamos uma economia doente que permite que algumas pessoas muito ricas possuam mais do que todo o resto da humanidade, e que modelos de produ\u00e7\u00e3o e consumo destruam o planeta, nossa &#8220;casa comum&#8221;.<\/p>\n<p><strong>A justi\u00e7a tamb\u00e9m \u00e9 uma vacina para os pobres<\/strong><br \/>\n&#8220;Estas coisas&#8221;, prossegue Francisco, &#8220;est\u00e3o interligadas. Toda injusti\u00e7a social, toda marginaliza\u00e7\u00e3o de algu\u00e9m na pobreza ou na mis\u00e9ria tamb\u00e9m afeta o meio ambiente&#8221;. As Enc\u00edclicas Laudato si&#8217; e Fratelli tutti fazem igualmente refer\u00eancia a diversas considera\u00e7\u00f5es, que desta vez apontam diretamente ao pedido em torno do qual gira o evento californiano.<\/p>\n<p>Natureza e pessoa est\u00e3o unidas. Deus Criador infunde em nossos cora\u00e7\u00f5es um esp\u00edrito novo e generoso para abandonar os nossos individualismos e promover o bem comum: um esp\u00edrito de justi\u00e7a que nos mobiliza a garantir o acesso universal \u00e0s vacinas e a suspens\u00e3o tempor\u00e1ria dos direitos de propriedade intelectual; um esp\u00edrito de comunh\u00e3o que nos permite gerar um modelo econ\u00f4mico diferente, mais inclusivo, justo e sustent\u00e1vel.<\/p>\n<p>A ora\u00e7\u00e3o final do Papa \u00e9 a Deus &#8220;para que nos conceda o dom de uma nova fraternidade, de uma solidariedade universal e para que possamos reconhecer o bem e a beleza que Ele semeou em cada um de n\u00f3s, para fortalecer la\u00e7os de unidade, de projetos comuns e de esperan\u00e7as compartilhadas&#8221;.<\/p>\n<hr \/>\n<p><em>Fonte: Vatican News\u00a0<\/em><\/p>\n","protected":false},"excerpt":{"rendered":"<p>Papa Francisco<\/p>\n","protected":false},"author":3,"featured_media":231951,"comment_status":"open","ping_status":"open","sticky":false,"template":"","format":"standard","meta":[],"categories":[1428],"tags":[55],"acf":[],"yoast_head":"<!-- This site is optimized with the Yoast SEO plugin v19.2 - https:\/\/yoast.com\/wordpress\/plugins\/seo\/ -->\n<title>Papa: vacinas, suspender a propriedade intelectual a tempo - Not\u00edcias - Franciscanos<\/title>\n<meta name=\"robots\" content=\"index, follow, max-snippet:-1, max-image-preview:large, max-video-preview:-1\" \/>\n<link rel=\"canonical\" href=\"https:\/\/franciscanos.org.br\/noticias\/papa-vacinas-suspender-a-propriedade-intelectual-a-tempo.html\" \/>\n<meta property=\"og:locale\" content=\"pt_BR\" \/>\n<meta property=\"og:type\" content=\"article\" \/>\n<meta property=\"og:title\" content=\"Papa: vacinas, suspender a propriedade intelectual a tempo - Not\u00edcias - Franciscanos\" \/>\n<meta property=\"og:description\" content=\"Papa Francisco\" \/>\n<meta property=\"og:url\" content=\"https:\/\/franciscanos.org.br\/noticias\/papa-vacinas-suspender-a-propriedade-intelectual-a-tempo.html\" \/>\n<meta property=\"og:site_name\" content=\"Not\u00edcias - Franciscanos\" \/>\n<meta property=\"article:published_time\" content=\"2021-05-08T12:09:00+00:00\" \/>\n<meta property=\"article:modified_time\" content=\"2021-05-08T12:10:13+00:00\" \/>\n<meta property=\"og:image\" content=\"https:\/\/franciscanos.org.br\/noticias\/wp-content\/uploads\/2021\/05\/show_01d.jpg\" \/>\n\t<meta property=\"og:image:width\" content=\"800\" \/>\n\t<meta property=\"og:image:height\" content=\"550\" \/>\n\t<meta property=\"og:image:type\" content=\"image\/jpeg\" \/>\n<meta name=\"author\" content=\"moacir\" \/>\n<meta name=\"twitter:card\" content=\"summary_large_image\" \/>\n<meta name=\"twitter:label1\" content=\"Escrito por\" \/>\n\t<meta name=\"twitter:data1\" content=\"moacir\" \/>\n\t<meta name=\"twitter:label2\" content=\"Est. tempo de leitura\" \/>\n\t<meta name=\"twitter:data2\" content=\"3 minutos\" \/>\n<script type=\"application\/ld+json\" class=\"yoast-schema-graph\">{\"@context\":\"https:\/\/schema.org\",\"@graph\":[{\"@type\":\"WebSite\",\"@id\":\"https:\/\/franciscanos.org.br\/noticias\/#website\",\"url\":\"https:\/\/franciscanos.org.br\/noticias\/\",\"name\":\"Not\u00edcias - Franciscanos\",\"description\":\"Prov\u00edncia Franciscana da Imaculada Concei\u00e7\u00e3o do Brasil - Ordem dos Frades Menores - OFM\",\"potentialAction\":[{\"@type\":\"SearchAction\",\"target\":{\"@type\":\"EntryPoint\",\"urlTemplate\":\"https:\/\/franciscanos.org.br\/noticias\/?s={search_term_string}\"},\"query-input\":\"required name=search_term_string\"}],\"inLanguage\":\"pt-BR\"},{\"@type\":\"ImageObject\",\"inLanguage\":\"pt-BR\",\"@id\":\"https:\/\/franciscanos.org.br\/noticias\/papa-vacinas-suspender-a-propriedade-intelectual-a-tempo.html#primaryimage\",\"url\":\"https:\/\/franciscanos.org.br\/noticias\/wp-content\/uploads\/2021\/05\/show_01d.jpg\",\"contentUrl\":\"https:\/\/franciscanos.org.br\/noticias\/wp-content\/uploads\/2021\/05\/show_01d.jpg\",\"width\":800,\"height\":550},{\"@type\":\"WebPage\",\"@id\":\"https:\/\/franciscanos.org.br\/noticias\/papa-vacinas-suspender-a-propriedade-intelectual-a-tempo.html#webpage\",\"url\":\"https:\/\/franciscanos.org.br\/noticias\/papa-vacinas-suspender-a-propriedade-intelectual-a-tempo.html\",\"name\":\"Papa: vacinas, suspender a propriedade intelectual a tempo - Not\u00edcias - Franciscanos\",\"isPartOf\":{\"@id\":\"https:\/\/franciscanos.org.br\/noticias\/#website\"},\"primaryImageOfPage\":{\"@id\":\"https:\/\/franciscanos.org.br\/noticias\/papa-vacinas-suspender-a-propriedade-intelectual-a-tempo.html#primaryimage\"},\"datePublished\":\"2021-05-08T12:09:00+00:00\",\"dateModified\":\"2021-05-08T12:10:13+00:00\",\"author\":{\"@id\":\"https:\/\/franciscanos.org.br\/noticias\/#\/schema\/person\/b5c8cba458c330ccff548b056e95a5d4\"},\"breadcrumb\":{\"@id\":\"https:\/\/franciscanos.org.br\/noticias\/papa-vacinas-suspender-a-propriedade-intelectual-a-tempo.html#breadcrumb\"},\"inLanguage\":\"pt-BR\",\"potentialAction\":[{\"@type\":\"ReadAction\",\"target\":[\"https:\/\/franciscanos.org.br\/noticias\/papa-vacinas-suspender-a-propriedade-intelectual-a-tempo.html\"]}]},{\"@type\":\"BreadcrumbList\",\"@id\":\"https:\/\/franciscanos.org.br\/noticias\/papa-vacinas-suspender-a-propriedade-intelectual-a-tempo.html#breadcrumb\",\"itemListElement\":[{\"@type\":\"ListItem\",\"position\":1,\"name\":\"Home\",\"item\":\"https:\/\/franciscanos.org.br\/noticias\"},{\"@type\":\"ListItem\",\"position\":2,\"name\":\"Papa: vacinas, suspender a propriedade intelectual a tempo\"}]},{\"@type\":\"Person\",\"@id\":\"https:\/\/franciscanos.org.br\/noticias\/#\/schema\/person\/b5c8cba458c330ccff548b056e95a5d4\",\"name\":\"moacir\",\"image\":{\"@type\":\"ImageObject\",\"inLanguage\":\"pt-BR\",\"@id\":\"https:\/\/franciscanos.org.br\/noticias\/#\/schema\/person\/image\/\",\"url\":\"https:\/\/secure.gravatar.com\/avatar\/d08aa2ce4c8dd416d4479aa8536fcf64?s=96&d=mm&r=g\",\"contentUrl\":\"https:\/\/secure.gravatar.com\/avatar\/d08aa2ce4c8dd416d4479aa8536fcf64?s=96&d=mm&r=g\",\"caption\":\"moacir\"},\"url\":\"https:\/\/franciscanos.org.br\/noticias\/author\/moacir\"}]}<\/script>\n<!-- \/ Yoast SEO plugin. -->","yoast_head_json":{"title":"Papa: vacinas, suspender a propriedade intelectual a tempo - Not\u00edcias - Franciscanos","robots":{"index":"index","follow":"follow","max-snippet":"max-snippet:-1","max-image-preview":"max-image-preview:large","max-video-preview":"max-video-preview:-1"},"canonical":"https:\/\/franciscanos.org.br\/noticias\/papa-vacinas-suspender-a-propriedade-intelectual-a-tempo.html","og_locale":"pt_BR","og_type":"article","og_title":"Papa: vacinas, suspender a propriedade intelectual a tempo - Not\u00edcias - Franciscanos","og_description":"Papa Francisco","og_url":"https:\/\/franciscanos.org.br\/noticias\/papa-vacinas-suspender-a-propriedade-intelectual-a-tempo.html","og_site_name":"Not\u00edcias - Franciscanos","article_published_time":"2021-05-08T12:09:00+00:00","article_modified_time":"2021-05-08T12:10:13+00:00","og_image":[{"width":800,"height":550,"url":"https:\/\/franciscanos.org.br\/noticias\/wp-content\/uploads\/2021\/05\/show_01d.jpg","type":"image\/jpeg"}],"author":"moacir","twitter_card":"summary_large_image","twitter_misc":{"Escrito por":"moacir","Est. tempo de leitura":"3 minutos"},"schema":{"@context":"https:\/\/schema.org","@graph":[{"@type":"WebSite","@id":"https:\/\/franciscanos.org.br\/noticias\/#website","url":"https:\/\/franciscanos.org.br\/noticias\/","name":"Not\u00edcias - Franciscanos","description":"Prov\u00edncia Franciscana da Imaculada Concei\u00e7\u00e3o do Brasil - Ordem dos Frades Menores - OFM","potentialAction":[{"@type":"SearchAction","target":{"@type":"EntryPoint","urlTemplate":"https:\/\/franciscanos.org.br\/noticias\/?s={search_term_string}"},"query-input":"required name=search_term_string"}],"inLanguage":"pt-BR"},{"@type":"ImageObject","inLanguage":"pt-BR","@id":"https:\/\/franciscanos.org.br\/noticias\/papa-vacinas-suspender-a-propriedade-intelectual-a-tempo.html#primaryimage","url":"https:\/\/franciscanos.org.br\/noticias\/wp-content\/uploads\/2021\/05\/show_01d.jpg","contentUrl":"https:\/\/franciscanos.org.br\/noticias\/wp-content\/uploads\/2021\/05\/show_01d.jpg","width":800,"height":550},{"@type":"WebPage","@id":"https:\/\/franciscanos.org.br\/noticias\/papa-vacinas-suspender-a-propriedade-intelectual-a-tempo.html#webpage","url":"https:\/\/franciscanos.org.br\/noticias\/papa-vacinas-suspender-a-propriedade-intelectual-a-tempo.html","name":"Papa: vacinas, suspender a propriedade intelectual a tempo - Not\u00edcias - Franciscanos","isPartOf":{"@id":"https:\/\/franciscanos.org.br\/noticias\/#website"},"primaryImageOfPage":{"@id":"https:\/\/franciscanos.org.br\/noticias\/papa-vacinas-suspender-a-propriedade-intelectual-a-tempo.html#primaryimage"},"datePublished":"2021-05-08T12:09:00+00:00","dateModified":"2021-05-08T12:10:13+00:00","author":{"@id":"https:\/\/franciscanos.org.br\/noticias\/#\/schema\/person\/b5c8cba458c330ccff548b056e95a5d4"},"breadcrumb":{"@id":"https:\/\/franciscanos.org.br\/noticias\/papa-vacinas-suspender-a-propriedade-intelectual-a-tempo.html#breadcrumb"},"inLanguage":"pt-BR","potentialAction":[{"@type":"ReadAction","target":["https:\/\/franciscanos.org.br\/noticias\/papa-vacinas-suspender-a-propriedade-intelectual-a-tempo.html"]}]},{"@type":"BreadcrumbList","@id":"https:\/\/franciscanos.org.br\/noticias\/papa-vacinas-suspender-a-propriedade-intelectual-a-tempo.html#breadcrumb","itemListElement":[{"@type":"ListItem","position":1,"name":"Home","item":"https:\/\/franciscanos.org.br\/noticias"},{"@type":"ListItem","position":2,"name":"Papa: vacinas, suspender a propriedade intelectual a tempo"}]},{"@type":"Person","@id":"https:\/\/franciscanos.org.br\/noticias\/#\/schema\/person\/b5c8cba458c330ccff548b056e95a5d4","name":"moacir","image":{"@type":"ImageObject","inLanguage":"pt-BR","@id":"https:\/\/franciscanos.org.br\/noticias\/#\/schema\/person\/image\/","url":"https:\/\/secure.gravatar.com\/avatar\/d08aa2ce4c8dd416d4479aa8536fcf64?s=96&d=mm&r=g","contentUrl":"https:\/\/secure.gravatar.com\/avatar\/d08aa2ce4c8dd416d4479aa8536fcf64?s=96&d=mm&r=g","caption":"moacir"},"url":"https:\/\/franciscanos.org.br\/noticias\/author\/moacir"}]}},"_links":{"self":[{"href":"https:\/\/franciscanos.org.br\/noticias\/wp-json\/wp\/v2\/posts\/231949"}],"collection":[{"href":"https:\/\/franciscanos.org.br\/noticias\/wp-json\/wp\/v2\/posts"}],"about":[{"href":"https:\/\/franciscanos.org.br\/noticias\/wp-json\/wp\/v2\/types\/post"}],"author":[{"embeddable":true,"href":"https:\/\/franciscanos.org.br\/noticias\/wp-json\/wp\/v2\/users\/3"}],"replies":[{"embeddable":true,"href":"https:\/\/franciscanos.org.br\/noticias\/wp-json\/wp\/v2\/comments?post=231949"}],"version-history":[{"count":3,"href":"https:\/\/franciscanos.org.br\/noticias\/wp-json\/wp\/v2\/posts\/231949\/revisions"}],"predecessor-version":[{"id":231954,"href":"https:\/\/franciscanos.org.br\/noticias\/wp-json\/wp\/v2\/posts\/231949\/revisions\/231954"}],"wp:featuredmedia":[{"embeddable":true,"href":"https:\/\/franciscanos.org.br\/noticias\/wp-json\/wp\/v2\/media\/231951"}],"wp:attachment":[{"href":"https:\/\/franciscanos.org.br\/noticias\/wp-json\/wp\/v2\/media?parent=231949"}],"wp:term":[{"taxonomy":"category","embeddable":true,"href":"https:\/\/franciscanos.org.br\/noticias\/wp-json\/wp\/v2\/categories?post=231949"},{"taxonomy":"post_tag","embeddable":true,"href":"https:\/\/franciscanos.org.br\/noticias\/wp-json\/wp\/v2\/tags?post=231949"}],"curies":[{"name":"wp","href":"https:\/\/api.w.org\/{rel}","templated":true}]}}