{"id":231924,"date":"2021-05-07T21:22:09","date_gmt":"2021-05-08T00:22:09","guid":{"rendered":"https:\/\/franciscanos.org.br\/noticias\/?p=231924"},"modified":"2021-05-17T07:51:55","modified_gmt":"2021-05-17T10:51:55","slug":"celebracao-do-ano-jubilar-recorda-os-primeiros-25-anos-da-igreja-do-sagrado","status":"publish","type":"post","link":"https:\/\/franciscanos.org.br\/noticias\/celebracao-do-ano-jubilar-recorda-os-primeiros-25-anos-da-igreja-do-sagrado.html","title":{"rendered":"Celebra\u00e7\u00e3o do Ano Jubilar recorda os primeiros 25 anos da Igreja do Sagrado"},"content":{"rendered":"<p><img loading=\"lazy\" class=\"alignnone wp-image-231925 size-full\" src=\"https:\/\/franciscanos.org.br\/noticias\/wp-content\/uploads\/2021\/05\/petropolis_01.jpg\" alt=\"\" width=\"1280\" height=\"720\" srcset=\"https:\/\/franciscanos.org.br\/noticias\/wp-content\/uploads\/2021\/05\/petropolis_01.jpg 1280w, https:\/\/franciscanos.org.br\/noticias\/wp-content\/uploads\/2021\/05\/petropolis_01-450x253.jpg 450w, https:\/\/franciscanos.org.br\/noticias\/wp-content\/uploads\/2021\/05\/petropolis_01-1024x576.jpg 1024w, https:\/\/franciscanos.org.br\/noticias\/wp-content\/uploads\/2021\/05\/petropolis_01-768x432.jpg 768w, https:\/\/franciscanos.org.br\/noticias\/wp-content\/uploads\/2021\/05\/petropolis_01-150x84.jpg 150w\" sizes=\"(max-width: 1280px) 100vw, 1280px\" \/><\/p>\n<p><strong>Petr\u00f3polis (RJ) \u2013 <\/strong>\u201cQue possamos tamb\u00e9m fazer parte da constru\u00e7\u00e3o espiritual que \u00e9 a Igreja de Deus. Que possamos acreditar, com coragem e perseveran\u00e7a, na f\u00e9 e assim realizar a obra de Deus em nossas vidas, em nossas fam\u00edlias e na vida da Igreja\u201d. Foi com essa motiva\u00e7\u00e3o que o p\u00e1roco da Par\u00f3quia do Sagrado Cora\u00e7\u00e3o de Jesus de Petr\u00f3polis (RJ), Frei Jorge Paulo Schiavini, presidiu a Celebra\u00e7\u00e3o Eucar\u00edstica das 18 horas desta sexta-feira (7\/05), em mem\u00f3ria dos primeiros 25 anos da Igreja do Sagrado Cora\u00e7\u00e3o de Jesus e dos 125 anos dos franciscanos na Cidade Imperial.\u00a0 As irm\u00e3s do Amparo animaram a celebra\u00e7\u00e3o que foi transmitida pelo <em>Facebook e YouTube<\/em> da Par\u00f3quia.<\/p>\n<p>Desde fevereiro de 2021, os frades do Convento e da Par\u00f3quia do Sagrado est\u00e3o celebrando o Ano Jubilar. Toda 1\u00aa sexta-feira do m\u00eas, as celebra\u00e7\u00f5es que j\u00e1 eram em honra ao Padroeiro, o Sagrado Cora\u00e7\u00e3o de Jesus, ganharam um destaque especial e nesta sexta-feira n\u00e3o foi diferente. No coment\u00e1rio inicial, a catequista M\u00f4nica Jochem deu a t\u00f4nica da celebra\u00e7\u00e3o apresentando as motiva\u00e7\u00f5es e inten\u00e7\u00f5es para a celebra\u00e7\u00e3o. \u201cTrazemos presente hoje a hist\u00f3ria de nossa Par\u00f3quia que tem como sede a Igreja do Sagrado Cora\u00e7\u00e3o de Jesus, constru\u00edda em 1874, por grande dedica\u00e7\u00e3o e esfor\u00e7o dos colonos alem\u00e3es que vieram para construir a cidade de Petr\u00f3polis e para construir uma vida melhor para suas fam\u00edlias nesta cidade. Trazemos presente todos que ajudaram a construir esse templo e os que continuam a conserv\u00e1-lo material e espiritualmente\u201d.<\/p>\n<div id=\"attachment_231928\" style=\"width: 543px\" class=\"wp-caption alignleft\"><img aria-describedby=\"caption-attachment-231928\" loading=\"lazy\" class=\"wp-image-231928\" src=\"https:\/\/franciscanos.org.br\/noticias\/wp-content\/uploads\/2021\/05\/petropolis_02-450x309.jpg\" alt=\"\" width=\"533\" height=\"366\" srcset=\"https:\/\/franciscanos.org.br\/noticias\/wp-content\/uploads\/2021\/05\/petropolis_02-450x309.jpg 450w, https:\/\/franciscanos.org.br\/noticias\/wp-content\/uploads\/2021\/05\/petropolis_02-150x103.jpg 150w, https:\/\/franciscanos.org.br\/noticias\/wp-content\/uploads\/2021\/05\/petropolis_02-320x220.jpg 320w, https:\/\/franciscanos.org.br\/noticias\/wp-content\/uploads\/2021\/05\/petropolis_02.jpg 600w\" sizes=\"(max-width: 533px) 100vw, 533px\" \/><p id=\"caption-attachment-231928\" class=\"wp-caption-text\"><em>Interior da igreja em 1903. Do lado direito, a igreja primitiva.<\/em><\/p><\/div>\n<p><img loading=\"lazy\" class=\"wp-image-231927 alignright\" src=\"https:\/\/franciscanos.org.br\/noticias\/wp-content\/uploads\/2021\/05\/petropolis_03-447x450.jpg\" alt=\"\" width=\"346\" height=\"348\" srcset=\"https:\/\/franciscanos.org.br\/noticias\/wp-content\/uploads\/2021\/05\/petropolis_03-447x450.jpg 447w, https:\/\/franciscanos.org.br\/noticias\/wp-content\/uploads\/2021\/05\/petropolis_03-150x151.jpg 150w, https:\/\/franciscanos.org.br\/noticias\/wp-content\/uploads\/2021\/05\/petropolis_03-100x100.jpg 100w, https:\/\/franciscanos.org.br\/noticias\/wp-content\/uploads\/2021\/05\/petropolis_03.jpg 600w\" sizes=\"(max-width: 346px) 100vw, 346px\" \/><\/p>\n<p>Na homilia, Frei Jorge recorreu as cr\u00f4nicas do convento para fazer sua reflex\u00e3o. Segundo ele, ao se olhar para o in\u00edcio, encontram-se muitos registros da constru\u00e7\u00e3o de uma Igreja que n\u00e3o \u00e9 somente material, mas tamb\u00e9m espiritual. \u201cNa constru\u00e7\u00e3o de uma Igreja, se realiza a constru\u00e7\u00e3o de la\u00e7os de f\u00e9, a constru\u00e7\u00e3o de uma hist\u00f3ria de vida com Deus e a partir de Deus e se realiza o que n\u00f3s ouvimos no Evangelho: uma Igreja viva constru\u00edda na \u2018f\u00e9 em Jesus Cristo e de seu amor incondicional por todos n\u00f3s\u2019. Aquele amor que \u00e9 capaz de entregar a pr\u00f3pria vida\u201d, frisou.<\/p>\n<p>O p\u00e1roco explicou que um grande n\u00famero de colonos alem\u00e3es chegou em 29 de junho de 1845, para construir a cidade de Petr\u00f3polis. Segundo ele, esses colonizadores precisavam de um sacerdote que soubesse falar a l\u00edngua alem\u00e3 e, com isso, desse uma assist\u00eancia espiritual mais adequada. Foi por isso que Padre Theodoro Esch veio da Bahia para Petr\u00f3polis. Logo no in\u00edcio, fundou uma escola de crian\u00e7as e uma sociedade de coro para os homens. \u201cCom a chegada do Pe. Esch cresceu a ideia da constru\u00e7\u00e3o de uma igreja pr\u00f3pria, ainda mais porque descobriram que o contrato de imigra\u00e7\u00e3o prometia a cess\u00e3o de um terreno para a constru\u00e7\u00e3o de um templo\u201d, disse, acrescentando: \u201cDepois de muitas negocia\u00e7\u00f5es com a C\u00e2mara Municipal e com o apoio do Imperador, decidiu-se ceder para a constru\u00e7\u00e3o da igreja o terreno que dava de frente com a escola do Pe. Esch, ocupado at\u00e9 ent\u00e3o pelo Cemit\u00e9rio Municipal\u201d, contou.<\/p>\n<p>Frei Jorge certificou que, para a constru\u00e7\u00e3o da Igreja do Sagrado, houve muitas doa\u00e7\u00f5es de fam\u00edlias dos colonos alem\u00e3es, autoridades, fazendeiros e muitas pessoas de boa vontade. Segundo ele, Pe. Esch motivou as pessoas escrevendo cartas em portugu\u00eas, em alem\u00e3o, enviando para muitos lugares. O presidente da celebra\u00e7\u00e3o leu um trecho da carta, que assim diz: \u201cOs alem\u00e3es cat\u00f3licos residentes na cidade de Petr\u00f3polis, tendo obtido pela generosidade de Sua Majestade o Imperador e pela benevol\u00eancia da atual C\u00e2mara Municipal desta cidade o terreno do antigo cemit\u00e9rio para construir-se ali uma capela, um edif\u00edcio para uma escola e outro para a resid\u00eancia do respectivo p\u00e1roco alem\u00e3o, tem resolvido abrir uma subscri\u00e7\u00e3o em favor da realiza\u00e7\u00e3o desse projeto, e vem com a presente carta se dirigir a todos os que dotados de bens de fortuna e de generosidade de sentimentos quiserem contribuir com o seu \u00f3bolo para essa obra humanit\u00e1ria e religiosa\u201d.<\/p>\n<p><img loading=\"lazy\" class=\"alignnone wp-image-231929 size-full\" src=\"https:\/\/franciscanos.org.br\/noticias\/wp-content\/uploads\/2021\/05\/petropolis_04.jpg\" alt=\"\" width=\"958\" height=\"1280\" srcset=\"https:\/\/franciscanos.org.br\/noticias\/wp-content\/uploads\/2021\/05\/petropolis_04.jpg 958w, https:\/\/franciscanos.org.br\/noticias\/wp-content\/uploads\/2021\/05\/petropolis_04-337x450.jpg 337w, https:\/\/franciscanos.org.br\/noticias\/wp-content\/uploads\/2021\/05\/petropolis_04-766x1024.jpg 766w, https:\/\/franciscanos.org.br\/noticias\/wp-content\/uploads\/2021\/05\/petropolis_04-768x1026.jpg 768w, https:\/\/franciscanos.org.br\/noticias\/wp-content\/uploads\/2021\/05\/petropolis_04-150x200.jpg 150w\" sizes=\"(max-width: 958px) 100vw, 958px\" \/><\/p>\n<p>O presidente da celebra\u00e7\u00e3o ressaltou que a Igreja do Sagrado foi constru\u00edda muito rapidamente, com um pouco mais de um ano. Foi inaugurada no dia 8 de setembro de 1874. Com a sa\u00edda de Pe. Esch, ficou comprometido o servi\u00e7o religioso na Igreja do Sagrado. Neste tempo, um padre alem\u00e3o de fora, e mais adiante outros padres que j\u00e1 tinham outras atribui\u00e7\u00f5es, conduziram os servi\u00e7os da Igreja. Foi ent\u00e3o que o Monsenhor Jo\u00e3o B. Guidi, posteriormente, assumiu o cuidado pastoral da Igreja do Sagrado com intenso cuidado na celebra\u00e7\u00e3o dos sacramentos, catequese e visita aos enfermos. Este dirigiu-se aos franciscanos alem\u00e3es que recentemente haviam vindo para o Brasil, para assumirem a Igreja do Sagrado, o que aconteceu somente em 1895.<\/p>\n<p>Frei Jorge evidenciou que, com a chegada dos franciscanos, em 16 de janeiro de 1896, a Igreja foi ampliada e reformada, chegando aos poucos \u00e0s dimens\u00f5es atuais. \u201cDestaco o generoso apoio da Ordem Franciscana Secular, que desde o in\u00edcio colaborou nas reformas e amplia\u00e7\u00f5es da Igreja\u201d, frisou.<\/p>\n<p><img loading=\"lazy\" class=\"alignnone wp-image-231930 size-full\" src=\"https:\/\/franciscanos.org.br\/noticias\/wp-content\/uploads\/2021\/05\/petropolis_04-1.jpg\" alt=\"\" width=\"1280\" height=\"720\" srcset=\"https:\/\/franciscanos.org.br\/noticias\/wp-content\/uploads\/2021\/05\/petropolis_04-1.jpg 1280w, https:\/\/franciscanos.org.br\/noticias\/wp-content\/uploads\/2021\/05\/petropolis_04-1-450x253.jpg 450w, https:\/\/franciscanos.org.br\/noticias\/wp-content\/uploads\/2021\/05\/petropolis_04-1-1024x576.jpg 1024w, https:\/\/franciscanos.org.br\/noticias\/wp-content\/uploads\/2021\/05\/petropolis_04-1-768x432.jpg 768w, https:\/\/franciscanos.org.br\/noticias\/wp-content\/uploads\/2021\/05\/petropolis_04-1-150x84.jpg 150w\" sizes=\"(max-width: 1280px) 100vw, 1280px\" \/><\/p>\n<p><strong>CENTRO DE IRRADIA\u00c7\u00c3O DO CARISMA FRANCISCANO<\/strong><\/p>\n<p>Para o p\u00e1roco, a Igreja do Sagrado se tornou um centro de irradia\u00e7\u00e3o de religiosidade, com as muitas atividades religiosas que eram desenvolvidas. \u201cIsso aconteceu porque j\u00e1 havia um esp\u00edrito profundamente religioso nos habitantes de Petr\u00f3polis. Na Igreja do Sagrado eram celebradas um grande n\u00famero de missas, confiss\u00f5es e outras atividades. A partir do Sagrado, os franciscanos davam atendimento religioso ao Hospital Santa Teresa. Tamb\u00e9m cuidavam do Santu\u00e1rio Santo Ant\u00f4nio, no Alto da Serra, da Capela de Nossa Senhora Auxiliadora, no Bingen, da Escola do Amparo e a da ent\u00e3o capela de Cascatinha e, esporadicamente, de outras igrejas de Petr\u00f3polis. Na Baixada Fluminense atendiam a Igreja do Pilar, Inhomerim e Mau\u00e1. Tamb\u00e9m tinham presen\u00e7a em Raiz da Serra\u201d, apontou.<\/p>\n<p>Segundo o guardi\u00e3o, desde o in\u00edcio os franciscanos cultivaram a devo\u00e7\u00e3o a Santo Ant\u00f4nio, com b\u00ean\u00e7\u00e3o pr\u00f3pria no final da missa de ter\u00e7a-feira e com outros hor\u00e1rios exclusivos para a celebra\u00e7\u00e3o da b\u00ean\u00e7\u00e3o. \u201cNa \u00e9poca, os fi\u00e9is lucravam indulg\u00eancia plen\u00e1ria, com a participa\u00e7\u00e3o na celebra\u00e7\u00e3o da b\u00ean\u00e7\u00e3o de Santo Ant\u00f4nio\u201d, informou.<\/p>\n<p>Encerrando sua reflex\u00e3o, Frei Jorge apresentou algumas curiosidade das associa\u00e7\u00f5es que floresceram \u00e0 sombra da Igreja do Sagrado. \u201cA Ordem III de S\u00e3o Francisco foi fundada em 1896 e em 1924 j\u00e1 contava com 400 membros. O Apostolado da Ora\u00e7\u00e3o, fundado em 1898, chegou a ter 600 membros em 1924. A Congrega\u00e7\u00e3o Mariana que foi fundada em 1915, acumulou 144 congregados em 1924\u201d, disse. \u00a0\u201cA escola para crian\u00e7as pobres, que foi um dos objetivos desde a constru\u00e7\u00e3o da Igreja, permaneceu fechada por alguns anos e com a chegada dos franciscanos foi reaberta. Foi preparado um local apropriado em 1897, pelos franciscanos, j\u00e1 admitindo 171 alunos no andar t\u00e9rreo do antigo convento\u201d, acrescentou.<\/p>\n<p><img loading=\"lazy\" class=\"alignnone wp-image-231931 size-full\" src=\"https:\/\/franciscanos.org.br\/noticias\/wp-content\/uploads\/2021\/05\/petropolis_05.jpg\" alt=\"\" width=\"1280\" height=\"853\" srcset=\"https:\/\/franciscanos.org.br\/noticias\/wp-content\/uploads\/2021\/05\/petropolis_05.jpg 1280w, https:\/\/franciscanos.org.br\/noticias\/wp-content\/uploads\/2021\/05\/petropolis_05-450x300.jpg 450w, https:\/\/franciscanos.org.br\/noticias\/wp-content\/uploads\/2021\/05\/petropolis_05-1024x682.jpg 1024w, https:\/\/franciscanos.org.br\/noticias\/wp-content\/uploads\/2021\/05\/petropolis_05-768x512.jpg 768w, https:\/\/franciscanos.org.br\/noticias\/wp-content\/uploads\/2021\/05\/petropolis_05-150x100.jpg 150w\" sizes=\"(max-width: 1280px) 100vw, 1280px\" \/><\/p>\n<p>\u201cQue possamos tamb\u00e9m \u00a0fazer parte da constru\u00e7\u00e3o espiritual que \u00e9 a Igreja de Deus, animados pelo pr\u00f3prio Jesus Cristo e alimentados pela presen\u00e7a do Esp\u00edrito Santo que est\u00e1 em n\u00f3s e presente na comunidade reunida. Que possamos, a exemplo dos primeiros que aqui chegaram, cultivar a coragem, a perseveran\u00e7a na f\u00e9 e assim realizar a obra de Deus em nossas vidas, em nossas fam\u00edlias e na vida da Igreja\u201d, concluiu.<\/p>\n<p>Ap\u00f3s a homilia, a celebra\u00e7\u00e3o teve continuidade com as preces seguidamente da liturgia eucar\u00edstica. No final, Frei Jorge agradeceu a presen\u00e7a de todos e rezou pelas fam\u00edlias enlutadas. A pr\u00f3xima celebra\u00e7\u00e3o do Ano Jubilar ser\u00e1 no dia 19 de maio, \u00e0s 18 horas, data da instala\u00e7\u00e3o da Igreja do Sagrado.<\/p>\n<hr \/>\n<p><strong><em>Frei Augusto Luiz Gabriel<\/em><\/strong><\/p>\n","protected":false},"excerpt":{"rendered":"<p>Par\u00f3quia do Sagrado de Petr\u00f3polis<\/p>\n","protected":false},"author":3,"featured_media":231926,"comment_status":"open","ping_status":"open","sticky":false,"template":"","format":"standard","meta":[],"categories":[1],"tags":[1766,190],"acf":[],"yoast_head":"<!-- This site is optimized with the Yoast SEO plugin v19.2 - https:\/\/yoast.com\/wordpress\/plugins\/seo\/ -->\n<title>Celebra\u00e7\u00e3o do Ano Jubilar recorda os primeiros 25 anos da Igreja do Sagrado - Not\u00edcias - Franciscanos<\/title>\n<meta name=\"robots\" content=\"index, follow, max-snippet:-1, max-image-preview:large, max-video-preview:-1\" \/>\n<link rel=\"canonical\" href=\"https:\/\/franciscanos.org.br\/noticias\/celebracao-do-ano-jubilar-recorda-os-primeiros-25-anos-da-igreja-do-sagrado.html\" \/>\n<meta property=\"og:locale\" content=\"pt_BR\" \/>\n<meta property=\"og:type\" content=\"article\" \/>\n<meta property=\"og:title\" content=\"Celebra\u00e7\u00e3o do Ano Jubilar recorda os primeiros 25 anos da Igreja do Sagrado - Not\u00edcias - Franciscanos\" \/>\n<meta property=\"og:description\" content=\"Par\u00f3quia do Sagrado de Petr\u00f3polis\" \/>\n<meta property=\"og:url\" content=\"https:\/\/franciscanos.org.br\/noticias\/celebracao-do-ano-jubilar-recorda-os-primeiros-25-anos-da-igreja-do-sagrado.html\" \/>\n<meta property=\"og:site_name\" content=\"Not\u00edcias - Franciscanos\" \/>\n<meta property=\"article:published_time\" content=\"2021-05-08T00:22:09+00:00\" \/>\n<meta property=\"article:modified_time\" content=\"2021-05-17T10:51:55+00:00\" \/>\n<meta property=\"og:image\" content=\"https:\/\/franciscanos.org.br\/noticias\/wp-content\/uploads\/2021\/05\/petropolis_01d.jpg\" \/>\n\t<meta property=\"og:image:width\" content=\"800\" \/>\n\t<meta property=\"og:image:height\" content=\"550\" \/>\n\t<meta property=\"og:image:type\" content=\"image\/jpeg\" \/>\n<meta name=\"author\" content=\"moacir\" \/>\n<meta name=\"twitter:card\" content=\"summary_large_image\" \/>\n<meta name=\"twitter:label1\" content=\"Escrito por\" \/>\n\t<meta name=\"twitter:data1\" content=\"moacir\" \/>\n\t<meta name=\"twitter:label2\" content=\"Est. tempo de leitura\" \/>\n\t<meta name=\"twitter:data2\" content=\"7 minutos\" \/>\n<script type=\"application\/ld+json\" class=\"yoast-schema-graph\">{\"@context\":\"https:\/\/schema.org\",\"@graph\":[{\"@type\":\"WebSite\",\"@id\":\"https:\/\/franciscanos.org.br\/noticias\/#website\",\"url\":\"https:\/\/franciscanos.org.br\/noticias\/\",\"name\":\"Not\u00edcias - Franciscanos\",\"description\":\"Prov\u00edncia Franciscana da Imaculada Concei\u00e7\u00e3o do Brasil - Ordem dos Frades Menores - OFM\",\"potentialAction\":[{\"@type\":\"SearchAction\",\"target\":{\"@type\":\"EntryPoint\",\"urlTemplate\":\"https:\/\/franciscanos.org.br\/noticias\/?s={search_term_string}\"},\"query-input\":\"required name=search_term_string\"}],\"inLanguage\":\"pt-BR\"},{\"@type\":\"ImageObject\",\"inLanguage\":\"pt-BR\",\"@id\":\"https:\/\/franciscanos.org.br\/noticias\/celebracao-do-ano-jubilar-recorda-os-primeiros-25-anos-da-igreja-do-sagrado.html#primaryimage\",\"url\":\"https:\/\/franciscanos.org.br\/noticias\/wp-content\/uploads\/2021\/05\/petropolis_01d.jpg\",\"contentUrl\":\"https:\/\/franciscanos.org.br\/noticias\/wp-content\/uploads\/2021\/05\/petropolis_01d.jpg\",\"width\":800,\"height\":550},{\"@type\":\"WebPage\",\"@id\":\"https:\/\/franciscanos.org.br\/noticias\/celebracao-do-ano-jubilar-recorda-os-primeiros-25-anos-da-igreja-do-sagrado.html#webpage\",\"url\":\"https:\/\/franciscanos.org.br\/noticias\/celebracao-do-ano-jubilar-recorda-os-primeiros-25-anos-da-igreja-do-sagrado.html\",\"name\":\"Celebra\u00e7\u00e3o do Ano Jubilar recorda os primeiros 25 anos da Igreja do Sagrado - Not\u00edcias - Franciscanos\",\"isPartOf\":{\"@id\":\"https:\/\/franciscanos.org.br\/noticias\/#website\"},\"primaryImageOfPage\":{\"@id\":\"https:\/\/franciscanos.org.br\/noticias\/celebracao-do-ano-jubilar-recorda-os-primeiros-25-anos-da-igreja-do-sagrado.html#primaryimage\"},\"datePublished\":\"2021-05-08T00:22:09+00:00\",\"dateModified\":\"2021-05-17T10:51:55+00:00\",\"author\":{\"@id\":\"https:\/\/franciscanos.org.br\/noticias\/#\/schema\/person\/b5c8cba458c330ccff548b056e95a5d4\"},\"breadcrumb\":{\"@id\":\"https:\/\/franciscanos.org.br\/noticias\/celebracao-do-ano-jubilar-recorda-os-primeiros-25-anos-da-igreja-do-sagrado.html#breadcrumb\"},\"inLanguage\":\"pt-BR\",\"potentialAction\":[{\"@type\":\"ReadAction\",\"target\":[\"https:\/\/franciscanos.org.br\/noticias\/celebracao-do-ano-jubilar-recorda-os-primeiros-25-anos-da-igreja-do-sagrado.html\"]}]},{\"@type\":\"BreadcrumbList\",\"@id\":\"https:\/\/franciscanos.org.br\/noticias\/celebracao-do-ano-jubilar-recorda-os-primeiros-25-anos-da-igreja-do-sagrado.html#breadcrumb\",\"itemListElement\":[{\"@type\":\"ListItem\",\"position\":1,\"name\":\"Home\",\"item\":\"https:\/\/franciscanos.org.br\/noticias\"},{\"@type\":\"ListItem\",\"position\":2,\"name\":\"Celebra\u00e7\u00e3o do Ano Jubilar recorda os primeiros 25 anos da Igreja do Sagrado\"}]},{\"@type\":\"Person\",\"@id\":\"https:\/\/franciscanos.org.br\/noticias\/#\/schema\/person\/b5c8cba458c330ccff548b056e95a5d4\",\"name\":\"moacir\",\"image\":{\"@type\":\"ImageObject\",\"inLanguage\":\"pt-BR\",\"@id\":\"https:\/\/franciscanos.org.br\/noticias\/#\/schema\/person\/image\/\",\"url\":\"https:\/\/secure.gravatar.com\/avatar\/d08aa2ce4c8dd416d4479aa8536fcf64?s=96&d=mm&r=g\",\"contentUrl\":\"https:\/\/secure.gravatar.com\/avatar\/d08aa2ce4c8dd416d4479aa8536fcf64?s=96&d=mm&r=g\",\"caption\":\"moacir\"},\"url\":\"https:\/\/franciscanos.org.br\/noticias\/author\/moacir\"}]}<\/script>\n<!-- \/ Yoast SEO plugin. -->","yoast_head_json":{"title":"Celebra\u00e7\u00e3o do Ano Jubilar recorda os primeiros 25 anos da Igreja do Sagrado - Not\u00edcias - Franciscanos","robots":{"index":"index","follow":"follow","max-snippet":"max-snippet:-1","max-image-preview":"max-image-preview:large","max-video-preview":"max-video-preview:-1"},"canonical":"https:\/\/franciscanos.org.br\/noticias\/celebracao-do-ano-jubilar-recorda-os-primeiros-25-anos-da-igreja-do-sagrado.html","og_locale":"pt_BR","og_type":"article","og_title":"Celebra\u00e7\u00e3o do Ano Jubilar recorda os primeiros 25 anos da Igreja do Sagrado - Not\u00edcias - Franciscanos","og_description":"Par\u00f3quia do Sagrado de Petr\u00f3polis","og_url":"https:\/\/franciscanos.org.br\/noticias\/celebracao-do-ano-jubilar-recorda-os-primeiros-25-anos-da-igreja-do-sagrado.html","og_site_name":"Not\u00edcias - Franciscanos","article_published_time":"2021-05-08T00:22:09+00:00","article_modified_time":"2021-05-17T10:51:55+00:00","og_image":[{"width":800,"height":550,"url":"https:\/\/franciscanos.org.br\/noticias\/wp-content\/uploads\/2021\/05\/petropolis_01d.jpg","type":"image\/jpeg"}],"author":"moacir","twitter_card":"summary_large_image","twitter_misc":{"Escrito por":"moacir","Est. tempo de leitura":"7 minutos"},"schema":{"@context":"https:\/\/schema.org","@graph":[{"@type":"WebSite","@id":"https:\/\/franciscanos.org.br\/noticias\/#website","url":"https:\/\/franciscanos.org.br\/noticias\/","name":"Not\u00edcias - Franciscanos","description":"Prov\u00edncia Franciscana da Imaculada Concei\u00e7\u00e3o do Brasil - Ordem dos Frades Menores - OFM","potentialAction":[{"@type":"SearchAction","target":{"@type":"EntryPoint","urlTemplate":"https:\/\/franciscanos.org.br\/noticias\/?s={search_term_string}"},"query-input":"required name=search_term_string"}],"inLanguage":"pt-BR"},{"@type":"ImageObject","inLanguage":"pt-BR","@id":"https:\/\/franciscanos.org.br\/noticias\/celebracao-do-ano-jubilar-recorda-os-primeiros-25-anos-da-igreja-do-sagrado.html#primaryimage","url":"https:\/\/franciscanos.org.br\/noticias\/wp-content\/uploads\/2021\/05\/petropolis_01d.jpg","contentUrl":"https:\/\/franciscanos.org.br\/noticias\/wp-content\/uploads\/2021\/05\/petropolis_01d.jpg","width":800,"height":550},{"@type":"WebPage","@id":"https:\/\/franciscanos.org.br\/noticias\/celebracao-do-ano-jubilar-recorda-os-primeiros-25-anos-da-igreja-do-sagrado.html#webpage","url":"https:\/\/franciscanos.org.br\/noticias\/celebracao-do-ano-jubilar-recorda-os-primeiros-25-anos-da-igreja-do-sagrado.html","name":"Celebra\u00e7\u00e3o do Ano Jubilar recorda os primeiros 25 anos da Igreja do Sagrado - Not\u00edcias - Franciscanos","isPartOf":{"@id":"https:\/\/franciscanos.org.br\/noticias\/#website"},"primaryImageOfPage":{"@id":"https:\/\/franciscanos.org.br\/noticias\/celebracao-do-ano-jubilar-recorda-os-primeiros-25-anos-da-igreja-do-sagrado.html#primaryimage"},"datePublished":"2021-05-08T00:22:09+00:00","dateModified":"2021-05-17T10:51:55+00:00","author":{"@id":"https:\/\/franciscanos.org.br\/noticias\/#\/schema\/person\/b5c8cba458c330ccff548b056e95a5d4"},"breadcrumb":{"@id":"https:\/\/franciscanos.org.br\/noticias\/celebracao-do-ano-jubilar-recorda-os-primeiros-25-anos-da-igreja-do-sagrado.html#breadcrumb"},"inLanguage":"pt-BR","potentialAction":[{"@type":"ReadAction","target":["https:\/\/franciscanos.org.br\/noticias\/celebracao-do-ano-jubilar-recorda-os-primeiros-25-anos-da-igreja-do-sagrado.html"]}]},{"@type":"BreadcrumbList","@id":"https:\/\/franciscanos.org.br\/noticias\/celebracao-do-ano-jubilar-recorda-os-primeiros-25-anos-da-igreja-do-sagrado.html#breadcrumb","itemListElement":[{"@type":"ListItem","position":1,"name":"Home","item":"https:\/\/franciscanos.org.br\/noticias"},{"@type":"ListItem","position":2,"name":"Celebra\u00e7\u00e3o do Ano Jubilar recorda os primeiros 25 anos da Igreja do Sagrado"}]},{"@type":"Person","@id":"https:\/\/franciscanos.org.br\/noticias\/#\/schema\/person\/b5c8cba458c330ccff548b056e95a5d4","name":"moacir","image":{"@type":"ImageObject","inLanguage":"pt-BR","@id":"https:\/\/franciscanos.org.br\/noticias\/#\/schema\/person\/image\/","url":"https:\/\/secure.gravatar.com\/avatar\/d08aa2ce4c8dd416d4479aa8536fcf64?s=96&d=mm&r=g","contentUrl":"https:\/\/secure.gravatar.com\/avatar\/d08aa2ce4c8dd416d4479aa8536fcf64?s=96&d=mm&r=g","caption":"moacir"},"url":"https:\/\/franciscanos.org.br\/noticias\/author\/moacir"}]}},"_links":{"self":[{"href":"https:\/\/franciscanos.org.br\/noticias\/wp-json\/wp\/v2\/posts\/231924"}],"collection":[{"href":"https:\/\/franciscanos.org.br\/noticias\/wp-json\/wp\/v2\/posts"}],"about":[{"href":"https:\/\/franciscanos.org.br\/noticias\/wp-json\/wp\/v2\/types\/post"}],"author":[{"embeddable":true,"href":"https:\/\/franciscanos.org.br\/noticias\/wp-json\/wp\/v2\/users\/3"}],"replies":[{"embeddable":true,"href":"https:\/\/franciscanos.org.br\/noticias\/wp-json\/wp\/v2\/comments?post=231924"}],"version-history":[{"count":16,"href":"https:\/\/franciscanos.org.br\/noticias\/wp-json\/wp\/v2\/posts\/231924\/revisions"}],"predecessor-version":[{"id":232031,"href":"https:\/\/franciscanos.org.br\/noticias\/wp-json\/wp\/v2\/posts\/231924\/revisions\/232031"}],"wp:featuredmedia":[{"embeddable":true,"href":"https:\/\/franciscanos.org.br\/noticias\/wp-json\/wp\/v2\/media\/231926"}],"wp:attachment":[{"href":"https:\/\/franciscanos.org.br\/noticias\/wp-json\/wp\/v2\/media?parent=231924"}],"wp:term":[{"taxonomy":"category","embeddable":true,"href":"https:\/\/franciscanos.org.br\/noticias\/wp-json\/wp\/v2\/categories?post=231924"},{"taxonomy":"post_tag","embeddable":true,"href":"https:\/\/franciscanos.org.br\/noticias\/wp-json\/wp\/v2\/tags?post=231924"}],"curies":[{"name":"wp","href":"https:\/\/api.w.org\/{rel}","templated":true}]}}