{"id":231916,"date":"2021-05-07T12:56:22","date_gmt":"2021-05-07T15:56:22","guid":{"rendered":"https:\/\/franciscanos.org.br\/noticias\/?p=231916"},"modified":"2021-05-07T13:01:55","modified_gmt":"2021-05-07T16:01:55","slug":"mensagem-do-ministro-provincial-pelos-125-anos-do-grupo-educacional-bom-jesus","status":"publish","type":"post","link":"https:\/\/franciscanos.org.br\/noticias\/mensagem-do-ministro-provincial-pelos-125-anos-do-grupo-educacional-bom-jesus.html","title":{"rendered":"Mensagem do Ministro Provincial pelos 125 anos do Grupo Educacional Bom Jesus"},"content":{"rendered":"<p><img loading=\"lazy\" class=\"alignnone wp-image-231917 size-full\" src=\"https:\/\/franciscanos.org.br\/noticias\/wp-content\/uploads\/2021\/05\/mensagem_cesar.jpg\" alt=\"\" width=\"1280\" height=\"622\" srcset=\"https:\/\/franciscanos.org.br\/noticias\/wp-content\/uploads\/2021\/05\/mensagem_cesar.jpg 1280w, https:\/\/franciscanos.org.br\/noticias\/wp-content\/uploads\/2021\/05\/mensagem_cesar-450x219.jpg 450w, https:\/\/franciscanos.org.br\/noticias\/wp-content\/uploads\/2021\/05\/mensagem_cesar-1024x498.jpg 1024w, https:\/\/franciscanos.org.br\/noticias\/wp-content\/uploads\/2021\/05\/mensagem_cesar-768x373.jpg 768w, https:\/\/franciscanos.org.br\/noticias\/wp-content\/uploads\/2021\/05\/mensagem_cesar-150x73.jpg 150w\" sizes=\"(max-width: 1280px) 100vw, 1280px\" \/><\/p>\n<p style=\"padding-left: 40px;\"><em>Caros confrades, colaboradores, alunos e demais participantes da miss\u00e3o do grupo Bom Jesus,<\/em><\/p>\n<p style=\"padding-left: 40px;\"><em>Paz e Bem!\u2019<\/em><\/p>\n<p>S\u00e3o Francisco de Assis viveu h\u00e1 mais de 800 anos, mas continua a ser uma viva inspira\u00e7\u00e3o em nosso tempo. Com um cora\u00e7\u00e3o apaixonado por Jesus Cristo, ele fez do Evangelho uma forma de vida que se tornou luz para o mundo e para a Igreja.<\/p>\n<p>Ele mesmo, ao acolher irm\u00e3os para esta experi\u00eancia fraterna dos valores do Evangelho, fundou a Ordem dos Frades Menores.<\/p>\n<p>Esta fraternidade de homens pobres, simples, humildes e servidores de todos, especialmente dos mais pobres, espalhou-se por todo o mundo.<\/p>\n<p>Hoje, a Ordem dos Frades Menores possui 110 prov\u00edncias, as subdivis\u00f5es regionais para a viv\u00eancia deste ideal e para o servi\u00e7o \u00e0 Evangeliza\u00e7\u00e3o.<\/p>\n<p>E os franciscanos, como s\u00e3o conhecidos os frades de S\u00e3o Francisco, chegaram tamb\u00e9m ao Brasil.<\/p>\n<p>Logo no in\u00edcio, eles se dedicaram \u00e0s mais diferentes necessidades desta terra, principalmente na evangeliza\u00e7\u00e3o de seus povos origin\u00e1rios e dos primeiros colonizadores. Perceberam a car\u00eancia de ensino para que as pessoas tivessem acesso \u00e0 Palavra de Deus.<\/p>\n<p>Hoje, o territ\u00f3rio brasileiro conta com a presen\u00e7a dos frades menores em todas as suas regi\u00f5es, atrav\u00e9s de nove entidades franciscanas, dedicadas \u00e0s mais diversas miss\u00f5es espirituais, sociais, culturais e humanit\u00e1rias.<\/p>\n<p>A segunda mais antiga \u00e9 a Prov\u00edncia Franciscana da Imaculada Concei\u00e7\u00e3o do Brasil, com mais de 345 anos. E \u00e9 a ela que pertence o Grupo Educacional Bom Jesus.<\/p>\n<p>Os frades desta Prov\u00edncia se estabeleceram no Sudeste e Sul do Brasil. Em sua atua\u00e7\u00e3o, tamb\u00e9m perceberam a car\u00eancia de educa\u00e7\u00e3o, ao lado de outras necessidades. Fundaram igrejas, mas sempre tendo ao lado uma escola.<\/p>\n<p>A Prov\u00edncia da Imaculada est\u00e1 hoje presente nos estados do ES, RJ, SP, PR e SC. E tamb\u00e9m est\u00e1 no pa\u00eds de Angola, como uma presen\u00e7a mission\u00e1ria.<\/p>\n<p>S\u00e3o Francisco queria que este ideal fosse din\u00e2mico, procurando dar respostas em cada tempo e em cada lugar.<\/p>\n<p><iframe loading=\"lazy\" title=\"125 anos | Conhe\u00e7a as origens do Grupo Educacional Bom Jesus\" width=\"500\" height=\"281\" src=\"https:\/\/www.youtube.com\/embed\/nqJ1k4Nz_UI?feature=oembed\" frameborder=\"0\" allow=\"accelerometer; autoplay; clipboard-write; encrypted-media; gyroscope; picture-in-picture\" allowfullscreen><\/iframe><\/p>\n<p>Assim, atualmente a nossa Prov\u00edncia possui cinco campos priorit\u00e1rios de a\u00e7\u00e3o, que s\u00e3o chamados de Frentes de Evangeliza\u00e7\u00e3o, lugares onde podemos dar a nossa contribui\u00e7\u00e3o \u00e0 Igreja e ao mundo:<\/p>\n<p style=\"padding-left: 40px;\">\u2666 Frente das Par\u00f3quias e Santu\u00e1rios<\/p>\n<p style=\"padding-left: 40px;\">\u2666 Frente das Miss\u00f5es<\/p>\n<p style=\"padding-left: 40px;\">\u2666 Frente da Solidariedade para com os empobrecidos<\/p>\n<p style=\"padding-left: 40px;\">\u2666 Frente da Comunica\u00e7\u00e3o<\/p>\n<p style=\"padding-left: 40px;\">\u2666 e Frente da Educa\u00e7\u00e3o.<\/p>\n<p>Nas respostas dadas hoje, sob a inspira\u00e7\u00e3o de S\u00e3o Francisco, os frades e um grande n\u00famero de colaboradores e volunt\u00e1rios levam adiante esta miss\u00e3o em comunidades de f\u00e9 e de espiritualidade, mas tamb\u00e9m em emissoras de Radio e TV, nos canais digitais das novas m\u00eddias, em editoras, em projetos sociais de promo\u00e7\u00e3o humana e defesa de direitos, especialmente neste tempo dif\u00edcil da pandemia.<\/p>\n<p>E o trabalho de educa\u00e7\u00e3o escolar e universit\u00e1ria foi adquirindo novas express\u00f5es de servi\u00e7o \u00e0 forma\u00e7\u00e3o, \u00e0 prepara\u00e7\u00e3o para o mundo de hoje e tamb\u00e9m para o social.<\/p>\n<p>Entre as iniciativas educacionais, uma que se desenvolveu e cresceu, \u00e9 hoje o Grupo Educacional Bom Jesus, que neste 2021 completa 125 anos de dedica\u00e7\u00e3o \u00e0 forma\u00e7\u00e3o integral e humana de jovens, crian\u00e7as e adultos.<\/p>\n<p>Presentes em cinco estados, as unidades do Col\u00e9gio Bom Jesus e os <em>campi<\/em> da FAE Centro Universit\u00e1rio, para al\u00e9m da excel\u00eancia de seu ensino, tamb\u00e9m unem alunos, professores e colaboradores em obras volunt\u00e1rias de amparo e de acolhimento aos desfavorecidos. E nossos alunos s\u00e3o convidados, desde os anos iniciais, a identificar e cultivar as virtudes humanas necess\u00e1rias para uma cultura de paz.<\/p>\n<p>Mais de 800 anos depois, os valores franciscanos repercutem at\u00e9 os nossos dias e apaixonam uma multid\u00e3o incont\u00e1vel de homens e mulheres.<\/p>\n<p>Em nome da Prov\u00edncia Franciscana da Imaculada Concei\u00e7\u00e3o do Brasil, quero parabenizar a todos aqueles e aquelas que se dedicam a levar adiante esta bela miss\u00e3o franciscana no Grupo Educacional Bom Jesus.<\/p>\n<p>Que os sentimentos de gratid\u00e3o por esta hist\u00f3ria centen\u00e1ria continuem como uma bela heran\u00e7a aos nossos alunos, professores, colaboradores e seus familiares, e sejam tamb\u00e9m oportunidade de renova\u00e7\u00e3o da sensibilidade \u00e0s necessidades do nosso tempo e de busca de intui\u00e7\u00f5es nos valores e virtudes franciscanos.<\/p>\n<p>Paz e Bem!<\/p>\n<p><strong>FREI C\u00c9SAR K\u00dcLKAMP<\/strong><\/p>\n<p><em>Ministro Provincial<\/em><\/p>\n<p><strong>Prov\u00edncia Franciscana da Imaculada Concei\u00e7\u00e3o do Brasil<\/strong><\/p>\n","protected":false},"excerpt":{"rendered":"<p>Mensagem do Ministro Provincial<\/p>\n","protected":false},"author":3,"featured_media":231918,"comment_status":"open","ping_status":"open","sticky":false,"template":"","format":"standard","meta":[],"categories":[1],"tags":[1179],"acf":[],"yoast_head":"<!-- This site is optimized with the Yoast SEO plugin v19.2 - https:\/\/yoast.com\/wordpress\/plugins\/seo\/ -->\n<title>Mensagem do Ministro Provincial pelos 125 anos do Grupo Educacional Bom Jesus - Not\u00edcias - Franciscanos<\/title>\n<meta name=\"robots\" content=\"index, follow, max-snippet:-1, max-image-preview:large, max-video-preview:-1\" \/>\n<link rel=\"canonical\" href=\"https:\/\/franciscanos.org.br\/noticias\/mensagem-do-ministro-provincial-pelos-125-anos-do-grupo-educacional-bom-jesus.html\" \/>\n<meta property=\"og:locale\" content=\"pt_BR\" \/>\n<meta property=\"og:type\" content=\"article\" \/>\n<meta property=\"og:title\" content=\"Mensagem do Ministro Provincial pelos 125 anos do Grupo Educacional Bom Jesus - Not\u00edcias - Franciscanos\" \/>\n<meta property=\"og:description\" content=\"Mensagem do Ministro Provincial\" \/>\n<meta property=\"og:url\" content=\"https:\/\/franciscanos.org.br\/noticias\/mensagem-do-ministro-provincial-pelos-125-anos-do-grupo-educacional-bom-jesus.html\" \/>\n<meta property=\"og:site_name\" content=\"Not\u00edcias - Franciscanos\" \/>\n<meta property=\"article:published_time\" content=\"2021-05-07T15:56:22+00:00\" \/>\n<meta property=\"article:modified_time\" content=\"2021-05-07T16:01:55+00:00\" \/>\n<meta property=\"og:image\" content=\"https:\/\/franciscanos.org.br\/noticias\/wp-content\/uploads\/2021\/05\/mensagem_cesar_d.jpg\" \/>\n\t<meta property=\"og:image:width\" content=\"800\" \/>\n\t<meta property=\"og:image:height\" content=\"550\" \/>\n\t<meta property=\"og:image:type\" content=\"image\/jpeg\" \/>\n<meta name=\"author\" content=\"moacir\" \/>\n<meta name=\"twitter:card\" content=\"summary_large_image\" \/>\n<meta name=\"twitter:label1\" content=\"Escrito por\" \/>\n\t<meta name=\"twitter:data1\" content=\"moacir\" \/>\n\t<meta name=\"twitter:label2\" content=\"Est. tempo de leitura\" \/>\n\t<meta name=\"twitter:data2\" content=\"4 minutos\" \/>\n<script type=\"application\/ld+json\" class=\"yoast-schema-graph\">{\"@context\":\"https:\/\/schema.org\",\"@graph\":[{\"@type\":\"WebSite\",\"@id\":\"https:\/\/franciscanos.org.br\/noticias\/#website\",\"url\":\"https:\/\/franciscanos.org.br\/noticias\/\",\"name\":\"Not\u00edcias - Franciscanos\",\"description\":\"Prov\u00edncia Franciscana da Imaculada Concei\u00e7\u00e3o do Brasil - Ordem dos Frades Menores - OFM\",\"potentialAction\":[{\"@type\":\"SearchAction\",\"target\":{\"@type\":\"EntryPoint\",\"urlTemplate\":\"https:\/\/franciscanos.org.br\/noticias\/?s={search_term_string}\"},\"query-input\":\"required name=search_term_string\"}],\"inLanguage\":\"pt-BR\"},{\"@type\":\"ImageObject\",\"inLanguage\":\"pt-BR\",\"@id\":\"https:\/\/franciscanos.org.br\/noticias\/mensagem-do-ministro-provincial-pelos-125-anos-do-grupo-educacional-bom-jesus.html#primaryimage\",\"url\":\"https:\/\/franciscanos.org.br\/noticias\/wp-content\/uploads\/2021\/05\/mensagem_cesar_d.jpg\",\"contentUrl\":\"https:\/\/franciscanos.org.br\/noticias\/wp-content\/uploads\/2021\/05\/mensagem_cesar_d.jpg\",\"width\":800,\"height\":550},{\"@type\":\"WebPage\",\"@id\":\"https:\/\/franciscanos.org.br\/noticias\/mensagem-do-ministro-provincial-pelos-125-anos-do-grupo-educacional-bom-jesus.html#webpage\",\"url\":\"https:\/\/franciscanos.org.br\/noticias\/mensagem-do-ministro-provincial-pelos-125-anos-do-grupo-educacional-bom-jesus.html\",\"name\":\"Mensagem do Ministro Provincial pelos 125 anos do Grupo Educacional Bom Jesus - Not\u00edcias - Franciscanos\",\"isPartOf\":{\"@id\":\"https:\/\/franciscanos.org.br\/noticias\/#website\"},\"primaryImageOfPage\":{\"@id\":\"https:\/\/franciscanos.org.br\/noticias\/mensagem-do-ministro-provincial-pelos-125-anos-do-grupo-educacional-bom-jesus.html#primaryimage\"},\"datePublished\":\"2021-05-07T15:56:22+00:00\",\"dateModified\":\"2021-05-07T16:01:55+00:00\",\"author\":{\"@id\":\"https:\/\/franciscanos.org.br\/noticias\/#\/schema\/person\/b5c8cba458c330ccff548b056e95a5d4\"},\"breadcrumb\":{\"@id\":\"https:\/\/franciscanos.org.br\/noticias\/mensagem-do-ministro-provincial-pelos-125-anos-do-grupo-educacional-bom-jesus.html#breadcrumb\"},\"inLanguage\":\"pt-BR\",\"potentialAction\":[{\"@type\":\"ReadAction\",\"target\":[\"https:\/\/franciscanos.org.br\/noticias\/mensagem-do-ministro-provincial-pelos-125-anos-do-grupo-educacional-bom-jesus.html\"]}]},{\"@type\":\"BreadcrumbList\",\"@id\":\"https:\/\/franciscanos.org.br\/noticias\/mensagem-do-ministro-provincial-pelos-125-anos-do-grupo-educacional-bom-jesus.html#breadcrumb\",\"itemListElement\":[{\"@type\":\"ListItem\",\"position\":1,\"name\":\"Home\",\"item\":\"https:\/\/franciscanos.org.br\/noticias\"},{\"@type\":\"ListItem\",\"position\":2,\"name\":\"Mensagem do Ministro Provincial pelos 125 anos do Grupo Educacional Bom Jesus\"}]},{\"@type\":\"Person\",\"@id\":\"https:\/\/franciscanos.org.br\/noticias\/#\/schema\/person\/b5c8cba458c330ccff548b056e95a5d4\",\"name\":\"moacir\",\"image\":{\"@type\":\"ImageObject\",\"inLanguage\":\"pt-BR\",\"@id\":\"https:\/\/franciscanos.org.br\/noticias\/#\/schema\/person\/image\/\",\"url\":\"https:\/\/secure.gravatar.com\/avatar\/d08aa2ce4c8dd416d4479aa8536fcf64?s=96&d=mm&r=g\",\"contentUrl\":\"https:\/\/secure.gravatar.com\/avatar\/d08aa2ce4c8dd416d4479aa8536fcf64?s=96&d=mm&r=g\",\"caption\":\"moacir\"},\"url\":\"https:\/\/franciscanos.org.br\/noticias\/author\/moacir\"}]}<\/script>\n<!-- \/ Yoast SEO plugin. -->","yoast_head_json":{"title":"Mensagem do Ministro Provincial pelos 125 anos do Grupo Educacional Bom Jesus - Not\u00edcias - Franciscanos","robots":{"index":"index","follow":"follow","max-snippet":"max-snippet:-1","max-image-preview":"max-image-preview:large","max-video-preview":"max-video-preview:-1"},"canonical":"https:\/\/franciscanos.org.br\/noticias\/mensagem-do-ministro-provincial-pelos-125-anos-do-grupo-educacional-bom-jesus.html","og_locale":"pt_BR","og_type":"article","og_title":"Mensagem do Ministro Provincial pelos 125 anos do Grupo Educacional Bom Jesus - Not\u00edcias - Franciscanos","og_description":"Mensagem do Ministro Provincial","og_url":"https:\/\/franciscanos.org.br\/noticias\/mensagem-do-ministro-provincial-pelos-125-anos-do-grupo-educacional-bom-jesus.html","og_site_name":"Not\u00edcias - Franciscanos","article_published_time":"2021-05-07T15:56:22+00:00","article_modified_time":"2021-05-07T16:01:55+00:00","og_image":[{"width":800,"height":550,"url":"https:\/\/franciscanos.org.br\/noticias\/wp-content\/uploads\/2021\/05\/mensagem_cesar_d.jpg","type":"image\/jpeg"}],"author":"moacir","twitter_card":"summary_large_image","twitter_misc":{"Escrito por":"moacir","Est. tempo de leitura":"4 minutos"},"schema":{"@context":"https:\/\/schema.org","@graph":[{"@type":"WebSite","@id":"https:\/\/franciscanos.org.br\/noticias\/#website","url":"https:\/\/franciscanos.org.br\/noticias\/","name":"Not\u00edcias - Franciscanos","description":"Prov\u00edncia Franciscana da Imaculada Concei\u00e7\u00e3o do Brasil - Ordem dos Frades Menores - OFM","potentialAction":[{"@type":"SearchAction","target":{"@type":"EntryPoint","urlTemplate":"https:\/\/franciscanos.org.br\/noticias\/?s={search_term_string}"},"query-input":"required name=search_term_string"}],"inLanguage":"pt-BR"},{"@type":"ImageObject","inLanguage":"pt-BR","@id":"https:\/\/franciscanos.org.br\/noticias\/mensagem-do-ministro-provincial-pelos-125-anos-do-grupo-educacional-bom-jesus.html#primaryimage","url":"https:\/\/franciscanos.org.br\/noticias\/wp-content\/uploads\/2021\/05\/mensagem_cesar_d.jpg","contentUrl":"https:\/\/franciscanos.org.br\/noticias\/wp-content\/uploads\/2021\/05\/mensagem_cesar_d.jpg","width":800,"height":550},{"@type":"WebPage","@id":"https:\/\/franciscanos.org.br\/noticias\/mensagem-do-ministro-provincial-pelos-125-anos-do-grupo-educacional-bom-jesus.html#webpage","url":"https:\/\/franciscanos.org.br\/noticias\/mensagem-do-ministro-provincial-pelos-125-anos-do-grupo-educacional-bom-jesus.html","name":"Mensagem do Ministro Provincial pelos 125 anos do Grupo Educacional Bom Jesus - Not\u00edcias - Franciscanos","isPartOf":{"@id":"https:\/\/franciscanos.org.br\/noticias\/#website"},"primaryImageOfPage":{"@id":"https:\/\/franciscanos.org.br\/noticias\/mensagem-do-ministro-provincial-pelos-125-anos-do-grupo-educacional-bom-jesus.html#primaryimage"},"datePublished":"2021-05-07T15:56:22+00:00","dateModified":"2021-05-07T16:01:55+00:00","author":{"@id":"https:\/\/franciscanos.org.br\/noticias\/#\/schema\/person\/b5c8cba458c330ccff548b056e95a5d4"},"breadcrumb":{"@id":"https:\/\/franciscanos.org.br\/noticias\/mensagem-do-ministro-provincial-pelos-125-anos-do-grupo-educacional-bom-jesus.html#breadcrumb"},"inLanguage":"pt-BR","potentialAction":[{"@type":"ReadAction","target":["https:\/\/franciscanos.org.br\/noticias\/mensagem-do-ministro-provincial-pelos-125-anos-do-grupo-educacional-bom-jesus.html"]}]},{"@type":"BreadcrumbList","@id":"https:\/\/franciscanos.org.br\/noticias\/mensagem-do-ministro-provincial-pelos-125-anos-do-grupo-educacional-bom-jesus.html#breadcrumb","itemListElement":[{"@type":"ListItem","position":1,"name":"Home","item":"https:\/\/franciscanos.org.br\/noticias"},{"@type":"ListItem","position":2,"name":"Mensagem do Ministro Provincial pelos 125 anos do Grupo Educacional Bom Jesus"}]},{"@type":"Person","@id":"https:\/\/franciscanos.org.br\/noticias\/#\/schema\/person\/b5c8cba458c330ccff548b056e95a5d4","name":"moacir","image":{"@type":"ImageObject","inLanguage":"pt-BR","@id":"https:\/\/franciscanos.org.br\/noticias\/#\/schema\/person\/image\/","url":"https:\/\/secure.gravatar.com\/avatar\/d08aa2ce4c8dd416d4479aa8536fcf64?s=96&d=mm&r=g","contentUrl":"https:\/\/secure.gravatar.com\/avatar\/d08aa2ce4c8dd416d4479aa8536fcf64?s=96&d=mm&r=g","caption":"moacir"},"url":"https:\/\/franciscanos.org.br\/noticias\/author\/moacir"}]}},"_links":{"self":[{"href":"https:\/\/franciscanos.org.br\/noticias\/wp-json\/wp\/v2\/posts\/231916"}],"collection":[{"href":"https:\/\/franciscanos.org.br\/noticias\/wp-json\/wp\/v2\/posts"}],"about":[{"href":"https:\/\/franciscanos.org.br\/noticias\/wp-json\/wp\/v2\/types\/post"}],"author":[{"embeddable":true,"href":"https:\/\/franciscanos.org.br\/noticias\/wp-json\/wp\/v2\/users\/3"}],"replies":[{"embeddable":true,"href":"https:\/\/franciscanos.org.br\/noticias\/wp-json\/wp\/v2\/comments?post=231916"}],"version-history":[{"count":5,"href":"https:\/\/franciscanos.org.br\/noticias\/wp-json\/wp\/v2\/posts\/231916\/revisions"}],"predecessor-version":[{"id":231923,"href":"https:\/\/franciscanos.org.br\/noticias\/wp-json\/wp\/v2\/posts\/231916\/revisions\/231923"}],"wp:featuredmedia":[{"embeddable":true,"href":"https:\/\/franciscanos.org.br\/noticias\/wp-json\/wp\/v2\/media\/231918"}],"wp:attachment":[{"href":"https:\/\/franciscanos.org.br\/noticias\/wp-json\/wp\/v2\/media?parent=231916"}],"wp:term":[{"taxonomy":"category","embeddable":true,"href":"https:\/\/franciscanos.org.br\/noticias\/wp-json\/wp\/v2\/categories?post=231916"},{"taxonomy":"post_tag","embeddable":true,"href":"https:\/\/franciscanos.org.br\/noticias\/wp-json\/wp\/v2\/tags?post=231916"}],"curies":[{"name":"wp","href":"https:\/\/api.w.org\/{rel}","templated":true}]}}