{"id":231910,"date":"2021-05-06T16:59:22","date_gmt":"2021-05-06T19:59:22","guid":{"rendered":"https:\/\/franciscanos.org.br\/noticias\/?p=231910"},"modified":"2021-05-07T06:50:00","modified_gmt":"2021-05-07T09:50:00","slug":"falece-frei-aloisio-hellmann-aos-82-anos","status":"publish","type":"post","link":"https:\/\/franciscanos.org.br\/noticias\/falece-frei-aloisio-hellmann-aos-82-anos.html","title":{"rendered":"Falece Frei Alo\u00edsio Hellmann aos 82 anos"},"content":{"rendered":"<p><img loading=\"lazy\" class=\"alignnone wp-image-231911 size-full\" src=\"https:\/\/franciscanos.org.br\/noticias\/wp-content\/uploads\/2021\/05\/aloisio_01.jpg\" alt=\"\" width=\"1280\" height=\"720\" srcset=\"https:\/\/franciscanos.org.br\/noticias\/wp-content\/uploads\/2021\/05\/aloisio_01.jpg 1280w, https:\/\/franciscanos.org.br\/noticias\/wp-content\/uploads\/2021\/05\/aloisio_01-450x253.jpg 450w, https:\/\/franciscanos.org.br\/noticias\/wp-content\/uploads\/2021\/05\/aloisio_01-1024x576.jpg 1024w, https:\/\/franciscanos.org.br\/noticias\/wp-content\/uploads\/2021\/05\/aloisio_01-768x432.jpg 768w, https:\/\/franciscanos.org.br\/noticias\/wp-content\/uploads\/2021\/05\/aloisio_01-150x84.jpg 150w\" sizes=\"(max-width: 1280px) 100vw, 1280px\" \/><\/p>\n<p>Faleceu nesta quinta-feira, 6 de maio, Frei Alo\u00edsio Bernardo Hellmann, aos 82 anos. O seu estado de sa\u00fade inspirava cuidados desde o dia 7 de janeiro, quando foi diagnosticado com Covid-19, mas conseguiu superar a doen\u00e7a e saiu do isolamento no dia 2 de fevereiro.<\/p>\n<p>Na solenidade da P\u00e1scoa, no dia 5 de abril, ele caiu no banheiro e fraturou o f\u00eamur. Operado, no dia seguinte, reagiu bem e recebeu alta no dia 7 de abril. Mas, como informou o guardi\u00e3o, Frei Carlos K\u00f6rber, a &#8220;nossa alegria foi curta&#8221; porque o seu estado de sa\u00fade piorou e ele teve de voltar para a UTI no dia 8 de abril devido a complica\u00e7\u00f5es respirat\u00f3rias. No dia 14 de abril, recebeu alta e retornou para o Convento.<\/p>\n<p>Segundo Frei Carlos, hoje acordou sonolento e n\u00e3o queria se alimentar. \u00c0 tarde, seu estado de sa\u00fade se agravou. Chamaram o Samu, mas foi a \u00f3bito antes de chegar ao Hospital.<\/p>\n<p>O sepultamento ser\u00e1 nesta sexta-feira, dia 07 de maio, \u00e0s 10h30, no Jazigo da Prov\u00edncia, no Cemit\u00e9rio do Sant\u00edssimo Sacramento, em S\u00e3o Paulo, SP.<\/p>\n<p><strong>Dados pessoais, forma\u00e7\u00e3o e atividades<\/strong><br \/>\n07\/12\/1938 &#8211; Nascimento em Nova Trento, SC (82 anos)<br \/>\n11\/02\/1957 &#8211; Admiss\u00e3o na Ordem dos Frades Menores em Rodeio, SC (64 anos de Vida Religiosa)<br \/>\n12\/02\/1958 &#8211; Professou na Ordem como terceiro<br \/>\n06\/05\/1961 &#8211; Fez o Noviciado Franciscano em Rodeio, SC<br \/>\n07\/05\/1962 &#8211; Primeira Profiss\u00e3o na 1\u00aa Ordem \u2013 Rodeio, SC<br \/>\n07\/05\/1965 &#8211; Profiss\u00e3o Solene<\/p>\n<p><strong>Atividades na Evangeliza\u00e7\u00e3o<\/strong><br \/>\n30\/07\/1962 &#8211; Agudos, SP<br \/>\n08\/08\/1965 &#8211; Jabor\u00e1, SC<br \/>\n09\/01\/1967 &#8211; Luzerna, SC<br \/>\n07\/11\/1969 &#8211; Jabor\u00e1, SC<br \/>\n15\/01\/1971 &#8211; Luzerna\/Semin\u00e1rio<br \/>\n12\/12\/1980 &#8211; Ituporanga\/Semin\u00e1rio<br \/>\n21\/01\/1989 &#8211; Guaratinguet\u00e1\/Gl\u00f3ria<br \/>\n17\/04\/1994 &#8211; Guaratinguet\u00e1\/Postulantado e Fazenda da Esperan\u00e7a<br \/>\n16\/02\/2017 &#8211; Bragan\u00e7a Paulista, SP (tratamento de sa\u00fade)<\/p>\n<p><strong>O frade menor<\/strong><br \/>\nFrei Alo\u00edsio nasceu em Nova Trento, SC, no dia 7 dezembro de 1938. Era filho do casal Bernardo Hellmann e Am\u00e1lia Guckert Hellmann, foi o 7\u00ba de 9 filhos, 6 homens e tr\u00eas mulheres. Dentre as lembran\u00e7as mais marcantes da vida em fam\u00edlia, destacava a religiosidade dos pais. \u201cSempre que havia Missa na capela, o padre parava na nossa casa para almo\u00e7ar ou jantar. Gostava de ouvir as conversas sobre vida religiosa, sobre assuntos religiosos e sobre voca\u00e7\u00e3o\u201d, contou na sua ficha autobiogr\u00e1fica quando ingressou na Ordem dos Frades Menores em 1961.<\/p>\n<p>Segundo Frei Alo\u00edsio, foram o testemunho e orienta\u00e7\u00e3o de Frei Deodato que o ajudaram no discernimento vocacional. \u201cSoube que um frei estaria na capela para procurar voca\u00e7\u00f5es e l\u00e1 fui eu, pego nas redes do Senhor\u201d, disse. Como irm\u00e3o leigo, tinha grande aptid\u00e3o e habilidade para trabalhos manuais, especialmente na lavoura, jardinagem e na cozinha. Outro of\u00edcio que lhe agradava bastante era o de motorista.<\/p>\n<p>&#8220;Na Prov\u00edncia, ele ficou muito conhecido pela atividade de caminhoneiro, onde prestava servi\u00e7os \u00e0s casas de forma\u00e7\u00e3o e \u00e0s fraternidades da Prov\u00edncia. Era chamado de o &#8216;Irm\u00e3o Caminhoneiro&#8217;. Mais tarde, em 1989, prestou esse servi\u00e7o \u00e0 Fazenda Esperan\u00e7a, em Guaratinguet\u00e1, at\u00e9 que, em 2017, veio a Bragan\u00e7a Paulista para tratamento da sa\u00fade. Eu o conheci na Fazenda Esperan\u00e7a, e era uma presen\u00e7a silenciosa, mas muito fraterna junto aos recuperandos e volunt\u00e1rios. Um testemunho franciscano silencioso do bom frade menor&#8221;, conta o Ministro Provincial, Frei C\u00e9sar K\u00fclkamp.<\/p>\n<p>Frei Alo\u00edsio tinha um irm\u00e3o religioso da Ordem dos Frades Capuchinhos, Frei Quirino Hellmann, que presidiu a celebra\u00e7\u00e3o do seu jubileu de 25 anos de vida religiosa franciscana. O guardi\u00e3o em Luzerna \u00e0 \u00e9poca, Frei Carlos Jos\u00e9 K\u00f6rber, que recebeu a renova\u00e7\u00e3o dos votos, agora foi o guardi\u00e3o que o viu partir para a vida eterna. Deus o acolha em seu Reino de Miseric\u00f3rdia e de Amor.<\/p>\n<p><strong>R.I.P<\/strong><\/p>\n<p><em>Da Secretaria Provincial<\/em><\/p>\n","protected":false},"excerpt":{"rendered":"<p>Prov\u00edncia de Luto<\/p>\n","protected":false},"author":3,"featured_media":231912,"comment_status":"open","ping_status":"open","sticky":false,"template":"","format":"standard","meta":[],"categories":[1],"tags":[1160],"acf":[],"yoast_head":"<!-- This site is optimized with the Yoast SEO plugin v19.2 - https:\/\/yoast.com\/wordpress\/plugins\/seo\/ -->\n<title>Falece Frei Alo\u00edsio Hellmann aos 82 anos - Not\u00edcias - Franciscanos<\/title>\n<meta name=\"robots\" content=\"index, follow, max-snippet:-1, max-image-preview:large, max-video-preview:-1\" \/>\n<link rel=\"canonical\" href=\"https:\/\/franciscanos.org.br\/noticias\/falece-frei-aloisio-hellmann-aos-82-anos.html\" \/>\n<meta property=\"og:locale\" content=\"pt_BR\" \/>\n<meta property=\"og:type\" content=\"article\" \/>\n<meta property=\"og:title\" content=\"Falece Frei Alo\u00edsio Hellmann aos 82 anos - Not\u00edcias - Franciscanos\" \/>\n<meta property=\"og:description\" content=\"Prov\u00edncia de Luto\" \/>\n<meta property=\"og:url\" content=\"https:\/\/franciscanos.org.br\/noticias\/falece-frei-aloisio-hellmann-aos-82-anos.html\" \/>\n<meta property=\"og:site_name\" content=\"Not\u00edcias - Franciscanos\" \/>\n<meta property=\"article:published_time\" content=\"2021-05-06T19:59:22+00:00\" \/>\n<meta property=\"article:modified_time\" content=\"2021-05-07T09:50:00+00:00\" \/>\n<meta property=\"og:image\" content=\"https:\/\/franciscanos.org.br\/noticias\/wp-content\/uploads\/2021\/05\/aloisio_01d.jpg\" \/>\n\t<meta property=\"og:image:width\" content=\"800\" \/>\n\t<meta property=\"og:image:height\" content=\"550\" \/>\n\t<meta property=\"og:image:type\" content=\"image\/jpeg\" \/>\n<meta name=\"author\" content=\"moacir\" \/>\n<meta name=\"twitter:card\" content=\"summary_large_image\" \/>\n<meta name=\"twitter:label1\" content=\"Escrito por\" \/>\n\t<meta name=\"twitter:data1\" content=\"moacir\" \/>\n\t<meta name=\"twitter:label2\" content=\"Est. tempo de leitura\" \/>\n\t<meta name=\"twitter:data2\" content=\"3 minutos\" \/>\n<script type=\"application\/ld+json\" class=\"yoast-schema-graph\">{\"@context\":\"https:\/\/schema.org\",\"@graph\":[{\"@type\":\"WebSite\",\"@id\":\"https:\/\/franciscanos.org.br\/noticias\/#website\",\"url\":\"https:\/\/franciscanos.org.br\/noticias\/\",\"name\":\"Not\u00edcias - Franciscanos\",\"description\":\"Prov\u00edncia Franciscana da Imaculada Concei\u00e7\u00e3o do Brasil - Ordem dos Frades Menores - OFM\",\"potentialAction\":[{\"@type\":\"SearchAction\",\"target\":{\"@type\":\"EntryPoint\",\"urlTemplate\":\"https:\/\/franciscanos.org.br\/noticias\/?s={search_term_string}\"},\"query-input\":\"required name=search_term_string\"}],\"inLanguage\":\"pt-BR\"},{\"@type\":\"ImageObject\",\"inLanguage\":\"pt-BR\",\"@id\":\"https:\/\/franciscanos.org.br\/noticias\/falece-frei-aloisio-hellmann-aos-82-anos.html#primaryimage\",\"url\":\"https:\/\/franciscanos.org.br\/noticias\/wp-content\/uploads\/2021\/05\/aloisio_01d.jpg\",\"contentUrl\":\"https:\/\/franciscanos.org.br\/noticias\/wp-content\/uploads\/2021\/05\/aloisio_01d.jpg\",\"width\":800,\"height\":550},{\"@type\":\"WebPage\",\"@id\":\"https:\/\/franciscanos.org.br\/noticias\/falece-frei-aloisio-hellmann-aos-82-anos.html#webpage\",\"url\":\"https:\/\/franciscanos.org.br\/noticias\/falece-frei-aloisio-hellmann-aos-82-anos.html\",\"name\":\"Falece Frei Alo\u00edsio Hellmann aos 82 anos - Not\u00edcias - Franciscanos\",\"isPartOf\":{\"@id\":\"https:\/\/franciscanos.org.br\/noticias\/#website\"},\"primaryImageOfPage\":{\"@id\":\"https:\/\/franciscanos.org.br\/noticias\/falece-frei-aloisio-hellmann-aos-82-anos.html#primaryimage\"},\"datePublished\":\"2021-05-06T19:59:22+00:00\",\"dateModified\":\"2021-05-07T09:50:00+00:00\",\"author\":{\"@id\":\"https:\/\/franciscanos.org.br\/noticias\/#\/schema\/person\/b5c8cba458c330ccff548b056e95a5d4\"},\"breadcrumb\":{\"@id\":\"https:\/\/franciscanos.org.br\/noticias\/falece-frei-aloisio-hellmann-aos-82-anos.html#breadcrumb\"},\"inLanguage\":\"pt-BR\",\"potentialAction\":[{\"@type\":\"ReadAction\",\"target\":[\"https:\/\/franciscanos.org.br\/noticias\/falece-frei-aloisio-hellmann-aos-82-anos.html\"]}]},{\"@type\":\"BreadcrumbList\",\"@id\":\"https:\/\/franciscanos.org.br\/noticias\/falece-frei-aloisio-hellmann-aos-82-anos.html#breadcrumb\",\"itemListElement\":[{\"@type\":\"ListItem\",\"position\":1,\"name\":\"Home\",\"item\":\"https:\/\/franciscanos.org.br\/noticias\"},{\"@type\":\"ListItem\",\"position\":2,\"name\":\"Falece Frei Alo\u00edsio Hellmann aos 82 anos\"}]},{\"@type\":\"Person\",\"@id\":\"https:\/\/franciscanos.org.br\/noticias\/#\/schema\/person\/b5c8cba458c330ccff548b056e95a5d4\",\"name\":\"moacir\",\"image\":{\"@type\":\"ImageObject\",\"inLanguage\":\"pt-BR\",\"@id\":\"https:\/\/franciscanos.org.br\/noticias\/#\/schema\/person\/image\/\",\"url\":\"https:\/\/secure.gravatar.com\/avatar\/d08aa2ce4c8dd416d4479aa8536fcf64?s=96&d=mm&r=g\",\"contentUrl\":\"https:\/\/secure.gravatar.com\/avatar\/d08aa2ce4c8dd416d4479aa8536fcf64?s=96&d=mm&r=g\",\"caption\":\"moacir\"},\"url\":\"https:\/\/franciscanos.org.br\/noticias\/author\/moacir\"}]}<\/script>\n<!-- \/ Yoast SEO plugin. -->","yoast_head_json":{"title":"Falece Frei Alo\u00edsio Hellmann aos 82 anos - Not\u00edcias - Franciscanos","robots":{"index":"index","follow":"follow","max-snippet":"max-snippet:-1","max-image-preview":"max-image-preview:large","max-video-preview":"max-video-preview:-1"},"canonical":"https:\/\/franciscanos.org.br\/noticias\/falece-frei-aloisio-hellmann-aos-82-anos.html","og_locale":"pt_BR","og_type":"article","og_title":"Falece Frei Alo\u00edsio Hellmann aos 82 anos - Not\u00edcias - Franciscanos","og_description":"Prov\u00edncia de Luto","og_url":"https:\/\/franciscanos.org.br\/noticias\/falece-frei-aloisio-hellmann-aos-82-anos.html","og_site_name":"Not\u00edcias - Franciscanos","article_published_time":"2021-05-06T19:59:22+00:00","article_modified_time":"2021-05-07T09:50:00+00:00","og_image":[{"width":800,"height":550,"url":"https:\/\/franciscanos.org.br\/noticias\/wp-content\/uploads\/2021\/05\/aloisio_01d.jpg","type":"image\/jpeg"}],"author":"moacir","twitter_card":"summary_large_image","twitter_misc":{"Escrito por":"moacir","Est. tempo de leitura":"3 minutos"},"schema":{"@context":"https:\/\/schema.org","@graph":[{"@type":"WebSite","@id":"https:\/\/franciscanos.org.br\/noticias\/#website","url":"https:\/\/franciscanos.org.br\/noticias\/","name":"Not\u00edcias - Franciscanos","description":"Prov\u00edncia Franciscana da Imaculada Concei\u00e7\u00e3o do Brasil - Ordem dos Frades Menores - OFM","potentialAction":[{"@type":"SearchAction","target":{"@type":"EntryPoint","urlTemplate":"https:\/\/franciscanos.org.br\/noticias\/?s={search_term_string}"},"query-input":"required name=search_term_string"}],"inLanguage":"pt-BR"},{"@type":"ImageObject","inLanguage":"pt-BR","@id":"https:\/\/franciscanos.org.br\/noticias\/falece-frei-aloisio-hellmann-aos-82-anos.html#primaryimage","url":"https:\/\/franciscanos.org.br\/noticias\/wp-content\/uploads\/2021\/05\/aloisio_01d.jpg","contentUrl":"https:\/\/franciscanos.org.br\/noticias\/wp-content\/uploads\/2021\/05\/aloisio_01d.jpg","width":800,"height":550},{"@type":"WebPage","@id":"https:\/\/franciscanos.org.br\/noticias\/falece-frei-aloisio-hellmann-aos-82-anos.html#webpage","url":"https:\/\/franciscanos.org.br\/noticias\/falece-frei-aloisio-hellmann-aos-82-anos.html","name":"Falece Frei Alo\u00edsio Hellmann aos 82 anos - Not\u00edcias - Franciscanos","isPartOf":{"@id":"https:\/\/franciscanos.org.br\/noticias\/#website"},"primaryImageOfPage":{"@id":"https:\/\/franciscanos.org.br\/noticias\/falece-frei-aloisio-hellmann-aos-82-anos.html#primaryimage"},"datePublished":"2021-05-06T19:59:22+00:00","dateModified":"2021-05-07T09:50:00+00:00","author":{"@id":"https:\/\/franciscanos.org.br\/noticias\/#\/schema\/person\/b5c8cba458c330ccff548b056e95a5d4"},"breadcrumb":{"@id":"https:\/\/franciscanos.org.br\/noticias\/falece-frei-aloisio-hellmann-aos-82-anos.html#breadcrumb"},"inLanguage":"pt-BR","potentialAction":[{"@type":"ReadAction","target":["https:\/\/franciscanos.org.br\/noticias\/falece-frei-aloisio-hellmann-aos-82-anos.html"]}]},{"@type":"BreadcrumbList","@id":"https:\/\/franciscanos.org.br\/noticias\/falece-frei-aloisio-hellmann-aos-82-anos.html#breadcrumb","itemListElement":[{"@type":"ListItem","position":1,"name":"Home","item":"https:\/\/franciscanos.org.br\/noticias"},{"@type":"ListItem","position":2,"name":"Falece Frei Alo\u00edsio Hellmann aos 82 anos"}]},{"@type":"Person","@id":"https:\/\/franciscanos.org.br\/noticias\/#\/schema\/person\/b5c8cba458c330ccff548b056e95a5d4","name":"moacir","image":{"@type":"ImageObject","inLanguage":"pt-BR","@id":"https:\/\/franciscanos.org.br\/noticias\/#\/schema\/person\/image\/","url":"https:\/\/secure.gravatar.com\/avatar\/d08aa2ce4c8dd416d4479aa8536fcf64?s=96&d=mm&r=g","contentUrl":"https:\/\/secure.gravatar.com\/avatar\/d08aa2ce4c8dd416d4479aa8536fcf64?s=96&d=mm&r=g","caption":"moacir"},"url":"https:\/\/franciscanos.org.br\/noticias\/author\/moacir"}]}},"_links":{"self":[{"href":"https:\/\/franciscanos.org.br\/noticias\/wp-json\/wp\/v2\/posts\/231910"}],"collection":[{"href":"https:\/\/franciscanos.org.br\/noticias\/wp-json\/wp\/v2\/posts"}],"about":[{"href":"https:\/\/franciscanos.org.br\/noticias\/wp-json\/wp\/v2\/types\/post"}],"author":[{"embeddable":true,"href":"https:\/\/franciscanos.org.br\/noticias\/wp-json\/wp\/v2\/users\/3"}],"replies":[{"embeddable":true,"href":"https:\/\/franciscanos.org.br\/noticias\/wp-json\/wp\/v2\/comments?post=231910"}],"version-history":[{"count":3,"href":"https:\/\/franciscanos.org.br\/noticias\/wp-json\/wp\/v2\/posts\/231910\/revisions"}],"predecessor-version":[{"id":231915,"href":"https:\/\/franciscanos.org.br\/noticias\/wp-json\/wp\/v2\/posts\/231910\/revisions\/231915"}],"wp:featuredmedia":[{"embeddable":true,"href":"https:\/\/franciscanos.org.br\/noticias\/wp-json\/wp\/v2\/media\/231912"}],"wp:attachment":[{"href":"https:\/\/franciscanos.org.br\/noticias\/wp-json\/wp\/v2\/media?parent=231910"}],"wp:term":[{"taxonomy":"category","embeddable":true,"href":"https:\/\/franciscanos.org.br\/noticias\/wp-json\/wp\/v2\/categories?post=231910"},{"taxonomy":"post_tag","embeddable":true,"href":"https:\/\/franciscanos.org.br\/noticias\/wp-json\/wp\/v2\/tags?post=231910"}],"curies":[{"name":"wp","href":"https:\/\/api.w.org\/{rel}","templated":true}]}}