{"id":231904,"date":"2021-05-06T07:41:58","date_gmt":"2021-05-06T10:41:58","guid":{"rendered":"https:\/\/franciscanos.org.br\/noticias\/?p=231904"},"modified":"2021-05-06T07:44:23","modified_gmt":"2021-05-06T10:44:23","slug":"hoje-o-terco-pelo-fim-da-pandemia-no-santuario-de-aparecida","status":"publish","type":"post","link":"https:\/\/franciscanos.org.br\/noticias\/hoje-o-terco-pelo-fim-da-pandemia-no-santuario-de-aparecida.html","title":{"rendered":"Hoje, o Ter\u00e7o pelo fim da pandemia no Santu\u00e1rio de Aparecida"},"content":{"rendered":"<div class=\"article__text \">\n<div id=\"attachment_231905\" style=\"width: 900px\" class=\"wp-caption alignnone\"><img aria-describedby=\"caption-attachment-231905\" loading=\"lazy\" class=\"wp-image-231905 size-full\" src=\"https:\/\/franciscanos.org.br\/noticias\/wp-content\/uploads\/2021\/05\/aparecida_06.jpg\" alt=\"\" width=\"890\" height=\"501\" srcset=\"https:\/\/franciscanos.org.br\/noticias\/wp-content\/uploads\/2021\/05\/aparecida_06.jpg 890w, https:\/\/franciscanos.org.br\/noticias\/wp-content\/uploads\/2021\/05\/aparecida_06-450x253.jpg 450w, https:\/\/franciscanos.org.br\/noticias\/wp-content\/uploads\/2021\/05\/aparecida_06-768x432.jpg 768w, https:\/\/franciscanos.org.br\/noticias\/wp-content\/uploads\/2021\/05\/aparecida_06-150x84.jpg 150w\" sizes=\"(max-width: 890px) 100vw, 890px\" \/><p id=\"caption-attachment-231905\" class=\"wp-caption-text\"><em>\u00a0 \u00a0 \u00a0 \u00a0 \u00a0 \u00a0 \u00a0 \u00a0 \u00a0 \u00a0 \u00a0 \u00a0 \u00a0 \u00a0 \u00a0 \u00a0 \u00a0 \u00a0 \u00a0 \u00a0 \u00a0 \u00a0 \u00a0 \u00a0 \u00a0 \u00a0 \u00a0 \u00a0 \u00a0 \u00a0 \u00a0 \u00a0 \u00a0 \u00a0 \u00a0 \u00a0 \u00a0 \u00a0 \u00a0 \u00a0 \u00a0 \u00a0 \u00a0 \u00a0 \u00a0 \u00a0 \u00a0 \u00a0 \u00a0 \u00a0 \u00a0 \u00a0 \u00a0 \u00a0 \u00a0 \u00a0 \u00a0 \u00a0 \u00a0 \u00a0 \u00a0 \u00a0 \u00a0 \u00a0 \u00a0 \u00a0 \u00a0 \u00a0 \u00a0 \u00a0Imagem: Vatican Media<\/em><\/p><\/div>\n<p>Trinta Santu\u00e1rios, representativos de todo o mundo, conduzem a recita\u00e7\u00e3o do Ter\u00e7o todos os dias durante o m\u00eas de maio em uma maratona de ora\u00e7\u00e3o com o tema: &#8220;De toda a Igreja subia incessantemente a ora\u00e7\u00e3o a Deus&#8221;, para invocar o fim da pandemia. Hoje dia 6 de maio, o Ter\u00e7o ser\u00e1 rezado no nosso querido Santu\u00e1rio de Aparecida, com inten\u00e7\u00e3o pelos jovens.<\/p>\n<h2><b>O Santu\u00e1rio se prepara para o Ter\u00e7o<\/b><\/h2>\n<p>O site do Santu\u00e1rio descreve as prepara\u00e7\u00f5es para a ora\u00e7\u00e3o de hoje (06\/05):<\/p>\n<p>\u201cA a\u00e7\u00e3o, convocada pelo Papa Francisco e iniciada por ele mesmo no \u00faltimo s\u00e1bado (1\u00ba), envolve 30 santu\u00e1rios em diversos pa\u00edses durante o m\u00eas de maio. A Bas\u00edlica que abriga a Padroeira vai representar o Brasil na \u201cmaratona\u201d de ora\u00e7\u00f5es. A celebra\u00e7\u00e3o acontece a partir das 11h, no Altar Central do templo\u201d. \u201cRezar com o Papa Francisco \u00e9 rezar com a Igreja. Num gesto de eclesialidade e comunh\u00e3o com o Santo Padre, o Santu\u00e1rio Nacional se une \u00e0s fam\u00edlias enlutadas. S\u00f3 existe luto onde houve amor. Com esperan\u00e7a e f\u00e9 recorremos \u00e0 prote\u00e7\u00e3o da Santa M\u00e3e de Deus, pelo fim da pandemia\u201d, afirma o reitor da Bas\u00edlica de Aparecida, padre Eduardo Catalfo.<\/p>\n<h2><b>Participa\u00e7\u00e3o dos jovens<\/b><\/h2>\n<p>Al\u00e9m do pedido pelo fim da pandemia, os jovens tamb\u00e9m ser\u00e3o recordados em uma inten\u00e7\u00e3o do Ter\u00e7o em Aparecida. Um grupo, constitu\u00eddo por adolescentes beneficiados pelas Obras Sociais do Santu\u00e1rio Nacional e jovens que trabalham em diversos setores da Bas\u00edlica, rezar\u00e1 50 \u201cAve-Marias\u201d ao longo da celebra\u00e7\u00e3o. Eles tamb\u00e9m v\u00e3o entronizar a imagem de Nossa Senhora Aparecida durante o rito e homenagear a Padroeira do Brasil depositando flores diante do altar preparado para a ocasi\u00e3o. As m\u00fasicas da celebra\u00e7\u00e3o ser\u00e3o entoadas pelo Projeto de Educa\u00e7\u00e3o Musical do Santu\u00e1rio de Aparecida (PEMSA), projeto social que atende adolescentes em situa\u00e7\u00e3o de vulnerabilidade social.<\/p>\n<h2><b>Dom Orlando participa na condu\u00e7\u00e3o do Ter\u00e7o<\/b><\/h2>\n<p>Junto deles, participa na condu\u00e7\u00e3o do Ter\u00e7o o arcebispo de Aparecida, Dom Orlando Brandes. Para ele, a escolha do Santu\u00e1rio de Aparecida como representante do Brasil na \u201cmaratona\u201d de ora\u00e7\u00f5es, demonstra a devo\u00e7\u00e3o do Santo Padre \u00e0 Padroeira. \u201cEstamos muito gratos ao Papa Francisco, pois seu gesto nos anima muito. \u00c9 uma demonstra\u00e7\u00e3o do amor que ele tem \u00e0 Aparecida. Este \u00e9 um gesto de muita f\u00e9 e que vamos fazer com profundo sentimento de gratid\u00e3o\u201d, afirma Dom Orlando.<\/p>\n<h2><b>Santu\u00e1rio e o Papa Francisco<\/b><\/h2>\n<p>A rela\u00e7\u00e3o entre Francisco e Aparecida nasceu antes mesmo do in\u00edcio de seu pontificado. Em 2007, o ent\u00e3o cardeal Bergoglio esteve durante quase um m\u00eas na \u201cCapital Brasileira da F\u00e9\u201d, durante os trabalhos da V Confer\u00eancia Geral do Episcopado Latino-Americano e do Caribe. O encontro dos bispos da Am\u00e9rica Latina aconteceu na Bas\u00edlica da Padroeira a pedido do pr\u00f3prio Papa Bento XVI, que fez quest\u00e3o de visitar o Santu\u00e1rio Nacional durante a abertura do encontro. Em 2013, j\u00e1 como chefe da Igreja Cat\u00f3lica, Francisco retornou \u00e0 Aparecida, onde celebrou sua primeira missa como Pont\u00edfice fora do territ\u00f3rio italiano. A partir da\u00ed, em diversas mensagens ao povo brasileiro, o Santo Padre sempre se recorda com carinho de sua visita e da devo\u00e7\u00e3o \u00e0 Padroeira do Brasil.<\/p>\n<p>\u201cO Papa gosta muito do Santu\u00e1rio de Aparecida, que \u00e9 um dos maiores santu\u00e1rios do mundo. \u00c9 um amor, um carinho e at\u00e9 um privil\u00e9gio de termos os papas, n\u00e3o somente o Papa Francisco, que admiram muito Aparecida e nutrem esta devo\u00e7\u00e3o especial por Nossa Senhora\u201d, comemora o arcebispo. A expectativa \u00e9 de que a jornada mundial de ora\u00e7\u00f5es pelo fim de pandemia leve conforto aos que sofrem com a doen\u00e7a e suas perdas. Ao mesmo tempo, ela aponta que f\u00e9 e ci\u00eancia podem e devem caminhar juntas. \u201cA ora\u00e7\u00e3o, junto com a ci\u00eancia humana s\u00e3o verdadeiros rem\u00e9dios. Unimos as duas m\u00e3os: da f\u00e9 e da ci\u00eancia. Pedimos que o Esp\u00edrito Santo continue iluminando sempre mais os cientistas, os m\u00e9dios e os poderes, para que juntos, na unidade, saiamos vitoriosos sobre este v\u00edrus\u201d, esclarece Dom Orlando.<\/p>\n<p><strong>Para os brasileiros, a celebra\u00e7\u00e3o ser\u00e1 transmitida ao vivo, a partir das 11h, pelas redes sociais do Santu\u00e1rio Nacional (Facebook e YouTube), TV Aparecida, TV ao Vivo no A12 e Aplicativo Aparecida. \u00c0s 13h de Bras\u00edlia (18h de Roma), o\u00a0<i>Vatican News<\/i>\u00a0exibe a celebra\u00e7\u00e3o que deve ser acompanhada por fi\u00e9is de todo o mundo.<\/strong><\/p>\n<p>Confira (nesta ordem), o dia do m\u00eas de maio, o Santu\u00e1rio e a inten\u00e7\u00e3o pela qual se vai rezar naquele dia:<\/p>\n<p>Bas\u00edlica de S\u00e3o Pedro (Vaticano) \u2013 Pela humanidade ferida<\/p>\n<p>01 \u2013 Nossa Senhora de Walsingham (Inglaterra) \u2013 Pelos falecidos<\/p>\n<p>02 \u2013 Jesus o Salvador e Maria M\u00e3e (Nig\u00e9ria) \u2013 Por aqueles que n\u00e3o puderam se despedir dos entes queridos<\/p>\n<p>03 \u2013 Nossa Senhora de Cz\u0119stochowa (Pol\u00f4nia) \u2013 Pelos contagiados e doentes<\/p>\n<p>04 \u2013 Bas\u00edlica da Anuncia\u00e7\u00e3o (Israel) \u2013 Pelas mulheres gr\u00e1vidas e os nascituros<\/p>\n<p>05 \u2013 Bem-aventurada Virgem do Ros\u00e1rio (Coreia do Sul) \u2013 Pelas crian\u00e7as e adolescentes<\/p>\n<p><strong>06 \u2013 Nossa Senhora Aparecida (Brasil) \u2013 Pelos jovens<\/strong><\/p>\n<p>07 \u2013 Nossa Senhora da Paz e da Boa Viagem (Filipinas) \u2013 Pelas fam\u00edlias.<\/p>\n<p>08 \u2013 Nossa Senhora de Luj\u00e1n (Argentina) \u2013 Pelos agentes de comunica\u00e7\u00e3o<\/p>\n<p>09 \u2013 Santa Casa de Loreto (It\u00e1lia) \u2013 Pelos idosos<\/p>\n<p>10 \u2013 Nossa Senhora de Knock (Irlanda) \u2013 Pelas pessoas com defici\u00eancia<\/p>\n<p>11 \u2013 Virgem dos Pobres (B\u00e9lgica) \u2013 Pelos pobres, sem-teto e pessoas em dificuldade econ\u00f4mica<\/p>\n<p>12 \u2013 Nossa Senhora da \u00c1frica \u2013 Pelas pessoas sozinhas e por aqueles que perderam a esperan\u00e7a<\/p>\n<p>13 \u2013 Virgem do Ros\u00e1rio (Portugal) \u2013 Pelos encarcerados<\/p>\n<p>14 \u2013 Nossa Senhora da Sa\u00fade (\u00cdndia) \u2013 Pelos cientistas e institutos de pesquisa m\u00e9dica<\/p>\n<p>15 \u2013 Nossa Senhora Rainha da Paz (B\u00f3snia) \u2013 Pelos migrantes<\/p>\n<p>16 \u2013 Catedral de Santa Maria (Austr\u00e1lia) \u2013 Pelas v\u00edtimas da viol\u00eancia e do tr\u00e1fico humano<\/p>\n<p>17 \u2013 Imaculada Concei\u00e7\u00e3o (Estados Unidos) \u2013 Pelos respons\u00e1veis das na\u00e7\u00f5es e organismos internacionais<\/p>\n<p>18 \u2013 Nossa Senhora de Lourdes (Fran\u00e7a) \u2013 Pelos m\u00e9dicos e enfermeiros<\/p>\n<p>19 \u2013 Meryem Ana (Turquia) \u2013 Pelas popula\u00e7\u00f5es em guerra e pela paz no mundo<\/p>\n<p>20 \u2013 Nossa Senhora da Caridade do Cobre (Cuba) \u2013 Pelos farmac\u00eauticos e pessoal da sa\u00fade<\/p>\n<p>21 \u2013 Nossa Senhora de Nagasaki (Jap\u00e3o) \u2013 Pelos agentes s\u00f3cios-assistenciais<\/p>\n<p>22 \u2013 Nossa Senhora de Montserrat (Espanha) \u2013 Pelos volunt\u00e1rios<\/p>\n<p>23 \u2013 Notre Dame du Cap (Canad\u00e1) \u2013 Pelas for\u00e7as de seguran\u00e7a, militares e bombeiros<\/p>\n<p>24 \u2013 (A ser confirmado) \u2013 Por aqueles que garantem os servi\u00e7os essenciais<\/p>\n<p>25 \u2013 Santu\u00e1rio Nacional de Nossa Senhora de Ta\u2019Pinu (Malta) \u2013 Pelos professores, estudantes e educadores<\/p>\n<p>26 \u2013 Nossa Senhora de Guadalupe (M\u00e9xico) \u2013 Pelos trabalhadores e empreendedores<\/p>\n<p>27 \u2013 M\u00e3e de Deus (Ucr\u00e2nia) \u2013 Pelos desempregados<\/p>\n<p>28 \u2013 Nossa Senhora Negra de Alt\u00f6tting (Alemanha) \u2013 Pelo Papa, os bispos, presb\u00edteros e di\u00e1conos<\/p>\n<p>29 \u2013 Nossa Senhora do L\u00edbano (L\u00edbano) \u2013 Pelas pessoas consagradas<\/p>\n<p>30 \u2013 Bem-aventurada Virgem do Santo Ros\u00e1rio de Pompeia (It\u00e1lia) \u2013 Pela Igreja<\/p>\n<p>31 \u2013 Jardins Vaticanos \u2013 Pelo fim da pandemia e a retomada da vida social e de trabalho<\/p>\n<p>A ora\u00e7\u00e3o ter\u00e1 transmiss\u00e3o ao vivo do Vatican News, com coment\u00e1rios em portugu\u00eas, a partir das 12h55 (hor\u00e1rio de Bras\u00edlia), 16h55, (hor\u00e1rio de Portugal). Todos os dias a ora\u00e7\u00e3o, nos diversos Santu\u00e1rios do mundo, ser\u00e1\u00a0<a href=\"https:\/\/www.comunicazione.va\/it\/servizi\/live.html\" rel=\"external\">transmitida ao vivo<\/a>\u00a0nos canais oficiais da Santa S\u00e9, sempre \u00e0s 18 horas (hor\u00e1rio de Roma).<\/p>\n<hr \/>\n<p><i>Fonte: Vatican News e Santu\u00e1rio Nacional<\/i><\/p>\n<\/div>\n<div id=\"banner-donazioni\" class=\"article_banner\"><\/div>\n","protected":false},"excerpt":{"rendered":"<p>Maio, m\u00eas mariano<\/p>\n","protected":false},"author":3,"featured_media":231906,"comment_status":"open","ping_status":"open","sticky":false,"template":"","format":"standard","meta":[],"categories":[1428],"tags":[1627],"acf":[],"yoast_head":"<!-- This site is optimized with the Yoast SEO plugin v19.2 - https:\/\/yoast.com\/wordpress\/plugins\/seo\/ -->\n<title>Hoje, o Ter\u00e7o pelo fim da pandemia no Santu\u00e1rio de Aparecida - Not\u00edcias - Franciscanos<\/title>\n<meta name=\"robots\" content=\"index, follow, max-snippet:-1, max-image-preview:large, max-video-preview:-1\" \/>\n<link rel=\"canonical\" href=\"https:\/\/franciscanos.org.br\/noticias\/hoje-o-terco-pelo-fim-da-pandemia-no-santuario-de-aparecida.html\" \/>\n<meta property=\"og:locale\" content=\"pt_BR\" \/>\n<meta property=\"og:type\" content=\"article\" \/>\n<meta property=\"og:title\" content=\"Hoje, o Ter\u00e7o pelo fim da pandemia no Santu\u00e1rio de Aparecida - Not\u00edcias - Franciscanos\" \/>\n<meta property=\"og:description\" content=\"Maio, m\u00eas mariano\" \/>\n<meta property=\"og:url\" content=\"https:\/\/franciscanos.org.br\/noticias\/hoje-o-terco-pelo-fim-da-pandemia-no-santuario-de-aparecida.html\" \/>\n<meta property=\"og:site_name\" content=\"Not\u00edcias - Franciscanos\" \/>\n<meta property=\"article:published_time\" content=\"2021-05-06T10:41:58+00:00\" \/>\n<meta property=\"article:modified_time\" content=\"2021-05-06T10:44:23+00:00\" \/>\n<meta property=\"og:image\" content=\"https:\/\/franciscanos.org.br\/noticias\/wp-content\/uploads\/2021\/05\/aparecida_06d.jpg\" \/>\n\t<meta property=\"og:image:width\" content=\"800\" \/>\n\t<meta property=\"og:image:height\" content=\"551\" \/>\n\t<meta property=\"og:image:type\" content=\"image\/jpeg\" \/>\n<meta name=\"author\" content=\"moacir\" \/>\n<meta name=\"twitter:card\" content=\"summary_large_image\" \/>\n<meta name=\"twitter:label1\" content=\"Escrito por\" \/>\n\t<meta name=\"twitter:data1\" content=\"moacir\" \/>\n\t<meta name=\"twitter:label2\" content=\"Est. tempo de leitura\" \/>\n\t<meta name=\"twitter:data2\" content=\"6 minutos\" \/>\n<script type=\"application\/ld+json\" class=\"yoast-schema-graph\">{\"@context\":\"https:\/\/schema.org\",\"@graph\":[{\"@type\":\"WebSite\",\"@id\":\"https:\/\/franciscanos.org.br\/noticias\/#website\",\"url\":\"https:\/\/franciscanos.org.br\/noticias\/\",\"name\":\"Not\u00edcias - Franciscanos\",\"description\":\"Prov\u00edncia Franciscana da Imaculada Concei\u00e7\u00e3o do Brasil - Ordem dos Frades Menores - OFM\",\"potentialAction\":[{\"@type\":\"SearchAction\",\"target\":{\"@type\":\"EntryPoint\",\"urlTemplate\":\"https:\/\/franciscanos.org.br\/noticias\/?s={search_term_string}\"},\"query-input\":\"required name=search_term_string\"}],\"inLanguage\":\"pt-BR\"},{\"@type\":\"ImageObject\",\"inLanguage\":\"pt-BR\",\"@id\":\"https:\/\/franciscanos.org.br\/noticias\/hoje-o-terco-pelo-fim-da-pandemia-no-santuario-de-aparecida.html#primaryimage\",\"url\":\"https:\/\/franciscanos.org.br\/noticias\/wp-content\/uploads\/2021\/05\/aparecida_06d.jpg\",\"contentUrl\":\"https:\/\/franciscanos.org.br\/noticias\/wp-content\/uploads\/2021\/05\/aparecida_06d.jpg\",\"width\":800,\"height\":551},{\"@type\":\"WebPage\",\"@id\":\"https:\/\/franciscanos.org.br\/noticias\/hoje-o-terco-pelo-fim-da-pandemia-no-santuario-de-aparecida.html#webpage\",\"url\":\"https:\/\/franciscanos.org.br\/noticias\/hoje-o-terco-pelo-fim-da-pandemia-no-santuario-de-aparecida.html\",\"name\":\"Hoje, o Ter\u00e7o pelo fim da pandemia no Santu\u00e1rio de Aparecida - Not\u00edcias - Franciscanos\",\"isPartOf\":{\"@id\":\"https:\/\/franciscanos.org.br\/noticias\/#website\"},\"primaryImageOfPage\":{\"@id\":\"https:\/\/franciscanos.org.br\/noticias\/hoje-o-terco-pelo-fim-da-pandemia-no-santuario-de-aparecida.html#primaryimage\"},\"datePublished\":\"2021-05-06T10:41:58+00:00\",\"dateModified\":\"2021-05-06T10:44:23+00:00\",\"author\":{\"@id\":\"https:\/\/franciscanos.org.br\/noticias\/#\/schema\/person\/b5c8cba458c330ccff548b056e95a5d4\"},\"breadcrumb\":{\"@id\":\"https:\/\/franciscanos.org.br\/noticias\/hoje-o-terco-pelo-fim-da-pandemia-no-santuario-de-aparecida.html#breadcrumb\"},\"inLanguage\":\"pt-BR\",\"potentialAction\":[{\"@type\":\"ReadAction\",\"target\":[\"https:\/\/franciscanos.org.br\/noticias\/hoje-o-terco-pelo-fim-da-pandemia-no-santuario-de-aparecida.html\"]}]},{\"@type\":\"BreadcrumbList\",\"@id\":\"https:\/\/franciscanos.org.br\/noticias\/hoje-o-terco-pelo-fim-da-pandemia-no-santuario-de-aparecida.html#breadcrumb\",\"itemListElement\":[{\"@type\":\"ListItem\",\"position\":1,\"name\":\"Home\",\"item\":\"https:\/\/franciscanos.org.br\/noticias\"},{\"@type\":\"ListItem\",\"position\":2,\"name\":\"Hoje, o Ter\u00e7o pelo fim da pandemia no Santu\u00e1rio de Aparecida\"}]},{\"@type\":\"Person\",\"@id\":\"https:\/\/franciscanos.org.br\/noticias\/#\/schema\/person\/b5c8cba458c330ccff548b056e95a5d4\",\"name\":\"moacir\",\"image\":{\"@type\":\"ImageObject\",\"inLanguage\":\"pt-BR\",\"@id\":\"https:\/\/franciscanos.org.br\/noticias\/#\/schema\/person\/image\/\",\"url\":\"https:\/\/secure.gravatar.com\/avatar\/d08aa2ce4c8dd416d4479aa8536fcf64?s=96&d=mm&r=g\",\"contentUrl\":\"https:\/\/secure.gravatar.com\/avatar\/d08aa2ce4c8dd416d4479aa8536fcf64?s=96&d=mm&r=g\",\"caption\":\"moacir\"},\"url\":\"https:\/\/franciscanos.org.br\/noticias\/author\/moacir\"}]}<\/script>\n<!-- \/ Yoast SEO plugin. -->","yoast_head_json":{"title":"Hoje, o Ter\u00e7o pelo fim da pandemia no Santu\u00e1rio de Aparecida - Not\u00edcias - Franciscanos","robots":{"index":"index","follow":"follow","max-snippet":"max-snippet:-1","max-image-preview":"max-image-preview:large","max-video-preview":"max-video-preview:-1"},"canonical":"https:\/\/franciscanos.org.br\/noticias\/hoje-o-terco-pelo-fim-da-pandemia-no-santuario-de-aparecida.html","og_locale":"pt_BR","og_type":"article","og_title":"Hoje, o Ter\u00e7o pelo fim da pandemia no Santu\u00e1rio de Aparecida - Not\u00edcias - Franciscanos","og_description":"Maio, m\u00eas mariano","og_url":"https:\/\/franciscanos.org.br\/noticias\/hoje-o-terco-pelo-fim-da-pandemia-no-santuario-de-aparecida.html","og_site_name":"Not\u00edcias - Franciscanos","article_published_time":"2021-05-06T10:41:58+00:00","article_modified_time":"2021-05-06T10:44:23+00:00","og_image":[{"width":800,"height":551,"url":"https:\/\/franciscanos.org.br\/noticias\/wp-content\/uploads\/2021\/05\/aparecida_06d.jpg","type":"image\/jpeg"}],"author":"moacir","twitter_card":"summary_large_image","twitter_misc":{"Escrito por":"moacir","Est. tempo de leitura":"6 minutos"},"schema":{"@context":"https:\/\/schema.org","@graph":[{"@type":"WebSite","@id":"https:\/\/franciscanos.org.br\/noticias\/#website","url":"https:\/\/franciscanos.org.br\/noticias\/","name":"Not\u00edcias - Franciscanos","description":"Prov\u00edncia Franciscana da Imaculada Concei\u00e7\u00e3o do Brasil - Ordem dos Frades Menores - OFM","potentialAction":[{"@type":"SearchAction","target":{"@type":"EntryPoint","urlTemplate":"https:\/\/franciscanos.org.br\/noticias\/?s={search_term_string}"},"query-input":"required name=search_term_string"}],"inLanguage":"pt-BR"},{"@type":"ImageObject","inLanguage":"pt-BR","@id":"https:\/\/franciscanos.org.br\/noticias\/hoje-o-terco-pelo-fim-da-pandemia-no-santuario-de-aparecida.html#primaryimage","url":"https:\/\/franciscanos.org.br\/noticias\/wp-content\/uploads\/2021\/05\/aparecida_06d.jpg","contentUrl":"https:\/\/franciscanos.org.br\/noticias\/wp-content\/uploads\/2021\/05\/aparecida_06d.jpg","width":800,"height":551},{"@type":"WebPage","@id":"https:\/\/franciscanos.org.br\/noticias\/hoje-o-terco-pelo-fim-da-pandemia-no-santuario-de-aparecida.html#webpage","url":"https:\/\/franciscanos.org.br\/noticias\/hoje-o-terco-pelo-fim-da-pandemia-no-santuario-de-aparecida.html","name":"Hoje, o Ter\u00e7o pelo fim da pandemia no Santu\u00e1rio de Aparecida - Not\u00edcias - Franciscanos","isPartOf":{"@id":"https:\/\/franciscanos.org.br\/noticias\/#website"},"primaryImageOfPage":{"@id":"https:\/\/franciscanos.org.br\/noticias\/hoje-o-terco-pelo-fim-da-pandemia-no-santuario-de-aparecida.html#primaryimage"},"datePublished":"2021-05-06T10:41:58+00:00","dateModified":"2021-05-06T10:44:23+00:00","author":{"@id":"https:\/\/franciscanos.org.br\/noticias\/#\/schema\/person\/b5c8cba458c330ccff548b056e95a5d4"},"breadcrumb":{"@id":"https:\/\/franciscanos.org.br\/noticias\/hoje-o-terco-pelo-fim-da-pandemia-no-santuario-de-aparecida.html#breadcrumb"},"inLanguage":"pt-BR","potentialAction":[{"@type":"ReadAction","target":["https:\/\/franciscanos.org.br\/noticias\/hoje-o-terco-pelo-fim-da-pandemia-no-santuario-de-aparecida.html"]}]},{"@type":"BreadcrumbList","@id":"https:\/\/franciscanos.org.br\/noticias\/hoje-o-terco-pelo-fim-da-pandemia-no-santuario-de-aparecida.html#breadcrumb","itemListElement":[{"@type":"ListItem","position":1,"name":"Home","item":"https:\/\/franciscanos.org.br\/noticias"},{"@type":"ListItem","position":2,"name":"Hoje, o Ter\u00e7o pelo fim da pandemia no Santu\u00e1rio de Aparecida"}]},{"@type":"Person","@id":"https:\/\/franciscanos.org.br\/noticias\/#\/schema\/person\/b5c8cba458c330ccff548b056e95a5d4","name":"moacir","image":{"@type":"ImageObject","inLanguage":"pt-BR","@id":"https:\/\/franciscanos.org.br\/noticias\/#\/schema\/person\/image\/","url":"https:\/\/secure.gravatar.com\/avatar\/d08aa2ce4c8dd416d4479aa8536fcf64?s=96&d=mm&r=g","contentUrl":"https:\/\/secure.gravatar.com\/avatar\/d08aa2ce4c8dd416d4479aa8536fcf64?s=96&d=mm&r=g","caption":"moacir"},"url":"https:\/\/franciscanos.org.br\/noticias\/author\/moacir"}]}},"_links":{"self":[{"href":"https:\/\/franciscanos.org.br\/noticias\/wp-json\/wp\/v2\/posts\/231904"}],"collection":[{"href":"https:\/\/franciscanos.org.br\/noticias\/wp-json\/wp\/v2\/posts"}],"about":[{"href":"https:\/\/franciscanos.org.br\/noticias\/wp-json\/wp\/v2\/types\/post"}],"author":[{"embeddable":true,"href":"https:\/\/franciscanos.org.br\/noticias\/wp-json\/wp\/v2\/users\/3"}],"replies":[{"embeddable":true,"href":"https:\/\/franciscanos.org.br\/noticias\/wp-json\/wp\/v2\/comments?post=231904"}],"version-history":[{"count":3,"href":"https:\/\/franciscanos.org.br\/noticias\/wp-json\/wp\/v2\/posts\/231904\/revisions"}],"predecessor-version":[{"id":231909,"href":"https:\/\/franciscanos.org.br\/noticias\/wp-json\/wp\/v2\/posts\/231904\/revisions\/231909"}],"wp:featuredmedia":[{"embeddable":true,"href":"https:\/\/franciscanos.org.br\/noticias\/wp-json\/wp\/v2\/media\/231906"}],"wp:attachment":[{"href":"https:\/\/franciscanos.org.br\/noticias\/wp-json\/wp\/v2\/media?parent=231904"}],"wp:term":[{"taxonomy":"category","embeddable":true,"href":"https:\/\/franciscanos.org.br\/noticias\/wp-json\/wp\/v2\/categories?post=231904"},{"taxonomy":"post_tag","embeddable":true,"href":"https:\/\/franciscanos.org.br\/noticias\/wp-json\/wp\/v2\/tags?post=231904"}],"curies":[{"name":"wp","href":"https:\/\/api.w.org\/{rel}","templated":true}]}}