{"id":23189,"date":"2018-10-18T00:19:24","date_gmt":"2018-10-18T03:19:24","guid":{"rendered":"http:\/\/new.franciscanos.org.br\/?p=23189"},"modified":"2019-08-06T09:10:43","modified_gmt":"2019-08-06T12:10:43","slug":"pedro-de-alcantara","status":"publish","type":"post","link":"https:\/\/franciscanos.org.br\/noticias\/pedro-de-alcantara.html","title":{"rendered":"Franciscanos celebram S\u00e3o Pedro de Alc\u00e2ntara"},"content":{"rendered":"<p><img loading=\"lazy\" class=\"alignleft size-full wp-image-191358\" src=\"https:\/\/franciscanos.org.br\/noticias\/wp-content\/uploads\/2018\/10\/pedro_alcantara_870.jpg\" alt=\"\" width=\"870\" height=\"508\" srcset=\"https:\/\/franciscanos.org.br\/noticias\/wp-content\/uploads\/2018\/10\/pedro_alcantara_870.jpg 870w, https:\/\/franciscanos.org.br\/noticias\/wp-content\/uploads\/2018\/10\/pedro_alcantara_870-450x263.jpg 450w, https:\/\/franciscanos.org.br\/noticias\/wp-content\/uploads\/2018\/10\/pedro_alcantara_870-768x448.jpg 768w, https:\/\/franciscanos.org.br\/noticias\/wp-content\/uploads\/2018\/10\/pedro_alcantara_870-150x88.jpg 150w\" sizes=\"(max-width: 870px) 100vw, 870px\" \/><\/p>\n<p>Frei Pedro nasceu em Alc\u00e2ntara (C\u00e1ceres, Espanha) em 1499. Filho de Alonso Garabito e de Maria Vilela, recebeu no batismo o nome de Juan de Sanabria. Depois de tr\u00eas anos de estudos em Salamanca (1511-1515), entrou na Ordem Franciscana, na Cust\u00f3dia do Santo Evangelho (1516), que mais tarde, em 1520, se converteria em Prov\u00edncia de S\u00e3o Gabriel. Em Majarretes (Badajoz), lugar de seu noviciado, nasceu um novo homem: Juan de Sanabria se transformou em Pedro de Alc\u00e2ntara.<\/p>\n<p>Pouco depois, em 1519, um pouco antes de ser ordenado sacerdote, foi enviado como superior para fundar o Convento de Badajoz. Completados os estudos de filosofia, teologia, direito can\u00f4nico, moral e homil\u00e9tica, conforme as determina\u00e7\u00f5es da \u00e9poca, foi ordenado sacerdote em 1524. Tornou-se superior em Robledillo, depois em Placencia e novamente em Badajoz, at\u00e9 que em 1532 obteve permiss\u00e3o para recolher-se a uma vida mais contemplativa no convento de Santo Onofre da Lapa. Em 1538 foi eleito Ministro Provincial da Prov\u00edncia de S\u00e3o Gabriel.<\/p>\n<p>Durante o per\u00edodo em que foi ministro provincial redigiu para seus religiosos estatutos muito severos, aprovados no Cap\u00edtulo de Placencia, em 1540. Mas o come\u00e7o de sua reforma teve lugar em 1544 quando, com o consentimento de Julio III, retirou-se para a pequena igreja de Santa Cruz de Cebollas, pr\u00f3ximo de Coira. Em 1555 construiu o c\u00e9lebre convento de Pedroso, seguido de outros. A partir deste momento, a reforma prosperou amplamente e, em 8 de maio de 1559, obteve a aprova\u00e7\u00e3o de Paulo IV, que\u00a0permitiu sua difus\u00e3o tamb\u00e9m no exterior.<\/p>\n<p>Pedro de Alc\u00e2ntara, com sua reforma, queria trazer de volta a Ordem Franciscana \u00e0 genu\u00edna observ\u00e2ncia da Regra. Mediante a suma pobreza, a r\u00edgida penit\u00eancia e um sublime esp\u00edrito de ora\u00e7\u00e3o alcan\u00e7ou os mais altos graus de contempla\u00e7\u00e3o e pode atrair numerosos franciscanos por aquele caminho de reforma que se propunha fazer reviver em seu s\u00e9culo o franciscanismo dos primeiros tempos.<\/p>\n<p>Foi confessor e diretor espiritual de Santa Teresa de \u00c1vila e ajudou na reforma da Ordem Carmelita. Santa Teresa escreveu sobre ele: \u201cModelo de virtudes era Frei Pedro de Alc\u00e2ntara! O mundo de hoje j\u00e1 n\u00e3o \u00e9 capaz de uma tal perfei\u00e7\u00e3o. Este homem santo \u00e9 de nosso tempo, mas seu fervor \u00e9 forte como de outros tempos. Tem o mundo a seus p\u00e9s. Que valor deu o Senhor a este santo para fazer durante 47 anos t\u00e3o r\u00edgida penit\u00eancia!\u201d.<\/p>\n<p>Depois de uma grande atividade erem\u00edtica e apost\u00f3lica, morreu em Arenas de San Pedro (\u00c1vila), no dia 18 de outubro de 1562, aos 63 anos. Em 1622 foi beatificado por Greg\u00f3rio XV e, em 1669, foi canonizado por Clemente IX. Em 1826 foi declarado Padroeiro do Brasil.<\/p>\n<p><iframe loading=\"lazy\" width=\"500\" height=\"281\" src=\"https:\/\/www.youtube.com\/embed\/4pHMGIfuXfA?feature=oembed\" frameborder=\"0\" allow=\"accelerometer; autoplay; encrypted-media; gyroscope; picture-in-picture\" allowfullscreen><\/iframe><\/p>\n","protected":false},"excerpt":{"rendered":"<p>Santo Franciscano<\/p>\n","protected":false},"author":1,"featured_media":191360,"comment_status":"closed","ping_status":"open","sticky":false,"template":"","format":"standard","meta":[],"categories":[1],"tags":[52],"acf":[],"yoast_head":"<!-- This site is optimized with the Yoast SEO plugin v19.2 - https:\/\/yoast.com\/wordpress\/plugins\/seo\/ -->\n<title>Franciscanos celebram S\u00e3o Pedro de Alc\u00e2ntara - Not\u00edcias - Franciscanos<\/title>\n<meta name=\"robots\" content=\"index, follow, max-snippet:-1, max-image-preview:large, max-video-preview:-1\" \/>\n<link rel=\"canonical\" href=\"https:\/\/franciscanos.org.br\/noticias\/pedro-de-alcantara.html\" \/>\n<meta property=\"og:locale\" content=\"pt_BR\" \/>\n<meta property=\"og:type\" content=\"article\" \/>\n<meta property=\"og:title\" content=\"Franciscanos celebram S\u00e3o Pedro de Alc\u00e2ntara - Not\u00edcias - Franciscanos\" \/>\n<meta property=\"og:description\" content=\"Santo Franciscano\" \/>\n<meta property=\"og:url\" content=\"https:\/\/franciscanos.org.br\/noticias\/pedro-de-alcantara.html\" \/>\n<meta property=\"og:site_name\" content=\"Not\u00edcias - Franciscanos\" \/>\n<meta property=\"article:published_time\" content=\"2018-10-18T03:19:24+00:00\" \/>\n<meta property=\"article:modified_time\" content=\"2019-08-06T12:10:43+00:00\" \/>\n<meta property=\"og:image\" content=\"https:\/\/franciscanos.org.br\/noticias\/wp-content\/uploads\/2018\/10\/pedro_alcantara.jpg\" \/>\n\t<meta property=\"og:image:width\" content=\"273\" \/>\n\t<meta property=\"og:image:height\" content=\"181\" \/>\n\t<meta property=\"og:image:type\" content=\"image\/jpeg\" \/>\n<meta name=\"author\" content=\"admin\" \/>\n<meta name=\"twitter:card\" content=\"summary_large_image\" \/>\n<meta name=\"twitter:label1\" content=\"Escrito por\" \/>\n\t<meta name=\"twitter:data1\" content=\"admin\" \/>\n\t<meta name=\"twitter:label2\" content=\"Est. tempo de leitura\" \/>\n\t<meta name=\"twitter:data2\" content=\"2 minutos\" \/>\n<script type=\"application\/ld+json\" class=\"yoast-schema-graph\">{\"@context\":\"https:\/\/schema.org\",\"@graph\":[{\"@type\":\"WebSite\",\"@id\":\"https:\/\/franciscanos.org.br\/noticias\/#website\",\"url\":\"https:\/\/franciscanos.org.br\/noticias\/\",\"name\":\"Not\u00edcias - Franciscanos\",\"description\":\"Prov\u00edncia Franciscana da Imaculada Concei\u00e7\u00e3o do Brasil - Ordem dos Frades Menores - OFM\",\"potentialAction\":[{\"@type\":\"SearchAction\",\"target\":{\"@type\":\"EntryPoint\",\"urlTemplate\":\"https:\/\/franciscanos.org.br\/noticias\/?s={search_term_string}\"},\"query-input\":\"required name=search_term_string\"}],\"inLanguage\":\"pt-BR\"},{\"@type\":\"ImageObject\",\"inLanguage\":\"pt-BR\",\"@id\":\"https:\/\/franciscanos.org.br\/noticias\/pedro-de-alcantara.html#primaryimage\",\"url\":\"https:\/\/franciscanos.org.br\/noticias\/wp-content\/uploads\/2018\/10\/pedro_alcantara.jpg\",\"contentUrl\":\"https:\/\/franciscanos.org.br\/noticias\/wp-content\/uploads\/2018\/10\/pedro_alcantara.jpg\",\"width\":273,\"height\":181},{\"@type\":\"WebPage\",\"@id\":\"https:\/\/franciscanos.org.br\/noticias\/pedro-de-alcantara.html#webpage\",\"url\":\"https:\/\/franciscanos.org.br\/noticias\/pedro-de-alcantara.html\",\"name\":\"Franciscanos celebram S\u00e3o Pedro de Alc\u00e2ntara - Not\u00edcias - Franciscanos\",\"isPartOf\":{\"@id\":\"https:\/\/franciscanos.org.br\/noticias\/#website\"},\"primaryImageOfPage\":{\"@id\":\"https:\/\/franciscanos.org.br\/noticias\/pedro-de-alcantara.html#primaryimage\"},\"datePublished\":\"2018-10-18T03:19:24+00:00\",\"dateModified\":\"2019-08-06T12:10:43+00:00\",\"author\":{\"@id\":\"https:\/\/franciscanos.org.br\/noticias\/#\/schema\/person\/b38fbf43118f02820bd932f2e4b14ad3\"},\"breadcrumb\":{\"@id\":\"https:\/\/franciscanos.org.br\/noticias\/pedro-de-alcantara.html#breadcrumb\"},\"inLanguage\":\"pt-BR\",\"potentialAction\":[{\"@type\":\"ReadAction\",\"target\":[\"https:\/\/franciscanos.org.br\/noticias\/pedro-de-alcantara.html\"]}]},{\"@type\":\"BreadcrumbList\",\"@id\":\"https:\/\/franciscanos.org.br\/noticias\/pedro-de-alcantara.html#breadcrumb\",\"itemListElement\":[{\"@type\":\"ListItem\",\"position\":1,\"name\":\"Home\",\"item\":\"https:\/\/franciscanos.org.br\/noticias\"},{\"@type\":\"ListItem\",\"position\":2,\"name\":\"Franciscanos celebram S\u00e3o Pedro de Alc\u00e2ntara\"}]},{\"@type\":\"Person\",\"@id\":\"https:\/\/franciscanos.org.br\/noticias\/#\/schema\/person\/b38fbf43118f02820bd932f2e4b14ad3\",\"name\":\"admin\",\"image\":{\"@type\":\"ImageObject\",\"inLanguage\":\"pt-BR\",\"@id\":\"https:\/\/franciscanos.org.br\/noticias\/#\/schema\/person\/image\/\",\"url\":\"https:\/\/secure.gravatar.com\/avatar\/e8495742d34d0ba6448ea1c628263b3e?s=96&d=mm&r=g\",\"contentUrl\":\"https:\/\/secure.gravatar.com\/avatar\/e8495742d34d0ba6448ea1c628263b3e?s=96&d=mm&r=g\",\"caption\":\"admin\"},\"url\":\"https:\/\/franciscanos.org.br\/noticias\/author\/admin\"}]}<\/script>\n<!-- \/ Yoast SEO plugin. -->","yoast_head_json":{"title":"Franciscanos celebram S\u00e3o Pedro de Alc\u00e2ntara - Not\u00edcias - Franciscanos","robots":{"index":"index","follow":"follow","max-snippet":"max-snippet:-1","max-image-preview":"max-image-preview:large","max-video-preview":"max-video-preview:-1"},"canonical":"https:\/\/franciscanos.org.br\/noticias\/pedro-de-alcantara.html","og_locale":"pt_BR","og_type":"article","og_title":"Franciscanos celebram S\u00e3o Pedro de Alc\u00e2ntara - Not\u00edcias - Franciscanos","og_description":"Santo Franciscano","og_url":"https:\/\/franciscanos.org.br\/noticias\/pedro-de-alcantara.html","og_site_name":"Not\u00edcias - Franciscanos","article_published_time":"2018-10-18T03:19:24+00:00","article_modified_time":"2019-08-06T12:10:43+00:00","og_image":[{"width":273,"height":181,"url":"https:\/\/franciscanos.org.br\/noticias\/wp-content\/uploads\/2018\/10\/pedro_alcantara.jpg","type":"image\/jpeg"}],"author":"admin","twitter_card":"summary_large_image","twitter_misc":{"Escrito por":"admin","Est. tempo de leitura":"2 minutos"},"schema":{"@context":"https:\/\/schema.org","@graph":[{"@type":"WebSite","@id":"https:\/\/franciscanos.org.br\/noticias\/#website","url":"https:\/\/franciscanos.org.br\/noticias\/","name":"Not\u00edcias - Franciscanos","description":"Prov\u00edncia Franciscana da Imaculada Concei\u00e7\u00e3o do Brasil - Ordem dos Frades Menores - OFM","potentialAction":[{"@type":"SearchAction","target":{"@type":"EntryPoint","urlTemplate":"https:\/\/franciscanos.org.br\/noticias\/?s={search_term_string}"},"query-input":"required name=search_term_string"}],"inLanguage":"pt-BR"},{"@type":"ImageObject","inLanguage":"pt-BR","@id":"https:\/\/franciscanos.org.br\/noticias\/pedro-de-alcantara.html#primaryimage","url":"https:\/\/franciscanos.org.br\/noticias\/wp-content\/uploads\/2018\/10\/pedro_alcantara.jpg","contentUrl":"https:\/\/franciscanos.org.br\/noticias\/wp-content\/uploads\/2018\/10\/pedro_alcantara.jpg","width":273,"height":181},{"@type":"WebPage","@id":"https:\/\/franciscanos.org.br\/noticias\/pedro-de-alcantara.html#webpage","url":"https:\/\/franciscanos.org.br\/noticias\/pedro-de-alcantara.html","name":"Franciscanos celebram S\u00e3o Pedro de Alc\u00e2ntara - Not\u00edcias - Franciscanos","isPartOf":{"@id":"https:\/\/franciscanos.org.br\/noticias\/#website"},"primaryImageOfPage":{"@id":"https:\/\/franciscanos.org.br\/noticias\/pedro-de-alcantara.html#primaryimage"},"datePublished":"2018-10-18T03:19:24+00:00","dateModified":"2019-08-06T12:10:43+00:00","author":{"@id":"https:\/\/franciscanos.org.br\/noticias\/#\/schema\/person\/b38fbf43118f02820bd932f2e4b14ad3"},"breadcrumb":{"@id":"https:\/\/franciscanos.org.br\/noticias\/pedro-de-alcantara.html#breadcrumb"},"inLanguage":"pt-BR","potentialAction":[{"@type":"ReadAction","target":["https:\/\/franciscanos.org.br\/noticias\/pedro-de-alcantara.html"]}]},{"@type":"BreadcrumbList","@id":"https:\/\/franciscanos.org.br\/noticias\/pedro-de-alcantara.html#breadcrumb","itemListElement":[{"@type":"ListItem","position":1,"name":"Home","item":"https:\/\/franciscanos.org.br\/noticias"},{"@type":"ListItem","position":2,"name":"Franciscanos celebram S\u00e3o Pedro de Alc\u00e2ntara"}]},{"@type":"Person","@id":"https:\/\/franciscanos.org.br\/noticias\/#\/schema\/person\/b38fbf43118f02820bd932f2e4b14ad3","name":"admin","image":{"@type":"ImageObject","inLanguage":"pt-BR","@id":"https:\/\/franciscanos.org.br\/noticias\/#\/schema\/person\/image\/","url":"https:\/\/secure.gravatar.com\/avatar\/e8495742d34d0ba6448ea1c628263b3e?s=96&d=mm&r=g","contentUrl":"https:\/\/secure.gravatar.com\/avatar\/e8495742d34d0ba6448ea1c628263b3e?s=96&d=mm&r=g","caption":"admin"},"url":"https:\/\/franciscanos.org.br\/noticias\/author\/admin"}]}},"_links":{"self":[{"href":"https:\/\/franciscanos.org.br\/noticias\/wp-json\/wp\/v2\/posts\/23189"}],"collection":[{"href":"https:\/\/franciscanos.org.br\/noticias\/wp-json\/wp\/v2\/posts"}],"about":[{"href":"https:\/\/franciscanos.org.br\/noticias\/wp-json\/wp\/v2\/types\/post"}],"author":[{"embeddable":true,"href":"https:\/\/franciscanos.org.br\/noticias\/wp-json\/wp\/v2\/users\/1"}],"replies":[{"embeddable":true,"href":"https:\/\/franciscanos.org.br\/noticias\/wp-json\/wp\/v2\/comments?post=23189"}],"version-history":[{"count":0,"href":"https:\/\/franciscanos.org.br\/noticias\/wp-json\/wp\/v2\/posts\/23189\/revisions"}],"wp:featuredmedia":[{"embeddable":true,"href":"https:\/\/franciscanos.org.br\/noticias\/wp-json\/wp\/v2\/media\/191360"}],"wp:attachment":[{"href":"https:\/\/franciscanos.org.br\/noticias\/wp-json\/wp\/v2\/media?parent=23189"}],"wp:term":[{"taxonomy":"category","embeddable":true,"href":"https:\/\/franciscanos.org.br\/noticias\/wp-json\/wp\/v2\/categories?post=23189"},{"taxonomy":"post_tag","embeddable":true,"href":"https:\/\/franciscanos.org.br\/noticias\/wp-json\/wp\/v2\/tags?post=23189"}],"curies":[{"name":"wp","href":"https:\/\/api.w.org\/{rel}","templated":true}]}}