{"id":231885,"date":"2021-05-04T07:23:32","date_gmt":"2021-05-04T10:23:32","guid":{"rendered":"https:\/\/franciscanos.org.br\/noticias\/?p=231885"},"modified":"2021-05-04T07:28:21","modified_gmt":"2021-05-04T10:28:21","slug":"grun-mesters-harada-iran-jacob-e-aroldo-rodrigues-nos-lancamentos-da-vozes","status":"publish","type":"post","link":"https:\/\/franciscanos.org.br\/noticias\/grun-mesters-harada-iran-jacob-e-aroldo-rodrigues-nos-lancamentos-da-vozes.html","title":{"rendered":"Gr\u00fcn, Mesters, Harada, Iran Jacob e Aroldo Rodrigues nos lan\u00e7amentos da Vozes"},"content":{"rendered":"<div id=\"attachment_231886\" style=\"width: 1290px\" class=\"wp-caption alignnone\"><img aria-describedby=\"caption-attachment-231886\" loading=\"lazy\" class=\"wp-image-231886 size-full\" src=\"https:\/\/franciscanos.org.br\/noticias\/wp-content\/uploads\/2021\/05\/arte.jpg\" alt=\"\" width=\"1280\" height=\"424\" srcset=\"https:\/\/franciscanos.org.br\/noticias\/wp-content\/uploads\/2021\/05\/arte.jpg 1280w, https:\/\/franciscanos.org.br\/noticias\/wp-content\/uploads\/2021\/05\/arte-450x149.jpg 450w, https:\/\/franciscanos.org.br\/noticias\/wp-content\/uploads\/2021\/05\/arte-1024x339.jpg 1024w, https:\/\/franciscanos.org.br\/noticias\/wp-content\/uploads\/2021\/05\/arte-768x254.jpg 768w, https:\/\/franciscanos.org.br\/noticias\/wp-content\/uploads\/2021\/05\/arte-150x50.jpg 150w\" sizes=\"(max-width: 1280px) 100vw, 1280px\" \/><p id=\"caption-attachment-231886\" class=\"wp-caption-text\"><a href=\"http:\/\/vozes.com.br\/\">\u00a0 \u00a0 \u00a0 \u00a0 \u00a0 \u00a0 \u00a0 \u00a0 \u00a0 \u00a0 \u00a0 \u00a0 \u00a0 \u00a0 \u00a0 \u00a0 \u00a0 \u00a0 \u00a0 \u00a0 \u00a0 \u00a0 \u00a0 \u00a0 \u00a0 \u00a0 \u00a0 \u00a0 \u00a0 \u00a0 \u00a0 \u00a0 \u00a0 \u00a0 \u00a0 \u00a0 \u00a0 \u00a0 \u00a0 \u00a0 \u00a0 \u00a0 \u00a0 \u00a0 \u00a0 \u00a0 \u00a0 \u00a0 \u00a0 \u00a0 \u00a0Veja mais em: http:\/\/vozes.com.br\/<\/a><\/p><\/div>\n<h3>Desenvolver a autoestima, de Anselm Gr\u00fcn<\/h3>\n<p>&#8220;O sentimento de autoestima \u00e9 o conhecimento da pr\u00f3pria estima, da pr\u00f3pria dignidade, da individualidade como pessoa. \u00c9 a intui\u00e7\u00e3o de meu <em>Eu<\/em>, de meu ser verdadeiro, da imagem, que Deus fez de mim. A autoconfian\u00e7a diz mais respeito ao aspecto de que algu\u00e9m se julga capaz de alguma coisa do que \u00e0 confian\u00e7a em seus pr\u00f3prios sentimentos e de que confia em Deus, que o ampara e o aceita. O sentimento de autoestima e o sentimento de autoconfian\u00e7a est\u00e3o condicionados um ao outro. Porque eu sei que, como ser humano, possuo um valor divino intoc\u00e1vel, posso aceitar-me como sou, posso ter confian\u00e7a de que sou bom, posso julgar-me capaz de apresentar-me da maneira como sou&#8221;, diz o autor.<\/p>\n<p>&#8220;O caminho da f\u00e9 pode nos ajudar a desenvolver um sentimento de autoestima saud\u00e1vel e a conviver com nossa impot\u00eancia de forma a fazer com que ela se torne uma fonte de fantasia e criatividade. Em nosso caminho de f\u00e9 n\u00f3s precisamos trilhar todos os caminhos humanos, sem encurt\u00e1-los espiritualmente&#8221;, escreve Gr\u00fcn neste novo livro.<\/p>\n<p>Um dos principais autores da Vozes, Gr\u00fcn \u00e9 reconhecido no mundo inteiro por seus in\u00fameros livros publicados em 28 l\u00ednguas, o monge beneditino <strong>Anselm Gr\u00fcn<\/strong>, da Abadia de M\u00fcnsterschwarzach (Alemanha), une a capacidade \u00edmpar de falar de coisas profundas com simplicidade e expressar com palavras aquilo que as pessoas experimentam em seu cora\u00e7\u00e3o. Procurado como palestrante e conselheiro na Alemanha e no Brasil, tornou-se um \u00edcone da espiritualidade e mestre do autoconhecimento em nossos dias.<\/p>\n<hr \/>\n<h3>Encontros marcados por Deus, de Iran Ibrahim Jacob<\/h3>\n<p>\u201c\u00c9 incr\u00edvel como Deus coloca as pessoas no lugar e no momento apropriados. Eu estava me sentindo desmotivado e sem energia naquele dia. Precisava me abastecer de f\u00e9 e entusiasmo, e atrav\u00e9s da fraqueza e da necessidade de algu\u00e9m, dispondo-me a ajud\u00e1-lo, recebi o que eu tamb\u00e9m precisava naquele momento\u201d, diz Iran Ibrahim nesta obra.<\/p>\n<p>Encontros marcados por Deus \u00e9 um verdadeiro retrato de uma realidade que muitas vezes nos passa despercebida. Todas as hist\u00f3rias aqui apresentadas trazem profunda emo\u00e7\u00e3o, s\u00e3o ver\u00eddicas e aconteceram com o autor, que coloca a p\u00fablico seu ponto de vista e argumenta\u00e7\u00e3o filos\u00f3fica, embasados na f\u00e9 de que Deus sempre sabe o que faz. Ele vem costurando nossa vida como um grande tecel\u00e3o e colocando em cada esquina a oportunidade de aprendermos a sua Palavra.<\/p>\n<p><strong>Iran Ibrahim Jacob<\/strong> \u00e9 palestrante motivacional, Consultor e Assessor Empresarial. Autor dos Projetos Meu Funcion\u00e1rio- Meu Amigo e Hora H, engenheiro civil, jornalista, escritor, radialista, apresentador de televis\u00e3o, mestre de cerim\u00f4nias, apresentador de solenidades e eventos culturais e sociais. \u00c9 autor do best-seller Momentos a S\u00f3s e de outros 7 livros, al\u00e9m do CD Momentos de Luz, da Cole\u00e7\u00e3o Luz no Caminho \u2013 DVD n\u00ba 1 &#8211; Fam\u00edlia, torna-te o que tu \u00e9s, DVD n\u00ba 2 \u2013 Convivendo com o Luto \u2013 A dor de uma saudade, da Cole\u00e7\u00e3o Momentos de Luz \u2013 DVD n\u00ba 1. \u00c9 seu, tamb\u00e9m, o Programa Semente do Bem \u2013 Programa Semanal publicado semanalmente no YouTube \u2013 www.youtube.com\/iranjacob<\/p>\n<hr \/>\n<h3>Coisas velhas e novas, de Herm\u00f3genes Harada<\/h3>\n<p>&#8220;O t\u00edtulo deste livro evoca a par\u00e1bola de Jesus sobre o Reino dos C\u00e9us: \u201cPor isso todo escriba que se torna disc\u00edpulo do Reino dos C\u00e9us \u00e9 como o pai de fam\u00edlia que de seu tesouro retira coisas novas e velhas\u201d (Mt 13,52). As reflex\u00f5es aqui reunidas, por\u00e9m, n\u00e3o t\u00eam nada a ver nem com o tesouro nem, muito menos, com o Reino dos C\u00e9us. Trata-se simplesmente de algo muito banal, a saber, de coisas escritas, ora velhas, ora mais recentes; fruto de reflex\u00f5es feitas esporadicamente em diversos encontros de espiritualidade franciscana&#8221;, escreve Frei Harada.<\/p>\n<p>Na espiritualidade, bem como em qualquer mat\u00e9ria, h\u00e1 diversos temas. Na coloca\u00e7\u00e3o desses temas entram em jogo muitos aspectos. E um desses aspectos \u00e9 o filos\u00f3fico, enquanto ali se usam conceitos e termos que foram tirados da filosofia. Nem as compreens\u00f5es e pr\u00e9-compreens\u00f5es nem os conte\u00fados desses conceitos s\u00e3o analisados ao se tratar dos temas espirituais, pois, no uso, j\u00e1 s\u00e3o pressupostos como obviamente compreendidos.<\/p>\n<p>Esse car\u00e1ter do \u201cobviamente compreendido\u201d n\u00e3o diz respeito propriamente aos conceitos e termos filos\u00f3ficos, mas sim ao processamento que esses conceitos e termos sofreram ao serem assimilados a partir e dentro do uso da espiritualidade. E se perguntarmos a partir e dentro de que foram processados e assimilados, respondemos que \u00e9 a partir e dentro da dimens\u00e3o da f\u00e9.<\/p>\n<p>Assim, surge o problema de como entender esses conceitos e termos, uma vez que, de um lado, como filos\u00f3ficos, n\u00e3o s\u00e3o nada claros, ou melhor, s\u00e3o antes uns pontos referenciais, mais implicantes de quest\u00f5es do que de solu\u00e7\u00f5es; e, por outro lado, uma vez subsumidos e assimilados sob a experi\u00eancia viva da f\u00e9, devem ter recebido o seu significado pr\u00f3prio enquanto o vir \u00e0 fala da experi\u00eancia da f\u00e9.<\/p>\n<p>As seguintes coisas, velhas e novas, s\u00e3o reflex\u00f5es que, ao tratar de temas da espiritualidade, se ressentem constantemente dessa dificuldade de compreens\u00e3o, embora isso n\u00e3o esteja dito explicitamente. Por causa desse \u201cressentimento\u201d, tais reflex\u00f5es n\u00e3o pertencem propriamente \u00e0 espiritualidade.<\/p>\n<p>Para que fossem pr\u00f3prias da espiritualidade seria necess\u00e1rio mais f\u00e9. A partir dessa car\u00eancia torna-se poss\u00edvel sentir o quanto tais reflex\u00f5es s\u00e3o marginais, ou melhor, marginalizadas da espiritualidade. Por isso, de um lado, as coisas da espiritualidade, \u00f3bvias e conhecidas a quem est\u00e1 por dentro dela, aparecem nestas reflex\u00f5es de modo muito fragilizado, p\u00e1lido, enfermo e, talvez, tamb\u00e9m ing\u00eanuo, para n\u00e3o dizer ignorante e ignorado, ao serem interrogadas no seu ser. Assim, quem \u00e9 da espiritualidade achar\u00e1 que estas reflex\u00f5es est\u00e3o expondo banalidades espirituais, como algu\u00e9m que, ignorante da causa, est\u00e1 \u201cchovendo no molhado\u201d ou \u201crecitando o Pai-nosso ao vig\u00e1rio\u201d. Por outro lado, a quem est\u00e1 afeito \u00e0 precis\u00e3o e profundidade da \u201cacribia\u201d filos\u00f3fica, os arrazoados e descri\u00e7\u00f5es destas reflex\u00f5es s\u00e3o certamente insuficientes e inconvenientes. Por isso, estas reflex\u00f5es n\u00e3o s\u00e3o nem espirituais nem filos\u00f3ficas, mas particulares.<\/p>\n<p><strong>Frei Herm\u00f3genes Harada,<\/strong> OFM (1928-2009), foi um inovador da filosofia no Brasil. Oriundo da tradi\u00e7\u00e3o budista, que conhecia em profundidade e formado por, Heinrich Rombach, um dos grandes mestres do pensamento filos\u00f3fico-fenomenol\u00f3gico, H. Harada soube, com raro \u00eaxito, realizar o di\u00e1logo de integra\u00e7\u00e3o e inova\u00e7\u00e3o entre o pensamento ocidental e oriental, entre filosofia e exist\u00eancia contempor\u00e2nea, entre cristianismo e mundo t\u00e9cnico-cient\u00edfico, numa proposta, ao mesmo tempo, ontol\u00f3gica como pedag\u00f3gica. No rigor do trabalho filos\u00f3fico e na despretens\u00e3o de um sempre principiante, inovou a atitude mais provocante e universal da filosofia: a de preparar um questionamento de tal maneira amplo, profundo e origin\u00e1rio de tudo, que se inicia na singularidade de cada homem, e se enra\u00edza na complexa estrutura\u00e7\u00e3o do mundo em que somos.<\/p>\n<hr \/>\n<h3>Flor sem defesa, de Carlos Mesters<\/h3>\n<p>Em 1983, a Editora Vozes publicava a obra &#8220;Flor sem defesa&#8221;, um cl\u00e1ssico escrito por Carlos Mesters sobre a leitura popular da B\u00edblia. A d\u00e9cada de 1980 foi cen\u00e1rio que presenciou a chegada da B\u00edblia nas m\u00e3os do povo e Mesters foi um dos biblistas que n\u00e3o apenas defendeu o acesso \u00e0s Escrituras, como tamb\u00e9m ofereceu instrumentos para que, sobretudo as Comunidades Eclesiais de Base, pudessem ler os textos b\u00edblicos sem depender de um te\u00f3logo mediador. Eram os tempos do Conc\u00edlio Vaticano II, de uma Igreja que se abria \u00e0 viv\u00eancia eclesial do Povo de Deus e que na Am\u00e9rica Latina pensava a atua\u00e7\u00e3o eclesial sobretudo na perspectiva das confer\u00eancias de Medell\u00edn e de Puebla.<\/p>\n<p>A nova edi\u00e7\u00e3o de &#8220;Flor sem defesa&#8221; traz o mesmo esp\u00edrito presente no texto da d\u00e9cada de 1980: a de que a B\u00edblia pode ser um livro acess\u00edvel a todos. Contudo, vivemos novos tempos e a B\u00edblia, livro mais traduzido e vendido no mundo, est\u00e1 nas m\u00e3os das pessoas. Mesters nos proporciona uma obra revisitada e atualizada, n\u00e3o porque a antiga edi\u00e7\u00e3o fosse ultrapassada, mas porque faz-se necess\u00e1rio dialogar com novos contextos.<\/p>\n<p>Jacobus Gerardus Hubertus Mesters nasceu na Holanda, no dia 20 de outubro de 1931. Foi este o nome que recebeu na pia batismal. Vinte anos mais tarde, ao receber o h\u00e1bito da Ordem Carmelita, j\u00e1 no Brasil, foi rebatizado de Carlos:<strong> Frei Carlos Mesters.<\/strong> Foi professor de B\u00edblia no Curso Teol\u00f3gico dos Carmelitas (1963-1966); professor de B\u00edblia no Col\u00e9gio Internacional Santo Alberto, em Roma (1967); assessor das Comunidades Eclesiais de Base \u2013 CEBs e da CRB;<br \/>\nprincipal articulador na organiza\u00e7\u00e3o do Centro Ecum\u00eanico de B\u00edblia &#8211; CEBI, fundado oficialmente em 20 de julho de 1979. Foi diretor do CEBI de 1979 a 1991. Desde ent\u00e3o, continua no Conselho Nacional como assessor; \u00e9 autor de uma centenas de livros.<\/p>\n<hr \/>\n<h3>Da inutilidade das discuss\u00f5es, de Aroldo Rodrigues<\/h3>\n<p>Este livro tem por objetivo familiarizar o leitor com certos conhecimentos psicol\u00f3gicos capazes de nos ajudar a vermos as coisas como elas s\u00e3o, e n\u00e3o como n\u00f3s somos. Em 1969, George Miller, em seu discurso presidencial para a Associa\u00e7\u00e3o Americana de Psicologia, recomendou aos psic\u00f3logos que se esfor\u00e7assem por difundir conhecimentos psicol\u00f3gicos entre os leigos. Este livro acata a sugest\u00e3o de Miller e procura difundir, em linguagem acess\u00edvel, alguns conhecimentos psicol\u00f3gicos que poder\u00e3o ser \u00fateis \u00e0s pessoas para enfrentar o ambiente polarizado do mundo de hoje. A esperan\u00e7a do autor \u00e9 que os conhecimentos aqui transmitidos ajudem os leitores a privilegiar a honestidade intelectual quando diante de pessoas com pontos de vista opostos ao seu. S\u00f3 assim ser\u00e1 poss\u00edvel desintoxicar o clima de acentuada polariza\u00e7\u00e3o, tribalismo e intoler\u00e2ncia que nos assola no momento.<\/p>\n<p><strong>Aroldo Rodrigues<\/strong> nasceu no dia 14 de novembro de 1933 no Rio de Janeiro. \u00e9 um psic\u00f3logo social. \u00c9 doutor em Psicologia pela Universidade da Calif\u00f3rnia, em Los Angeles. Dedica-se principalmente ao estudo das leis gerais do comportamento social humano, tais como, atitudes, poder social e atribui\u00e7\u00e3o de causalidade. Nos \u00faltimos anos, suas pesquisas t\u00eam-se concentrado em descobrir as atribui\u00e7\u00f5es que seguem ao comportamento de obedi\u00eancia resultante de diferentes tipos de influ\u00eancia social. Aroldo Rodrigues \u00e9 o grande precursor da Psicologia Social Cognitiva neste pa\u00eds.<\/p>\n<hr \/>\n<p><strong>Coordena\u00e7\u00e3o Nacional de Vendas &#8211; Editora Vozes Ltda<\/strong><br \/>\n<strong>Rua Frei Luis , N\u00b0 100, Centro , Petr\u00f3polis-RJ Cep 25689-900 Tel (24)2233-9000\u00a0<\/strong><\/p>\n<p><strong>Apenas e-mails enviados pela Editora Vozes com o dom\u00ednio @vozes s\u00e3o confi\u00e1veis.<br \/>\nQualquer outro enviado em nome da empresa que n\u00e3o possua este dom\u00ednio \u00e9 uma fraude.<\/strong><\/p>\n","protected":false},"excerpt":{"rendered":"<p>Editora Vozes<\/p>\n","protected":false},"author":3,"featured_media":231887,"comment_status":"open","ping_status":"open","sticky":false,"template":"","format":"standard","meta":[],"categories":[1],"tags":[238],"acf":[],"yoast_head":"<!-- This site is optimized with the Yoast SEO plugin v19.2 - https:\/\/yoast.com\/wordpress\/plugins\/seo\/ -->\n<title>Gr\u00fcn, Mesters, Harada, Iran Jacob e Aroldo Rodrigues nos lan\u00e7amentos da Vozes - Not\u00edcias - Franciscanos<\/title>\n<meta name=\"robots\" content=\"index, follow, max-snippet:-1, max-image-preview:large, max-video-preview:-1\" \/>\n<link rel=\"canonical\" href=\"https:\/\/franciscanos.org.br\/noticias\/grun-mesters-harada-iran-jacob-e-aroldo-rodrigues-nos-lancamentos-da-vozes.html\" \/>\n<meta property=\"og:locale\" content=\"pt_BR\" \/>\n<meta property=\"og:type\" content=\"article\" \/>\n<meta property=\"og:title\" content=\"Gr\u00fcn, Mesters, Harada, Iran Jacob e Aroldo Rodrigues nos lan\u00e7amentos da Vozes - Not\u00edcias - Franciscanos\" \/>\n<meta property=\"og:description\" content=\"Editora Vozes\" \/>\n<meta property=\"og:url\" content=\"https:\/\/franciscanos.org.br\/noticias\/grun-mesters-harada-iran-jacob-e-aroldo-rodrigues-nos-lancamentos-da-vozes.html\" \/>\n<meta property=\"og:site_name\" content=\"Not\u00edcias - Franciscanos\" \/>\n<meta property=\"article:published_time\" content=\"2021-05-04T10:23:32+00:00\" \/>\n<meta property=\"article:modified_time\" content=\"2021-05-04T10:28:21+00:00\" \/>\n<meta property=\"og:image\" content=\"https:\/\/franciscanos.org.br\/noticias\/wp-content\/uploads\/2021\/05\/arte_2d.png\" \/>\n\t<meta property=\"og:image:width\" content=\"800\" \/>\n\t<meta property=\"og:image:height\" content=\"550\" \/>\n\t<meta property=\"og:image:type\" content=\"image\/png\" \/>\n<meta name=\"author\" content=\"moacir\" \/>\n<meta name=\"twitter:card\" content=\"summary_large_image\" \/>\n<meta name=\"twitter:label1\" content=\"Escrito por\" \/>\n\t<meta name=\"twitter:data1\" content=\"moacir\" \/>\n\t<meta name=\"twitter:label2\" content=\"Est. tempo de leitura\" \/>\n\t<meta name=\"twitter:data2\" content=\"9 minutos\" \/>\n<script type=\"application\/ld+json\" class=\"yoast-schema-graph\">{\"@context\":\"https:\/\/schema.org\",\"@graph\":[{\"@type\":\"WebSite\",\"@id\":\"https:\/\/franciscanos.org.br\/noticias\/#website\",\"url\":\"https:\/\/franciscanos.org.br\/noticias\/\",\"name\":\"Not\u00edcias - Franciscanos\",\"description\":\"Prov\u00edncia Franciscana da Imaculada Concei\u00e7\u00e3o do Brasil - Ordem dos Frades Menores - OFM\",\"potentialAction\":[{\"@type\":\"SearchAction\",\"target\":{\"@type\":\"EntryPoint\",\"urlTemplate\":\"https:\/\/franciscanos.org.br\/noticias\/?s={search_term_string}\"},\"query-input\":\"required name=search_term_string\"}],\"inLanguage\":\"pt-BR\"},{\"@type\":\"ImageObject\",\"inLanguage\":\"pt-BR\",\"@id\":\"https:\/\/franciscanos.org.br\/noticias\/grun-mesters-harada-iran-jacob-e-aroldo-rodrigues-nos-lancamentos-da-vozes.html#primaryimage\",\"url\":\"https:\/\/franciscanos.org.br\/noticias\/wp-content\/uploads\/2021\/05\/arte_2d.png\",\"contentUrl\":\"https:\/\/franciscanos.org.br\/noticias\/wp-content\/uploads\/2021\/05\/arte_2d.png\",\"width\":800,\"height\":550},{\"@type\":\"WebPage\",\"@id\":\"https:\/\/franciscanos.org.br\/noticias\/grun-mesters-harada-iran-jacob-e-aroldo-rodrigues-nos-lancamentos-da-vozes.html#webpage\",\"url\":\"https:\/\/franciscanos.org.br\/noticias\/grun-mesters-harada-iran-jacob-e-aroldo-rodrigues-nos-lancamentos-da-vozes.html\",\"name\":\"Gr\u00fcn, Mesters, Harada, Iran Jacob e Aroldo Rodrigues nos lan\u00e7amentos da Vozes - Not\u00edcias - Franciscanos\",\"isPartOf\":{\"@id\":\"https:\/\/franciscanos.org.br\/noticias\/#website\"},\"primaryImageOfPage\":{\"@id\":\"https:\/\/franciscanos.org.br\/noticias\/grun-mesters-harada-iran-jacob-e-aroldo-rodrigues-nos-lancamentos-da-vozes.html#primaryimage\"},\"datePublished\":\"2021-05-04T10:23:32+00:00\",\"dateModified\":\"2021-05-04T10:28:21+00:00\",\"author\":{\"@id\":\"https:\/\/franciscanos.org.br\/noticias\/#\/schema\/person\/b5c8cba458c330ccff548b056e95a5d4\"},\"breadcrumb\":{\"@id\":\"https:\/\/franciscanos.org.br\/noticias\/grun-mesters-harada-iran-jacob-e-aroldo-rodrigues-nos-lancamentos-da-vozes.html#breadcrumb\"},\"inLanguage\":\"pt-BR\",\"potentialAction\":[{\"@type\":\"ReadAction\",\"target\":[\"https:\/\/franciscanos.org.br\/noticias\/grun-mesters-harada-iran-jacob-e-aroldo-rodrigues-nos-lancamentos-da-vozes.html\"]}]},{\"@type\":\"BreadcrumbList\",\"@id\":\"https:\/\/franciscanos.org.br\/noticias\/grun-mesters-harada-iran-jacob-e-aroldo-rodrigues-nos-lancamentos-da-vozes.html#breadcrumb\",\"itemListElement\":[{\"@type\":\"ListItem\",\"position\":1,\"name\":\"Home\",\"item\":\"https:\/\/franciscanos.org.br\/noticias\"},{\"@type\":\"ListItem\",\"position\":2,\"name\":\"Gr\u00fcn, Mesters, Harada, Iran Jacob e Aroldo Rodrigues nos lan\u00e7amentos da Vozes\"}]},{\"@type\":\"Person\",\"@id\":\"https:\/\/franciscanos.org.br\/noticias\/#\/schema\/person\/b5c8cba458c330ccff548b056e95a5d4\",\"name\":\"moacir\",\"image\":{\"@type\":\"ImageObject\",\"inLanguage\":\"pt-BR\",\"@id\":\"https:\/\/franciscanos.org.br\/noticias\/#\/schema\/person\/image\/\",\"url\":\"https:\/\/secure.gravatar.com\/avatar\/d08aa2ce4c8dd416d4479aa8536fcf64?s=96&d=mm&r=g\",\"contentUrl\":\"https:\/\/secure.gravatar.com\/avatar\/d08aa2ce4c8dd416d4479aa8536fcf64?s=96&d=mm&r=g\",\"caption\":\"moacir\"},\"url\":\"https:\/\/franciscanos.org.br\/noticias\/author\/moacir\"}]}<\/script>\n<!-- \/ Yoast SEO plugin. -->","yoast_head_json":{"title":"Gr\u00fcn, Mesters, Harada, Iran Jacob e Aroldo Rodrigues nos lan\u00e7amentos da Vozes - Not\u00edcias - Franciscanos","robots":{"index":"index","follow":"follow","max-snippet":"max-snippet:-1","max-image-preview":"max-image-preview:large","max-video-preview":"max-video-preview:-1"},"canonical":"https:\/\/franciscanos.org.br\/noticias\/grun-mesters-harada-iran-jacob-e-aroldo-rodrigues-nos-lancamentos-da-vozes.html","og_locale":"pt_BR","og_type":"article","og_title":"Gr\u00fcn, Mesters, Harada, Iran Jacob e Aroldo Rodrigues nos lan\u00e7amentos da Vozes - Not\u00edcias - Franciscanos","og_description":"Editora Vozes","og_url":"https:\/\/franciscanos.org.br\/noticias\/grun-mesters-harada-iran-jacob-e-aroldo-rodrigues-nos-lancamentos-da-vozes.html","og_site_name":"Not\u00edcias - Franciscanos","article_published_time":"2021-05-04T10:23:32+00:00","article_modified_time":"2021-05-04T10:28:21+00:00","og_image":[{"width":800,"height":550,"url":"https:\/\/franciscanos.org.br\/noticias\/wp-content\/uploads\/2021\/05\/arte_2d.png","type":"image\/png"}],"author":"moacir","twitter_card":"summary_large_image","twitter_misc":{"Escrito por":"moacir","Est. tempo de leitura":"9 minutos"},"schema":{"@context":"https:\/\/schema.org","@graph":[{"@type":"WebSite","@id":"https:\/\/franciscanos.org.br\/noticias\/#website","url":"https:\/\/franciscanos.org.br\/noticias\/","name":"Not\u00edcias - Franciscanos","description":"Prov\u00edncia Franciscana da Imaculada Concei\u00e7\u00e3o do Brasil - Ordem dos Frades Menores - OFM","potentialAction":[{"@type":"SearchAction","target":{"@type":"EntryPoint","urlTemplate":"https:\/\/franciscanos.org.br\/noticias\/?s={search_term_string}"},"query-input":"required name=search_term_string"}],"inLanguage":"pt-BR"},{"@type":"ImageObject","inLanguage":"pt-BR","@id":"https:\/\/franciscanos.org.br\/noticias\/grun-mesters-harada-iran-jacob-e-aroldo-rodrigues-nos-lancamentos-da-vozes.html#primaryimage","url":"https:\/\/franciscanos.org.br\/noticias\/wp-content\/uploads\/2021\/05\/arte_2d.png","contentUrl":"https:\/\/franciscanos.org.br\/noticias\/wp-content\/uploads\/2021\/05\/arte_2d.png","width":800,"height":550},{"@type":"WebPage","@id":"https:\/\/franciscanos.org.br\/noticias\/grun-mesters-harada-iran-jacob-e-aroldo-rodrigues-nos-lancamentos-da-vozes.html#webpage","url":"https:\/\/franciscanos.org.br\/noticias\/grun-mesters-harada-iran-jacob-e-aroldo-rodrigues-nos-lancamentos-da-vozes.html","name":"Gr\u00fcn, Mesters, Harada, Iran Jacob e Aroldo Rodrigues nos lan\u00e7amentos da Vozes - Not\u00edcias - Franciscanos","isPartOf":{"@id":"https:\/\/franciscanos.org.br\/noticias\/#website"},"primaryImageOfPage":{"@id":"https:\/\/franciscanos.org.br\/noticias\/grun-mesters-harada-iran-jacob-e-aroldo-rodrigues-nos-lancamentos-da-vozes.html#primaryimage"},"datePublished":"2021-05-04T10:23:32+00:00","dateModified":"2021-05-04T10:28:21+00:00","author":{"@id":"https:\/\/franciscanos.org.br\/noticias\/#\/schema\/person\/b5c8cba458c330ccff548b056e95a5d4"},"breadcrumb":{"@id":"https:\/\/franciscanos.org.br\/noticias\/grun-mesters-harada-iran-jacob-e-aroldo-rodrigues-nos-lancamentos-da-vozes.html#breadcrumb"},"inLanguage":"pt-BR","potentialAction":[{"@type":"ReadAction","target":["https:\/\/franciscanos.org.br\/noticias\/grun-mesters-harada-iran-jacob-e-aroldo-rodrigues-nos-lancamentos-da-vozes.html"]}]},{"@type":"BreadcrumbList","@id":"https:\/\/franciscanos.org.br\/noticias\/grun-mesters-harada-iran-jacob-e-aroldo-rodrigues-nos-lancamentos-da-vozes.html#breadcrumb","itemListElement":[{"@type":"ListItem","position":1,"name":"Home","item":"https:\/\/franciscanos.org.br\/noticias"},{"@type":"ListItem","position":2,"name":"Gr\u00fcn, Mesters, Harada, Iran Jacob e Aroldo Rodrigues nos lan\u00e7amentos da Vozes"}]},{"@type":"Person","@id":"https:\/\/franciscanos.org.br\/noticias\/#\/schema\/person\/b5c8cba458c330ccff548b056e95a5d4","name":"moacir","image":{"@type":"ImageObject","inLanguage":"pt-BR","@id":"https:\/\/franciscanos.org.br\/noticias\/#\/schema\/person\/image\/","url":"https:\/\/secure.gravatar.com\/avatar\/d08aa2ce4c8dd416d4479aa8536fcf64?s=96&d=mm&r=g","contentUrl":"https:\/\/secure.gravatar.com\/avatar\/d08aa2ce4c8dd416d4479aa8536fcf64?s=96&d=mm&r=g","caption":"moacir"},"url":"https:\/\/franciscanos.org.br\/noticias\/author\/moacir"}]}},"_links":{"self":[{"href":"https:\/\/franciscanos.org.br\/noticias\/wp-json\/wp\/v2\/posts\/231885"}],"collection":[{"href":"https:\/\/franciscanos.org.br\/noticias\/wp-json\/wp\/v2\/posts"}],"about":[{"href":"https:\/\/franciscanos.org.br\/noticias\/wp-json\/wp\/v2\/types\/post"}],"author":[{"embeddable":true,"href":"https:\/\/franciscanos.org.br\/noticias\/wp-json\/wp\/v2\/users\/3"}],"replies":[{"embeddable":true,"href":"https:\/\/franciscanos.org.br\/noticias\/wp-json\/wp\/v2\/comments?post=231885"}],"version-history":[{"count":5,"href":"https:\/\/franciscanos.org.br\/noticias\/wp-json\/wp\/v2\/posts\/231885\/revisions"}],"predecessor-version":[{"id":231892,"href":"https:\/\/franciscanos.org.br\/noticias\/wp-json\/wp\/v2\/posts\/231885\/revisions\/231892"}],"wp:featuredmedia":[{"embeddable":true,"href":"https:\/\/franciscanos.org.br\/noticias\/wp-json\/wp\/v2\/media\/231887"}],"wp:attachment":[{"href":"https:\/\/franciscanos.org.br\/noticias\/wp-json\/wp\/v2\/media?parent=231885"}],"wp:term":[{"taxonomy":"category","embeddable":true,"href":"https:\/\/franciscanos.org.br\/noticias\/wp-json\/wp\/v2\/categories?post=231885"},{"taxonomy":"post_tag","embeddable":true,"href":"https:\/\/franciscanos.org.br\/noticias\/wp-json\/wp\/v2\/tags?post=231885"}],"curies":[{"name":"wp","href":"https:\/\/api.w.org\/{rel}","templated":true}]}}