{"id":231878,"date":"2021-05-02T07:55:05","date_gmt":"2021-05-02T10:55:05","guid":{"rendered":"https:\/\/franciscanos.org.br\/noticias\/?p=231878"},"modified":"2021-05-02T07:55:05","modified_gmt":"2021-05-02T10:55:05","slug":"papa-uma-vida-verdadeiramente-crista-testemunha-cristo","status":"publish","type":"post","link":"https:\/\/franciscanos.org.br\/noticias\/papa-uma-vida-verdadeiramente-crista-testemunha-cristo.html","title":{"rendered":"Papa: \u201cUma vida verdadeiramente crist\u00e3 testemunha Cristo&#8221;"},"content":{"rendered":"<div id=\"attachment_231879\" style=\"width: 1290px\" class=\"wp-caption alignnone\"><img aria-describedby=\"caption-attachment-231879\" loading=\"lazy\" class=\"wp-image-231879 size-full\" src=\"https:\/\/franciscanos.org.br\/noticias\/wp-content\/uploads\/2021\/05\/regina_02.jpg\" alt=\"\" width=\"1280\" height=\"720\" srcset=\"https:\/\/franciscanos.org.br\/noticias\/wp-content\/uploads\/2021\/05\/regina_02.jpg 1280w, https:\/\/franciscanos.org.br\/noticias\/wp-content\/uploads\/2021\/05\/regina_02-450x253.jpg 450w, https:\/\/franciscanos.org.br\/noticias\/wp-content\/uploads\/2021\/05\/regina_02-1024x576.jpg 1024w, https:\/\/franciscanos.org.br\/noticias\/wp-content\/uploads\/2021\/05\/regina_02-768x432.jpg 768w, https:\/\/franciscanos.org.br\/noticias\/wp-content\/uploads\/2021\/05\/regina_02-150x84.jpg 150w\" sizes=\"(max-width: 1280px) 100vw, 1280px\" \/><p id=\"caption-attachment-231879\" class=\"wp-caption-text\">\u00a0 \u00a0 \u00a0 \u00a0 \u00a0 \u00a0 \u00a0 \u00a0 \u00a0 \u00a0 \u00a0 \u00a0 \u00a0 \u00a0 \u00a0 \u00a0 \u00a0 \u00a0 \u00a0 \u00a0 \u00a0 \u00a0 \u00a0 \u00a0 \u00a0 \u00a0 \u00a0 \u00a0 \u00a0 \u00a0 \u00a0 \u00a0 \u00a0 \u00a0 \u00a0 \u00a0 \u00a0 \u00a0 \u00a0 \u00a0 \u00a0 \u00a0 \u00a0 \u00a0 \u00a0 \u00a0 \u00a0 \u00a0 \u00a0 \u00a0 \u00a0 \u00a0 \u00a0 \u00a0 \u00a0 \u00a0 \u00a0 \u00a0 \u00a0 \u00a0 \u00a0 \u00a0 \u00a0 \u00a0<em> \u00a0 \u00a0 \u00a0 Imagem: Vatican Media<\/em><\/p><\/div>\n<p>No <em>Regina Coeli<\/em> deste V Domingo de P\u00e1scoa, o Papa Francisco recordou mais uma vez que n\u00e3o podemos viver como crist\u00e3os sem permanecer unidos ao Senhor. Ao falar sobre o Evangelho do dia, no qual l\u00ea-se: \u201cN\u00e3o h\u00e1 videira sem ramos\u201d e que \u201cos ramos n\u00e3o s\u00e3o autossuficientes, mas dependem totalmente da videira, que \u00e9 a fonte de sua exist\u00eancia\u201d, analisou o verbo \u201cpermanecer\u201d.<\/p>\n<p>&#8220;Permanecei em mim como eu em v\u00f3s&#8221;, disse Jesus aos ap\u00f3stolos antes de ir junto ao Pai. \u201cEsta perman\u00eancia \u2013 afirma Francisco &#8211; n\u00e3o \u00e9 uma perman\u00eancia passiva, um &#8220;adormentar-se&#8221; no Senhor, deixando-se acomodar pela vida. N\u00e3o \u00e9 isso. O permanecer n\u2019Ele que Jesus nos prop\u00f5e \u00e9 um permanecer ativo, e tamb\u00e9m rec\u00edproco. Por qu\u00ea? Porque os ramos sem a videira n\u00e3o podem fazer nada, eles precisam da seiva para crescer e dar frutos\u201d. Do mesmo modo a videira precisa dos ramos, \u201c\u00e9 uma necessidade m\u00fatua, \u00e9 um permanecer rec\u00edproco para dar frutos.&#8221;<\/p>\n<p><strong>Testemunho da nossa vida crist\u00e3<\/strong><br \/>\nE Francisco pondera: \u201cMas Jesus, assim como a videira com os ramos, tamb\u00e9m precisa de n\u00f3s. Talvez pare\u00e7a audacioso dizer isso, e ent\u00e3o nos perguntamos: em que sentido Jesus precisa de n\u00f3s? Ele precisa do nosso testemunho. O fruto que n\u00f3s, como ramos, devemos dar \u00e9 o testemunho da nossa vida crist\u00e3\u201d<\/p>\n<p>Os disc\u00edpulos devem continuar a anunciar o Evangelho com a palavra e com as obras, afirma o Papa. E fazem isso \u201ctestemunhando seu amor: o fruto a ser dado \u00e9 o amor\u201d. E disse: \u201cDos frutos se reconhece a \u00e1rvore. Uma vida verdadeiramente crist\u00e3 d\u00e1 testemunho de Cristo\u201d<\/p>\n<p><strong>A fecundidade da nossa vida depende da ora\u00e7\u00e3o<\/strong><br \/>\nComo podemos fazer isso?, pergunta-se o Santo Padre. A resposta est\u00e1 em Jesus que nos diz: &#8220;Se permanecerdes em mim e minhas palavras permanecerem em v\u00f3s, pedi o que quiserdes e v\u00f3s o tereis&#8221;.<\/p>\n<p>\u201cA fecundidade da nossa vida depende da ora\u00e7\u00e3o. Podemos pedir para pensar como Ele, agir como Ele, ver o mundo e as coisas com os olhos de Jesus. E assim amar os nossos irm\u00e3os e irm\u00e3s, come\u00e7ando pelos mais pobres e sofredores, como Ele fez, e am\u00e1-los com o seu cora\u00e7\u00e3o e levar ao mundo frutos de bondade, frutos de caridade, frutos de paz\u201d<\/p>\n<p>Por fim o Santo Padre concluiu confiando-nos \u201c\u00e0 intercess\u00e3o da Virgem Maria\u201d. E disse: \u201cEla sempre permaneceu totalmente unida a Jesus e deu muitos frutos. Que ela nos ajude a permanecer em Cristo, em seu amor, em sua palavra, para testemunhar o Senhor Ressuscitado no mundo\u201d.<\/p>\n<hr \/>\n<p><em>Fonte: Vatican News (texto de Jane Nogara)<\/em><\/p>\n","protected":false},"excerpt":{"rendered":"<p>Regina Coeli<\/p>\n","protected":false},"author":3,"featured_media":231880,"comment_status":"open","ping_status":"open","sticky":false,"template":"","format":"standard","meta":[],"categories":[1428],"tags":[564],"acf":[],"yoast_head":"<!-- This site is optimized with the Yoast SEO plugin v19.2 - https:\/\/yoast.com\/wordpress\/plugins\/seo\/ -->\n<title>Papa: \u201cUma vida verdadeiramente crist\u00e3 testemunha Cristo&quot; - Not\u00edcias - Franciscanos<\/title>\n<meta name=\"robots\" content=\"index, follow, max-snippet:-1, max-image-preview:large, max-video-preview:-1\" \/>\n<link rel=\"canonical\" href=\"https:\/\/franciscanos.org.br\/noticias\/papa-uma-vida-verdadeiramente-crista-testemunha-cristo.html\" \/>\n<meta property=\"og:locale\" content=\"pt_BR\" \/>\n<meta property=\"og:type\" content=\"article\" \/>\n<meta property=\"og:title\" content=\"Papa: \u201cUma vida verdadeiramente crist\u00e3 testemunha Cristo&quot; - Not\u00edcias - Franciscanos\" \/>\n<meta property=\"og:description\" content=\"Regina Coeli\" \/>\n<meta property=\"og:url\" content=\"https:\/\/franciscanos.org.br\/noticias\/papa-uma-vida-verdadeiramente-crista-testemunha-cristo.html\" \/>\n<meta property=\"og:site_name\" content=\"Not\u00edcias - Franciscanos\" \/>\n<meta property=\"article:published_time\" content=\"2021-05-02T10:55:05+00:00\" \/>\n<meta property=\"og:image\" content=\"https:\/\/franciscanos.org.br\/noticias\/wp-content\/uploads\/2021\/05\/regina_02d.jpg\" \/>\n\t<meta property=\"og:image:width\" content=\"800\" \/>\n\t<meta property=\"og:image:height\" content=\"550\" \/>\n\t<meta property=\"og:image:type\" content=\"image\/jpeg\" \/>\n<meta name=\"author\" content=\"moacir\" \/>\n<meta name=\"twitter:card\" content=\"summary_large_image\" \/>\n<meta name=\"twitter:label1\" content=\"Escrito por\" \/>\n\t<meta name=\"twitter:data1\" content=\"moacir\" \/>\n\t<meta name=\"twitter:label2\" content=\"Est. tempo de leitura\" \/>\n\t<meta name=\"twitter:data2\" content=\"2 minutos\" \/>\n<script type=\"application\/ld+json\" class=\"yoast-schema-graph\">{\"@context\":\"https:\/\/schema.org\",\"@graph\":[{\"@type\":\"WebSite\",\"@id\":\"https:\/\/franciscanos.org.br\/noticias\/#website\",\"url\":\"https:\/\/franciscanos.org.br\/noticias\/\",\"name\":\"Not\u00edcias - Franciscanos\",\"description\":\"Prov\u00edncia Franciscana da Imaculada Concei\u00e7\u00e3o do Brasil - Ordem dos Frades Menores - OFM\",\"potentialAction\":[{\"@type\":\"SearchAction\",\"target\":{\"@type\":\"EntryPoint\",\"urlTemplate\":\"https:\/\/franciscanos.org.br\/noticias\/?s={search_term_string}\"},\"query-input\":\"required name=search_term_string\"}],\"inLanguage\":\"pt-BR\"},{\"@type\":\"ImageObject\",\"inLanguage\":\"pt-BR\",\"@id\":\"https:\/\/franciscanos.org.br\/noticias\/papa-uma-vida-verdadeiramente-crista-testemunha-cristo.html#primaryimage\",\"url\":\"https:\/\/franciscanos.org.br\/noticias\/wp-content\/uploads\/2021\/05\/regina_02d.jpg\",\"contentUrl\":\"https:\/\/franciscanos.org.br\/noticias\/wp-content\/uploads\/2021\/05\/regina_02d.jpg\",\"width\":800,\"height\":550},{\"@type\":\"WebPage\",\"@id\":\"https:\/\/franciscanos.org.br\/noticias\/papa-uma-vida-verdadeiramente-crista-testemunha-cristo.html#webpage\",\"url\":\"https:\/\/franciscanos.org.br\/noticias\/papa-uma-vida-verdadeiramente-crista-testemunha-cristo.html\",\"name\":\"Papa: \u201cUma vida verdadeiramente crist\u00e3 testemunha Cristo\\\" - Not\u00edcias - Franciscanos\",\"isPartOf\":{\"@id\":\"https:\/\/franciscanos.org.br\/noticias\/#website\"},\"primaryImageOfPage\":{\"@id\":\"https:\/\/franciscanos.org.br\/noticias\/papa-uma-vida-verdadeiramente-crista-testemunha-cristo.html#primaryimage\"},\"datePublished\":\"2021-05-02T10:55:05+00:00\",\"dateModified\":\"2021-05-02T10:55:05+00:00\",\"author\":{\"@id\":\"https:\/\/franciscanos.org.br\/noticias\/#\/schema\/person\/b5c8cba458c330ccff548b056e95a5d4\"},\"breadcrumb\":{\"@id\":\"https:\/\/franciscanos.org.br\/noticias\/papa-uma-vida-verdadeiramente-crista-testemunha-cristo.html#breadcrumb\"},\"inLanguage\":\"pt-BR\",\"potentialAction\":[{\"@type\":\"ReadAction\",\"target\":[\"https:\/\/franciscanos.org.br\/noticias\/papa-uma-vida-verdadeiramente-crista-testemunha-cristo.html\"]}]},{\"@type\":\"BreadcrumbList\",\"@id\":\"https:\/\/franciscanos.org.br\/noticias\/papa-uma-vida-verdadeiramente-crista-testemunha-cristo.html#breadcrumb\",\"itemListElement\":[{\"@type\":\"ListItem\",\"position\":1,\"name\":\"Home\",\"item\":\"https:\/\/franciscanos.org.br\/noticias\"},{\"@type\":\"ListItem\",\"position\":2,\"name\":\"Papa: \u201cUma vida verdadeiramente crist\u00e3 testemunha Cristo&#8221;\"}]},{\"@type\":\"Person\",\"@id\":\"https:\/\/franciscanos.org.br\/noticias\/#\/schema\/person\/b5c8cba458c330ccff548b056e95a5d4\",\"name\":\"moacir\",\"image\":{\"@type\":\"ImageObject\",\"inLanguage\":\"pt-BR\",\"@id\":\"https:\/\/franciscanos.org.br\/noticias\/#\/schema\/person\/image\/\",\"url\":\"https:\/\/secure.gravatar.com\/avatar\/d08aa2ce4c8dd416d4479aa8536fcf64?s=96&d=mm&r=g\",\"contentUrl\":\"https:\/\/secure.gravatar.com\/avatar\/d08aa2ce4c8dd416d4479aa8536fcf64?s=96&d=mm&r=g\",\"caption\":\"moacir\"},\"url\":\"https:\/\/franciscanos.org.br\/noticias\/author\/moacir\"}]}<\/script>\n<!-- \/ Yoast SEO plugin. -->","yoast_head_json":{"title":"Papa: \u201cUma vida verdadeiramente crist\u00e3 testemunha Cristo\" - Not\u00edcias - Franciscanos","robots":{"index":"index","follow":"follow","max-snippet":"max-snippet:-1","max-image-preview":"max-image-preview:large","max-video-preview":"max-video-preview:-1"},"canonical":"https:\/\/franciscanos.org.br\/noticias\/papa-uma-vida-verdadeiramente-crista-testemunha-cristo.html","og_locale":"pt_BR","og_type":"article","og_title":"Papa: \u201cUma vida verdadeiramente crist\u00e3 testemunha Cristo\" - Not\u00edcias - Franciscanos","og_description":"Regina Coeli","og_url":"https:\/\/franciscanos.org.br\/noticias\/papa-uma-vida-verdadeiramente-crista-testemunha-cristo.html","og_site_name":"Not\u00edcias - Franciscanos","article_published_time":"2021-05-02T10:55:05+00:00","og_image":[{"width":800,"height":550,"url":"https:\/\/franciscanos.org.br\/noticias\/wp-content\/uploads\/2021\/05\/regina_02d.jpg","type":"image\/jpeg"}],"author":"moacir","twitter_card":"summary_large_image","twitter_misc":{"Escrito por":"moacir","Est. tempo de leitura":"2 minutos"},"schema":{"@context":"https:\/\/schema.org","@graph":[{"@type":"WebSite","@id":"https:\/\/franciscanos.org.br\/noticias\/#website","url":"https:\/\/franciscanos.org.br\/noticias\/","name":"Not\u00edcias - Franciscanos","description":"Prov\u00edncia Franciscana da Imaculada Concei\u00e7\u00e3o do Brasil - Ordem dos Frades Menores - OFM","potentialAction":[{"@type":"SearchAction","target":{"@type":"EntryPoint","urlTemplate":"https:\/\/franciscanos.org.br\/noticias\/?s={search_term_string}"},"query-input":"required name=search_term_string"}],"inLanguage":"pt-BR"},{"@type":"ImageObject","inLanguage":"pt-BR","@id":"https:\/\/franciscanos.org.br\/noticias\/papa-uma-vida-verdadeiramente-crista-testemunha-cristo.html#primaryimage","url":"https:\/\/franciscanos.org.br\/noticias\/wp-content\/uploads\/2021\/05\/regina_02d.jpg","contentUrl":"https:\/\/franciscanos.org.br\/noticias\/wp-content\/uploads\/2021\/05\/regina_02d.jpg","width":800,"height":550},{"@type":"WebPage","@id":"https:\/\/franciscanos.org.br\/noticias\/papa-uma-vida-verdadeiramente-crista-testemunha-cristo.html#webpage","url":"https:\/\/franciscanos.org.br\/noticias\/papa-uma-vida-verdadeiramente-crista-testemunha-cristo.html","name":"Papa: \u201cUma vida verdadeiramente crist\u00e3 testemunha Cristo\" - Not\u00edcias - Franciscanos","isPartOf":{"@id":"https:\/\/franciscanos.org.br\/noticias\/#website"},"primaryImageOfPage":{"@id":"https:\/\/franciscanos.org.br\/noticias\/papa-uma-vida-verdadeiramente-crista-testemunha-cristo.html#primaryimage"},"datePublished":"2021-05-02T10:55:05+00:00","dateModified":"2021-05-02T10:55:05+00:00","author":{"@id":"https:\/\/franciscanos.org.br\/noticias\/#\/schema\/person\/b5c8cba458c330ccff548b056e95a5d4"},"breadcrumb":{"@id":"https:\/\/franciscanos.org.br\/noticias\/papa-uma-vida-verdadeiramente-crista-testemunha-cristo.html#breadcrumb"},"inLanguage":"pt-BR","potentialAction":[{"@type":"ReadAction","target":["https:\/\/franciscanos.org.br\/noticias\/papa-uma-vida-verdadeiramente-crista-testemunha-cristo.html"]}]},{"@type":"BreadcrumbList","@id":"https:\/\/franciscanos.org.br\/noticias\/papa-uma-vida-verdadeiramente-crista-testemunha-cristo.html#breadcrumb","itemListElement":[{"@type":"ListItem","position":1,"name":"Home","item":"https:\/\/franciscanos.org.br\/noticias"},{"@type":"ListItem","position":2,"name":"Papa: \u201cUma vida verdadeiramente crist\u00e3 testemunha Cristo&#8221;"}]},{"@type":"Person","@id":"https:\/\/franciscanos.org.br\/noticias\/#\/schema\/person\/b5c8cba458c330ccff548b056e95a5d4","name":"moacir","image":{"@type":"ImageObject","inLanguage":"pt-BR","@id":"https:\/\/franciscanos.org.br\/noticias\/#\/schema\/person\/image\/","url":"https:\/\/secure.gravatar.com\/avatar\/d08aa2ce4c8dd416d4479aa8536fcf64?s=96&d=mm&r=g","contentUrl":"https:\/\/secure.gravatar.com\/avatar\/d08aa2ce4c8dd416d4479aa8536fcf64?s=96&d=mm&r=g","caption":"moacir"},"url":"https:\/\/franciscanos.org.br\/noticias\/author\/moacir"}]}},"_links":{"self":[{"href":"https:\/\/franciscanos.org.br\/noticias\/wp-json\/wp\/v2\/posts\/231878"}],"collection":[{"href":"https:\/\/franciscanos.org.br\/noticias\/wp-json\/wp\/v2\/posts"}],"about":[{"href":"https:\/\/franciscanos.org.br\/noticias\/wp-json\/wp\/v2\/types\/post"}],"author":[{"embeddable":true,"href":"https:\/\/franciscanos.org.br\/noticias\/wp-json\/wp\/v2\/users\/3"}],"replies":[{"embeddable":true,"href":"https:\/\/franciscanos.org.br\/noticias\/wp-json\/wp\/v2\/comments?post=231878"}],"version-history":[{"count":1,"href":"https:\/\/franciscanos.org.br\/noticias\/wp-json\/wp\/v2\/posts\/231878\/revisions"}],"predecessor-version":[{"id":231881,"href":"https:\/\/franciscanos.org.br\/noticias\/wp-json\/wp\/v2\/posts\/231878\/revisions\/231881"}],"wp:featuredmedia":[{"embeddable":true,"href":"https:\/\/franciscanos.org.br\/noticias\/wp-json\/wp\/v2\/media\/231880"}],"wp:attachment":[{"href":"https:\/\/franciscanos.org.br\/noticias\/wp-json\/wp\/v2\/media?parent=231878"}],"wp:term":[{"taxonomy":"category","embeddable":true,"href":"https:\/\/franciscanos.org.br\/noticias\/wp-json\/wp\/v2\/categories?post=231878"},{"taxonomy":"post_tag","embeddable":true,"href":"https:\/\/franciscanos.org.br\/noticias\/wp-json\/wp\/v2\/tags?post=231878"}],"curies":[{"name":"wp","href":"https:\/\/api.w.org\/{rel}","templated":true}]}}