{"id":231873,"date":"2021-05-01T21:01:24","date_gmt":"2021-05-02T00:01:24","guid":{"rendered":"https:\/\/franciscanos.org.br\/noticias\/?p=231873"},"modified":"2021-05-01T21:02:22","modified_gmt":"2021-05-02T00:02:22","slug":"francisco-participa-da-oracao-do-terco-pelo-fim-da-pandemia","status":"publish","type":"post","link":"https:\/\/franciscanos.org.br\/noticias\/francisco-participa-da-oracao-do-terco-pelo-fim-da-pandemia.html","title":{"rendered":"Francisco participa da ora\u00e7\u00e3o do Ter\u00e7o pelo fim da pandemia"},"content":{"rendered":"<div id=\"attachment_231874\" style=\"width: 1290px\" class=\"wp-caption alignnone\"><img aria-describedby=\"caption-attachment-231874\" loading=\"lazy\" class=\"wp-image-231874 size-full\" src=\"https:\/\/franciscanos.org.br\/noticias\/wp-content\/uploads\/2021\/05\/papa_maio_01.jpg\" alt=\"\" width=\"1280\" height=\"720\" srcset=\"https:\/\/franciscanos.org.br\/noticias\/wp-content\/uploads\/2021\/05\/papa_maio_01.jpg 1280w, https:\/\/franciscanos.org.br\/noticias\/wp-content\/uploads\/2021\/05\/papa_maio_01-450x253.jpg 450w, https:\/\/franciscanos.org.br\/noticias\/wp-content\/uploads\/2021\/05\/papa_maio_01-1024x576.jpg 1024w, https:\/\/franciscanos.org.br\/noticias\/wp-content\/uploads\/2021\/05\/papa_maio_01-768x432.jpg 768w, https:\/\/franciscanos.org.br\/noticias\/wp-content\/uploads\/2021\/05\/papa_maio_01-150x84.jpg 150w\" sizes=\"(max-width: 1280px) 100vw, 1280px\" \/><p id=\"caption-attachment-231874\" class=\"wp-caption-text\"><em>\u00a0 \u00a0 \u00a0 \u00a0 \u00a0 \u00a0 \u00a0 \u00a0 \u00a0 \u00a0 \u00a0 \u00a0 \u00a0 \u00a0 \u00a0 \u00a0 \u00a0 \u00a0 \u00a0 \u00a0 \u00a0 \u00a0 \u00a0 \u00a0 \u00a0 \u00a0 \u00a0 \u00a0 \u00a0 \u00a0 \u00a0 \u00a0 \u00a0 \u00a0 \u00a0 \u00a0 \u00a0 \u00a0 \u00a0 \u00a0 \u00a0 \u00a0 \u00a0 \u00a0 \u00a0 \u00a0 \u00a0 \u00a0 \u00a0 \u00a0 \u00a0 \u00a0 \u00a0 \u00a0 \u00a0 \u00a0 \u00a0 \u00a0 \u00a0 \u00a0 \u00a0Imagem: Vatican Media<\/em><\/p><\/div>\n<p>Na tarde deste s\u00e1bado, o Papa Francisco participou da ora\u00e7\u00e3o do Ter\u00e7o que d\u00e1 in\u00edcio a uma \u201cmaratona\u201d de ora\u00e7\u00e3o pelo fim da pandemia e para a retomada das atividades sociais e de trabalho. O Ter\u00e7o ser\u00e1 rezado diretamente de 30 Santu\u00e1rios em todo o mundo. A iniciativa est\u00e1 sendo realizada \u00e0 luz da express\u00e3o b\u00edblica: &#8220;De toda a Igreja subia incessantemente a ora\u00e7\u00e3o a Deus&#8221; (At 12,5).<br \/>\nNeste primeiro dia o Ter\u00e7o foi rezado na Capela Gregoriana da Bas\u00edlica Vaticana e iniciou com a seguinte ora\u00e7\u00e3o:<\/p>\n<p>\u201cNo in\u00edcio do m\u00eas dedicado a Nossa Senhora, n\u00f3s nos unimos em ora\u00e7\u00e3o com todos os Santu\u00e1rios em todo o mundo, com os fi\u00e9is e com todas as pessoas de boa vontade, para confiar \u00e0s m\u00e3os de nossa M\u00e3e Sant\u00edssima toda a humanidade, duramente provada por este per\u00edodo de pandemia. A cada dia deste m\u00eas de maio, confiaremos a V\u00f3s, M\u00e3e de Miseric\u00f3rdia, as muitas pessoas que foram tocadas pelo v\u00edrus e que continuam a sofrer as consequ\u00eancias: dos nossos irm\u00e3os e irm\u00e3s falecidos, \u00e0s fam\u00edlias que vivem a dor e a incerteza do amanh\u00e3; dos doentes aos m\u00e9dicos, aos cientistas e enfermeiros que est\u00e3o na linha de frente nesta batalha; dos volunt\u00e1rios at\u00e9 todos os profissionais que prestaram seu precioso servi\u00e7o em favor dos outros; das pessoas em luto e dor, at\u00e9 aquelas que, com um simples sorriso e uma boa palavra, levaram conforto aos necessitados. daqueles que, especialmente mulheres, sofreram viol\u00eancia dentro das paredes de seus lares devido ao fechamento for\u00e7ado a quantos desejam os ritmos de vida cotidianos. M\u00e3e do Socorro, acolhei-nos sob o vosso manto e protegei-nos, sustentai-nos na hora da prova\u00e7\u00e3o e acendei em nossos cora\u00e7\u00f5es a luz da esperan\u00e7a pelo futuro\u201d.<\/p>\n<p>No final do Ter\u00e7o o Santo Padre proferiu a seguinte ora\u00e7\u00e3o:<\/p>\n<p><strong>\u201cSob vossa prote\u00e7\u00e3o buscamos ref\u00fagio, Santa M\u00e3e de Deus\u201d<\/strong><br \/>\nNa dram\u00e1tica situa\u00e7\u00e3o atual, carregada de sofrimentos e ang\u00fastias que oprimem o mundo inteiro, recorremos a V\u00f3s, M\u00e3e de Deus e nossa M\u00e3e, refugiando-nos sob a vossa prote\u00e7\u00e3o.<\/p>\n<p>\u00d3 Virgem Maria, volvei para n\u00f3s os vossos olhos misericordiosos nesta pandemia do coronav\u00edrus e confortai a quantos se sentem perdidos e choram pelos seus familiares mortos e, por vezes, sepultados de uma maneira que fere a alma.<\/p>\n<p>Sustentai aqueles que est\u00e3o angustiados por terem pessoas enfermas de quem n\u00e3o se podem aproximar, para impedir o cont\u00e1gio. Infundi confian\u00e7a em quem vive ansioso com o futuro incerto e com as consequ\u00eancias sobre a economia e o trabalho.<\/p>\n<p>M\u00e3e de Deus e nossa M\u00e3e, alcan\u00e7ai-nos de Deus, Pai de miseric\u00f3rdia, que esta dura prova termine e que volte um horizonte de esperan\u00e7a e de paz. Como em Can\u00e1, intervinde junto do vosso Divino Filho, pedindo-Lhe que conforte as fam\u00edlias dos doentes e das v\u00edtimas e abra os seus cora\u00e7\u00f5es \u00e0 confian\u00e7a.<\/p>\n<p>Protegei os m\u00e9dicos, os enfermeiros, os agentes de sa\u00fade, os volunt\u00e1rios que, neste per\u00edodo de emerg\u00eancia, est\u00e3o na vanguarda arriscando a pr\u00f3pria vida para salvar outras vidas. Acompanhai a sua fadiga heroica e dai-lhes for\u00e7a, bondade e sa\u00fade.<\/p>\n<p>Permanecei junto daqueles que assistem noite e dia os doentes, e dos sacerdotes que procuram ajudar e apoiar a todos, com solicitude pastoral e dedica\u00e7\u00e3o evang\u00e9lica.<\/p>\n<p>Virgem Santa, iluminai as mentes dos homens e mulheres da ci\u00eancia, a fim de que possam encontrar as solu\u00e7\u00f5es justas para vencer este v\u00edrus.<\/p>\n<p>Assisti os Respons\u00e1veis das na\u00e7\u00f5es, para que atuem com sabedoria, solicitude e generosidade, socorrendo aqueles que n\u00e3o t\u00eam o necess\u00e1rio para viver, programando solu\u00e7\u00f5es sociais e econ\u00f4micas com clarivid\u00eancia e esp\u00edrito de solidariedade<\/p>\n<p>Maria Sant\u00edssima, tocai as consci\u00eancias para que as somas enormes usadas para aumentar e aperfei\u00e7oar os armamentos sejam, antes, destinadas a promover estudos adequados para prevenir cat\u00e1strofes do g\u00eanero no futuro.<\/p>\n<p>M\u00e3e amad\u00edssima, fazei crescer no mundo o sentido de perten\u00e7a a uma \u00fanica grande fam\u00edlia, na certeza do v\u00ednculo que une a todos, para acudirmos, com esp\u00edrito fraterno e solid\u00e1rio, \u00e0 tanta pobreza e \u00e0s in\u00fameras situa\u00e7\u00f5es de mis\u00e9ria. Encorajai a firmeza na f\u00e9, a perseveran\u00e7a no servi\u00e7o, a const\u00e2ncia na ora\u00e7\u00e3o.<\/p>\n<p>\u00d3 Maria, consoladora dos aflitos, abra\u00e7ai todos os vossos filhos atribulados e alcan\u00e7ai-nos a gra\u00e7a de que Deus intervenha com a Sua m\u00e3o onipotente para nos libertar desta terr\u00edvel pandemia, de modo que a vida possa retomar com serenidade ao seu curso normal.<\/p>\n<p>Confiamo-nos a V\u00f3s, que resplandeceis sobre o nosso caminho como sinal de salva\u00e7\u00e3o e de esperan\u00e7a, \u00f3 clemente, \u00f3 piedosa, \u00f3 doce Virgem Maria. Am\u00e9m.<\/p>\n<p>Conduzi os passos de vossos peregrinos que desejam rezar o amar-vos nos Santu\u00e1rios dedicados a V\u00f3s em todo o mundo sob os mais variados t\u00edtulos que pedem a vossa intercess\u00e3o, sede para cada um deles uma guia segura. Am\u00e9m.<br \/>\nEm seguida o Papa Francisco aben\u00e7oou os Ter\u00e7os que ser\u00e3o enviados aos 30 Santu\u00e1rios que participam da &#8220;maratona&#8221; de ora\u00e7\u00e3o deste m\u00eas mariano e aben\u00e7oou os fi\u00e9is invocando com confian\u00e7a a intercess\u00e3o da Bem-aventurada Virgem Maria.<\/p>\n<hr \/>\n<p><em>Fonte: Vatican News<\/em><\/p>\n","protected":false},"excerpt":{"rendered":"<p>Ter\u00e7o rezado na Capela Gregoriana da Bas\u00edlica Vaticana<\/p>\n","protected":false},"author":3,"featured_media":231875,"comment_status":"open","ping_status":"open","sticky":false,"template":"","format":"standard","meta":[],"categories":[1428],"tags":[1627],"acf":[],"yoast_head":"<!-- This site is optimized with the Yoast SEO plugin v19.2 - https:\/\/yoast.com\/wordpress\/plugins\/seo\/ -->\n<title>Francisco participa da ora\u00e7\u00e3o do Ter\u00e7o pelo fim da pandemia - Not\u00edcias - Franciscanos<\/title>\n<meta name=\"robots\" content=\"index, follow, max-snippet:-1, max-image-preview:large, max-video-preview:-1\" \/>\n<link rel=\"canonical\" href=\"https:\/\/franciscanos.org.br\/noticias\/francisco-participa-da-oracao-do-terco-pelo-fim-da-pandemia.html\" \/>\n<meta property=\"og:locale\" content=\"pt_BR\" \/>\n<meta property=\"og:type\" content=\"article\" \/>\n<meta property=\"og:title\" content=\"Francisco participa da ora\u00e7\u00e3o do Ter\u00e7o pelo fim da pandemia - Not\u00edcias - Franciscanos\" \/>\n<meta property=\"og:description\" content=\"Ter\u00e7o rezado na Capela Gregoriana da Bas\u00edlica Vaticana\" \/>\n<meta property=\"og:url\" content=\"https:\/\/franciscanos.org.br\/noticias\/francisco-participa-da-oracao-do-terco-pelo-fim-da-pandemia.html\" \/>\n<meta property=\"og:site_name\" content=\"Not\u00edcias - Franciscanos\" \/>\n<meta property=\"article:published_time\" content=\"2021-05-02T00:01:24+00:00\" \/>\n<meta property=\"article:modified_time\" content=\"2021-05-02T00:02:22+00:00\" \/>\n<meta property=\"og:image\" content=\"https:\/\/franciscanos.org.br\/noticias\/wp-content\/uploads\/2021\/05\/papa_maio_01d.jpg\" \/>\n\t<meta property=\"og:image:width\" content=\"800\" \/>\n\t<meta property=\"og:image:height\" content=\"550\" \/>\n\t<meta property=\"og:image:type\" content=\"image\/jpeg\" \/>\n<meta name=\"author\" content=\"moacir\" \/>\n<meta name=\"twitter:card\" content=\"summary_large_image\" \/>\n<meta name=\"twitter:label1\" content=\"Escrito por\" \/>\n\t<meta name=\"twitter:data1\" content=\"moacir\" \/>\n\t<meta name=\"twitter:label2\" content=\"Est. tempo de leitura\" \/>\n\t<meta name=\"twitter:data2\" content=\"5 minutos\" \/>\n<script type=\"application\/ld+json\" class=\"yoast-schema-graph\">{\"@context\":\"https:\/\/schema.org\",\"@graph\":[{\"@type\":\"WebSite\",\"@id\":\"https:\/\/franciscanos.org.br\/noticias\/#website\",\"url\":\"https:\/\/franciscanos.org.br\/noticias\/\",\"name\":\"Not\u00edcias - Franciscanos\",\"description\":\"Prov\u00edncia Franciscana da Imaculada Concei\u00e7\u00e3o do Brasil - Ordem dos Frades Menores - OFM\",\"potentialAction\":[{\"@type\":\"SearchAction\",\"target\":{\"@type\":\"EntryPoint\",\"urlTemplate\":\"https:\/\/franciscanos.org.br\/noticias\/?s={search_term_string}\"},\"query-input\":\"required name=search_term_string\"}],\"inLanguage\":\"pt-BR\"},{\"@type\":\"ImageObject\",\"inLanguage\":\"pt-BR\",\"@id\":\"https:\/\/franciscanos.org.br\/noticias\/francisco-participa-da-oracao-do-terco-pelo-fim-da-pandemia.html#primaryimage\",\"url\":\"https:\/\/franciscanos.org.br\/noticias\/wp-content\/uploads\/2021\/05\/papa_maio_01d.jpg\",\"contentUrl\":\"https:\/\/franciscanos.org.br\/noticias\/wp-content\/uploads\/2021\/05\/papa_maio_01d.jpg\",\"width\":800,\"height\":550},{\"@type\":\"WebPage\",\"@id\":\"https:\/\/franciscanos.org.br\/noticias\/francisco-participa-da-oracao-do-terco-pelo-fim-da-pandemia.html#webpage\",\"url\":\"https:\/\/franciscanos.org.br\/noticias\/francisco-participa-da-oracao-do-terco-pelo-fim-da-pandemia.html\",\"name\":\"Francisco participa da ora\u00e7\u00e3o do Ter\u00e7o pelo fim da pandemia - Not\u00edcias - Franciscanos\",\"isPartOf\":{\"@id\":\"https:\/\/franciscanos.org.br\/noticias\/#website\"},\"primaryImageOfPage\":{\"@id\":\"https:\/\/franciscanos.org.br\/noticias\/francisco-participa-da-oracao-do-terco-pelo-fim-da-pandemia.html#primaryimage\"},\"datePublished\":\"2021-05-02T00:01:24+00:00\",\"dateModified\":\"2021-05-02T00:02:22+00:00\",\"author\":{\"@id\":\"https:\/\/franciscanos.org.br\/noticias\/#\/schema\/person\/b5c8cba458c330ccff548b056e95a5d4\"},\"breadcrumb\":{\"@id\":\"https:\/\/franciscanos.org.br\/noticias\/francisco-participa-da-oracao-do-terco-pelo-fim-da-pandemia.html#breadcrumb\"},\"inLanguage\":\"pt-BR\",\"potentialAction\":[{\"@type\":\"ReadAction\",\"target\":[\"https:\/\/franciscanos.org.br\/noticias\/francisco-participa-da-oracao-do-terco-pelo-fim-da-pandemia.html\"]}]},{\"@type\":\"BreadcrumbList\",\"@id\":\"https:\/\/franciscanos.org.br\/noticias\/francisco-participa-da-oracao-do-terco-pelo-fim-da-pandemia.html#breadcrumb\",\"itemListElement\":[{\"@type\":\"ListItem\",\"position\":1,\"name\":\"Home\",\"item\":\"https:\/\/franciscanos.org.br\/noticias\"},{\"@type\":\"ListItem\",\"position\":2,\"name\":\"Francisco participa da ora\u00e7\u00e3o do Ter\u00e7o pelo fim da pandemia\"}]},{\"@type\":\"Person\",\"@id\":\"https:\/\/franciscanos.org.br\/noticias\/#\/schema\/person\/b5c8cba458c330ccff548b056e95a5d4\",\"name\":\"moacir\",\"image\":{\"@type\":\"ImageObject\",\"inLanguage\":\"pt-BR\",\"@id\":\"https:\/\/franciscanos.org.br\/noticias\/#\/schema\/person\/image\/\",\"url\":\"https:\/\/secure.gravatar.com\/avatar\/d08aa2ce4c8dd416d4479aa8536fcf64?s=96&d=mm&r=g\",\"contentUrl\":\"https:\/\/secure.gravatar.com\/avatar\/d08aa2ce4c8dd416d4479aa8536fcf64?s=96&d=mm&r=g\",\"caption\":\"moacir\"},\"url\":\"https:\/\/franciscanos.org.br\/noticias\/author\/moacir\"}]}<\/script>\n<!-- \/ Yoast SEO plugin. -->","yoast_head_json":{"title":"Francisco participa da ora\u00e7\u00e3o do Ter\u00e7o pelo fim da pandemia - Not\u00edcias - Franciscanos","robots":{"index":"index","follow":"follow","max-snippet":"max-snippet:-1","max-image-preview":"max-image-preview:large","max-video-preview":"max-video-preview:-1"},"canonical":"https:\/\/franciscanos.org.br\/noticias\/francisco-participa-da-oracao-do-terco-pelo-fim-da-pandemia.html","og_locale":"pt_BR","og_type":"article","og_title":"Francisco participa da ora\u00e7\u00e3o do Ter\u00e7o pelo fim da pandemia - Not\u00edcias - Franciscanos","og_description":"Ter\u00e7o rezado na Capela Gregoriana da Bas\u00edlica Vaticana","og_url":"https:\/\/franciscanos.org.br\/noticias\/francisco-participa-da-oracao-do-terco-pelo-fim-da-pandemia.html","og_site_name":"Not\u00edcias - Franciscanos","article_published_time":"2021-05-02T00:01:24+00:00","article_modified_time":"2021-05-02T00:02:22+00:00","og_image":[{"width":800,"height":550,"url":"https:\/\/franciscanos.org.br\/noticias\/wp-content\/uploads\/2021\/05\/papa_maio_01d.jpg","type":"image\/jpeg"}],"author":"moacir","twitter_card":"summary_large_image","twitter_misc":{"Escrito por":"moacir","Est. tempo de leitura":"5 minutos"},"schema":{"@context":"https:\/\/schema.org","@graph":[{"@type":"WebSite","@id":"https:\/\/franciscanos.org.br\/noticias\/#website","url":"https:\/\/franciscanos.org.br\/noticias\/","name":"Not\u00edcias - Franciscanos","description":"Prov\u00edncia Franciscana da Imaculada Concei\u00e7\u00e3o do Brasil - Ordem dos Frades Menores - OFM","potentialAction":[{"@type":"SearchAction","target":{"@type":"EntryPoint","urlTemplate":"https:\/\/franciscanos.org.br\/noticias\/?s={search_term_string}"},"query-input":"required name=search_term_string"}],"inLanguage":"pt-BR"},{"@type":"ImageObject","inLanguage":"pt-BR","@id":"https:\/\/franciscanos.org.br\/noticias\/francisco-participa-da-oracao-do-terco-pelo-fim-da-pandemia.html#primaryimage","url":"https:\/\/franciscanos.org.br\/noticias\/wp-content\/uploads\/2021\/05\/papa_maio_01d.jpg","contentUrl":"https:\/\/franciscanos.org.br\/noticias\/wp-content\/uploads\/2021\/05\/papa_maio_01d.jpg","width":800,"height":550},{"@type":"WebPage","@id":"https:\/\/franciscanos.org.br\/noticias\/francisco-participa-da-oracao-do-terco-pelo-fim-da-pandemia.html#webpage","url":"https:\/\/franciscanos.org.br\/noticias\/francisco-participa-da-oracao-do-terco-pelo-fim-da-pandemia.html","name":"Francisco participa da ora\u00e7\u00e3o do Ter\u00e7o pelo fim da pandemia - Not\u00edcias - Franciscanos","isPartOf":{"@id":"https:\/\/franciscanos.org.br\/noticias\/#website"},"primaryImageOfPage":{"@id":"https:\/\/franciscanos.org.br\/noticias\/francisco-participa-da-oracao-do-terco-pelo-fim-da-pandemia.html#primaryimage"},"datePublished":"2021-05-02T00:01:24+00:00","dateModified":"2021-05-02T00:02:22+00:00","author":{"@id":"https:\/\/franciscanos.org.br\/noticias\/#\/schema\/person\/b5c8cba458c330ccff548b056e95a5d4"},"breadcrumb":{"@id":"https:\/\/franciscanos.org.br\/noticias\/francisco-participa-da-oracao-do-terco-pelo-fim-da-pandemia.html#breadcrumb"},"inLanguage":"pt-BR","potentialAction":[{"@type":"ReadAction","target":["https:\/\/franciscanos.org.br\/noticias\/francisco-participa-da-oracao-do-terco-pelo-fim-da-pandemia.html"]}]},{"@type":"BreadcrumbList","@id":"https:\/\/franciscanos.org.br\/noticias\/francisco-participa-da-oracao-do-terco-pelo-fim-da-pandemia.html#breadcrumb","itemListElement":[{"@type":"ListItem","position":1,"name":"Home","item":"https:\/\/franciscanos.org.br\/noticias"},{"@type":"ListItem","position":2,"name":"Francisco participa da ora\u00e7\u00e3o do Ter\u00e7o pelo fim da pandemia"}]},{"@type":"Person","@id":"https:\/\/franciscanos.org.br\/noticias\/#\/schema\/person\/b5c8cba458c330ccff548b056e95a5d4","name":"moacir","image":{"@type":"ImageObject","inLanguage":"pt-BR","@id":"https:\/\/franciscanos.org.br\/noticias\/#\/schema\/person\/image\/","url":"https:\/\/secure.gravatar.com\/avatar\/d08aa2ce4c8dd416d4479aa8536fcf64?s=96&d=mm&r=g","contentUrl":"https:\/\/secure.gravatar.com\/avatar\/d08aa2ce4c8dd416d4479aa8536fcf64?s=96&d=mm&r=g","caption":"moacir"},"url":"https:\/\/franciscanos.org.br\/noticias\/author\/moacir"}]}},"_links":{"self":[{"href":"https:\/\/franciscanos.org.br\/noticias\/wp-json\/wp\/v2\/posts\/231873"}],"collection":[{"href":"https:\/\/franciscanos.org.br\/noticias\/wp-json\/wp\/v2\/posts"}],"about":[{"href":"https:\/\/franciscanos.org.br\/noticias\/wp-json\/wp\/v2\/types\/post"}],"author":[{"embeddable":true,"href":"https:\/\/franciscanos.org.br\/noticias\/wp-json\/wp\/v2\/users\/3"}],"replies":[{"embeddable":true,"href":"https:\/\/franciscanos.org.br\/noticias\/wp-json\/wp\/v2\/comments?post=231873"}],"version-history":[{"count":2,"href":"https:\/\/franciscanos.org.br\/noticias\/wp-json\/wp\/v2\/posts\/231873\/revisions"}],"predecessor-version":[{"id":231877,"href":"https:\/\/franciscanos.org.br\/noticias\/wp-json\/wp\/v2\/posts\/231873\/revisions\/231877"}],"wp:featuredmedia":[{"embeddable":true,"href":"https:\/\/franciscanos.org.br\/noticias\/wp-json\/wp\/v2\/media\/231875"}],"wp:attachment":[{"href":"https:\/\/franciscanos.org.br\/noticias\/wp-json\/wp\/v2\/media?parent=231873"}],"wp:term":[{"taxonomy":"category","embeddable":true,"href":"https:\/\/franciscanos.org.br\/noticias\/wp-json\/wp\/v2\/categories?post=231873"},{"taxonomy":"post_tag","embeddable":true,"href":"https:\/\/franciscanos.org.br\/noticias\/wp-json\/wp\/v2\/tags?post=231873"}],"curies":[{"name":"wp","href":"https:\/\/api.w.org\/{rel}","templated":true}]}}