{"id":231869,"date":"2021-05-01T08:22:49","date_gmt":"2021-05-01T11:22:49","guid":{"rendered":"https:\/\/franciscanos.org.br\/noticias\/?p=231869"},"modified":"2021-05-01T08:22:49","modified_gmt":"2021-05-01T11:22:49","slug":"a-programacao-mariana-no-convento-da-penha","status":"publish","type":"post","link":"https:\/\/franciscanos.org.br\/noticias\/a-programacao-mariana-no-convento-da-penha.html","title":{"rendered":"A programa\u00e7\u00e3o mariana no Convento da Penha"},"content":{"rendered":"<div id=\"attachment_231870\" style=\"width: 1290px\" class=\"wp-caption alignnone\"><img aria-describedby=\"caption-attachment-231870\" loading=\"lazy\" class=\"wp-image-231870 size-full\" src=\"https:\/\/franciscanos.org.br\/noticias\/wp-content\/uploads\/2021\/05\/penha_01.jpg\" alt=\"\" width=\"1280\" height=\"720\" srcset=\"https:\/\/franciscanos.org.br\/noticias\/wp-content\/uploads\/2021\/05\/penha_01.jpg 1280w, https:\/\/franciscanos.org.br\/noticias\/wp-content\/uploads\/2021\/05\/penha_01-450x253.jpg 450w, https:\/\/franciscanos.org.br\/noticias\/wp-content\/uploads\/2021\/05\/penha_01-1024x576.jpg 1024w, https:\/\/franciscanos.org.br\/noticias\/wp-content\/uploads\/2021\/05\/penha_01-768x432.jpg 768w, https:\/\/franciscanos.org.br\/noticias\/wp-content\/uploads\/2021\/05\/penha_01-150x84.jpg 150w\" sizes=\"(max-width: 1280px) 100vw, 1280px\" \/><p id=\"caption-attachment-231870\" class=\"wp-caption-text\">\u00a0 \u00a0 \u00a0 \u00a0 \u00a0 \u00a0 \u00a0 \u00a0 \u00a0 \u00a0 \u00a0 \u00a0 \u00a0 \u00a0 \u00a0 \u00a0 \u00a0 \u00a0 \u00a0 \u00a0 \u00a0 \u00a0 \u00a0 \u00a0 \u00a0 \u00a0 \u00a0 \u00a0 \u00a0 \u00a0 \u00a0 \u00a0 \u00a0 \u00a0 \u00a0 \u00a0 \u00a0 \u00a0 \u00a0 \u00a0 \u00a0 \u00a0 \u00a0<em> \u00a0 Imagem de Nossa Senhora das Alegrias, a Virgem da Penha<\/em><\/p><\/div>\n<p>Os frades franciscanos do Convento da Penha (da Prov\u00edncia Franciscana da Imaculada Concei\u00e7\u00e3o do Brasil) v\u00e3o realizar uma programa\u00e7\u00e3o especial para o &#8220;M\u00eas de Maria&#8221;. A medita\u00e7\u00e3o dos mist\u00e9rios da reden\u00e7\u00e3o e das Alegrias de Maria \u00e9 &#8220;um compromisso de gratid\u00e3o e de compromisso de solidariedade com os que sofrem, com aqueles que trabalham, sobretudo na linha de frente do combate ao coronav\u00edrus e um compromisso de f\u00e9 que reafirmamos em cada Ave Maria que recitamos&#8221;, explica o Guardi\u00e3o do Convento, Frei Paulo Roberto Pereira.<\/p>\n<p>Para Frei Paulo, que est\u00e1 se recuperando depois de ter vencido a Covid-19, &#8220;a ora\u00e7\u00e3o do ter\u00e7o nos faz contemplar juntos a face de Cristo com o cora\u00e7\u00e3o de Maria, nossa M\u00e3e. Na medita\u00e7\u00e3o do ter\u00e7o, nos unimos e reunimos como fam\u00edlia espiritual, que pede a supera\u00e7\u00e3o desta terr\u00edvel doen\u00e7a. \u00c9 na ora\u00e7\u00e3o persistente que renovamos nosso desejo de santidade, sobretudo de sermos, na fam\u00edlia, na sociedade e no mundo, pessoas melhores, que espalham a paz e o bem&#8221;, finaliza.<\/p>\n<p>Desta forma, todos os dias do m\u00eas de maio, os Franciscanos do Convento de Nossa Senhora da Penha, em Vila Velha-ES, v\u00e3o rezar o ter\u00e7o pelas redes sociais. Os fi\u00e9is poder\u00e3o deixar as inten\u00e7\u00f5es, preces e s\u00faplicas, bem como acompanhar e rezar o ter\u00e7o, em casa, atrav\u00e9s das redes sociais do Convento <em>(Facebook, YouTube e Instagram<\/em>).<\/p>\n<p>As segundas, quartas, quintas e sextas, a ora\u00e7\u00e3o do santo ter\u00e7o ser\u00e1 \u00e0s 18h. J\u00e1 nas ter\u00e7as-feiras, o encontro virtual ser\u00e1 \u00e0s 19h (como j\u00e1 ocorre tradicionalmente todas as semanas, o Ter\u00e7o das Fam\u00edlias). Aos s\u00e1bados, os homens de grupo de Ter\u00e7o dos Homens de par\u00f3quias e comunidades da Arquidiocese de Vit\u00f3ria, subir\u00e3o \u00e0 Penha para meditar o ros\u00e1rio, a partir das 14h. J\u00e1 aos domingos, a ora\u00e7\u00e3o ser\u00e1 ao meio-dia. Sempre pelo hor\u00e1rio de Bras\u00edlia.<\/p>\n<p>A programa\u00e7\u00e3o do &#8220;M\u00eas de Maria&#8221; no Convento da Penha n\u00e3o para por a\u00ed. No dia 8 de maio, s\u00e1bado das M\u00e3es, o Convento realiza a tradicional &#8220;Romaria das M\u00e3es ao Convento&#8221; que j\u00e1 ocorre h\u00e1 mais de 60 anos. O momento dever\u00e1 ocorrer, pelo segundo ano consecutivo, de forma virtual e interativa. O Convento recebe no \u00faltimo s\u00e1bado do m\u00eas (dia 29 de maio), o 8\u00ba Encontro Estadual do Ter\u00e7o dos Homens do Estado do Esp\u00edrito Santo. Na programa\u00e7\u00e3o, m\u00fasica, intera\u00e7\u00e3o, a ora\u00e7\u00e3o do ter\u00e7o e um programa especial pelas redes sociais. A Missa de Encerramento do encontro ser\u00e1 presidida pelo Arcebispo Metropolitano de Vit\u00f3ria, Dom Frei Dario Campos, OFM.<\/p>\n<p>Vale lembrar que o tradicional &#8220;Ter\u00e7o Gigante&#8221; erguido entre as palmeiras imperiais do Campinho do Convento, permanece no local at\u00e9 o fim do m\u00eas de maio, portanto, o visitante que desejar visitar a Penha Sagrada, cumprindo todos os protocolos sanit\u00e1rios exigidos pelas autoridades de sa\u00fade, poder\u00e1 contemplar a beleza do principal s\u00edmbolo da devo\u00e7\u00e3o mariana.<\/p>\n<hr \/>\n<p><em>Assessoria de Comunica\u00e7\u00e3o do Convento da Penha<\/em><\/p>\n","protected":false},"excerpt":{"rendered":"<p>M\u00eas Mariano<\/p>\n","protected":false},"author":3,"featured_media":231871,"comment_status":"open","ping_status":"open","sticky":false,"template":"","format":"standard","meta":[],"categories":[1],"tags":[248],"acf":[],"yoast_head":"<!-- This site is optimized with the Yoast SEO plugin v19.2 - https:\/\/yoast.com\/wordpress\/plugins\/seo\/ -->\n<title>A programa\u00e7\u00e3o mariana no Convento da Penha - Not\u00edcias - Franciscanos<\/title>\n<meta name=\"robots\" content=\"index, follow, max-snippet:-1, max-image-preview:large, max-video-preview:-1\" \/>\n<link rel=\"canonical\" href=\"https:\/\/franciscanos.org.br\/noticias\/a-programacao-mariana-no-convento-da-penha.html\" \/>\n<meta property=\"og:locale\" content=\"pt_BR\" \/>\n<meta property=\"og:type\" content=\"article\" \/>\n<meta property=\"og:title\" content=\"A programa\u00e7\u00e3o mariana no Convento da Penha - Not\u00edcias - Franciscanos\" \/>\n<meta property=\"og:description\" content=\"M\u00eas Mariano\" \/>\n<meta property=\"og:url\" content=\"https:\/\/franciscanos.org.br\/noticias\/a-programacao-mariana-no-convento-da-penha.html\" \/>\n<meta property=\"og:site_name\" content=\"Not\u00edcias - Franciscanos\" \/>\n<meta property=\"article:published_time\" content=\"2021-05-01T11:22:49+00:00\" \/>\n<meta property=\"og:image\" content=\"https:\/\/franciscanos.org.br\/noticias\/wp-content\/uploads\/2021\/05\/penha_01d.jpg\" \/>\n\t<meta property=\"og:image:width\" content=\"800\" \/>\n\t<meta property=\"og:image:height\" content=\"550\" \/>\n\t<meta property=\"og:image:type\" content=\"image\/jpeg\" \/>\n<meta name=\"author\" content=\"moacir\" \/>\n<meta name=\"twitter:card\" content=\"summary_large_image\" \/>\n<meta name=\"twitter:label1\" content=\"Escrito por\" \/>\n\t<meta name=\"twitter:data1\" content=\"moacir\" \/>\n\t<meta name=\"twitter:label2\" content=\"Est. tempo de leitura\" \/>\n\t<meta name=\"twitter:data2\" content=\"3 minutos\" \/>\n<script type=\"application\/ld+json\" class=\"yoast-schema-graph\">{\"@context\":\"https:\/\/schema.org\",\"@graph\":[{\"@type\":\"WebSite\",\"@id\":\"https:\/\/franciscanos.org.br\/noticias\/#website\",\"url\":\"https:\/\/franciscanos.org.br\/noticias\/\",\"name\":\"Not\u00edcias - Franciscanos\",\"description\":\"Prov\u00edncia Franciscana da Imaculada Concei\u00e7\u00e3o do Brasil - Ordem dos Frades Menores - OFM\",\"potentialAction\":[{\"@type\":\"SearchAction\",\"target\":{\"@type\":\"EntryPoint\",\"urlTemplate\":\"https:\/\/franciscanos.org.br\/noticias\/?s={search_term_string}\"},\"query-input\":\"required name=search_term_string\"}],\"inLanguage\":\"pt-BR\"},{\"@type\":\"ImageObject\",\"inLanguage\":\"pt-BR\",\"@id\":\"https:\/\/franciscanos.org.br\/noticias\/a-programacao-mariana-no-convento-da-penha.html#primaryimage\",\"url\":\"https:\/\/franciscanos.org.br\/noticias\/wp-content\/uploads\/2021\/05\/penha_01d.jpg\",\"contentUrl\":\"https:\/\/franciscanos.org.br\/noticias\/wp-content\/uploads\/2021\/05\/penha_01d.jpg\",\"width\":800,\"height\":550,\"caption\":\"DCIM100MEDIADJI_0087.JPG\"},{\"@type\":\"WebPage\",\"@id\":\"https:\/\/franciscanos.org.br\/noticias\/a-programacao-mariana-no-convento-da-penha.html#webpage\",\"url\":\"https:\/\/franciscanos.org.br\/noticias\/a-programacao-mariana-no-convento-da-penha.html\",\"name\":\"A programa\u00e7\u00e3o mariana no Convento da Penha - Not\u00edcias - Franciscanos\",\"isPartOf\":{\"@id\":\"https:\/\/franciscanos.org.br\/noticias\/#website\"},\"primaryImageOfPage\":{\"@id\":\"https:\/\/franciscanos.org.br\/noticias\/a-programacao-mariana-no-convento-da-penha.html#primaryimage\"},\"datePublished\":\"2021-05-01T11:22:49+00:00\",\"dateModified\":\"2021-05-01T11:22:49+00:00\",\"author\":{\"@id\":\"https:\/\/franciscanos.org.br\/noticias\/#\/schema\/person\/b5c8cba458c330ccff548b056e95a5d4\"},\"breadcrumb\":{\"@id\":\"https:\/\/franciscanos.org.br\/noticias\/a-programacao-mariana-no-convento-da-penha.html#breadcrumb\"},\"inLanguage\":\"pt-BR\",\"potentialAction\":[{\"@type\":\"ReadAction\",\"target\":[\"https:\/\/franciscanos.org.br\/noticias\/a-programacao-mariana-no-convento-da-penha.html\"]}]},{\"@type\":\"BreadcrumbList\",\"@id\":\"https:\/\/franciscanos.org.br\/noticias\/a-programacao-mariana-no-convento-da-penha.html#breadcrumb\",\"itemListElement\":[{\"@type\":\"ListItem\",\"position\":1,\"name\":\"Home\",\"item\":\"https:\/\/franciscanos.org.br\/noticias\"},{\"@type\":\"ListItem\",\"position\":2,\"name\":\"A programa\u00e7\u00e3o mariana no Convento da Penha\"}]},{\"@type\":\"Person\",\"@id\":\"https:\/\/franciscanos.org.br\/noticias\/#\/schema\/person\/b5c8cba458c330ccff548b056e95a5d4\",\"name\":\"moacir\",\"image\":{\"@type\":\"ImageObject\",\"inLanguage\":\"pt-BR\",\"@id\":\"https:\/\/franciscanos.org.br\/noticias\/#\/schema\/person\/image\/\",\"url\":\"https:\/\/secure.gravatar.com\/avatar\/d08aa2ce4c8dd416d4479aa8536fcf64?s=96&d=mm&r=g\",\"contentUrl\":\"https:\/\/secure.gravatar.com\/avatar\/d08aa2ce4c8dd416d4479aa8536fcf64?s=96&d=mm&r=g\",\"caption\":\"moacir\"},\"url\":\"https:\/\/franciscanos.org.br\/noticias\/author\/moacir\"}]}<\/script>\n<!-- \/ Yoast SEO plugin. -->","yoast_head_json":{"title":"A programa\u00e7\u00e3o mariana no Convento da Penha - Not\u00edcias - Franciscanos","robots":{"index":"index","follow":"follow","max-snippet":"max-snippet:-1","max-image-preview":"max-image-preview:large","max-video-preview":"max-video-preview:-1"},"canonical":"https:\/\/franciscanos.org.br\/noticias\/a-programacao-mariana-no-convento-da-penha.html","og_locale":"pt_BR","og_type":"article","og_title":"A programa\u00e7\u00e3o mariana no Convento da Penha - Not\u00edcias - Franciscanos","og_description":"M\u00eas Mariano","og_url":"https:\/\/franciscanos.org.br\/noticias\/a-programacao-mariana-no-convento-da-penha.html","og_site_name":"Not\u00edcias - Franciscanos","article_published_time":"2021-05-01T11:22:49+00:00","og_image":[{"width":800,"height":550,"url":"https:\/\/franciscanos.org.br\/noticias\/wp-content\/uploads\/2021\/05\/penha_01d.jpg","type":"image\/jpeg"}],"author":"moacir","twitter_card":"summary_large_image","twitter_misc":{"Escrito por":"moacir","Est. tempo de leitura":"3 minutos"},"schema":{"@context":"https:\/\/schema.org","@graph":[{"@type":"WebSite","@id":"https:\/\/franciscanos.org.br\/noticias\/#website","url":"https:\/\/franciscanos.org.br\/noticias\/","name":"Not\u00edcias - Franciscanos","description":"Prov\u00edncia Franciscana da Imaculada Concei\u00e7\u00e3o do Brasil - Ordem dos Frades Menores - OFM","potentialAction":[{"@type":"SearchAction","target":{"@type":"EntryPoint","urlTemplate":"https:\/\/franciscanos.org.br\/noticias\/?s={search_term_string}"},"query-input":"required name=search_term_string"}],"inLanguage":"pt-BR"},{"@type":"ImageObject","inLanguage":"pt-BR","@id":"https:\/\/franciscanos.org.br\/noticias\/a-programacao-mariana-no-convento-da-penha.html#primaryimage","url":"https:\/\/franciscanos.org.br\/noticias\/wp-content\/uploads\/2021\/05\/penha_01d.jpg","contentUrl":"https:\/\/franciscanos.org.br\/noticias\/wp-content\/uploads\/2021\/05\/penha_01d.jpg","width":800,"height":550,"caption":"DCIM100MEDIADJI_0087.JPG"},{"@type":"WebPage","@id":"https:\/\/franciscanos.org.br\/noticias\/a-programacao-mariana-no-convento-da-penha.html#webpage","url":"https:\/\/franciscanos.org.br\/noticias\/a-programacao-mariana-no-convento-da-penha.html","name":"A programa\u00e7\u00e3o mariana no Convento da Penha - Not\u00edcias - Franciscanos","isPartOf":{"@id":"https:\/\/franciscanos.org.br\/noticias\/#website"},"primaryImageOfPage":{"@id":"https:\/\/franciscanos.org.br\/noticias\/a-programacao-mariana-no-convento-da-penha.html#primaryimage"},"datePublished":"2021-05-01T11:22:49+00:00","dateModified":"2021-05-01T11:22:49+00:00","author":{"@id":"https:\/\/franciscanos.org.br\/noticias\/#\/schema\/person\/b5c8cba458c330ccff548b056e95a5d4"},"breadcrumb":{"@id":"https:\/\/franciscanos.org.br\/noticias\/a-programacao-mariana-no-convento-da-penha.html#breadcrumb"},"inLanguage":"pt-BR","potentialAction":[{"@type":"ReadAction","target":["https:\/\/franciscanos.org.br\/noticias\/a-programacao-mariana-no-convento-da-penha.html"]}]},{"@type":"BreadcrumbList","@id":"https:\/\/franciscanos.org.br\/noticias\/a-programacao-mariana-no-convento-da-penha.html#breadcrumb","itemListElement":[{"@type":"ListItem","position":1,"name":"Home","item":"https:\/\/franciscanos.org.br\/noticias"},{"@type":"ListItem","position":2,"name":"A programa\u00e7\u00e3o mariana no Convento da Penha"}]},{"@type":"Person","@id":"https:\/\/franciscanos.org.br\/noticias\/#\/schema\/person\/b5c8cba458c330ccff548b056e95a5d4","name":"moacir","image":{"@type":"ImageObject","inLanguage":"pt-BR","@id":"https:\/\/franciscanos.org.br\/noticias\/#\/schema\/person\/image\/","url":"https:\/\/secure.gravatar.com\/avatar\/d08aa2ce4c8dd416d4479aa8536fcf64?s=96&d=mm&r=g","contentUrl":"https:\/\/secure.gravatar.com\/avatar\/d08aa2ce4c8dd416d4479aa8536fcf64?s=96&d=mm&r=g","caption":"moacir"},"url":"https:\/\/franciscanos.org.br\/noticias\/author\/moacir"}]}},"_links":{"self":[{"href":"https:\/\/franciscanos.org.br\/noticias\/wp-json\/wp\/v2\/posts\/231869"}],"collection":[{"href":"https:\/\/franciscanos.org.br\/noticias\/wp-json\/wp\/v2\/posts"}],"about":[{"href":"https:\/\/franciscanos.org.br\/noticias\/wp-json\/wp\/v2\/types\/post"}],"author":[{"embeddable":true,"href":"https:\/\/franciscanos.org.br\/noticias\/wp-json\/wp\/v2\/users\/3"}],"replies":[{"embeddable":true,"href":"https:\/\/franciscanos.org.br\/noticias\/wp-json\/wp\/v2\/comments?post=231869"}],"version-history":[{"count":1,"href":"https:\/\/franciscanos.org.br\/noticias\/wp-json\/wp\/v2\/posts\/231869\/revisions"}],"predecessor-version":[{"id":231872,"href":"https:\/\/franciscanos.org.br\/noticias\/wp-json\/wp\/v2\/posts\/231869\/revisions\/231872"}],"wp:featuredmedia":[{"embeddable":true,"href":"https:\/\/franciscanos.org.br\/noticias\/wp-json\/wp\/v2\/media\/231871"}],"wp:attachment":[{"href":"https:\/\/franciscanos.org.br\/noticias\/wp-json\/wp\/v2\/media?parent=231869"}],"wp:term":[{"taxonomy":"category","embeddable":true,"href":"https:\/\/franciscanos.org.br\/noticias\/wp-json\/wp\/v2\/categories?post=231869"},{"taxonomy":"post_tag","embeddable":true,"href":"https:\/\/franciscanos.org.br\/noticias\/wp-json\/wp\/v2\/tags?post=231869"}],"curies":[{"name":"wp","href":"https:\/\/api.w.org\/{rel}","templated":true}]}}