{"id":231863,"date":"2021-04-30T07:47:45","date_gmt":"2021-04-30T10:47:45","guid":{"rendered":"https:\/\/franciscanos.org.br\/noticias\/?p=231863"},"modified":"2021-04-30T07:51:57","modified_gmt":"2021-04-30T10:51:57","slug":"papa-por-uma-igreja-pobre-com-e-para-os-pobres","status":"publish","type":"post","link":"https:\/\/franciscanos.org.br\/noticias\/papa-por-uma-igreja-pobre-com-e-para-os-pobres.html","title":{"rendered":"Papa: \u201cPor uma Igreja pobre &#8216;com e para&#8217; os pobres\u201d"},"content":{"rendered":"<div id=\"attachment_231864\" style=\"width: 1290px\" class=\"wp-caption alignnone\"><img aria-describedby=\"caption-attachment-231864\" loading=\"lazy\" class=\"wp-image-231864 size-full\" src=\"https:\/\/franciscanos.org.br\/noticias\/wp-content\/uploads\/2021\/04\/papa_30.jpg\" alt=\"\" width=\"1280\" height=\"720\" srcset=\"https:\/\/franciscanos.org.br\/noticias\/wp-content\/uploads\/2021\/04\/papa_30.jpg 1280w, https:\/\/franciscanos.org.br\/noticias\/wp-content\/uploads\/2021\/04\/papa_30-450x253.jpg 450w, https:\/\/franciscanos.org.br\/noticias\/wp-content\/uploads\/2021\/04\/papa_30-1024x576.jpg 1024w, https:\/\/franciscanos.org.br\/noticias\/wp-content\/uploads\/2021\/04\/papa_30-768x432.jpg 768w, https:\/\/franciscanos.org.br\/noticias\/wp-content\/uploads\/2021\/04\/papa_30-150x84.jpg 150w\" sizes=\"(max-width: 1280px) 100vw, 1280px\" \/><p id=\"caption-attachment-231864\" class=\"wp-caption-text\"><em>\u00a0 \u00a0 \u00a0 \u00a0 \u00a0 \u00a0 \u00a0 \u00a0 \u00a0 \u00a0 \u00a0 \u00a0 \u00a0 \u00a0 \u00a0 \u00a0 \u00a0 \u00a0 \u00a0 \u00a0 \u00a0 \u00a0 \u00a0 \u00a0 \u00a0 \u00a0 \u00a0 \u00a0 \u00a0 \u00a0 \u00a0 \u00a0 \u00a0 \u00a0 \u00a0 \u00a0 \u00a0 \u00a0 \u00a0 \u00a0 \u00a0 \u00a0 \u00a0 \u00a0 \u00a0 \u00a0 \u00a0 \u00a0 \u00a0 \u00a0 \u00a0 \u00a0 \u00a0 \u00a0 \u00a0 \u00a0 \u00a0 \u00a0 \u00a0 \u00a0 \u00a0 \u00a0 \u00a0 \u00a0 \u00a0 \u00a0 \u00a0 \u00a0 \u00a0 \u00a0 \u00a0 \u00a0 \u00a0 \u00a0 \u00a0 \u00a0 \u00a0 \u00a0 \u00a0 \u00a0 \u00a0 \u00a0 \u00a0 \u00a0 \u00a0 \u00a0 \u00a0 \u00a0 \u00a0 \u00a0 \u00a0 \u00a0 \u00a0 \u00a0 \u00a0 \u00a0 \u00a0 \u00a0 \u00a0 \u00a0 \u00a0 \u00a0 \u00a0 \u00a0 Imagem: Vatican Media<\/em><\/p><\/div>\n<p>Na manh\u00e3 desta sexta-feira (30) o Papa Francisco recebeu uma delega\u00e7\u00e3o da Fraternidade Pol\u00edtica da Comunidade \u201cChemin Neuf\u201d da Fran\u00e7a. Comunidade formada por um corpo apost\u00f3lico que compartilha a espiritualidade inaciana e Carism\u00e1tica, as suas miss\u00f5es e a vida fraterna.<\/p>\n<p>O Santo Padre iniciou seu discurso agradecendo a presen\u00e7a de todos \u201capesar da pandemia\u201d e agradecendo ao Senhor pela obra do seu Esp\u00edrito, \u201cque se manifesta no seu caminho humano e espiritual a servi\u00e7o do bem comum e dos pobres, caminho que se realiza rejeitando a mis\u00e9ria e trabalhando por um mundo mais justo e fraterno\u201d. Depois de recordar um trecho da Exorta\u00e7\u00e3o Apost\u00f3lica Christus vivit que afirma que \u201ca voca\u00e7\u00e3o laical \u00e9, antes de mais nada, a caridade na fam\u00edlia, a caridade social e caridade pol\u00edtica: \u00e9 um compromisso concreto nascido da f\u00e9 para a constru\u00e7\u00e3o duma sociedade nova, \u00e9 viver no meio do mundo e da sociedade para evangelizar as suas diversas inst\u00e2ncias, fazer crescer a paz, a conviv\u00eancia, a justi\u00e7a, os direitos humanos, a miseric\u00f3rdia, e assim estender o Reino de Deus no mundo\u201d o Papa afirmou:<\/p>\n<p>\u201c\u00c9 justamente nesta din\u00e2mica que voc\u00eas caminham, com uma abertura ecum\u00eanica e um cora\u00e7\u00e3o disposto a acolher diferentes culturas e tradi\u00e7\u00f5es, a fim de transformar o rosto da nossa sociedade\u201d<\/p>\n<p><strong>Igreja com e para os pobres<\/strong><br \/>\nE encorajou os presentes: \u201cCaros amigos, eu os encorajo a n\u00e3o ter medo de percorrer os caminhos da fraternidade e de construir pontes entre as pessoas, entre os povos, em um mundo onde tantos muros ainda est\u00e3o sendo constru\u00eddos por medo dos outros. Atrav\u00e9s de suas iniciativas, seus projetos e suas atividades, voc\u00eas tornam vis\u00edvel uma Igreja pobre com e para os pobres, uma Igreja em sa\u00edda que est\u00e1 pr\u00f3xima das pessoas em situa\u00e7\u00f5es de sofrimento, precariedade, marginaliza\u00e7\u00e3o e exclus\u00e3o\u201d<\/p>\n<p><strong>Convers\u00e3o ecol\u00f3gica<\/strong><br \/>\nAo recordar a presen\u00e7a de tantos jovens na comunidade o Pont\u00edfice disse: \u201cCom os jovens da sua comunidade, hoje mais do que nunca, voc\u00eas enfrentam desafios nos quais a sa\u00fade de nossa casa comum est\u00e1 em jogo. Trata-se verdadeiramente uma convers\u00e3o ecol\u00f3gica que reconhece a eminente dignidade de cada pessoa, seu pr\u00f3prio valor, criatividade e capacidade de buscar e promover o bem comum\u201d<\/p>\n<p>Reiterando mais uma vez: &#8220;O que estamos vivendo atualmente com a pandemia nos ensina em termos concretos que estamos todos no mesmo barco e que s\u00f3 podemos superar as dificuldades se concordarmos em trabalhar juntos\u201d.<\/p>\n<p><strong>Compreender e conhecer os migrantes<\/strong><br \/>\nE pediu para que reflitam sobre um aspecto particular da nossa vida comum: \u201ca presen\u00e7a de migrantes e de seu acolhimento na Europa de hoje. De fato, sabe-se que, quando falamos de migrantes e pessoas deslocadas com muita frequ\u00eancia, citamos n\u00fameros. Mas n\u00e3o se trata de n\u00fameros, trata-se de pessoas! Se os encontrarmos, vamos conhec\u00ea-los. E conhecendo suas hist\u00f3rias seremos capazes de os compreender\u201d.<\/p>\n<p>Por fim o Papa saudou a delega\u00e7\u00e3o presente com estas palavras: \u201cCaros amigos, convido-os a permanecerem firmes em suas convic\u00e7\u00f5es e em sua f\u00e9. Nunca esque\u00e7am que Cristo est\u00e1 vivo e que ele o chama para caminhar corajosamente com ele. Com Ele, seja aquela chama que reaviva a esperan\u00e7a no cora\u00e7\u00e3o de tantos jovens desanimados, tristes e sem perspectivas. Que voc\u00eas possam gerar la\u00e7os de amizade, de partilha fraterna, para um mundo melhor. O Senhor conta com sua ousadia, sua coragem e seu entusiasmo\u201d.<\/p>\n<p>&#8220;Confio cada um de voc\u00eas e suas fam\u00edlias, assim como os membros de sua Fraternidade e todos os jovens que voc\u00eas encontram \u00e0 intercess\u00e3o da Virgem Maria e \u00e0 prote\u00e7\u00e3o de Santo In\u00e1cio. Aben\u00e7oo a todos do meu cora\u00e7\u00e3o. Por favor, n\u00e3o se esque\u00e7am de rezar por mim&#8221;.<\/p>\n<hr \/>\n<p><em>Fonte: Vatican News (texto de Jane Nogara )<\/em><\/p>\n","protected":false},"excerpt":{"rendered":"<p>Audi\u00eancia do Papa Francisco<\/p>\n","protected":false},"author":3,"featured_media":231865,"comment_status":"open","ping_status":"open","sticky":false,"template":"","format":"standard","meta":[],"categories":[1428],"tags":[55],"acf":[],"yoast_head":"<!-- This site is optimized with the Yoast SEO plugin v19.2 - https:\/\/yoast.com\/wordpress\/plugins\/seo\/ -->\n<title>Papa: \u201cPor uma Igreja pobre &#039;com e para&#039; os pobres\u201d - Not\u00edcias - Franciscanos<\/title>\n<meta name=\"robots\" content=\"index, follow, max-snippet:-1, max-image-preview:large, max-video-preview:-1\" \/>\n<link rel=\"canonical\" href=\"https:\/\/franciscanos.org.br\/noticias\/papa-por-uma-igreja-pobre-com-e-para-os-pobres.html\" \/>\n<meta property=\"og:locale\" content=\"pt_BR\" \/>\n<meta property=\"og:type\" content=\"article\" \/>\n<meta property=\"og:title\" content=\"Papa: \u201cPor uma Igreja pobre &#039;com e para&#039; os pobres\u201d - Not\u00edcias - Franciscanos\" \/>\n<meta property=\"og:description\" content=\"Audi\u00eancia do Papa Francisco\" \/>\n<meta property=\"og:url\" content=\"https:\/\/franciscanos.org.br\/noticias\/papa-por-uma-igreja-pobre-com-e-para-os-pobres.html\" \/>\n<meta property=\"og:site_name\" content=\"Not\u00edcias - Franciscanos\" \/>\n<meta property=\"article:published_time\" content=\"2021-04-30T10:47:45+00:00\" \/>\n<meta property=\"article:modified_time\" content=\"2021-04-30T10:51:57+00:00\" \/>\n<meta property=\"og:image\" content=\"https:\/\/franciscanos.org.br\/noticias\/wp-content\/uploads\/2021\/04\/papa_30d.jpg\" \/>\n\t<meta property=\"og:image:width\" content=\"800\" \/>\n\t<meta property=\"og:image:height\" content=\"550\" \/>\n\t<meta property=\"og:image:type\" content=\"image\/jpeg\" \/>\n<meta name=\"author\" content=\"moacir\" \/>\n<meta name=\"twitter:card\" content=\"summary_large_image\" \/>\n<meta name=\"twitter:label1\" content=\"Escrito por\" \/>\n\t<meta name=\"twitter:data1\" content=\"moacir\" \/>\n\t<meta name=\"twitter:label2\" content=\"Est. tempo de leitura\" \/>\n\t<meta name=\"twitter:data2\" content=\"3 minutos\" \/>\n<script type=\"application\/ld+json\" class=\"yoast-schema-graph\">{\"@context\":\"https:\/\/schema.org\",\"@graph\":[{\"@type\":\"WebSite\",\"@id\":\"https:\/\/franciscanos.org.br\/noticias\/#website\",\"url\":\"https:\/\/franciscanos.org.br\/noticias\/\",\"name\":\"Not\u00edcias - Franciscanos\",\"description\":\"Prov\u00edncia Franciscana da Imaculada Concei\u00e7\u00e3o do Brasil - Ordem dos Frades Menores - OFM\",\"potentialAction\":[{\"@type\":\"SearchAction\",\"target\":{\"@type\":\"EntryPoint\",\"urlTemplate\":\"https:\/\/franciscanos.org.br\/noticias\/?s={search_term_string}\"},\"query-input\":\"required name=search_term_string\"}],\"inLanguage\":\"pt-BR\"},{\"@type\":\"ImageObject\",\"inLanguage\":\"pt-BR\",\"@id\":\"https:\/\/franciscanos.org.br\/noticias\/papa-por-uma-igreja-pobre-com-e-para-os-pobres.html#primaryimage\",\"url\":\"https:\/\/franciscanos.org.br\/noticias\/wp-content\/uploads\/2021\/04\/papa_30d.jpg\",\"contentUrl\":\"https:\/\/franciscanos.org.br\/noticias\/wp-content\/uploads\/2021\/04\/papa_30d.jpg\",\"width\":800,\"height\":550},{\"@type\":\"WebPage\",\"@id\":\"https:\/\/franciscanos.org.br\/noticias\/papa-por-uma-igreja-pobre-com-e-para-os-pobres.html#webpage\",\"url\":\"https:\/\/franciscanos.org.br\/noticias\/papa-por-uma-igreja-pobre-com-e-para-os-pobres.html\",\"name\":\"Papa: \u201cPor uma Igreja pobre 'com e para' os pobres\u201d - Not\u00edcias - Franciscanos\",\"isPartOf\":{\"@id\":\"https:\/\/franciscanos.org.br\/noticias\/#website\"},\"primaryImageOfPage\":{\"@id\":\"https:\/\/franciscanos.org.br\/noticias\/papa-por-uma-igreja-pobre-com-e-para-os-pobres.html#primaryimage\"},\"datePublished\":\"2021-04-30T10:47:45+00:00\",\"dateModified\":\"2021-04-30T10:51:57+00:00\",\"author\":{\"@id\":\"https:\/\/franciscanos.org.br\/noticias\/#\/schema\/person\/b5c8cba458c330ccff548b056e95a5d4\"},\"breadcrumb\":{\"@id\":\"https:\/\/franciscanos.org.br\/noticias\/papa-por-uma-igreja-pobre-com-e-para-os-pobres.html#breadcrumb\"},\"inLanguage\":\"pt-BR\",\"potentialAction\":[{\"@type\":\"ReadAction\",\"target\":[\"https:\/\/franciscanos.org.br\/noticias\/papa-por-uma-igreja-pobre-com-e-para-os-pobres.html\"]}]},{\"@type\":\"BreadcrumbList\",\"@id\":\"https:\/\/franciscanos.org.br\/noticias\/papa-por-uma-igreja-pobre-com-e-para-os-pobres.html#breadcrumb\",\"itemListElement\":[{\"@type\":\"ListItem\",\"position\":1,\"name\":\"Home\",\"item\":\"https:\/\/franciscanos.org.br\/noticias\"},{\"@type\":\"ListItem\",\"position\":2,\"name\":\"Papa: \u201cPor uma Igreja pobre &#8216;com e para&#8217; os pobres\u201d\"}]},{\"@type\":\"Person\",\"@id\":\"https:\/\/franciscanos.org.br\/noticias\/#\/schema\/person\/b5c8cba458c330ccff548b056e95a5d4\",\"name\":\"moacir\",\"image\":{\"@type\":\"ImageObject\",\"inLanguage\":\"pt-BR\",\"@id\":\"https:\/\/franciscanos.org.br\/noticias\/#\/schema\/person\/image\/\",\"url\":\"https:\/\/secure.gravatar.com\/avatar\/d08aa2ce4c8dd416d4479aa8536fcf64?s=96&d=mm&r=g\",\"contentUrl\":\"https:\/\/secure.gravatar.com\/avatar\/d08aa2ce4c8dd416d4479aa8536fcf64?s=96&d=mm&r=g\",\"caption\":\"moacir\"},\"url\":\"https:\/\/franciscanos.org.br\/noticias\/author\/moacir\"}]}<\/script>\n<!-- \/ Yoast SEO plugin. -->","yoast_head_json":{"title":"Papa: \u201cPor uma Igreja pobre 'com e para' os pobres\u201d - Not\u00edcias - Franciscanos","robots":{"index":"index","follow":"follow","max-snippet":"max-snippet:-1","max-image-preview":"max-image-preview:large","max-video-preview":"max-video-preview:-1"},"canonical":"https:\/\/franciscanos.org.br\/noticias\/papa-por-uma-igreja-pobre-com-e-para-os-pobres.html","og_locale":"pt_BR","og_type":"article","og_title":"Papa: \u201cPor uma Igreja pobre 'com e para' os pobres\u201d - Not\u00edcias - Franciscanos","og_description":"Audi\u00eancia do Papa Francisco","og_url":"https:\/\/franciscanos.org.br\/noticias\/papa-por-uma-igreja-pobre-com-e-para-os-pobres.html","og_site_name":"Not\u00edcias - Franciscanos","article_published_time":"2021-04-30T10:47:45+00:00","article_modified_time":"2021-04-30T10:51:57+00:00","og_image":[{"width":800,"height":550,"url":"https:\/\/franciscanos.org.br\/noticias\/wp-content\/uploads\/2021\/04\/papa_30d.jpg","type":"image\/jpeg"}],"author":"moacir","twitter_card":"summary_large_image","twitter_misc":{"Escrito por":"moacir","Est. tempo de leitura":"3 minutos"},"schema":{"@context":"https:\/\/schema.org","@graph":[{"@type":"WebSite","@id":"https:\/\/franciscanos.org.br\/noticias\/#website","url":"https:\/\/franciscanos.org.br\/noticias\/","name":"Not\u00edcias - Franciscanos","description":"Prov\u00edncia Franciscana da Imaculada Concei\u00e7\u00e3o do Brasil - Ordem dos Frades Menores - OFM","potentialAction":[{"@type":"SearchAction","target":{"@type":"EntryPoint","urlTemplate":"https:\/\/franciscanos.org.br\/noticias\/?s={search_term_string}"},"query-input":"required name=search_term_string"}],"inLanguage":"pt-BR"},{"@type":"ImageObject","inLanguage":"pt-BR","@id":"https:\/\/franciscanos.org.br\/noticias\/papa-por-uma-igreja-pobre-com-e-para-os-pobres.html#primaryimage","url":"https:\/\/franciscanos.org.br\/noticias\/wp-content\/uploads\/2021\/04\/papa_30d.jpg","contentUrl":"https:\/\/franciscanos.org.br\/noticias\/wp-content\/uploads\/2021\/04\/papa_30d.jpg","width":800,"height":550},{"@type":"WebPage","@id":"https:\/\/franciscanos.org.br\/noticias\/papa-por-uma-igreja-pobre-com-e-para-os-pobres.html#webpage","url":"https:\/\/franciscanos.org.br\/noticias\/papa-por-uma-igreja-pobre-com-e-para-os-pobres.html","name":"Papa: \u201cPor uma Igreja pobre 'com e para' os pobres\u201d - Not\u00edcias - Franciscanos","isPartOf":{"@id":"https:\/\/franciscanos.org.br\/noticias\/#website"},"primaryImageOfPage":{"@id":"https:\/\/franciscanos.org.br\/noticias\/papa-por-uma-igreja-pobre-com-e-para-os-pobres.html#primaryimage"},"datePublished":"2021-04-30T10:47:45+00:00","dateModified":"2021-04-30T10:51:57+00:00","author":{"@id":"https:\/\/franciscanos.org.br\/noticias\/#\/schema\/person\/b5c8cba458c330ccff548b056e95a5d4"},"breadcrumb":{"@id":"https:\/\/franciscanos.org.br\/noticias\/papa-por-uma-igreja-pobre-com-e-para-os-pobres.html#breadcrumb"},"inLanguage":"pt-BR","potentialAction":[{"@type":"ReadAction","target":["https:\/\/franciscanos.org.br\/noticias\/papa-por-uma-igreja-pobre-com-e-para-os-pobres.html"]}]},{"@type":"BreadcrumbList","@id":"https:\/\/franciscanos.org.br\/noticias\/papa-por-uma-igreja-pobre-com-e-para-os-pobres.html#breadcrumb","itemListElement":[{"@type":"ListItem","position":1,"name":"Home","item":"https:\/\/franciscanos.org.br\/noticias"},{"@type":"ListItem","position":2,"name":"Papa: \u201cPor uma Igreja pobre &#8216;com e para&#8217; os pobres\u201d"}]},{"@type":"Person","@id":"https:\/\/franciscanos.org.br\/noticias\/#\/schema\/person\/b5c8cba458c330ccff548b056e95a5d4","name":"moacir","image":{"@type":"ImageObject","inLanguage":"pt-BR","@id":"https:\/\/franciscanos.org.br\/noticias\/#\/schema\/person\/image\/","url":"https:\/\/secure.gravatar.com\/avatar\/d08aa2ce4c8dd416d4479aa8536fcf64?s=96&d=mm&r=g","contentUrl":"https:\/\/secure.gravatar.com\/avatar\/d08aa2ce4c8dd416d4479aa8536fcf64?s=96&d=mm&r=g","caption":"moacir"},"url":"https:\/\/franciscanos.org.br\/noticias\/author\/moacir"}]}},"_links":{"self":[{"href":"https:\/\/franciscanos.org.br\/noticias\/wp-json\/wp\/v2\/posts\/231863"}],"collection":[{"href":"https:\/\/franciscanos.org.br\/noticias\/wp-json\/wp\/v2\/posts"}],"about":[{"href":"https:\/\/franciscanos.org.br\/noticias\/wp-json\/wp\/v2\/types\/post"}],"author":[{"embeddable":true,"href":"https:\/\/franciscanos.org.br\/noticias\/wp-json\/wp\/v2\/users\/3"}],"replies":[{"embeddable":true,"href":"https:\/\/franciscanos.org.br\/noticias\/wp-json\/wp\/v2\/comments?post=231863"}],"version-history":[{"count":3,"href":"https:\/\/franciscanos.org.br\/noticias\/wp-json\/wp\/v2\/posts\/231863\/revisions"}],"predecessor-version":[{"id":231868,"href":"https:\/\/franciscanos.org.br\/noticias\/wp-json\/wp\/v2\/posts\/231863\/revisions\/231868"}],"wp:featuredmedia":[{"embeddable":true,"href":"https:\/\/franciscanos.org.br\/noticias\/wp-json\/wp\/v2\/media\/231865"}],"wp:attachment":[{"href":"https:\/\/franciscanos.org.br\/noticias\/wp-json\/wp\/v2\/media?parent=231863"}],"wp:term":[{"taxonomy":"category","embeddable":true,"href":"https:\/\/franciscanos.org.br\/noticias\/wp-json\/wp\/v2\/categories?post=231863"},{"taxonomy":"post_tag","embeddable":true,"href":"https:\/\/franciscanos.org.br\/noticias\/wp-json\/wp\/v2\/tags?post=231863"}],"curies":[{"name":"wp","href":"https:\/\/api.w.org\/{rel}","templated":true}]}}