{"id":231854,"date":"2021-04-28T15:55:28","date_gmt":"2021-04-28T18:55:28","guid":{"rendered":"https:\/\/franciscanos.org.br\/noticias\/?p=231854"},"modified":"2021-04-28T15:57:22","modified_gmt":"2021-04-28T18:57:22","slug":"comissao-para-as-comemoracoes-do-centenario-de-dom-paulo-evaristo-e-instituida","status":"publish","type":"post","link":"https:\/\/franciscanos.org.br\/noticias\/comissao-para-as-comemoracoes-do-centenario-de-dom-paulo-evaristo-e-instituida.html","title":{"rendered":"D. Odilo institui Comiss\u00e3o para as comemora\u00e7\u00f5es do centen\u00e1rio de D. Paulo Evaristo"},"content":{"rendered":"<div class=\"td-header-template-wrap\">\n<div class=\"td-header-desktop-wrap td-header-active\">\n<div id=\"tdi_20\" class=\"tdc-zone\">\n<div class=\"tdc_zone tdi_21 wpb_row td-pb-row tdc-element-style\">\n<div id=\"tdi_22\" class=\"tdc-row stretch_row_1200 td-stretch-content\">\n<div class=\"vc_row tdi_23 wpb_row td-pb-row tdc-element-style tdc-row-content-vert-center\">\n<div class=\"vc_column tdi_29 wpb_column vc_column_container tdc-column td-pb-span6\">\n<div class=\"wpb_wrapper\"><\/div>\n<\/div>\n<\/div>\n<\/div>\n<\/div>\n<\/div>\n<\/div>\n<div class=\"td-header-desktop-sticky-wrap td-header-stop-transition\">\n<div id=\"tdi_41\" class=\"tdc-zone\">\n<div class=\"tdc_zone tdi_42 wpb_row td-pb-row\" data-sticky-offset=\"0\">\n<div id=\"tdi_43\" class=\"tdc-row\">\n<div class=\"vc_row tdi_44 wpb_row td-pb-row\">\n<div class=\"vc_column tdi_46 wpb_column vc_column_container tdc-column td-pb-span12\"><\/div>\n<\/div>\n<\/div>\n<\/div>\n<\/div>\n<\/div>\n<\/div>\n<div id=\"tdb-autoload-article\" data-autoload=\"off\" data-autoload-org-post-id=\"19524\" data-autoload-type=\"same_cat_prev\" data-autoload-count=\"5\">\n<div class=\"td-main-content-wrap td-container-wrap\">\n<div class=\"tdc-content-wrap\">\n<article id=\"template-id-518\" class=\"post-518 tdb_templates type-tdb_templates status-publish post\">\n<div id=\"tdi_47\" class=\"tdc-zone\">\n<div class=\"tdc_zone tdi_48 wpb_row td-pb-row\">\n<div id=\"tdi_49\" class=\"tdc-row stretch_row_1200 td-stretch-content\">\n<div class=\"vc_row tdi_50 wpb_row td-pb-row\">\n<div class=\"vc_column tdi_52 wpb_column vc_column_container tdc-column td-pb-span8\">\n<div class=\"wpb_wrapper\">\n<div class=\"vc_row_inner tdi_54 vc_row vc_inner wpb_row td-pb-row\">\n<div class=\"vc_column_inner tdi_56 wpb_column vc_column_container tdc-inner-column td-pb-span12\">\n<div class=\"vc_column-inner\">\n<div class=\"wpb_wrapper\">\n<div class=\"td_block_wrap tdb_single_date tdi_59 td-pb-border-top td_block_template_8 tdb-post-meta\" data-td-block-uid=\"tdi_59\">\n<div class=\"tdb-block-inner td-fix-index\">\u00a0<div id=\"attachment_6519\" style=\"width: 457px\" class=\"wp-caption alignright\"><img aria-describedby=\"caption-attachment-6519\" loading=\"lazy\" class=\"lazyloaded wp-image-6519\" title=\"Comiss\u00e3o para as comemora\u00e7\u00f5es do centen\u00e1rio de Dom Paulo Evaristo \u00e9 institu\u00edda [1]\" src=\"https:\/\/cdn.statically.io\/img\/osaopaulo.org.br\/f=auto%2Cq=75\/wp-content\/uploads\/2020\/09\/16-dom-paulo-evaristo02_foto-Luciney-Martins-1024x733.jpg\" sizes=\"(max-width: 447px) 100vw, 447px\" srcset=\"https:\/\/cdn.statically.io\/img\/osaopaulo.org.br\/f=auto%2Cq=75\/wp-content\/uploads\/2020\/09\/16-dom-paulo-evaristo02_foto-Luciney-Martins-1024x733.jpg 1024w, https:\/\/cdn.statically.io\/img\/osaopaulo.org.br\/f=auto%2Cq=75\/wp-content\/uploads\/2020\/09\/16-dom-paulo-evaristo02_foto-Luciney-Martins-300x215.jpg 300w, https:\/\/cdn.statically.io\/img\/osaopaulo.org.br\/f=auto%2Cq=75\/wp-content\/uploads\/2020\/09\/16-dom-paulo-evaristo02_foto-Luciney-Martins-768x550.jpg 768w, https:\/\/cdn.statically.io\/img\/osaopaulo.org.br\/f=auto%2Cq=75\/wp-content\/uploads\/2020\/09\/16-dom-paulo-evaristo02_foto-Luciney-Martins-150x107.jpg 150w, https:\/\/cdn.statically.io\/img\/osaopaulo.org.br\/f=auto%2Cq=75\/wp-content\/uploads\/2020\/09\/16-dom-paulo-evaristo02_foto-Luciney-Martins-696x499.jpg 696w, https:\/\/cdn.statically.io\/img\/osaopaulo.org.br\/f=auto%2Cq=75\/wp-content\/uploads\/2020\/09\/16-dom-paulo-evaristo02_foto-Luciney-Martins-1068x765.jpg 1068w, https:\/\/cdn.statically.io\/img\/osaopaulo.org.br\/f=auto%2Cq=75\/wp-content\/uploads\/2020\/09\/16-dom-paulo-evaristo02_foto-Luciney-Martins.jpg 1417w\" alt=\"Comiss\u00e3o para as comemora\u00e7\u00f5es do centen\u00e1rio de Dom Paulo Evaristo \u00e9 institu\u00edda\" width=\"447\" height=\"320\" data-ll-status=\"loaded\" \/><p id=\"caption-attachment-6519\" class=\"wp-caption-text\"><em>Luciney Martins\/O S\u00c3O PAULO<\/em><\/p><\/div><\/div>\n<\/div>\n<\/div>\n<\/div>\n<\/div>\n<\/div>\n<div class=\"vc_row_inner tdi_61 vc_row vc_inner wpb_row td-pb-row\">\n<div class=\"vc_column_inner tdi_63 wpb_column vc_column_container tdc-inner-column td-pb-span12\">\n<div class=\"vc_column-inner\">\n<div class=\"wpb_wrapper\">\n<div class=\"td_block_wrap tdb_single_content tdi_64 td-pb-border-top td_block_template_8 td-post-content tagdiv-type\" data-td-block-uid=\"tdi_64\">\n<div class=\"tdb-block-inner td-fix-index\">\n<div class=\"wp-block-image\"><\/div>\n<p>Em decreto assinado, o Cardeal Odilo Pedro Scherer, Arcebispo Metropolitano de S\u00e3o Paulo, instituiu a \u201cComiss\u00e3o do Centen\u00e1rio do nascimento do Cardeal Paulo Evaristo Arns, OFM\u201d, que ir\u00e1 \u201cpreparar e coordenar a comemora\u00e7\u00e3o de t\u00e3o significativa efem\u00e9ride pela Arquidiocese de S\u00e3o Paulo, longamente servida por Dom Paulo\u201d, consta em um dos trechos do decreto.<\/p>\n<p>Caber\u00e1 \u00e0 comiss\u00e3o elaborar um programa de iniciativas colaborativas para comemorar o centen\u00e1rio de Dom Paulo, a ser aberto em 14 de setembro deste ano, quando ele completaria 100 anos de vida. As atividades poder\u00e3o ser programadas ao longo de todo o ano centen\u00e1rio. O plano de comemora\u00e7\u00f5es dever\u00e1 ser apresentado \u00e0 C\u00faria Metropolitana at\u00e9 15 de junho de 2021.<\/p>\n<p>Pela Prov\u00edncia da Imaculada Concei\u00e7\u00e3o, o confrade de Dom Paulo e ex-Ministro Provincial, Frei Fid\u00eancio Vanb\u00f6emmel, far\u00e1 parte da Comiss\u00e3o, com Dom Eduardo Vieira dos Santos, Pe. Tarc\u00edsio Mesquita, Pe. Luiz Eduardo Baronto, Pe. Jos\u00e9 Rodolpho Perazzolo, Pe. Antonio Manzatto, Pe. Antonio Aparecido Pereira, Pe. Jos\u00e9 Bizon e Pe. Michelino Roberto.<\/p>\n<p><strong>BIOGRAFIA<\/strong><\/p>\n<p>Dom Paulo Evaristo Arns nasceu em Forquilhinha, Crici\u00fama (SC), em 14 de setembro de 1921. Ingressou na ordem franciscana (OFM) em 1939. Ordenou- -se presb\u00edtero em 1945, em Petr\u00f3polis (RJ). Frequentou a Sorbonne de Paris, onde se laureou em Patr\u00edstica e L\u00ednguas Cl\u00e1ssicas. Foi professor e mestre dos cl\u00e9rigos e jornalista profissional.<\/p>\n<p>Em 1966, foi ordenado Bispo Auxiliar da Arquidiocese por S\u00e3o Paulo VI, que em 1970 o nomeou como 5o Arcebispo Metropolitano de S\u00e3o Paulo, fun\u00e7\u00e3o que come\u00e7ou a exercer em 1o de novembro de 1970 e permaneceu at\u00e9 1998, quando renunciou por motivo de idade. Em 1973, tornou-se cardeal por interm\u00e9dio do Papa.<\/p>\n<p>Conforme informa\u00e7\u00f5es dispon\u00edveis no portal da Arquidiocese, assim que assume a Igreja em S\u00e3o Paulo, o Cardeal Arns \u201cincrementa fortemente a participa\u00e7\u00e3o dos leigos nos passos do Conc\u00edlio Vaticano II. Realiza a Opera\u00e7\u00e3o Periferia, vendendo o Pal\u00e1cio Episcopal, e assume destemida defesa dos direitos humanos, constantemente violados pela ditadura militar. Torna-se voz dos sem voz e arauto da justi\u00e7a social em nossa p\u00e1tria. \u00c9 de sua responsabilidade a edi\u00e7\u00e3o do livro e relat\u00f3rio \u2018Brasil, nunca mais\u2019, marco na luta contra a tortura\u201d. Em seu episcopado como Arcebispo, criou 43 par\u00f3quias, incentivou e apoiou o surgimento de mais de 2 mil comunidades de base nas periferias da metr\u00f3pole paulistana, particularmente nas atuais dioceses sufrag\u00e2neas de S\u00e3o Miguel, Osasco, Campo Limpo e Santo Amaro, al\u00e9m das Regi\u00f5es Episcopais Bel\u00e9m e Brasil\u00e2ndia.<\/p>\n<p class=\"has-text-align-center\"><strong>LEIA A \u00cdNTEGRA DO DECRETO<\/strong><\/p>\n<div class=\"wp-block-image\">\n<figure class=\"aligncenter size-large\"><img loading=\"lazy\" class=\"wp-image-19533 lazyloaded\" title=\"Comiss\u00e3o para as comemora\u00e7\u00f5es do centen\u00e1rio de Dom Paulo Evaristo \u00e9 institu\u00edda [2]\" src=\"https:\/\/cdn.statically.io\/img\/osaopaulo.org.br\/f=auto%2Cq=75\/wp-content\/uploads\/2021\/04\/image-157.png\" sizes=\"(max-width: 595px) 100vw, 595px\" srcset=\"https:\/\/cdn.statically.io\/img\/osaopaulo.org.br\/f=auto%2Cq=75\/wp-content\/uploads\/2021\/04\/image-157.png 595w, https:\/\/cdn.statically.io\/img\/osaopaulo.org.br\/f=auto%2Cq=75\/wp-content\/uploads\/2021\/04\/image-157-212x300.png 212w, https:\/\/cdn.statically.io\/img\/osaopaulo.org.br\/f=auto%2Cq=75\/wp-content\/uploads\/2021\/04\/image-157-150x212.png 150w, https:\/\/cdn.statically.io\/img\/osaopaulo.org.br\/f=auto%2Cq=75\/wp-content\/uploads\/2021\/04\/image-157-300x424.png 300w\" alt=\"Comiss\u00e3o para as comemora\u00e7\u00f5es do centen\u00e1rio de Dom Paulo Evaristo \u00e9 institu\u00edda\" width=\"595\" height=\"841\" data-ll-status=\"loaded\" \/><\/figure>\n<hr \/>\n<p><em>Fonte: O S\u00e3o Paulo\/Reda\u00e7\u00e3o<\/em><\/p>\n<\/div>\n<\/div>\n<\/div>\n<\/div>\n<\/div>\n<\/div>\n<\/div>\n<\/div>\n<\/div>\n<\/div>\n<\/div>\n<\/div>\n<\/div>\n<\/article>\n<\/div>\n<\/div>\n<\/div>\n","protected":false},"excerpt":{"rendered":"<p>Dom Paulo Evaristo Arns<\/p>\n","protected":false},"author":3,"featured_media":231855,"comment_status":"open","ping_status":"open","sticky":false,"template":"","format":"standard","meta":[],"categories":[1],"tags":[693],"acf":[],"yoast_head":"<!-- This site is optimized with the Yoast SEO plugin v19.2 - https:\/\/yoast.com\/wordpress\/plugins\/seo\/ -->\n<title>D. Odilo institui Comiss\u00e3o para as comemora\u00e7\u00f5es do centen\u00e1rio de D. Paulo Evaristo - Not\u00edcias - Franciscanos<\/title>\n<meta name=\"robots\" content=\"index, follow, max-snippet:-1, max-image-preview:large, max-video-preview:-1\" \/>\n<link rel=\"canonical\" href=\"https:\/\/franciscanos.org.br\/noticias\/comissao-para-as-comemoracoes-do-centenario-de-dom-paulo-evaristo-e-instituida.html\" \/>\n<meta property=\"og:locale\" content=\"pt_BR\" \/>\n<meta property=\"og:type\" content=\"article\" \/>\n<meta property=\"og:title\" content=\"D. Odilo institui Comiss\u00e3o para as comemora\u00e7\u00f5es do centen\u00e1rio de D. Paulo Evaristo - Not\u00edcias - Franciscanos\" \/>\n<meta property=\"og:description\" content=\"Dom Paulo Evaristo Arns\" \/>\n<meta property=\"og:url\" content=\"https:\/\/franciscanos.org.br\/noticias\/comissao-para-as-comemoracoes-do-centenario-de-dom-paulo-evaristo-e-instituida.html\" \/>\n<meta property=\"og:site_name\" content=\"Not\u00edcias - Franciscanos\" \/>\n<meta property=\"article:published_time\" content=\"2021-04-28T18:55:28+00:00\" \/>\n<meta property=\"article:modified_time\" content=\"2021-04-28T18:57:22+00:00\" \/>\n<meta property=\"og:image\" content=\"https:\/\/franciscanos.org.br\/noticias\/wp-content\/uploads\/2021\/04\/dompaulo.jpg\" \/>\n\t<meta property=\"og:image:width\" content=\"800\" \/>\n\t<meta property=\"og:image:height\" content=\"551\" \/>\n\t<meta property=\"og:image:type\" content=\"image\/jpeg\" \/>\n<meta name=\"author\" content=\"moacir\" \/>\n<meta name=\"twitter:card\" content=\"summary_large_image\" \/>\n<meta name=\"twitter:label1\" content=\"Escrito por\" \/>\n\t<meta name=\"twitter:data1\" content=\"moacir\" \/>\n\t<meta name=\"twitter:label2\" content=\"Est. tempo de leitura\" \/>\n\t<meta name=\"twitter:data2\" content=\"2 minutos\" \/>\n<script type=\"application\/ld+json\" class=\"yoast-schema-graph\">{\"@context\":\"https:\/\/schema.org\",\"@graph\":[{\"@type\":\"WebSite\",\"@id\":\"https:\/\/franciscanos.org.br\/noticias\/#website\",\"url\":\"https:\/\/franciscanos.org.br\/noticias\/\",\"name\":\"Not\u00edcias - Franciscanos\",\"description\":\"Prov\u00edncia Franciscana da Imaculada Concei\u00e7\u00e3o do Brasil - Ordem dos Frades Menores - OFM\",\"potentialAction\":[{\"@type\":\"SearchAction\",\"target\":{\"@type\":\"EntryPoint\",\"urlTemplate\":\"https:\/\/franciscanos.org.br\/noticias\/?s={search_term_string}\"},\"query-input\":\"required name=search_term_string\"}],\"inLanguage\":\"pt-BR\"},{\"@type\":\"ImageObject\",\"inLanguage\":\"pt-BR\",\"@id\":\"https:\/\/franciscanos.org.br\/noticias\/comissao-para-as-comemoracoes-do-centenario-de-dom-paulo-evaristo-e-instituida.html#primaryimage\",\"url\":\"https:\/\/franciscanos.org.br\/noticias\/wp-content\/uploads\/2021\/04\/dompaulo.jpg\",\"contentUrl\":\"https:\/\/franciscanos.org.br\/noticias\/wp-content\/uploads\/2021\/04\/dompaulo.jpg\",\"width\":800,\"height\":551},{\"@type\":\"WebPage\",\"@id\":\"https:\/\/franciscanos.org.br\/noticias\/comissao-para-as-comemoracoes-do-centenario-de-dom-paulo-evaristo-e-instituida.html#webpage\",\"url\":\"https:\/\/franciscanos.org.br\/noticias\/comissao-para-as-comemoracoes-do-centenario-de-dom-paulo-evaristo-e-instituida.html\",\"name\":\"D. Odilo institui Comiss\u00e3o para as comemora\u00e7\u00f5es do centen\u00e1rio de D. Paulo Evaristo - Not\u00edcias - Franciscanos\",\"isPartOf\":{\"@id\":\"https:\/\/franciscanos.org.br\/noticias\/#website\"},\"primaryImageOfPage\":{\"@id\":\"https:\/\/franciscanos.org.br\/noticias\/comissao-para-as-comemoracoes-do-centenario-de-dom-paulo-evaristo-e-instituida.html#primaryimage\"},\"datePublished\":\"2021-04-28T18:55:28+00:00\",\"dateModified\":\"2021-04-28T18:57:22+00:00\",\"author\":{\"@id\":\"https:\/\/franciscanos.org.br\/noticias\/#\/schema\/person\/b5c8cba458c330ccff548b056e95a5d4\"},\"breadcrumb\":{\"@id\":\"https:\/\/franciscanos.org.br\/noticias\/comissao-para-as-comemoracoes-do-centenario-de-dom-paulo-evaristo-e-instituida.html#breadcrumb\"},\"inLanguage\":\"pt-BR\",\"potentialAction\":[{\"@type\":\"ReadAction\",\"target\":[\"https:\/\/franciscanos.org.br\/noticias\/comissao-para-as-comemoracoes-do-centenario-de-dom-paulo-evaristo-e-instituida.html\"]}]},{\"@type\":\"BreadcrumbList\",\"@id\":\"https:\/\/franciscanos.org.br\/noticias\/comissao-para-as-comemoracoes-do-centenario-de-dom-paulo-evaristo-e-instituida.html#breadcrumb\",\"itemListElement\":[{\"@type\":\"ListItem\",\"position\":1,\"name\":\"Home\",\"item\":\"https:\/\/franciscanos.org.br\/noticias\"},{\"@type\":\"ListItem\",\"position\":2,\"name\":\"D. Odilo institui Comiss\u00e3o para as comemora\u00e7\u00f5es do centen\u00e1rio de D. Paulo Evaristo\"}]},{\"@type\":\"Person\",\"@id\":\"https:\/\/franciscanos.org.br\/noticias\/#\/schema\/person\/b5c8cba458c330ccff548b056e95a5d4\",\"name\":\"moacir\",\"image\":{\"@type\":\"ImageObject\",\"inLanguage\":\"pt-BR\",\"@id\":\"https:\/\/franciscanos.org.br\/noticias\/#\/schema\/person\/image\/\",\"url\":\"https:\/\/secure.gravatar.com\/avatar\/d08aa2ce4c8dd416d4479aa8536fcf64?s=96&d=mm&r=g\",\"contentUrl\":\"https:\/\/secure.gravatar.com\/avatar\/d08aa2ce4c8dd416d4479aa8536fcf64?s=96&d=mm&r=g\",\"caption\":\"moacir\"},\"url\":\"https:\/\/franciscanos.org.br\/noticias\/author\/moacir\"}]}<\/script>\n<!-- \/ Yoast SEO plugin. -->","yoast_head_json":{"title":"D. Odilo institui Comiss\u00e3o para as comemora\u00e7\u00f5es do centen\u00e1rio de D. Paulo Evaristo - Not\u00edcias - Franciscanos","robots":{"index":"index","follow":"follow","max-snippet":"max-snippet:-1","max-image-preview":"max-image-preview:large","max-video-preview":"max-video-preview:-1"},"canonical":"https:\/\/franciscanos.org.br\/noticias\/comissao-para-as-comemoracoes-do-centenario-de-dom-paulo-evaristo-e-instituida.html","og_locale":"pt_BR","og_type":"article","og_title":"D. Odilo institui Comiss\u00e3o para as comemora\u00e7\u00f5es do centen\u00e1rio de D. Paulo Evaristo - Not\u00edcias - Franciscanos","og_description":"Dom Paulo Evaristo Arns","og_url":"https:\/\/franciscanos.org.br\/noticias\/comissao-para-as-comemoracoes-do-centenario-de-dom-paulo-evaristo-e-instituida.html","og_site_name":"Not\u00edcias - Franciscanos","article_published_time":"2021-04-28T18:55:28+00:00","article_modified_time":"2021-04-28T18:57:22+00:00","og_image":[{"width":800,"height":551,"url":"https:\/\/franciscanos.org.br\/noticias\/wp-content\/uploads\/2021\/04\/dompaulo.jpg","type":"image\/jpeg"}],"author":"moacir","twitter_card":"summary_large_image","twitter_misc":{"Escrito por":"moacir","Est. tempo de leitura":"2 minutos"},"schema":{"@context":"https:\/\/schema.org","@graph":[{"@type":"WebSite","@id":"https:\/\/franciscanos.org.br\/noticias\/#website","url":"https:\/\/franciscanos.org.br\/noticias\/","name":"Not\u00edcias - Franciscanos","description":"Prov\u00edncia Franciscana da Imaculada Concei\u00e7\u00e3o do Brasil - Ordem dos Frades Menores - OFM","potentialAction":[{"@type":"SearchAction","target":{"@type":"EntryPoint","urlTemplate":"https:\/\/franciscanos.org.br\/noticias\/?s={search_term_string}"},"query-input":"required name=search_term_string"}],"inLanguage":"pt-BR"},{"@type":"ImageObject","inLanguage":"pt-BR","@id":"https:\/\/franciscanos.org.br\/noticias\/comissao-para-as-comemoracoes-do-centenario-de-dom-paulo-evaristo-e-instituida.html#primaryimage","url":"https:\/\/franciscanos.org.br\/noticias\/wp-content\/uploads\/2021\/04\/dompaulo.jpg","contentUrl":"https:\/\/franciscanos.org.br\/noticias\/wp-content\/uploads\/2021\/04\/dompaulo.jpg","width":800,"height":551},{"@type":"WebPage","@id":"https:\/\/franciscanos.org.br\/noticias\/comissao-para-as-comemoracoes-do-centenario-de-dom-paulo-evaristo-e-instituida.html#webpage","url":"https:\/\/franciscanos.org.br\/noticias\/comissao-para-as-comemoracoes-do-centenario-de-dom-paulo-evaristo-e-instituida.html","name":"D. Odilo institui Comiss\u00e3o para as comemora\u00e7\u00f5es do centen\u00e1rio de D. Paulo Evaristo - Not\u00edcias - Franciscanos","isPartOf":{"@id":"https:\/\/franciscanos.org.br\/noticias\/#website"},"primaryImageOfPage":{"@id":"https:\/\/franciscanos.org.br\/noticias\/comissao-para-as-comemoracoes-do-centenario-de-dom-paulo-evaristo-e-instituida.html#primaryimage"},"datePublished":"2021-04-28T18:55:28+00:00","dateModified":"2021-04-28T18:57:22+00:00","author":{"@id":"https:\/\/franciscanos.org.br\/noticias\/#\/schema\/person\/b5c8cba458c330ccff548b056e95a5d4"},"breadcrumb":{"@id":"https:\/\/franciscanos.org.br\/noticias\/comissao-para-as-comemoracoes-do-centenario-de-dom-paulo-evaristo-e-instituida.html#breadcrumb"},"inLanguage":"pt-BR","potentialAction":[{"@type":"ReadAction","target":["https:\/\/franciscanos.org.br\/noticias\/comissao-para-as-comemoracoes-do-centenario-de-dom-paulo-evaristo-e-instituida.html"]}]},{"@type":"BreadcrumbList","@id":"https:\/\/franciscanos.org.br\/noticias\/comissao-para-as-comemoracoes-do-centenario-de-dom-paulo-evaristo-e-instituida.html#breadcrumb","itemListElement":[{"@type":"ListItem","position":1,"name":"Home","item":"https:\/\/franciscanos.org.br\/noticias"},{"@type":"ListItem","position":2,"name":"D. Odilo institui Comiss\u00e3o para as comemora\u00e7\u00f5es do centen\u00e1rio de D. Paulo Evaristo"}]},{"@type":"Person","@id":"https:\/\/franciscanos.org.br\/noticias\/#\/schema\/person\/b5c8cba458c330ccff548b056e95a5d4","name":"moacir","image":{"@type":"ImageObject","inLanguage":"pt-BR","@id":"https:\/\/franciscanos.org.br\/noticias\/#\/schema\/person\/image\/","url":"https:\/\/secure.gravatar.com\/avatar\/d08aa2ce4c8dd416d4479aa8536fcf64?s=96&d=mm&r=g","contentUrl":"https:\/\/secure.gravatar.com\/avatar\/d08aa2ce4c8dd416d4479aa8536fcf64?s=96&d=mm&r=g","caption":"moacir"},"url":"https:\/\/franciscanos.org.br\/noticias\/author\/moacir"}]}},"_links":{"self":[{"href":"https:\/\/franciscanos.org.br\/noticias\/wp-json\/wp\/v2\/posts\/231854"}],"collection":[{"href":"https:\/\/franciscanos.org.br\/noticias\/wp-json\/wp\/v2\/posts"}],"about":[{"href":"https:\/\/franciscanos.org.br\/noticias\/wp-json\/wp\/v2\/types\/post"}],"author":[{"embeddable":true,"href":"https:\/\/franciscanos.org.br\/noticias\/wp-json\/wp\/v2\/users\/3"}],"replies":[{"embeddable":true,"href":"https:\/\/franciscanos.org.br\/noticias\/wp-json\/wp\/v2\/comments?post=231854"}],"version-history":[{"count":3,"href":"https:\/\/franciscanos.org.br\/noticias\/wp-json\/wp\/v2\/posts\/231854\/revisions"}],"predecessor-version":[{"id":231858,"href":"https:\/\/franciscanos.org.br\/noticias\/wp-json\/wp\/v2\/posts\/231854\/revisions\/231858"}],"wp:featuredmedia":[{"embeddable":true,"href":"https:\/\/franciscanos.org.br\/noticias\/wp-json\/wp\/v2\/media\/231855"}],"wp:attachment":[{"href":"https:\/\/franciscanos.org.br\/noticias\/wp-json\/wp\/v2\/media?parent=231854"}],"wp:term":[{"taxonomy":"category","embeddable":true,"href":"https:\/\/franciscanos.org.br\/noticias\/wp-json\/wp\/v2\/categories?post=231854"},{"taxonomy":"post_tag","embeddable":true,"href":"https:\/\/franciscanos.org.br\/noticias\/wp-json\/wp\/v2\/tags?post=231854"}],"curies":[{"name":"wp","href":"https:\/\/api.w.org\/{rel}","templated":true}]}}