{"id":231838,"date":"2021-04-27T14:32:36","date_gmt":"2021-04-27T17:32:36","guid":{"rendered":"https:\/\/franciscanos.org.br\/noticias\/?p=231838"},"modified":"2021-04-27T14:32:36","modified_gmt":"2021-04-27T17:32:36","slug":"que-sejamos-exemplares-no-cuidado-pede-frei-cesar-aos-guardiaes-e-coordenadores-da-provincia","status":"publish","type":"post","link":"https:\/\/franciscanos.org.br\/noticias\/que-sejamos-exemplares-no-cuidado-pede-frei-cesar-aos-guardiaes-e-coordenadores-da-provincia.html","title":{"rendered":"\u201cQue sejamos exemplares no cuidado\u201d, pede Frei C\u00e9sar aos Guardi\u00e3es e Coordenadores da Prov\u00edncia"},"content":{"rendered":"<p><img loading=\"lazy\" class=\"alignnone wp-image-231839 size-full\" src=\"https:\/\/franciscanos.org.br\/noticias\/wp-content\/uploads\/2021\/04\/guardiaes_27.jpg\" alt=\"\" width=\"1280\" height=\"720\" srcset=\"https:\/\/franciscanos.org.br\/noticias\/wp-content\/uploads\/2021\/04\/guardiaes_27.jpg 1280w, https:\/\/franciscanos.org.br\/noticias\/wp-content\/uploads\/2021\/04\/guardiaes_27-450x253.jpg 450w, https:\/\/franciscanos.org.br\/noticias\/wp-content\/uploads\/2021\/04\/guardiaes_27-1024x576.jpg 1024w, https:\/\/franciscanos.org.br\/noticias\/wp-content\/uploads\/2021\/04\/guardiaes_27-768x432.jpg 768w, https:\/\/franciscanos.org.br\/noticias\/wp-content\/uploads\/2021\/04\/guardiaes_27-150x84.jpg 150w\" sizes=\"(max-width: 1280px) 100vw, 1280px\" \/><\/p>\n<p>Anualmente, a Prov\u00edncia da Imaculada Concei\u00e7\u00e3o realiza o Encontro de Guardi\u00e3es e Coordenadores das Fraternidades. O evento tem como principal miss\u00e3o promover a anima\u00e7\u00e3o da vida das fraternidades. De acordo com o Ministro Provincial, Frei C\u00e9sar K\u00fclkamp, em sua fala de abertura do encontro, nesta ter\u00e7a-feira, 27 de abril, &#8220;A fraternidade \u00e9 o local onde acontece a vida real da Ordem dos Frades Menores&#8221;. A esperan\u00e7a dos frades era fazer deste evento um momento presencial e fraternal, mas, como no ano passado, n\u00e3o foi poss\u00edvel devido \u00e0 pandemia e, por este motivo, o encontro mais uma vez ocorreu na forma virtual.<\/p>\n<p>Al\u00e9m dos guardi\u00e3es e coordenadores dos Regionais do Brasil e de Angola, participaram desta reuni\u00e3o, que vai at\u00e9 amanh\u00e3, 28 de abril, os seis Definidores, o Moderador da Forma\u00e7\u00e3o Permanente, Frei Fid\u00eancio Vamboemmel; o Vig\u00e1rio Provincial, Frei Gustavo Medella; e o Ministro Provincial, Frei C\u00e9sar. Os frades, por meio de videoconfer\u00eancia, encontraram-se das 9h30 \u00e0s 11h30 neste primeiro dia, marcado predominantemente pela forma\u00e7\u00e3o. Com a assessoria de Frei Fid\u00eancio, os participantes se detiveram sobre o documento \u201cManual para os Guardi\u00e3es&#8221;, do Secretariado Geral para a Forma\u00e7\u00e3o e os Estudos.<\/p>\n<p>No Ano dedicado a S\u00e3o Jos\u00e9, o Hino ao Padroeiro da Igreja abriu a Ora\u00e7\u00e3o inicial. A reflex\u00e3o do Papa Francisco na Missa de inaugura\u00e7\u00e3o de seu Pontificado, na Solenidade de S\u00e3o Jos\u00e9, em 2013, foi escolhida pelos frades para este momento: &#8220;Como vive Jos\u00e9 a sua voca\u00e7\u00e3o de guardi\u00e3o de Maria, de Jesus, da Igreja? Numa constante aten\u00e7\u00e3o a Deus, aberto aos seus sinais, dispon\u00edvel mais ao projeto d\u2019Ele que ao seu. Jos\u00e9 \u00e9 &#8216;guardi\u00e3o&#8217;, porque sabe ouvir a Deus, deixa-se guiar pela sua vontade e, por isso mesmo, se mostra ainda mais sens\u00edvel com as pessoas que lhe est\u00e3o confiadas, sabe ler com realismo os acontecimentos, est\u00e1 atento \u00e0quilo que o rodeia, e toma as decis\u00f5es mais sensatas. Nele, queridos amigos, vemos como se responde \u00e0 voca\u00e7\u00e3o de Deus: com disponibilidade e prontid\u00e3o; mas vemos tamb\u00e9m qual \u00e9 o centro da voca\u00e7\u00e3o crist\u00e3: Cristo. Guardemos Cristo na nossa vida, para guardar os outros, para guardar a cria\u00e7\u00e3o!&#8221;.<\/p>\n<p>O Papa lembra que a voca\u00e7\u00e3o de guardi\u00e3o n\u00e3o diz respeito apenas a n\u00f3s, crist\u00e3os, mas tem uma dimens\u00e3o antecedente, que \u00e9 simplesmente humana e diz respeito a todos: \u00e9 a de guardar a cria\u00e7\u00e3o inteira, a beleza da cria\u00e7\u00e3o, como se diz no livro de G\u00eanesis e nos mostrou S\u00e3o Francisco de Assis: \u00e9 ter respeito por toda a criatura de Deus e pelo ambiente onde vivemos.<\/p>\n<p>O Papa pede para os crist\u00e3os serem guardi\u00f5es dos dons de Deus e tamb\u00e9m se cuidar. &#8220;Lembremo-nos de que o \u00f3dio, a inveja, o orgulho sujam a vida; ent\u00e3o guardar quer dizer vigiar sobre os nossos sentimentos, o nosso cora\u00e7\u00e3o, porque \u00e9 dele que saem as boas inten\u00e7\u00f5es e as m\u00e1s: aquelas que edificam e as que destroem. N\u00e3o devemos ter medo de bondade, ou mesmo de ternura&#8221;, ensinou Francisco.<\/p>\n<p><img loading=\"lazy\" class=\"alignnone wp-image-231840 size-full\" src=\"https:\/\/franciscanos.org.br\/noticias\/wp-content\/uploads\/2021\/04\/guardiaes_27_3.jpg\" alt=\"\" width=\"1035\" height=\"767\" srcset=\"https:\/\/franciscanos.org.br\/noticias\/wp-content\/uploads\/2021\/04\/guardiaes_27_3.jpg 1035w, https:\/\/franciscanos.org.br\/noticias\/wp-content\/uploads\/2021\/04\/guardiaes_27_3-450x333.jpg 450w, https:\/\/franciscanos.org.br\/noticias\/wp-content\/uploads\/2021\/04\/guardiaes_27_3-1024x759.jpg 1024w, https:\/\/franciscanos.org.br\/noticias\/wp-content\/uploads\/2021\/04\/guardiaes_27_3-768x569.jpg 768w, https:\/\/franciscanos.org.br\/noticias\/wp-content\/uploads\/2021\/04\/guardiaes_27_3-150x111.jpg 150w\" sizes=\"(max-width: 1035px) 100vw, 1035px\" \/><\/p>\n<p><strong>FREI C\u00c9SAR DESTACA A DIMENS\u00c3O DO CUIDADO<\/strong><\/p>\n<p>Frei C\u00e9sar, referindo-se ao \u201cManual para Guardi\u00e3es\u201d, destacou quem em muitos casos, o guardi\u00e3o tem se reduzido a um administrador da economia da casa ou das individualidades dos confrades, com seus projetos e iniciativas muito pessoais. &#8220;Hoje queremos ver um pouco mais destas compet\u00eancias diversas e tentar chegar ao como envolver a fraternidade e o regional numa vis\u00e3o do todo, mais ampla em rela\u00e7\u00e3o \u00e0 fraternidade, sua anima\u00e7\u00e3o e sua miss\u00e3o evangelizadora. Mais ampla tamb\u00e9m em rela\u00e7\u00e3o \u00e0 vida e miss\u00e3o da Prov\u00edncia e da Ordem, com as respostas locais que podemos dar&#8221;, sugeriu.<\/p>\n<p>Para o Ministro Provincial, as restri\u00e7\u00f5es sanit\u00e1rias mexeram muito com os calend\u00e1rios, mas tamb\u00e9m trouxeram desafios para a viv\u00eancia fraterna e para a miss\u00e3o evangelizadora. &#8220;Vimos tantas pessoas, tamb\u00e9m nossos frades, adoeceram por conta do coronav\u00edrus, mas tamb\u00e9m certa ansiedade com tudo isso. Por outro lado, vimos que as fraternidades transformaram estes desafios em oportunidades: crescimento na vida fraterna, na celebra\u00e7\u00e3o dos cap\u00edtulos, na vida de ora\u00e7\u00e3o, com mais tempo de recolhimento, de estudo e nos retiros mensais e anuais celebrados como fraternidade. &#8220;A Evangeliza\u00e7\u00e3o tamb\u00e9m houve muita criatividade, de forma s\u00f3bria, para cultivar a proximidade dos que compartilham a nossa miss\u00e3o e do povo em geral. A Palavra, os Sacramentos, a reflex\u00e3o, a catequese, as aulas nos col\u00e9gios e universidades, encontraram caminhos novos e boas adapta\u00e7\u00f5es. E isto em todas as nossas frentes&#8221;, constatou, frisando a bonita resposta da Tenda Franciscana, no Rio de Janeiro e aqui em S\u00e3o Paulo, de forma adaptada, como tamb\u00e9m em tantos lugares de nossas presen\u00e7as, neste tempo dif\u00edcil de crescimento da pobreza, da mis\u00e9ria e da fome.<\/p>\n<p>&#8220;Nesta dimens\u00e3o do cuidado, \u00e9 importante que os frades se cuidem e cuidemos tamb\u00e9m dos nossos formandos, colaboradores, membros das nossas frentes de evangeliza\u00e7\u00e3o, assistidos de nossos trabalhos sociais. Que sejamos exemplares no cuidado dos mais vulner\u00e1veis e atendamos ao apelo para evitar aglomera\u00e7\u00f5es e exposi\u00e7\u00f5es desnecess\u00e1rias&#8221;, pediu Frei C\u00e9sar.<\/p>\n<p>Ele, contudo, alertou: &#8220;\u00c9 importante que n\u00e3o caiamos no risco da autorreferencialidade, cuidando apenas de n\u00f3s mesmos, fechados em nossos isolamentos. Precisamos estar atentos ao que seria uma vida p\u00f3s-pandemia ou de pandemia prolongada. A gente pode cair na tenta\u00e7\u00e3o de n\u00e3o mais se abrir, de viver certa fobia em rela\u00e7\u00e3o \u00e0s realidades externas, entrando numa letargia que poder\u00e1 certamente afetar nossa sa\u00fade ps\u00edquica, espiritual, vocacional e de f\u00e9. Isto leva ao questionamento do nosso significado para o mundo e traz consequ\u00eancias na resposta vocacional. Mesmo nesta situa\u00e7\u00e3o de cuidado e restri\u00e7\u00f5es, precisamos nos perguntar que respostas podemos dar, que aten\u00e7\u00e3o e que servi\u00e7o podemos prestar \u00e0s pessoas, especialmente aos mais vulner\u00e1veis. O ganho certamente ser\u00e1 para n\u00f3s e nossa voca\u00e7\u00e3o&#8221;, exortou.<\/p>\n<p>Frei C\u00e9sar falou ainda do desafio vocacional na Prov\u00edncia. Lembrou que na Prov\u00edncia vive-se uma realidade de n\u00fameros muito baixos, amea\u00e7ando a continuidade do projeto de cada casa de forma\u00e7\u00e3o. Essa realidade n\u00e3o \u00e9 s\u00f3 da Prov\u00edncia, como explicou, mas mundial e vai ser abordada no Cap\u00edtulo Geral da Ordem dos Frades Menores em julho. &#8220;Seria triste se a gente tivesse que deixar lugares e projetos, n\u00e3o porque n\u00e3o acredite neles, mas porque n\u00e3o temos candidatos&#8221;, ressaltou, pedindo o envolvimento de todas as fraternidades na anima\u00e7\u00e3o vocacional: &#8220;Ent\u00e3o, pe\u00e7o que cada fraternidade contemple este desafio em seu projeto fraterno&#8221;.<\/p>\n<p>Frei C\u00e9sar ainda falou sobre o redimensionamento na Prov\u00edncia, com a entrega de 10 presen\u00e7as e a abertura de duas novas presen\u00e7as: o Santu\u00e1rio Frei Galv\u00e3o e a Fraternidade de Itatiba. Ele concluiu chamando a aten\u00e7\u00e3o para o Cap\u00edtulo Provincial em novembro: &#8220;O Cap\u00edtulo deve ser um momento forte para nos encontrarmos, nos escutarmos e juntos fazermos um discernimento para um bom recome\u00e7o em nossa vida e miss\u00e3o. A tem\u00e1tica \u00e9 sugestiva neste sentido: &#8216;Fraternidade contemplativa em miss\u00e3o: nossa regra \u00e9 o Evangelho e nosso claustro \u00e9 o mundo&#8217; e, com o lema extra\u00eddo da Exorta\u00e7\u00e3o Fratelli Tutti: &#8216;Juntos se constroem os sonhos&#8217;\u201d, lembrou o Ministro Provincial.<\/p>\n<p>&#8220;\u00c9 importante que o Cap\u00edtulo aponte as prioridades e que estas sejam indicadores efetivos do caminho da Prov\u00edncia&#8221;, orientou Frei C\u00e9sar, desejando que este encontro seja um &#8220;momento de proveito para nossa forma\u00e7\u00e3o permanente, para melhor exercermos nossa tarefa de anima\u00e7\u00e3o e cuidados e tamb\u00e9m uma forma de cultivo de mais proximidade entre n\u00f3s&#8221;.<\/p>\n<p><img loading=\"lazy\" class=\"alignnone wp-image-231841 size-full\" src=\"https:\/\/franciscanos.org.br\/noticias\/wp-content\/uploads\/2021\/04\/guardiaes_27_2.png\" alt=\"\" width=\"1024\" height=\"678\" srcset=\"https:\/\/franciscanos.org.br\/noticias\/wp-content\/uploads\/2021\/04\/guardiaes_27_2.png 1024w, https:\/\/franciscanos.org.br\/noticias\/wp-content\/uploads\/2021\/04\/guardiaes_27_2-450x298.png 450w, https:\/\/franciscanos.org.br\/noticias\/wp-content\/uploads\/2021\/04\/guardiaes_27_2-768x509.png 768w, https:\/\/franciscanos.org.br\/noticias\/wp-content\/uploads\/2021\/04\/guardiaes_27_2-150x99.png 150w\" sizes=\"(max-width: 1024px) 100vw, 1024px\" \/><\/p>\n<p><strong>O &#8220;TAREFA&#8221; DO GUARDI\u00c3O <\/strong><\/p>\n<p>Na sua apresenta\u00e7\u00e3o, Frei Fid\u00eancio lembrou que termo \u201cguardi\u00e3o\u201d aparece 5 vezes nos Escritos de S. Francisco (CtMin; CtOr; Test). &#8220;Na Carta a toda Ordem, guardi\u00e3o aparece entre os tr\u00eas nomes que designam a &#8216;hierarquia&#8217; inicial da Ordem: Ministro, Cust\u00f3dio e Guardi\u00e3o&#8221;, disse, explicando que os termos sin\u00f4nimos indicam \u201ctarefa\u201d e n\u00e3o \u201ccargo\u201d. O guardi\u00e3o \u00e9 a &#8220;responsabilidade de um frade \u00e0 frente de um grupo&#8221;. E tamb\u00e9m: tema da obedi\u00eancia; recorrer a ele; guardar o escrito a eles enviado (Ct); usar de miseric\u00f3rdia com os frades.<\/p>\n<p>O Moderador da Forma\u00e7\u00e3o Permanente, abordou o tema na \u00e1rea espiritual, jur\u00eddica, fraterna, formativa\/anima\u00e7\u00e3o, econ\u00f4mica, administrativa e evangelizadora. &#8220;O guardi\u00e3o est\u00e1 dispon\u00edvel para servir e devolver o servi\u00e7o quando solicitado. Ele acolhe de cora\u00e7\u00e3o o servi\u00e7o e n\u00e3o para \u201csuportar\u201d o cargo numa obedi\u00eancia passiva&#8221;. No final, deixou a pergunta para reflex\u00e3o: Que desafios se destacam em rela\u00e7\u00e3o a estas \u00e1reas e que poderiam ser encaminhados \u00e0 Comiss\u00e3o Preparat\u00f3ria em vista do Cap\u00edtulo Provincial? As conclus\u00f5es ser\u00e3o apresentadas nesta quarta-feira, 28\/07, em uma breve partilha dos estudos em grupo, quando tamb\u00e9m ser\u00e3o dados os encaminhamentos dos assuntos econ\u00f4micos e um tempo para avisos e demais comunicados importantes.<\/p>\n","protected":false},"excerpt":{"rendered":"<p>Prov\u00edncia da Imaculada<\/p>\n","protected":false},"author":3,"featured_media":231842,"comment_status":"open","ping_status":"open","sticky":false,"template":"","format":"standard","meta":[],"categories":[1],"tags":[306],"acf":[],"yoast_head":"<!-- This site is optimized with the Yoast SEO plugin v19.2 - https:\/\/yoast.com\/wordpress\/plugins\/seo\/ -->\n<title>\u201cQue sejamos exemplares no cuidado\u201d, pede Frei C\u00e9sar aos Guardi\u00e3es e Coordenadores da Prov\u00edncia - Not\u00edcias - Franciscanos<\/title>\n<meta name=\"robots\" content=\"index, follow, max-snippet:-1, max-image-preview:large, max-video-preview:-1\" \/>\n<link rel=\"canonical\" href=\"https:\/\/franciscanos.org.br\/noticias\/que-sejamos-exemplares-no-cuidado-pede-frei-cesar-aos-guardiaes-e-coordenadores-da-provincia.html\" \/>\n<meta property=\"og:locale\" content=\"pt_BR\" \/>\n<meta property=\"og:type\" content=\"article\" \/>\n<meta property=\"og:title\" content=\"\u201cQue sejamos exemplares no cuidado\u201d, pede Frei C\u00e9sar aos Guardi\u00e3es e Coordenadores da Prov\u00edncia - Not\u00edcias - Franciscanos\" \/>\n<meta property=\"og:description\" content=\"Prov\u00edncia da Imaculada\" \/>\n<meta property=\"og:url\" content=\"https:\/\/franciscanos.org.br\/noticias\/que-sejamos-exemplares-no-cuidado-pede-frei-cesar-aos-guardiaes-e-coordenadores-da-provincia.html\" \/>\n<meta property=\"og:site_name\" content=\"Not\u00edcias - Franciscanos\" \/>\n<meta property=\"article:published_time\" content=\"2021-04-27T17:32:36+00:00\" \/>\n<meta property=\"og:image\" content=\"https:\/\/franciscanos.org.br\/noticias\/wp-content\/uploads\/2021\/04\/guardiaes_27d.jpg\" \/>\n\t<meta property=\"og:image:width\" content=\"800\" \/>\n\t<meta property=\"og:image:height\" content=\"550\" \/>\n\t<meta property=\"og:image:type\" content=\"image\/jpeg\" \/>\n<meta name=\"author\" content=\"moacir\" \/>\n<meta name=\"twitter:card\" content=\"summary_large_image\" \/>\n<meta name=\"twitter:label1\" content=\"Escrito por\" \/>\n\t<meta name=\"twitter:data1\" content=\"moacir\" \/>\n\t<meta name=\"twitter:label2\" content=\"Est. tempo de leitura\" \/>\n\t<meta name=\"twitter:data2\" content=\"8 minutos\" \/>\n<script type=\"application\/ld+json\" class=\"yoast-schema-graph\">{\"@context\":\"https:\/\/schema.org\",\"@graph\":[{\"@type\":\"WebSite\",\"@id\":\"https:\/\/franciscanos.org.br\/noticias\/#website\",\"url\":\"https:\/\/franciscanos.org.br\/noticias\/\",\"name\":\"Not\u00edcias - Franciscanos\",\"description\":\"Prov\u00edncia Franciscana da Imaculada Concei\u00e7\u00e3o do Brasil - Ordem dos Frades Menores - OFM\",\"potentialAction\":[{\"@type\":\"SearchAction\",\"target\":{\"@type\":\"EntryPoint\",\"urlTemplate\":\"https:\/\/franciscanos.org.br\/noticias\/?s={search_term_string}\"},\"query-input\":\"required name=search_term_string\"}],\"inLanguage\":\"pt-BR\"},{\"@type\":\"ImageObject\",\"inLanguage\":\"pt-BR\",\"@id\":\"https:\/\/franciscanos.org.br\/noticias\/que-sejamos-exemplares-no-cuidado-pede-frei-cesar-aos-guardiaes-e-coordenadores-da-provincia.html#primaryimage\",\"url\":\"https:\/\/franciscanos.org.br\/noticias\/wp-content\/uploads\/2021\/04\/guardiaes_27d.jpg\",\"contentUrl\":\"https:\/\/franciscanos.org.br\/noticias\/wp-content\/uploads\/2021\/04\/guardiaes_27d.jpg\",\"width\":800,\"height\":550},{\"@type\":\"WebPage\",\"@id\":\"https:\/\/franciscanos.org.br\/noticias\/que-sejamos-exemplares-no-cuidado-pede-frei-cesar-aos-guardiaes-e-coordenadores-da-provincia.html#webpage\",\"url\":\"https:\/\/franciscanos.org.br\/noticias\/que-sejamos-exemplares-no-cuidado-pede-frei-cesar-aos-guardiaes-e-coordenadores-da-provincia.html\",\"name\":\"\u201cQue sejamos exemplares no cuidado\u201d, pede Frei C\u00e9sar aos Guardi\u00e3es e Coordenadores da Prov\u00edncia - Not\u00edcias - Franciscanos\",\"isPartOf\":{\"@id\":\"https:\/\/franciscanos.org.br\/noticias\/#website\"},\"primaryImageOfPage\":{\"@id\":\"https:\/\/franciscanos.org.br\/noticias\/que-sejamos-exemplares-no-cuidado-pede-frei-cesar-aos-guardiaes-e-coordenadores-da-provincia.html#primaryimage\"},\"datePublished\":\"2021-04-27T17:32:36+00:00\",\"dateModified\":\"2021-04-27T17:32:36+00:00\",\"author\":{\"@id\":\"https:\/\/franciscanos.org.br\/noticias\/#\/schema\/person\/b5c8cba458c330ccff548b056e95a5d4\"},\"breadcrumb\":{\"@id\":\"https:\/\/franciscanos.org.br\/noticias\/que-sejamos-exemplares-no-cuidado-pede-frei-cesar-aos-guardiaes-e-coordenadores-da-provincia.html#breadcrumb\"},\"inLanguage\":\"pt-BR\",\"potentialAction\":[{\"@type\":\"ReadAction\",\"target\":[\"https:\/\/franciscanos.org.br\/noticias\/que-sejamos-exemplares-no-cuidado-pede-frei-cesar-aos-guardiaes-e-coordenadores-da-provincia.html\"]}]},{\"@type\":\"BreadcrumbList\",\"@id\":\"https:\/\/franciscanos.org.br\/noticias\/que-sejamos-exemplares-no-cuidado-pede-frei-cesar-aos-guardiaes-e-coordenadores-da-provincia.html#breadcrumb\",\"itemListElement\":[{\"@type\":\"ListItem\",\"position\":1,\"name\":\"Home\",\"item\":\"https:\/\/franciscanos.org.br\/noticias\"},{\"@type\":\"ListItem\",\"position\":2,\"name\":\"\u201cQue sejamos exemplares no cuidado\u201d, pede Frei C\u00e9sar aos Guardi\u00e3es e Coordenadores da Prov\u00edncia\"}]},{\"@type\":\"Person\",\"@id\":\"https:\/\/franciscanos.org.br\/noticias\/#\/schema\/person\/b5c8cba458c330ccff548b056e95a5d4\",\"name\":\"moacir\",\"image\":{\"@type\":\"ImageObject\",\"inLanguage\":\"pt-BR\",\"@id\":\"https:\/\/franciscanos.org.br\/noticias\/#\/schema\/person\/image\/\",\"url\":\"https:\/\/secure.gravatar.com\/avatar\/d08aa2ce4c8dd416d4479aa8536fcf64?s=96&d=mm&r=g\",\"contentUrl\":\"https:\/\/secure.gravatar.com\/avatar\/d08aa2ce4c8dd416d4479aa8536fcf64?s=96&d=mm&r=g\",\"caption\":\"moacir\"},\"url\":\"https:\/\/franciscanos.org.br\/noticias\/author\/moacir\"}]}<\/script>\n<!-- \/ Yoast SEO plugin. -->","yoast_head_json":{"title":"\u201cQue sejamos exemplares no cuidado\u201d, pede Frei C\u00e9sar aos Guardi\u00e3es e Coordenadores da Prov\u00edncia - Not\u00edcias - Franciscanos","robots":{"index":"index","follow":"follow","max-snippet":"max-snippet:-1","max-image-preview":"max-image-preview:large","max-video-preview":"max-video-preview:-1"},"canonical":"https:\/\/franciscanos.org.br\/noticias\/que-sejamos-exemplares-no-cuidado-pede-frei-cesar-aos-guardiaes-e-coordenadores-da-provincia.html","og_locale":"pt_BR","og_type":"article","og_title":"\u201cQue sejamos exemplares no cuidado\u201d, pede Frei C\u00e9sar aos Guardi\u00e3es e Coordenadores da Prov\u00edncia - Not\u00edcias - Franciscanos","og_description":"Prov\u00edncia da Imaculada","og_url":"https:\/\/franciscanos.org.br\/noticias\/que-sejamos-exemplares-no-cuidado-pede-frei-cesar-aos-guardiaes-e-coordenadores-da-provincia.html","og_site_name":"Not\u00edcias - Franciscanos","article_published_time":"2021-04-27T17:32:36+00:00","og_image":[{"width":800,"height":550,"url":"https:\/\/franciscanos.org.br\/noticias\/wp-content\/uploads\/2021\/04\/guardiaes_27d.jpg","type":"image\/jpeg"}],"author":"moacir","twitter_card":"summary_large_image","twitter_misc":{"Escrito por":"moacir","Est. tempo de leitura":"8 minutos"},"schema":{"@context":"https:\/\/schema.org","@graph":[{"@type":"WebSite","@id":"https:\/\/franciscanos.org.br\/noticias\/#website","url":"https:\/\/franciscanos.org.br\/noticias\/","name":"Not\u00edcias - Franciscanos","description":"Prov\u00edncia Franciscana da Imaculada Concei\u00e7\u00e3o do Brasil - Ordem dos Frades Menores - OFM","potentialAction":[{"@type":"SearchAction","target":{"@type":"EntryPoint","urlTemplate":"https:\/\/franciscanos.org.br\/noticias\/?s={search_term_string}"},"query-input":"required name=search_term_string"}],"inLanguage":"pt-BR"},{"@type":"ImageObject","inLanguage":"pt-BR","@id":"https:\/\/franciscanos.org.br\/noticias\/que-sejamos-exemplares-no-cuidado-pede-frei-cesar-aos-guardiaes-e-coordenadores-da-provincia.html#primaryimage","url":"https:\/\/franciscanos.org.br\/noticias\/wp-content\/uploads\/2021\/04\/guardiaes_27d.jpg","contentUrl":"https:\/\/franciscanos.org.br\/noticias\/wp-content\/uploads\/2021\/04\/guardiaes_27d.jpg","width":800,"height":550},{"@type":"WebPage","@id":"https:\/\/franciscanos.org.br\/noticias\/que-sejamos-exemplares-no-cuidado-pede-frei-cesar-aos-guardiaes-e-coordenadores-da-provincia.html#webpage","url":"https:\/\/franciscanos.org.br\/noticias\/que-sejamos-exemplares-no-cuidado-pede-frei-cesar-aos-guardiaes-e-coordenadores-da-provincia.html","name":"\u201cQue sejamos exemplares no cuidado\u201d, pede Frei C\u00e9sar aos Guardi\u00e3es e Coordenadores da Prov\u00edncia - Not\u00edcias - Franciscanos","isPartOf":{"@id":"https:\/\/franciscanos.org.br\/noticias\/#website"},"primaryImageOfPage":{"@id":"https:\/\/franciscanos.org.br\/noticias\/que-sejamos-exemplares-no-cuidado-pede-frei-cesar-aos-guardiaes-e-coordenadores-da-provincia.html#primaryimage"},"datePublished":"2021-04-27T17:32:36+00:00","dateModified":"2021-04-27T17:32:36+00:00","author":{"@id":"https:\/\/franciscanos.org.br\/noticias\/#\/schema\/person\/b5c8cba458c330ccff548b056e95a5d4"},"breadcrumb":{"@id":"https:\/\/franciscanos.org.br\/noticias\/que-sejamos-exemplares-no-cuidado-pede-frei-cesar-aos-guardiaes-e-coordenadores-da-provincia.html#breadcrumb"},"inLanguage":"pt-BR","potentialAction":[{"@type":"ReadAction","target":["https:\/\/franciscanos.org.br\/noticias\/que-sejamos-exemplares-no-cuidado-pede-frei-cesar-aos-guardiaes-e-coordenadores-da-provincia.html"]}]},{"@type":"BreadcrumbList","@id":"https:\/\/franciscanos.org.br\/noticias\/que-sejamos-exemplares-no-cuidado-pede-frei-cesar-aos-guardiaes-e-coordenadores-da-provincia.html#breadcrumb","itemListElement":[{"@type":"ListItem","position":1,"name":"Home","item":"https:\/\/franciscanos.org.br\/noticias"},{"@type":"ListItem","position":2,"name":"\u201cQue sejamos exemplares no cuidado\u201d, pede Frei C\u00e9sar aos Guardi\u00e3es e Coordenadores da Prov\u00edncia"}]},{"@type":"Person","@id":"https:\/\/franciscanos.org.br\/noticias\/#\/schema\/person\/b5c8cba458c330ccff548b056e95a5d4","name":"moacir","image":{"@type":"ImageObject","inLanguage":"pt-BR","@id":"https:\/\/franciscanos.org.br\/noticias\/#\/schema\/person\/image\/","url":"https:\/\/secure.gravatar.com\/avatar\/d08aa2ce4c8dd416d4479aa8536fcf64?s=96&d=mm&r=g","contentUrl":"https:\/\/secure.gravatar.com\/avatar\/d08aa2ce4c8dd416d4479aa8536fcf64?s=96&d=mm&r=g","caption":"moacir"},"url":"https:\/\/franciscanos.org.br\/noticias\/author\/moacir"}]}},"_links":{"self":[{"href":"https:\/\/franciscanos.org.br\/noticias\/wp-json\/wp\/v2\/posts\/231838"}],"collection":[{"href":"https:\/\/franciscanos.org.br\/noticias\/wp-json\/wp\/v2\/posts"}],"about":[{"href":"https:\/\/franciscanos.org.br\/noticias\/wp-json\/wp\/v2\/types\/post"}],"author":[{"embeddable":true,"href":"https:\/\/franciscanos.org.br\/noticias\/wp-json\/wp\/v2\/users\/3"}],"replies":[{"embeddable":true,"href":"https:\/\/franciscanos.org.br\/noticias\/wp-json\/wp\/v2\/comments?post=231838"}],"version-history":[{"count":1,"href":"https:\/\/franciscanos.org.br\/noticias\/wp-json\/wp\/v2\/posts\/231838\/revisions"}],"predecessor-version":[{"id":231843,"href":"https:\/\/franciscanos.org.br\/noticias\/wp-json\/wp\/v2\/posts\/231838\/revisions\/231843"}],"wp:featuredmedia":[{"embeddable":true,"href":"https:\/\/franciscanos.org.br\/noticias\/wp-json\/wp\/v2\/media\/231842"}],"wp:attachment":[{"href":"https:\/\/franciscanos.org.br\/noticias\/wp-json\/wp\/v2\/media?parent=231838"}],"wp:term":[{"taxonomy":"category","embeddable":true,"href":"https:\/\/franciscanos.org.br\/noticias\/wp-json\/wp\/v2\/categories?post=231838"},{"taxonomy":"post_tag","embeddable":true,"href":"https:\/\/franciscanos.org.br\/noticias\/wp-json\/wp\/v2\/tags?post=231838"}],"curies":[{"name":"wp","href":"https:\/\/api.w.org\/{rel}","templated":true}]}}