{"id":231823,"date":"2021-04-26T11:11:04","date_gmt":"2021-04-26T14:11:04","guid":{"rendered":"https:\/\/franciscanos.org.br\/noticias\/?p=231823"},"modified":"2024-01-12T08:09:36","modified_gmt":"2024-01-12T11:09:36","slug":"papa-as-ir-clarissas-nao-se-cansem-de-ser-uma-presenca-orante-e-consoladora","status":"publish","type":"post","link":"https:\/\/franciscanos.org.br\/noticias\/papa-as-ir-clarissas-nao-se-cansem-de-ser-uma-presenca-orante-e-consoladora.html","title":{"rendered":"Papa \u00e0s Ir.Clarissas: \u201cN\u00e3o se cansem de ser uma presen\u00e7a orante e consoladora&#8221;"},"content":{"rendered":"<div id=\"attachment_231824\" style=\"width: 1010px\" class=\"wp-caption alignnone\"><img aria-describedby=\"caption-attachment-231824\" loading=\"lazy\" class=\"wp-image-231824 size-full\" src=\"https:\/\/franciscanos.org.br\/noticias\/wp-content\/uploads\/2021\/04\/clarissas_3.jpeg\" alt=\"\" width=\"1000\" height=\"563\" srcset=\"https:\/\/franciscanos.org.br\/noticias\/wp-content\/uploads\/2021\/04\/clarissas_3.jpeg 1000w, https:\/\/franciscanos.org.br\/noticias\/wp-content\/uploads\/2021\/04\/clarissas_3-450x253.jpeg 450w, https:\/\/franciscanos.org.br\/noticias\/wp-content\/uploads\/2021\/04\/clarissas_3-768x432.jpeg 768w, https:\/\/franciscanos.org.br\/noticias\/wp-content\/uploads\/2021\/04\/clarissas_3-150x84.jpeg 150w\" sizes=\"(max-width: 1000px) 100vw, 1000px\" \/><p id=\"caption-attachment-231824\" class=\"wp-caption-text\"><em>\u00a0 \u00a0 \u00a0 \u00a0 \u00a0 \u00a0 \u00a0 \u00a0 \u00a0 \u00a0 \u00a0 \u00a0 \u00a0 \u00a0 \u00a0 \u00a0 \u00a0 \u00a0 \u00a0 \u00a0 \u00a0 \u00a0 \u00a0 \u00a0 \u00a0 \u00a0 \u00a0 \u00a0 \u00a0 \u00a0 \u00a0 \u00a0 \u00a0 \u00a0 \u00a0 \u00a0 \u00a0 \u00a0 \u00a0 \u00a0 \u00a0 \u00a0 \u00a0 \u00a0 \u00a0 \u00a0 \u00a0 \u00a0 \u00a0 \u00a0 \u00a0 \u00a0 \u00a0 \u00a0 \u00a0 Imagem: Vatican Media<\/em><\/p><\/div>\n<p>Na manh\u00e3 desta segunda-feira (26) o Papa Francisco recebeu as Religiosas Clarissas da localidade de Pag\u00e2nica atingida pelo terremoto de 2009. Na ocasi\u00e3o o mosteiro das irm\u00e3s ficou destru\u00eddo e faleceu a Abadessa Madre Gemma Antonucci e outras religiosas ficaram feridas.<\/p>\n<p>No encontro de hoje o Santo Padre recordou o fato: \u201cTodavia, daquele drama Deus fortificou todas voc\u00eas e, como o gr\u00e3o de trigo que deve morrer para dar frutos, assim foi tamb\u00e9m para a sua comunidade mon\u00e1stica\u201d<\/p>\n<p>\u201cAgora a comunidade est\u00e1 reflorescendo \u2013 continuou o Papa &#8211; formada por doze religiosas, todas jovens. Esta \u00e9 a mensagem que voc\u00eas d\u00e3o \u00e0 popula\u00e7\u00e3o: diante da trag\u00e9dia \u00e9 necess\u00e1rio recome\u00e7ar a partir de Deus e da solidariedade fraterna. Agrade\u00e7o-lhes!\u201d.<\/p>\n<p><img loading=\"lazy\" class=\"wp-image-231825 size-full aligncenter\" src=\"https:\/\/franciscanos.org.br\/noticias\/wp-content\/uploads\/2021\/04\/clarissas_1.jpg\" alt=\"\" width=\"800\" height=\"551\" srcset=\"https:\/\/franciscanos.org.br\/noticias\/wp-content\/uploads\/2021\/04\/clarissas_1.jpg 800w, https:\/\/franciscanos.org.br\/noticias\/wp-content\/uploads\/2021\/04\/clarissas_1-450x310.jpg 450w, https:\/\/franciscanos.org.br\/noticias\/wp-content\/uploads\/2021\/04\/clarissas_1-768x529.jpg 768w, https:\/\/franciscanos.org.br\/noticias\/wp-content\/uploads\/2021\/04\/clarissas_1-150x103.jpg 150w, https:\/\/franciscanos.org.br\/noticias\/wp-content\/uploads\/2021\/04\/clarissas_1-320x220.jpg 320w\" sizes=\"(max-width: 800px) 100vw, 800px\" \/><\/p>\n<p><strong>Carisma de Santa Clara e S\u00e3o Francisco<\/strong><br \/>\n\u201cQueridas Irm\u00e3s &#8211; continuou o Santo Padre &#8211; n\u00e3o se cansem de ser uma presen\u00e7a orante e consoladora para sustentar a popula\u00e7\u00e3o, provada pela terr\u00edvel experi\u00eancia e ainda necessitada de conforto e encorajamento. Que o exemplo da Bem-aventurada Ant\u00f4nia ajude voc\u00eas a serem sempre mulheres pobres e alegres pelo amor do Cristo pobre&#8221;.<\/p>\n<p>\u201cFi\u00e9is ao carisma recebido de Santa Clara e S\u00e3o Francisco, respondam com generosidade ao desejo que Deus colocou em seus cora\u00e7\u00f5es, vivendo suas vidas como mulheres consagradas em total ades\u00e3o ao Evangelho\u201d<\/p>\n<p>O Papa concluiu o encontro agradecendo \u00e0s irm\u00e3s: \u201cInvoco a luz e a for\u00e7a do Esp\u00edrito Santo no seu caminho e acompanho-lhes com a B\u00ean\u00e7\u00e3o Apost\u00f3lica que concedo de meu cora\u00e7\u00e3o. E por favor, continuem a rezar por mim e por toda a Igreja\u201d.<\/p>\n<p>O Papa agradeceu tamb\u00e9m o presente dado pelas irm\u00e3s, uma vela decorada para a Capela Santa Marta e disse: \u201cAtrav\u00e9s deste s\u00edmbolo de Cristo, a luz do mundo, voc\u00eas estar\u00e3o espiritualmente presente nas celebra\u00e7\u00f5es da Capela\u201d.<\/p>\n<hr \/>\n<p><em>Fonte: Vatican News\u00a0<\/em><\/p>\n","protected":false},"excerpt":{"rendered":"<p>Audi\u00eancia do Papa Francisco<\/p>\n","protected":false},"author":3,"featured_media":231825,"comment_status":"open","ping_status":"open","sticky":false,"template":"","format":"standard","meta":[],"categories":[1428],"tags":[171],"acf":[],"yoast_head":"<!-- This site is optimized with the Yoast SEO plugin v19.2 - https:\/\/yoast.com\/wordpress\/plugins\/seo\/ -->\n<title>Papa \u00e0s Ir.Clarissas: \u201cN\u00e3o se cansem de ser uma presen\u00e7a orante e consoladora&quot; - Not\u00edcias - Franciscanos<\/title>\n<meta name=\"robots\" content=\"index, follow, max-snippet:-1, max-image-preview:large, max-video-preview:-1\" \/>\n<link rel=\"canonical\" href=\"https:\/\/franciscanos.org.br\/noticias\/papa-as-ir-clarissas-nao-se-cansem-de-ser-uma-presenca-orante-e-consoladora.html\" \/>\n<meta property=\"og:locale\" content=\"pt_BR\" \/>\n<meta property=\"og:type\" content=\"article\" \/>\n<meta property=\"og:title\" content=\"Papa \u00e0s Ir.Clarissas: \u201cN\u00e3o se cansem de ser uma presen\u00e7a orante e consoladora&quot; - Not\u00edcias - Franciscanos\" \/>\n<meta property=\"og:description\" content=\"Audi\u00eancia do Papa Francisco\" \/>\n<meta property=\"og:url\" content=\"https:\/\/franciscanos.org.br\/noticias\/papa-as-ir-clarissas-nao-se-cansem-de-ser-uma-presenca-orante-e-consoladora.html\" \/>\n<meta property=\"og:site_name\" content=\"Not\u00edcias - Franciscanos\" \/>\n<meta property=\"article:published_time\" content=\"2021-04-26T14:11:04+00:00\" \/>\n<meta property=\"article:modified_time\" content=\"2024-01-12T11:09:36+00:00\" \/>\n<meta property=\"og:image\" content=\"https:\/\/franciscanos.org.br\/noticias\/wp-content\/uploads\/2021\/04\/clarissas_1.jpg\" \/>\n\t<meta property=\"og:image:width\" content=\"800\" \/>\n\t<meta property=\"og:image:height\" content=\"551\" \/>\n\t<meta property=\"og:image:type\" content=\"image\/jpeg\" \/>\n<meta name=\"author\" content=\"moacir\" \/>\n<meta name=\"twitter:card\" content=\"summary_large_image\" \/>\n<meta name=\"twitter:label1\" content=\"Escrito por\" \/>\n\t<meta name=\"twitter:data1\" content=\"moacir\" \/>\n\t<meta name=\"twitter:label2\" content=\"Est. tempo de leitura\" \/>\n\t<meta name=\"twitter:data2\" content=\"2 minutos\" \/>\n<script type=\"application\/ld+json\" class=\"yoast-schema-graph\">{\"@context\":\"https:\/\/schema.org\",\"@graph\":[{\"@type\":\"WebSite\",\"@id\":\"https:\/\/franciscanos.org.br\/noticias\/#website\",\"url\":\"https:\/\/franciscanos.org.br\/noticias\/\",\"name\":\"Not\u00edcias - Franciscanos\",\"description\":\"Prov\u00edncia Franciscana da Imaculada Concei\u00e7\u00e3o do Brasil - Ordem dos Frades Menores - OFM\",\"potentialAction\":[{\"@type\":\"SearchAction\",\"target\":{\"@type\":\"EntryPoint\",\"urlTemplate\":\"https:\/\/franciscanos.org.br\/noticias\/?s={search_term_string}\"},\"query-input\":\"required name=search_term_string\"}],\"inLanguage\":\"pt-BR\"},{\"@type\":\"ImageObject\",\"inLanguage\":\"pt-BR\",\"@id\":\"https:\/\/franciscanos.org.br\/noticias\/papa-as-ir-clarissas-nao-se-cansem-de-ser-uma-presenca-orante-e-consoladora.html#primaryimage\",\"url\":\"https:\/\/franciscanos.org.br\/noticias\/wp-content\/uploads\/2021\/04\/clarissas_1.jpg\",\"contentUrl\":\"https:\/\/franciscanos.org.br\/noticias\/wp-content\/uploads\/2021\/04\/clarissas_1.jpg\",\"width\":800,\"height\":551},{\"@type\":\"WebPage\",\"@id\":\"https:\/\/franciscanos.org.br\/noticias\/papa-as-ir-clarissas-nao-se-cansem-de-ser-uma-presenca-orante-e-consoladora.html#webpage\",\"url\":\"https:\/\/franciscanos.org.br\/noticias\/papa-as-ir-clarissas-nao-se-cansem-de-ser-uma-presenca-orante-e-consoladora.html\",\"name\":\"Papa \u00e0s Ir.Clarissas: \u201cN\u00e3o se cansem de ser uma presen\u00e7a orante e consoladora\\\" - Not\u00edcias - Franciscanos\",\"isPartOf\":{\"@id\":\"https:\/\/franciscanos.org.br\/noticias\/#website\"},\"primaryImageOfPage\":{\"@id\":\"https:\/\/franciscanos.org.br\/noticias\/papa-as-ir-clarissas-nao-se-cansem-de-ser-uma-presenca-orante-e-consoladora.html#primaryimage\"},\"datePublished\":\"2021-04-26T14:11:04+00:00\",\"dateModified\":\"2024-01-12T11:09:36+00:00\",\"author\":{\"@id\":\"https:\/\/franciscanos.org.br\/noticias\/#\/schema\/person\/b5c8cba458c330ccff548b056e95a5d4\"},\"breadcrumb\":{\"@id\":\"https:\/\/franciscanos.org.br\/noticias\/papa-as-ir-clarissas-nao-se-cansem-de-ser-uma-presenca-orante-e-consoladora.html#breadcrumb\"},\"inLanguage\":\"pt-BR\",\"potentialAction\":[{\"@type\":\"ReadAction\",\"target\":[\"https:\/\/franciscanos.org.br\/noticias\/papa-as-ir-clarissas-nao-se-cansem-de-ser-uma-presenca-orante-e-consoladora.html\"]}]},{\"@type\":\"BreadcrumbList\",\"@id\":\"https:\/\/franciscanos.org.br\/noticias\/papa-as-ir-clarissas-nao-se-cansem-de-ser-uma-presenca-orante-e-consoladora.html#breadcrumb\",\"itemListElement\":[{\"@type\":\"ListItem\",\"position\":1,\"name\":\"Home\",\"item\":\"https:\/\/franciscanos.org.br\/noticias\"},{\"@type\":\"ListItem\",\"position\":2,\"name\":\"Papa \u00e0s Ir.Clarissas: \u201cN\u00e3o se cansem de ser uma presen\u00e7a orante e consoladora&#8221;\"}]},{\"@type\":\"Person\",\"@id\":\"https:\/\/franciscanos.org.br\/noticias\/#\/schema\/person\/b5c8cba458c330ccff548b056e95a5d4\",\"name\":\"moacir\",\"image\":{\"@type\":\"ImageObject\",\"inLanguage\":\"pt-BR\",\"@id\":\"https:\/\/franciscanos.org.br\/noticias\/#\/schema\/person\/image\/\",\"url\":\"https:\/\/secure.gravatar.com\/avatar\/d08aa2ce4c8dd416d4479aa8536fcf64?s=96&d=mm&r=g\",\"contentUrl\":\"https:\/\/secure.gravatar.com\/avatar\/d08aa2ce4c8dd416d4479aa8536fcf64?s=96&d=mm&r=g\",\"caption\":\"moacir\"},\"url\":\"https:\/\/franciscanos.org.br\/noticias\/author\/moacir\"}]}<\/script>\n<!-- \/ Yoast SEO plugin. -->","yoast_head_json":{"title":"Papa \u00e0s Ir.Clarissas: \u201cN\u00e3o se cansem de ser uma presen\u00e7a orante e consoladora\" - Not\u00edcias - Franciscanos","robots":{"index":"index","follow":"follow","max-snippet":"max-snippet:-1","max-image-preview":"max-image-preview:large","max-video-preview":"max-video-preview:-1"},"canonical":"https:\/\/franciscanos.org.br\/noticias\/papa-as-ir-clarissas-nao-se-cansem-de-ser-uma-presenca-orante-e-consoladora.html","og_locale":"pt_BR","og_type":"article","og_title":"Papa \u00e0s Ir.Clarissas: \u201cN\u00e3o se cansem de ser uma presen\u00e7a orante e consoladora\" - Not\u00edcias - Franciscanos","og_description":"Audi\u00eancia do Papa Francisco","og_url":"https:\/\/franciscanos.org.br\/noticias\/papa-as-ir-clarissas-nao-se-cansem-de-ser-uma-presenca-orante-e-consoladora.html","og_site_name":"Not\u00edcias - Franciscanos","article_published_time":"2021-04-26T14:11:04+00:00","article_modified_time":"2024-01-12T11:09:36+00:00","og_image":[{"width":800,"height":551,"url":"https:\/\/franciscanos.org.br\/noticias\/wp-content\/uploads\/2021\/04\/clarissas_1.jpg","type":"image\/jpeg"}],"author":"moacir","twitter_card":"summary_large_image","twitter_misc":{"Escrito por":"moacir","Est. tempo de leitura":"2 minutos"},"schema":{"@context":"https:\/\/schema.org","@graph":[{"@type":"WebSite","@id":"https:\/\/franciscanos.org.br\/noticias\/#website","url":"https:\/\/franciscanos.org.br\/noticias\/","name":"Not\u00edcias - Franciscanos","description":"Prov\u00edncia Franciscana da Imaculada Concei\u00e7\u00e3o do Brasil - Ordem dos Frades Menores - OFM","potentialAction":[{"@type":"SearchAction","target":{"@type":"EntryPoint","urlTemplate":"https:\/\/franciscanos.org.br\/noticias\/?s={search_term_string}"},"query-input":"required name=search_term_string"}],"inLanguage":"pt-BR"},{"@type":"ImageObject","inLanguage":"pt-BR","@id":"https:\/\/franciscanos.org.br\/noticias\/papa-as-ir-clarissas-nao-se-cansem-de-ser-uma-presenca-orante-e-consoladora.html#primaryimage","url":"https:\/\/franciscanos.org.br\/noticias\/wp-content\/uploads\/2021\/04\/clarissas_1.jpg","contentUrl":"https:\/\/franciscanos.org.br\/noticias\/wp-content\/uploads\/2021\/04\/clarissas_1.jpg","width":800,"height":551},{"@type":"WebPage","@id":"https:\/\/franciscanos.org.br\/noticias\/papa-as-ir-clarissas-nao-se-cansem-de-ser-uma-presenca-orante-e-consoladora.html#webpage","url":"https:\/\/franciscanos.org.br\/noticias\/papa-as-ir-clarissas-nao-se-cansem-de-ser-uma-presenca-orante-e-consoladora.html","name":"Papa \u00e0s Ir.Clarissas: \u201cN\u00e3o se cansem de ser uma presen\u00e7a orante e consoladora\" - Not\u00edcias - Franciscanos","isPartOf":{"@id":"https:\/\/franciscanos.org.br\/noticias\/#website"},"primaryImageOfPage":{"@id":"https:\/\/franciscanos.org.br\/noticias\/papa-as-ir-clarissas-nao-se-cansem-de-ser-uma-presenca-orante-e-consoladora.html#primaryimage"},"datePublished":"2021-04-26T14:11:04+00:00","dateModified":"2024-01-12T11:09:36+00:00","author":{"@id":"https:\/\/franciscanos.org.br\/noticias\/#\/schema\/person\/b5c8cba458c330ccff548b056e95a5d4"},"breadcrumb":{"@id":"https:\/\/franciscanos.org.br\/noticias\/papa-as-ir-clarissas-nao-se-cansem-de-ser-uma-presenca-orante-e-consoladora.html#breadcrumb"},"inLanguage":"pt-BR","potentialAction":[{"@type":"ReadAction","target":["https:\/\/franciscanos.org.br\/noticias\/papa-as-ir-clarissas-nao-se-cansem-de-ser-uma-presenca-orante-e-consoladora.html"]}]},{"@type":"BreadcrumbList","@id":"https:\/\/franciscanos.org.br\/noticias\/papa-as-ir-clarissas-nao-se-cansem-de-ser-uma-presenca-orante-e-consoladora.html#breadcrumb","itemListElement":[{"@type":"ListItem","position":1,"name":"Home","item":"https:\/\/franciscanos.org.br\/noticias"},{"@type":"ListItem","position":2,"name":"Papa \u00e0s Ir.Clarissas: \u201cN\u00e3o se cansem de ser uma presen\u00e7a orante e consoladora&#8221;"}]},{"@type":"Person","@id":"https:\/\/franciscanos.org.br\/noticias\/#\/schema\/person\/b5c8cba458c330ccff548b056e95a5d4","name":"moacir","image":{"@type":"ImageObject","inLanguage":"pt-BR","@id":"https:\/\/franciscanos.org.br\/noticias\/#\/schema\/person\/image\/","url":"https:\/\/secure.gravatar.com\/avatar\/d08aa2ce4c8dd416d4479aa8536fcf64?s=96&d=mm&r=g","contentUrl":"https:\/\/secure.gravatar.com\/avatar\/d08aa2ce4c8dd416d4479aa8536fcf64?s=96&d=mm&r=g","caption":"moacir"},"url":"https:\/\/franciscanos.org.br\/noticias\/author\/moacir"}]}},"_links":{"self":[{"href":"https:\/\/franciscanos.org.br\/noticias\/wp-json\/wp\/v2\/posts\/231823"}],"collection":[{"href":"https:\/\/franciscanos.org.br\/noticias\/wp-json\/wp\/v2\/posts"}],"about":[{"href":"https:\/\/franciscanos.org.br\/noticias\/wp-json\/wp\/v2\/types\/post"}],"author":[{"embeddable":true,"href":"https:\/\/franciscanos.org.br\/noticias\/wp-json\/wp\/v2\/users\/3"}],"replies":[{"embeddable":true,"href":"https:\/\/franciscanos.org.br\/noticias\/wp-json\/wp\/v2\/comments?post=231823"}],"version-history":[{"count":4,"href":"https:\/\/franciscanos.org.br\/noticias\/wp-json\/wp\/v2\/posts\/231823\/revisions"}],"predecessor-version":[{"id":231830,"href":"https:\/\/franciscanos.org.br\/noticias\/wp-json\/wp\/v2\/posts\/231823\/revisions\/231830"}],"wp:featuredmedia":[{"embeddable":true,"href":"https:\/\/franciscanos.org.br\/noticias\/wp-json\/wp\/v2\/media\/231825"}],"wp:attachment":[{"href":"https:\/\/franciscanos.org.br\/noticias\/wp-json\/wp\/v2\/media?parent=231823"}],"wp:term":[{"taxonomy":"category","embeddable":true,"href":"https:\/\/franciscanos.org.br\/noticias\/wp-json\/wp\/v2\/categories?post=231823"},{"taxonomy":"post_tag","embeddable":true,"href":"https:\/\/franciscanos.org.br\/noticias\/wp-json\/wp\/v2\/tags?post=231823"}],"curies":[{"name":"wp","href":"https:\/\/api.w.org\/{rel}","templated":true}]}}