{"id":231819,"date":"2021-04-26T09:23:38","date_gmt":"2021-04-26T12:23:38","guid":{"rendered":"https:\/\/franciscanos.org.br\/noticias\/?p=231819"},"modified":"2021-04-26T16:27:39","modified_gmt":"2021-04-26T19:27:39","slug":"paroquia-do-sagrado-promove-semana-ecologica-franciscana","status":"publish","type":"post","link":"https:\/\/franciscanos.org.br\/noticias\/paroquia-do-sagrado-promove-semana-ecologica-franciscana.html","title":{"rendered":"Par\u00f3quia do Sagrado promove Semana Ecol\u00f3gica Franciscana"},"content":{"rendered":"<p><img loading=\"lazy\" class=\"alignnone wp-image-231820 size-full\" src=\"https:\/\/franciscanos.org.br\/noticias\/wp-content\/uploads\/2021\/04\/ecologica_260421.png\" alt=\"\" width=\"1200\" height=\"675\" srcset=\"https:\/\/franciscanos.org.br\/noticias\/wp-content\/uploads\/2021\/04\/ecologica_260421.png 1200w, https:\/\/franciscanos.org.br\/noticias\/wp-content\/uploads\/2021\/04\/ecologica_260421-450x253.png 450w, https:\/\/franciscanos.org.br\/noticias\/wp-content\/uploads\/2021\/04\/ecologica_260421-1024x576.png 1024w, https:\/\/franciscanos.org.br\/noticias\/wp-content\/uploads\/2021\/04\/ecologica_260421-768x432.png 768w, https:\/\/franciscanos.org.br\/noticias\/wp-content\/uploads\/2021\/04\/ecologica_260421-150x84.png 150w\" sizes=\"(max-width: 1200px) 100vw, 1200px\" \/><\/p>\n<p><strong>Petr\u00f3polis (RJ) \u2013 <\/strong>Todo primeiro s\u00e1bado do m\u00eas de maio, desde o ano 2000, realiza-se a Caminhada Ecol\u00f3gica Franciscana. O trajeto realiza-se pela Estrada do Fac\u00e3o e passa pelos munic\u00edpios de Petr\u00f3polis a Paty do Alferes (RJ). Desde que esta iniciativa come\u00e7ou, em comemora\u00e7\u00e3o aos 500 anos de presen\u00e7a franciscana no Brasil, in\u00fameros frades, irm\u00e3s, jovens e leigos percorreram o antigo caminho do Imperador.<\/p>\n<p>Neste ano, por raz\u00f5es j\u00e1 conhecidas, a XXII edi\u00e7\u00e3o da Caminha Ecol\u00f3gica ser\u00e1 de modo virtual. Acontecer\u00e1 pelos caminhos da tecnologia e da intera\u00e7\u00e3o, mas n\u00e3o apenas durante um dia, e sim uma semana inteira. Tendo como tema: \u201cAs caracter\u00edsticas de uma espiritualidade ecol\u00f3gica\u201d e lema: \u201cEu farei nova todas as coisas\u201d (Ap 21, 5b), refletir-se-\u00e1 com a ajuda de v\u00eddeos, preparados pela Pastoral da Catequese da Par\u00f3quia do Sagrado, sobre o cuidado de nossa Casa Comum.<\/p>\n<p>Entre os dias 26 de abril a 1\u00ba de maio, participe conosco de nossa \u201cSemana Ecol\u00f3gica Franciscana\u201d. Acompanhe, todos os dias, \u00e0s 8 horas, atrav\u00e9s da p\u00e1gina do <em>Facebook <\/em>da Par\u00f3quia do Sagrado. E para coroar esse momento reflexivo, no dia 1\u00ba de maio, realizar-se-\u00e1 uma<em> live<\/em>, \u00e0s 18 horas, com convidados especiais.<\/p>\n<p style=\"text-align: center;\"><strong>VEJA O CONVITE DE FREI JORGE<\/strong><\/p>\n<p><iframe loading=\"lazy\" title=\"YouTube video player\" src=\"https:\/\/www.youtube.com\/embed\/TChexGLcyLU\" width=\"100%\" height=\"480\" frameborder=\"0\" allowfullscreen=\"allowfullscreen\"><\/iframe><\/p>\n<p>\u201cO nosso desejo \u00e9 de fazer uma parada neste itiner\u00e1rio reflexivo para ouvir as aspira\u00e7\u00f5es das crian\u00e7as, adolescentes e jovens de nossa comunidade paroquial\u201d, ressalta o p\u00e1roco Frei Jorge Paulo Schiavini. Segundo a Enc\u00edclica do Papa Francisco, Laudato Si\u2019, n\u00famero 226, \u201cJesus ensinou-nos a olharmos os l\u00edrios do campo e as aves do c\u00e9u\u201d. Nosso fundador, S\u00e3o Francisco de Assis, tamb\u00e9m muito nos ensina sobre o louvor de todas as criaturas.<\/p>\n<p><strong>PROGRAMA\u00c7\u00c3O<\/strong><\/p>\n<p><strong>Dia 26 de abril &#8211; 8h:<\/strong><br \/>\nApresenta\u00e7\u00e3o<\/p>\n<p><strong>Dia 27 de abril &#8211; 8h:<\/strong><br \/>\n&#8211; Tema: Trabalhando a consci\u00eancia ecol\u00f3gica na inicia\u00e7\u00e3o crist\u00e3<\/p>\n<p><strong>Dia 28 de abril &#8211; 8h:<\/strong><br \/>\n&#8211; Tema: Coleta Seletiva<\/p>\n<p><strong>Dia 29 de abril &#8211; 8h:<\/strong><br \/>\n&#8211; Tema: Louvor a Deus pelas Criaturas<\/p>\n<p><strong>Dia 30 de abril 8h :<\/strong><br \/>\n&#8211; Tema: Reflex\u00f5es sobre a Casa Comum.<\/p>\n<p><strong>Dia 1\u00ba de maio: Live &#8211; 18h<\/strong><br \/>\nTema: \u201cAs caracter\u00edsticas de uma espiritualidade ecol\u00f3gica\u201d<br \/>\nLema: \u201cEu farei nova todas as coisas\u201d (Ap 21, 5b)<\/p>\n<hr \/>\n<p><em>Frei Augusto Luiz Gabriel<\/em><\/p>\n","protected":false},"excerpt":{"rendered":"<p>Par\u00f3quia do Sagrado<\/p>\n","protected":false},"author":3,"featured_media":231821,"comment_status":"open","ping_status":"open","sticky":false,"template":"","format":"standard","meta":[],"categories":[1],"tags":[1766,190],"acf":[],"yoast_head":"<!-- This site is optimized with the Yoast SEO plugin v19.2 - https:\/\/yoast.com\/wordpress\/plugins\/seo\/ -->\n<title>Par\u00f3quia do Sagrado promove Semana Ecol\u00f3gica Franciscana - Not\u00edcias - Franciscanos<\/title>\n<meta name=\"robots\" content=\"index, follow, max-snippet:-1, max-image-preview:large, max-video-preview:-1\" \/>\n<link rel=\"canonical\" href=\"https:\/\/franciscanos.org.br\/noticias\/paroquia-do-sagrado-promove-semana-ecologica-franciscana.html\" \/>\n<meta property=\"og:locale\" content=\"pt_BR\" \/>\n<meta property=\"og:type\" content=\"article\" \/>\n<meta property=\"og:title\" content=\"Par\u00f3quia do Sagrado promove Semana Ecol\u00f3gica Franciscana - Not\u00edcias - Franciscanos\" \/>\n<meta property=\"og:description\" content=\"Par\u00f3quia do Sagrado\" \/>\n<meta property=\"og:url\" content=\"https:\/\/franciscanos.org.br\/noticias\/paroquia-do-sagrado-promove-semana-ecologica-franciscana.html\" \/>\n<meta property=\"og:site_name\" content=\"Not\u00edcias - Franciscanos\" \/>\n<meta property=\"article:published_time\" content=\"2021-04-26T12:23:38+00:00\" \/>\n<meta property=\"article:modified_time\" content=\"2021-04-26T19:27:39+00:00\" \/>\n<meta property=\"og:image\" content=\"https:\/\/franciscanos.org.br\/noticias\/wp-content\/uploads\/2021\/04\/ecologica_2604217d.png\" \/>\n\t<meta property=\"og:image:width\" content=\"800\" \/>\n\t<meta property=\"og:image:height\" content=\"550\" \/>\n\t<meta property=\"og:image:type\" content=\"image\/png\" \/>\n<meta name=\"author\" content=\"moacir\" \/>\n<meta name=\"twitter:card\" content=\"summary_large_image\" \/>\n<meta name=\"twitter:label1\" content=\"Escrito por\" \/>\n\t<meta name=\"twitter:data1\" content=\"moacir\" \/>\n\t<meta name=\"twitter:label2\" content=\"Est. tempo de leitura\" \/>\n\t<meta name=\"twitter:data2\" content=\"2 minutos\" \/>\n<script type=\"application\/ld+json\" class=\"yoast-schema-graph\">{\"@context\":\"https:\/\/schema.org\",\"@graph\":[{\"@type\":\"WebSite\",\"@id\":\"https:\/\/franciscanos.org.br\/noticias\/#website\",\"url\":\"https:\/\/franciscanos.org.br\/noticias\/\",\"name\":\"Not\u00edcias - Franciscanos\",\"description\":\"Prov\u00edncia Franciscana da Imaculada Concei\u00e7\u00e3o do Brasil - Ordem dos Frades Menores - OFM\",\"potentialAction\":[{\"@type\":\"SearchAction\",\"target\":{\"@type\":\"EntryPoint\",\"urlTemplate\":\"https:\/\/franciscanos.org.br\/noticias\/?s={search_term_string}\"},\"query-input\":\"required name=search_term_string\"}],\"inLanguage\":\"pt-BR\"},{\"@type\":\"ImageObject\",\"inLanguage\":\"pt-BR\",\"@id\":\"https:\/\/franciscanos.org.br\/noticias\/paroquia-do-sagrado-promove-semana-ecologica-franciscana.html#primaryimage\",\"url\":\"https:\/\/franciscanos.org.br\/noticias\/wp-content\/uploads\/2021\/04\/ecologica_2604217d.png\",\"contentUrl\":\"https:\/\/franciscanos.org.br\/noticias\/wp-content\/uploads\/2021\/04\/ecologica_2604217d.png\",\"width\":800,\"height\":550},{\"@type\":\"WebPage\",\"@id\":\"https:\/\/franciscanos.org.br\/noticias\/paroquia-do-sagrado-promove-semana-ecologica-franciscana.html#webpage\",\"url\":\"https:\/\/franciscanos.org.br\/noticias\/paroquia-do-sagrado-promove-semana-ecologica-franciscana.html\",\"name\":\"Par\u00f3quia do Sagrado promove Semana Ecol\u00f3gica Franciscana - Not\u00edcias - Franciscanos\",\"isPartOf\":{\"@id\":\"https:\/\/franciscanos.org.br\/noticias\/#website\"},\"primaryImageOfPage\":{\"@id\":\"https:\/\/franciscanos.org.br\/noticias\/paroquia-do-sagrado-promove-semana-ecologica-franciscana.html#primaryimage\"},\"datePublished\":\"2021-04-26T12:23:38+00:00\",\"dateModified\":\"2021-04-26T19:27:39+00:00\",\"author\":{\"@id\":\"https:\/\/franciscanos.org.br\/noticias\/#\/schema\/person\/b5c8cba458c330ccff548b056e95a5d4\"},\"breadcrumb\":{\"@id\":\"https:\/\/franciscanos.org.br\/noticias\/paroquia-do-sagrado-promove-semana-ecologica-franciscana.html#breadcrumb\"},\"inLanguage\":\"pt-BR\",\"potentialAction\":[{\"@type\":\"ReadAction\",\"target\":[\"https:\/\/franciscanos.org.br\/noticias\/paroquia-do-sagrado-promove-semana-ecologica-franciscana.html\"]}]},{\"@type\":\"BreadcrumbList\",\"@id\":\"https:\/\/franciscanos.org.br\/noticias\/paroquia-do-sagrado-promove-semana-ecologica-franciscana.html#breadcrumb\",\"itemListElement\":[{\"@type\":\"ListItem\",\"position\":1,\"name\":\"Home\",\"item\":\"https:\/\/franciscanos.org.br\/noticias\"},{\"@type\":\"ListItem\",\"position\":2,\"name\":\"Par\u00f3quia do Sagrado promove Semana Ecol\u00f3gica Franciscana\"}]},{\"@type\":\"Person\",\"@id\":\"https:\/\/franciscanos.org.br\/noticias\/#\/schema\/person\/b5c8cba458c330ccff548b056e95a5d4\",\"name\":\"moacir\",\"image\":{\"@type\":\"ImageObject\",\"inLanguage\":\"pt-BR\",\"@id\":\"https:\/\/franciscanos.org.br\/noticias\/#\/schema\/person\/image\/\",\"url\":\"https:\/\/secure.gravatar.com\/avatar\/d08aa2ce4c8dd416d4479aa8536fcf64?s=96&d=mm&r=g\",\"contentUrl\":\"https:\/\/secure.gravatar.com\/avatar\/d08aa2ce4c8dd416d4479aa8536fcf64?s=96&d=mm&r=g\",\"caption\":\"moacir\"},\"url\":\"https:\/\/franciscanos.org.br\/noticias\/author\/moacir\"}]}<\/script>\n<!-- \/ Yoast SEO plugin. -->","yoast_head_json":{"title":"Par\u00f3quia do Sagrado promove Semana Ecol\u00f3gica Franciscana - Not\u00edcias - Franciscanos","robots":{"index":"index","follow":"follow","max-snippet":"max-snippet:-1","max-image-preview":"max-image-preview:large","max-video-preview":"max-video-preview:-1"},"canonical":"https:\/\/franciscanos.org.br\/noticias\/paroquia-do-sagrado-promove-semana-ecologica-franciscana.html","og_locale":"pt_BR","og_type":"article","og_title":"Par\u00f3quia do Sagrado promove Semana Ecol\u00f3gica Franciscana - Not\u00edcias - Franciscanos","og_description":"Par\u00f3quia do Sagrado","og_url":"https:\/\/franciscanos.org.br\/noticias\/paroquia-do-sagrado-promove-semana-ecologica-franciscana.html","og_site_name":"Not\u00edcias - Franciscanos","article_published_time":"2021-04-26T12:23:38+00:00","article_modified_time":"2021-04-26T19:27:39+00:00","og_image":[{"width":800,"height":550,"url":"https:\/\/franciscanos.org.br\/noticias\/wp-content\/uploads\/2021\/04\/ecologica_2604217d.png","type":"image\/png"}],"author":"moacir","twitter_card":"summary_large_image","twitter_misc":{"Escrito por":"moacir","Est. tempo de leitura":"2 minutos"},"schema":{"@context":"https:\/\/schema.org","@graph":[{"@type":"WebSite","@id":"https:\/\/franciscanos.org.br\/noticias\/#website","url":"https:\/\/franciscanos.org.br\/noticias\/","name":"Not\u00edcias - Franciscanos","description":"Prov\u00edncia Franciscana da Imaculada Concei\u00e7\u00e3o do Brasil - Ordem dos Frades Menores - OFM","potentialAction":[{"@type":"SearchAction","target":{"@type":"EntryPoint","urlTemplate":"https:\/\/franciscanos.org.br\/noticias\/?s={search_term_string}"},"query-input":"required name=search_term_string"}],"inLanguage":"pt-BR"},{"@type":"ImageObject","inLanguage":"pt-BR","@id":"https:\/\/franciscanos.org.br\/noticias\/paroquia-do-sagrado-promove-semana-ecologica-franciscana.html#primaryimage","url":"https:\/\/franciscanos.org.br\/noticias\/wp-content\/uploads\/2021\/04\/ecologica_2604217d.png","contentUrl":"https:\/\/franciscanos.org.br\/noticias\/wp-content\/uploads\/2021\/04\/ecologica_2604217d.png","width":800,"height":550},{"@type":"WebPage","@id":"https:\/\/franciscanos.org.br\/noticias\/paroquia-do-sagrado-promove-semana-ecologica-franciscana.html#webpage","url":"https:\/\/franciscanos.org.br\/noticias\/paroquia-do-sagrado-promove-semana-ecologica-franciscana.html","name":"Par\u00f3quia do Sagrado promove Semana Ecol\u00f3gica Franciscana - Not\u00edcias - Franciscanos","isPartOf":{"@id":"https:\/\/franciscanos.org.br\/noticias\/#website"},"primaryImageOfPage":{"@id":"https:\/\/franciscanos.org.br\/noticias\/paroquia-do-sagrado-promove-semana-ecologica-franciscana.html#primaryimage"},"datePublished":"2021-04-26T12:23:38+00:00","dateModified":"2021-04-26T19:27:39+00:00","author":{"@id":"https:\/\/franciscanos.org.br\/noticias\/#\/schema\/person\/b5c8cba458c330ccff548b056e95a5d4"},"breadcrumb":{"@id":"https:\/\/franciscanos.org.br\/noticias\/paroquia-do-sagrado-promove-semana-ecologica-franciscana.html#breadcrumb"},"inLanguage":"pt-BR","potentialAction":[{"@type":"ReadAction","target":["https:\/\/franciscanos.org.br\/noticias\/paroquia-do-sagrado-promove-semana-ecologica-franciscana.html"]}]},{"@type":"BreadcrumbList","@id":"https:\/\/franciscanos.org.br\/noticias\/paroquia-do-sagrado-promove-semana-ecologica-franciscana.html#breadcrumb","itemListElement":[{"@type":"ListItem","position":1,"name":"Home","item":"https:\/\/franciscanos.org.br\/noticias"},{"@type":"ListItem","position":2,"name":"Par\u00f3quia do Sagrado promove Semana Ecol\u00f3gica Franciscana"}]},{"@type":"Person","@id":"https:\/\/franciscanos.org.br\/noticias\/#\/schema\/person\/b5c8cba458c330ccff548b056e95a5d4","name":"moacir","image":{"@type":"ImageObject","inLanguage":"pt-BR","@id":"https:\/\/franciscanos.org.br\/noticias\/#\/schema\/person\/image\/","url":"https:\/\/secure.gravatar.com\/avatar\/d08aa2ce4c8dd416d4479aa8536fcf64?s=96&d=mm&r=g","contentUrl":"https:\/\/secure.gravatar.com\/avatar\/d08aa2ce4c8dd416d4479aa8536fcf64?s=96&d=mm&r=g","caption":"moacir"},"url":"https:\/\/franciscanos.org.br\/noticias\/author\/moacir"}]}},"_links":{"self":[{"href":"https:\/\/franciscanos.org.br\/noticias\/wp-json\/wp\/v2\/posts\/231819"}],"collection":[{"href":"https:\/\/franciscanos.org.br\/noticias\/wp-json\/wp\/v2\/posts"}],"about":[{"href":"https:\/\/franciscanos.org.br\/noticias\/wp-json\/wp\/v2\/types\/post"}],"author":[{"embeddable":true,"href":"https:\/\/franciscanos.org.br\/noticias\/wp-json\/wp\/v2\/users\/3"}],"replies":[{"embeddable":true,"href":"https:\/\/franciscanos.org.br\/noticias\/wp-json\/wp\/v2\/comments?post=231819"}],"version-history":[{"count":4,"href":"https:\/\/franciscanos.org.br\/noticias\/wp-json\/wp\/v2\/posts\/231819\/revisions"}],"predecessor-version":[{"id":231833,"href":"https:\/\/franciscanos.org.br\/noticias\/wp-json\/wp\/v2\/posts\/231819\/revisions\/231833"}],"wp:featuredmedia":[{"embeddable":true,"href":"https:\/\/franciscanos.org.br\/noticias\/wp-json\/wp\/v2\/media\/231821"}],"wp:attachment":[{"href":"https:\/\/franciscanos.org.br\/noticias\/wp-json\/wp\/v2\/media?parent=231819"}],"wp:term":[{"taxonomy":"category","embeddable":true,"href":"https:\/\/franciscanos.org.br\/noticias\/wp-json\/wp\/v2\/categories?post=231819"},{"taxonomy":"post_tag","embeddable":true,"href":"https:\/\/franciscanos.org.br\/noticias\/wp-json\/wp\/v2\/tags?post=231819"}],"curies":[{"name":"wp","href":"https:\/\/api.w.org\/{rel}","templated":true}]}}