{"id":231763,"date":"2021-04-24T21:54:54","date_gmt":"2021-04-25T00:54:54","guid":{"rendered":"https:\/\/franciscanos.org.br\/noticias\/?p=231763"},"modified":"2021-04-24T23:53:12","modified_gmt":"2021-04-25T02:53:12","slug":"live-bate-papo-momento-de-oracao-e-de-reflexao-vocacional","status":"publish","type":"post","link":"https:\/\/franciscanos.org.br\/noticias\/live-bate-papo-momento-de-oracao-e-de-reflexao-vocacional.html","title":{"rendered":"&#8216;Live&#8217;: Bate-papo, momento de ora\u00e7\u00e3o e de reflex\u00e3o vocacional"},"content":{"rendered":"<div id=\"attachment_231765\" style=\"width: 1290px\" class=\"wp-caption alignnone\"><img aria-describedby=\"caption-attachment-231765\" loading=\"lazy\" class=\"wp-image-231765 size-full\" src=\"https:\/\/franciscanos.org.br\/noticias\/wp-content\/uploads\/2021\/04\/live_07.jpg\" alt=\"\" width=\"1280\" height=\"720\" srcset=\"https:\/\/franciscanos.org.br\/noticias\/wp-content\/uploads\/2021\/04\/live_07.jpg 1280w, https:\/\/franciscanos.org.br\/noticias\/wp-content\/uploads\/2021\/04\/live_07-450x253.jpg 450w, https:\/\/franciscanos.org.br\/noticias\/wp-content\/uploads\/2021\/04\/live_07-1024x576.jpg 1024w, https:\/\/franciscanos.org.br\/noticias\/wp-content\/uploads\/2021\/04\/live_07-768x432.jpg 768w, https:\/\/franciscanos.org.br\/noticias\/wp-content\/uploads\/2021\/04\/live_07-150x84.jpg 150w\" sizes=\"(max-width: 1280px) 100vw, 1280px\" \/><p id=\"caption-attachment-231765\" class=\"wp-caption-text\"><em>\u00a0 \u00a0 Imagens: captura de tela da transmiss\u00e3o digital<\/em><\/p><\/div>\n<p><strong>S\u00e3o Paulo (SP)<\/strong> \u2013 O Servi\u00e7o de Anima\u00e7\u00e3o Vocacional (SAV) da Prov\u00edncia da Imaculada Concei\u00e7\u00e3o fez neste ano o primeiro encontro vocacional atrav\u00e9s de uma <em>live<\/em>, transmitida diretamente do Santu\u00e1rio Frei Galv\u00e3o, em Guaratinguet\u00e1, que desde o dia 11 deste m\u00eas tem a assist\u00eancia dos frades da Prov\u00edncia. Este momento virtual foi necess\u00e1rio devido ao crescimento da pandemia e reuniu, no est\u00fadio da TV Web Frei Galv\u00e3o, o reitor e animador vocacional da Prov\u00edncia, Frei Diego Melo, e os postulantes Marcos Ant\u00f4nio de Morais Junior e Samuel Cavalcanti do Amaral, que animou o encontro com sua voz e viol\u00e3o.<\/p>\n<p>Frei Diego lembrou que em Guaratinguet\u00e1 est\u00e1 o Semin\u00e1rio Frei Galv\u00e3o, a casa de forma\u00e7\u00e3o para a etapa do Postulantado da Prov\u00edncia. Um pouco do dia a dia dos postulantes foi mostrado em v\u00eddeo. Participaram ainda desta Live Frei Leandro Costa e Frei Ruan Felipe Sguissardi, diretamente de Conc\u00f3rdia, em Santa Catarina. Eles far\u00e3o o trabalho vocacional visitando as Fraternidades da Prov\u00edncia neste ano.<\/p>\n<p><img loading=\"lazy\" class=\"alignnone wp-image-231766 size-full\" src=\"https:\/\/franciscanos.org.br\/noticias\/wp-content\/uploads\/2021\/04\/live_03.jpg\" alt=\"\" width=\"1920\" height=\"963\" srcset=\"https:\/\/franciscanos.org.br\/noticias\/wp-content\/uploads\/2021\/04\/live_03.jpg 1920w, https:\/\/franciscanos.org.br\/noticias\/wp-content\/uploads\/2021\/04\/live_03-450x226.jpg 450w, https:\/\/franciscanos.org.br\/noticias\/wp-content\/uploads\/2021\/04\/live_03-1024x514.jpg 1024w, https:\/\/franciscanos.org.br\/noticias\/wp-content\/uploads\/2021\/04\/live_03-768x385.jpg 768w, https:\/\/franciscanos.org.br\/noticias\/wp-content\/uploads\/2021\/04\/live_03-1536x770.jpg 1536w, https:\/\/franciscanos.org.br\/noticias\/wp-content\/uploads\/2021\/04\/live_03-150x75.jpg 150w\" sizes=\"(max-width: 1920px) 100vw, 1920px\" \/><\/p>\n<p>&#8220;Ambos estamos na miss\u00e3o no Oeste Catarinense, mais precisamente na cidade de Conc\u00f3rdia (SC), em miss\u00e3o da anima\u00e7\u00e3o vocacional&#8221;, adiantou Frei Leandro. Frei Ruan leu uma passagem da Regra N\u00e3o Bulada de S\u00e3o Francisco: &#8220;Se algu\u00e9m, querendo, por inspira\u00e7\u00e3o divina, receber esta vida, vier aos nossos frades, seja benignamente recebido por eles&#8221;.<\/p>\n<p>&#8220;Ent\u00e3o, \u00e9 com esta motiva\u00e7\u00e3o de S\u00e3o Francisco que n\u00f3s queremos estender esse convite a voc\u00ea jovem, que est\u00e1 participando desta live vocacional. Se for por inspira\u00e7\u00e3o da a\u00e7\u00e3o divina, venha, junte-se ao nosso grupo, \u00e0 nossa Ordem e venha experimentar essa Regra de vida dos frades e o Evangelho de Deus, dito e vivido por S\u00e3o Francisco&#8221;, convidou Frei Leandro.<\/p>\n<p>Este encontro aconteceu na v\u00e9spera do 4\u00ba Domingo da P\u00e1scoa, o Domingo do Bom Pastor e o <strong><a href=\"https:\/\/franciscanos.org.br\/vidacrista\/mensagem-do-santo-padre-francisco-para-o-58o-dia-mundial-de-oracao-pelas-vocacoes\/#gsc.tab=0\" target=\"_blank\" rel=\"noopener noreferrer\">Dia Mundial de Ora\u00e7\u00e3o pelas Voca\u00e7\u00f5es Presbiterais e Religiosa<\/a>s<\/strong>. &#8220;\u00c9 com alegria que hoje estamos reunidos, de modo virtual, mas com o nosso cora\u00e7\u00e3o em festa. Domingo do Bom Pastor, domingo de Ora\u00e7\u00e3o Mundial pelas Voca\u00e7\u00f5es. E n\u00e3o poder\u00edamos deixar esta data t\u00e3o significativa passar em branco&#8221;, disse Frei Diego.<\/p>\n<p><img loading=\"lazy\" class=\"alignnone wp-image-231767 size-full\" src=\"https:\/\/franciscanos.org.br\/noticias\/wp-content\/uploads\/2021\/04\/live_05.jpg\" alt=\"\" width=\"1280\" height=\"785\" srcset=\"https:\/\/franciscanos.org.br\/noticias\/wp-content\/uploads\/2021\/04\/live_05.jpg 1280w, https:\/\/franciscanos.org.br\/noticias\/wp-content\/uploads\/2021\/04\/live_05-450x276.jpg 450w, https:\/\/franciscanos.org.br\/noticias\/wp-content\/uploads\/2021\/04\/live_05-1024x628.jpg 1024w, https:\/\/franciscanos.org.br\/noticias\/wp-content\/uploads\/2021\/04\/live_05-768x471.jpg 768w, https:\/\/franciscanos.org.br\/noticias\/wp-content\/uploads\/2021\/04\/live_05-150x92.jpg 150w\" sizes=\"(max-width: 1280px) 100vw, 1280px\" \/><\/p>\n<div id=\"attachment_231768\" style=\"width: 1290px\" class=\"wp-caption alignnone\"><img aria-describedby=\"caption-attachment-231768\" loading=\"lazy\" class=\"wp-image-231768 size-full\" src=\"https:\/\/franciscanos.org.br\/noticias\/wp-content\/uploads\/2021\/04\/live_04.jpg\" alt=\"\" width=\"1280\" height=\"668\" srcset=\"https:\/\/franciscanos.org.br\/noticias\/wp-content\/uploads\/2021\/04\/live_04.jpg 1280w, https:\/\/franciscanos.org.br\/noticias\/wp-content\/uploads\/2021\/04\/live_04-450x235.jpg 450w, https:\/\/franciscanos.org.br\/noticias\/wp-content\/uploads\/2021\/04\/live_04-1024x534.jpg 1024w, https:\/\/franciscanos.org.br\/noticias\/wp-content\/uploads\/2021\/04\/live_04-768x401.jpg 768w, https:\/\/franciscanos.org.br\/noticias\/wp-content\/uploads\/2021\/04\/live_04-150x78.jpg 150w\" sizes=\"(max-width: 1280px) 100vw, 1280px\" \/><p id=\"caption-attachment-231768\" class=\"wp-caption-text\"><em>Marcos Ant\u00f4nio de Morais Junior (no alto) e Samuel Cavalcanti do Amaral (abaixo)<\/em><\/p><\/div>\n<p>O Evangelho do Bom Pastor serviu de base para a reflex\u00e3o. &#8220;Este \u00e9 o evangelho que voc\u00ea vai ouvir neste final de semana, nas nossas igrejas, atrav\u00e9s da internet. Este \u00e9 o Evangelho que fala do Bom Pastor. Um pastor que n\u00e3o se aproveita das suas ovelhas, mas que entrega a pr\u00f3pria vida por elas. Falar de voca\u00e7\u00e3o significa falar de uma resposta a um convite, a um chamado desse Pastor, que d\u00e1 a vida por cada um de n\u00f3s e que nos convida tamb\u00e9m a fazermos o mesmo&#8221;, lembrou Frei Diego, pedindo para cantar &#8220;Tu \u00e9s, Senhor, o meu pastor por isso nada, nada, me faltar\u00e1&#8221;.<\/p>\n<p>O frade explicou que foram programadas neste ano quatro<em> Lives<\/em> vocacionais enquanto a pandemia n\u00e3o permite os encontros presenciais. Frei Diego informou que os encontros ser\u00e3o em todo o territ\u00f3rio da Prov\u00edncia, ficando marcado o pr\u00f3ximo para o dia 26 de junho no Convento S\u00e3o Boaventura, em Campo Largo (PR), onde est\u00e3o os frades professos tempor\u00e1rios do tempo da Filosofia.<\/p>\n<p>A pedido de Frei Diego, os postulantes Marcos, de Agudos (SP), e Samuel, de Nil\u00f3polis (RJ), falaram de suas voca\u00e7\u00f5es e do processo vocacional.<\/p>\n<p>Depois o frade falou diretamente para os jovens em processo de discernimento: &#8220;N\u00e3o protele muito. Quem sabe seja hoje o dia de responder com alegria. Ou quem sabe voc\u00ea, que est\u00e1 nos acompanhando, conhe\u00e7a algu\u00e9m na sua comunidade que demonstra esse interesse pelas coisas de Deus. Voc\u00ea pode ser tamb\u00e9m um canal, um animador ou animadora vocacional e questionar esse jovem: &#8216;quem sabe o seu caminho n\u00e3o seja a vida religiosa franciscana&#8217;? Seja um animador vocacional&#8221;, pediu Frei Diego.<\/p>\n<p><img loading=\"lazy\" class=\"alignnone wp-image-231769 size-full\" src=\"https:\/\/franciscanos.org.br\/noticias\/wp-content\/uploads\/2021\/04\/live_06.jpg\" alt=\"\" width=\"1280\" height=\"754\" srcset=\"https:\/\/franciscanos.org.br\/noticias\/wp-content\/uploads\/2021\/04\/live_06.jpg 1280w, https:\/\/franciscanos.org.br\/noticias\/wp-content\/uploads\/2021\/04\/live_06-450x265.jpg 450w, https:\/\/franciscanos.org.br\/noticias\/wp-content\/uploads\/2021\/04\/live_06-1024x603.jpg 1024w, https:\/\/franciscanos.org.br\/noticias\/wp-content\/uploads\/2021\/04\/live_06-768x452.jpg 768w, https:\/\/franciscanos.org.br\/noticias\/wp-content\/uploads\/2021\/04\/live_06-150x88.jpg 150w\" sizes=\"(max-width: 1280px) 100vw, 1280px\" \/><\/p>\n<p>Frei Diego tamb\u00e9m destacou a carta do Papa Francisco escrita para este 58\u00ba Dia Mundial de Ora\u00e7\u00e3o pelas Voca\u00e7\u00f5es. &#8220;J\u00e1 que estamos neste ano de S\u00e3o Jos\u00e9, o Papa Francisco escolheu tr\u00eas palavras-chave para nos ajudar a refletir sobre a voca\u00e7\u00e3o. A primeira \u00e9 sonho, tomando a capacidade de S\u00e3o Jos\u00e9 ouvir os sonhos, interpret\u00e1-los e se abrir para o sagrado, para o transcendente, para estar aberto aos sonhos de Deus. O Papa Francisco nos fala que toda voca\u00e7\u00e3o nasce pelo desejo de sonhar coisas grandes, sonhar alto, sonhar projetos que enchem a alma&#8221;, explicou, recordando a voca\u00e7\u00e3o de Frei Alberto Eckel, seu colega de turma no Semin\u00e1rio. &#8220;Celebrar o sonho, \u00e9 celebrar esse ideal de algu\u00e9m que nunca desiste. De algu\u00e9m que alimenta e acalenta esse sonho&#8221;, acrescentou.<\/p>\n<p>Uma segunda palavra que marca o itiner\u00e1rio de S\u00e3o Jos\u00e9 e de sua voca\u00e7\u00e3o \u00e9 o servi\u00e7o. &#8220;Outro aspecto bonito \u00e9 o da fidelidade, que o Papa destaca. \u00c9 importante a gente come\u00e7ar bem, mas mais importante \u00e9 ser perseverante at\u00e9 o fim&#8221;, destacou Frei Diego. Para ilustrar esse momento, foi mostrado um v\u00eddeo da Casa Acolhedora de Bragan\u00e7a Paulista, onde est\u00e3o os frades idosos e enfermos da Prov\u00edncia <strong>(<a href=\"https:\/\/www.youtube.com\/watch?v=slQIrXiWvAM\" target=\"_blank\" rel=\"noopener noreferrer\">VEJA O V\u00cdDEO)<\/a><\/strong>. &#8220;Fidelidade tem a ver com perseveran\u00e7a, persist\u00eancia, com dedica\u00e7\u00e3o. Esses dois jovens est\u00e3o no segundo ano do Semin\u00e1rio. Eu estou um pouquinho mais. Mas tem muita gente, muitos frades, que doaram e gastaram suas vidas pelo reino de Deus&#8221;, frisou o reitor do Santu\u00e1rio Frei Galv\u00e3o.<\/p>\n<p>&#8220;A gente quer dizer, com esse v\u00eddeo, que vale a pena ser franciscano. A gente quer dizer que vale a pena seguir o sonho e se colocar a servi\u00e7o, que vale a pena seguir esse Pastor que d\u00e1 a vida pelas suas ovelhas e que, por isso, tamb\u00e9m a gente gasta a vida por essa causa do Reino&#8221;, disse, agradecendo a todos que participaram desta<em> Live<\/em>.<\/p>\n<hr \/>\n<p><strong>Moacir Beggo<\/strong><\/p>\n<p><img loading=\"lazy\" class=\"alignnone wp-image-231764 size-full\" src=\"https:\/\/franciscanos.org.br\/noticias\/wp-content\/uploads\/2021\/04\/live_01.jpg\" alt=\"\" width=\"1280\" height=\"692\" srcset=\"https:\/\/franciscanos.org.br\/noticias\/wp-content\/uploads\/2021\/04\/live_01.jpg 1280w, https:\/\/franciscanos.org.br\/noticias\/wp-content\/uploads\/2021\/04\/live_01-450x243.jpg 450w, https:\/\/franciscanos.org.br\/noticias\/wp-content\/uploads\/2021\/04\/live_01-1024x554.jpg 1024w, https:\/\/franciscanos.org.br\/noticias\/wp-content\/uploads\/2021\/04\/live_01-768x415.jpg 768w, https:\/\/franciscanos.org.br\/noticias\/wp-content\/uploads\/2021\/04\/live_01-150x81.jpg 150w\" sizes=\"(max-width: 1280px) 100vw, 1280px\" \/><\/p>\n","protected":false},"excerpt":{"rendered":"<p>Servi\u00e7o de Anima\u00e7\u00e3o Vocacional<\/p>\n","protected":false},"author":3,"featured_media":231770,"comment_status":"open","ping_status":"open","sticky":false,"template":"","format":"standard","meta":[],"categories":[1],"tags":[552],"acf":[],"yoast_head":"<!-- This site is optimized with the Yoast SEO plugin v19.2 - https:\/\/yoast.com\/wordpress\/plugins\/seo\/ -->\n<title>&#039;Live&#039;: Bate-papo, momento de ora\u00e7\u00e3o e de reflex\u00e3o vocacional - Not\u00edcias - Franciscanos<\/title>\n<meta name=\"robots\" content=\"index, follow, max-snippet:-1, max-image-preview:large, max-video-preview:-1\" \/>\n<link rel=\"canonical\" href=\"https:\/\/franciscanos.org.br\/noticias\/live-bate-papo-momento-de-oracao-e-de-reflexao-vocacional.html\" \/>\n<meta property=\"og:locale\" content=\"pt_BR\" \/>\n<meta property=\"og:type\" content=\"article\" \/>\n<meta property=\"og:title\" content=\"&#039;Live&#039;: Bate-papo, momento de ora\u00e7\u00e3o e de reflex\u00e3o vocacional - Not\u00edcias - Franciscanos\" \/>\n<meta property=\"og:description\" content=\"Servi\u00e7o de Anima\u00e7\u00e3o Vocacional\" \/>\n<meta property=\"og:url\" content=\"https:\/\/franciscanos.org.br\/noticias\/live-bate-papo-momento-de-oracao-e-de-reflexao-vocacional.html\" \/>\n<meta property=\"og:site_name\" content=\"Not\u00edcias - Franciscanos\" \/>\n<meta property=\"article:published_time\" content=\"2021-04-25T00:54:54+00:00\" \/>\n<meta property=\"article:modified_time\" content=\"2021-04-25T02:53:12+00:00\" \/>\n<meta property=\"og:image\" content=\"https:\/\/franciscanos.org.br\/noticias\/wp-content\/uploads\/2021\/04\/live_d.jpg\" \/>\n\t<meta property=\"og:image:width\" content=\"800\" \/>\n\t<meta property=\"og:image:height\" content=\"500\" \/>\n\t<meta property=\"og:image:type\" content=\"image\/jpeg\" \/>\n<meta name=\"author\" content=\"moacir\" \/>\n<meta name=\"twitter:card\" content=\"summary_large_image\" \/>\n<meta name=\"twitter:label1\" content=\"Escrito por\" \/>\n\t<meta name=\"twitter:data1\" content=\"moacir\" \/>\n\t<meta name=\"twitter:label2\" content=\"Est. tempo de leitura\" \/>\n\t<meta name=\"twitter:data2\" content=\"5 minutos\" \/>\n<script type=\"application\/ld+json\" class=\"yoast-schema-graph\">{\"@context\":\"https:\/\/schema.org\",\"@graph\":[{\"@type\":\"WebSite\",\"@id\":\"https:\/\/franciscanos.org.br\/noticias\/#website\",\"url\":\"https:\/\/franciscanos.org.br\/noticias\/\",\"name\":\"Not\u00edcias - Franciscanos\",\"description\":\"Prov\u00edncia Franciscana da Imaculada Concei\u00e7\u00e3o do Brasil - Ordem dos Frades Menores - OFM\",\"potentialAction\":[{\"@type\":\"SearchAction\",\"target\":{\"@type\":\"EntryPoint\",\"urlTemplate\":\"https:\/\/franciscanos.org.br\/noticias\/?s={search_term_string}\"},\"query-input\":\"required name=search_term_string\"}],\"inLanguage\":\"pt-BR\"},{\"@type\":\"ImageObject\",\"inLanguage\":\"pt-BR\",\"@id\":\"https:\/\/franciscanos.org.br\/noticias\/live-bate-papo-momento-de-oracao-e-de-reflexao-vocacional.html#primaryimage\",\"url\":\"https:\/\/franciscanos.org.br\/noticias\/wp-content\/uploads\/2021\/04\/live_d.jpg\",\"contentUrl\":\"https:\/\/franciscanos.org.br\/noticias\/wp-content\/uploads\/2021\/04\/live_d.jpg\",\"width\":800,\"height\":500},{\"@type\":\"WebPage\",\"@id\":\"https:\/\/franciscanos.org.br\/noticias\/live-bate-papo-momento-de-oracao-e-de-reflexao-vocacional.html#webpage\",\"url\":\"https:\/\/franciscanos.org.br\/noticias\/live-bate-papo-momento-de-oracao-e-de-reflexao-vocacional.html\",\"name\":\"'Live': Bate-papo, momento de ora\u00e7\u00e3o e de reflex\u00e3o vocacional - Not\u00edcias - Franciscanos\",\"isPartOf\":{\"@id\":\"https:\/\/franciscanos.org.br\/noticias\/#website\"},\"primaryImageOfPage\":{\"@id\":\"https:\/\/franciscanos.org.br\/noticias\/live-bate-papo-momento-de-oracao-e-de-reflexao-vocacional.html#primaryimage\"},\"datePublished\":\"2021-04-25T00:54:54+00:00\",\"dateModified\":\"2021-04-25T02:53:12+00:00\",\"author\":{\"@id\":\"https:\/\/franciscanos.org.br\/noticias\/#\/schema\/person\/b5c8cba458c330ccff548b056e95a5d4\"},\"breadcrumb\":{\"@id\":\"https:\/\/franciscanos.org.br\/noticias\/live-bate-papo-momento-de-oracao-e-de-reflexao-vocacional.html#breadcrumb\"},\"inLanguage\":\"pt-BR\",\"potentialAction\":[{\"@type\":\"ReadAction\",\"target\":[\"https:\/\/franciscanos.org.br\/noticias\/live-bate-papo-momento-de-oracao-e-de-reflexao-vocacional.html\"]}]},{\"@type\":\"BreadcrumbList\",\"@id\":\"https:\/\/franciscanos.org.br\/noticias\/live-bate-papo-momento-de-oracao-e-de-reflexao-vocacional.html#breadcrumb\",\"itemListElement\":[{\"@type\":\"ListItem\",\"position\":1,\"name\":\"Home\",\"item\":\"https:\/\/franciscanos.org.br\/noticias\"},{\"@type\":\"ListItem\",\"position\":2,\"name\":\"&#8216;Live&#8217;: Bate-papo, momento de ora\u00e7\u00e3o e de reflex\u00e3o vocacional\"}]},{\"@type\":\"Person\",\"@id\":\"https:\/\/franciscanos.org.br\/noticias\/#\/schema\/person\/b5c8cba458c330ccff548b056e95a5d4\",\"name\":\"moacir\",\"image\":{\"@type\":\"ImageObject\",\"inLanguage\":\"pt-BR\",\"@id\":\"https:\/\/franciscanos.org.br\/noticias\/#\/schema\/person\/image\/\",\"url\":\"https:\/\/secure.gravatar.com\/avatar\/d08aa2ce4c8dd416d4479aa8536fcf64?s=96&d=mm&r=g\",\"contentUrl\":\"https:\/\/secure.gravatar.com\/avatar\/d08aa2ce4c8dd416d4479aa8536fcf64?s=96&d=mm&r=g\",\"caption\":\"moacir\"},\"url\":\"https:\/\/franciscanos.org.br\/noticias\/author\/moacir\"}]}<\/script>\n<!-- \/ Yoast SEO plugin. -->","yoast_head_json":{"title":"'Live': Bate-papo, momento de ora\u00e7\u00e3o e de reflex\u00e3o vocacional - Not\u00edcias - Franciscanos","robots":{"index":"index","follow":"follow","max-snippet":"max-snippet:-1","max-image-preview":"max-image-preview:large","max-video-preview":"max-video-preview:-1"},"canonical":"https:\/\/franciscanos.org.br\/noticias\/live-bate-papo-momento-de-oracao-e-de-reflexao-vocacional.html","og_locale":"pt_BR","og_type":"article","og_title":"'Live': Bate-papo, momento de ora\u00e7\u00e3o e de reflex\u00e3o vocacional - Not\u00edcias - Franciscanos","og_description":"Servi\u00e7o de Anima\u00e7\u00e3o Vocacional","og_url":"https:\/\/franciscanos.org.br\/noticias\/live-bate-papo-momento-de-oracao-e-de-reflexao-vocacional.html","og_site_name":"Not\u00edcias - Franciscanos","article_published_time":"2021-04-25T00:54:54+00:00","article_modified_time":"2021-04-25T02:53:12+00:00","og_image":[{"width":800,"height":500,"url":"https:\/\/franciscanos.org.br\/noticias\/wp-content\/uploads\/2021\/04\/live_d.jpg","type":"image\/jpeg"}],"author":"moacir","twitter_card":"summary_large_image","twitter_misc":{"Escrito por":"moacir","Est. tempo de leitura":"5 minutos"},"schema":{"@context":"https:\/\/schema.org","@graph":[{"@type":"WebSite","@id":"https:\/\/franciscanos.org.br\/noticias\/#website","url":"https:\/\/franciscanos.org.br\/noticias\/","name":"Not\u00edcias - Franciscanos","description":"Prov\u00edncia Franciscana da Imaculada Concei\u00e7\u00e3o do Brasil - Ordem dos Frades Menores - OFM","potentialAction":[{"@type":"SearchAction","target":{"@type":"EntryPoint","urlTemplate":"https:\/\/franciscanos.org.br\/noticias\/?s={search_term_string}"},"query-input":"required name=search_term_string"}],"inLanguage":"pt-BR"},{"@type":"ImageObject","inLanguage":"pt-BR","@id":"https:\/\/franciscanos.org.br\/noticias\/live-bate-papo-momento-de-oracao-e-de-reflexao-vocacional.html#primaryimage","url":"https:\/\/franciscanos.org.br\/noticias\/wp-content\/uploads\/2021\/04\/live_d.jpg","contentUrl":"https:\/\/franciscanos.org.br\/noticias\/wp-content\/uploads\/2021\/04\/live_d.jpg","width":800,"height":500},{"@type":"WebPage","@id":"https:\/\/franciscanos.org.br\/noticias\/live-bate-papo-momento-de-oracao-e-de-reflexao-vocacional.html#webpage","url":"https:\/\/franciscanos.org.br\/noticias\/live-bate-papo-momento-de-oracao-e-de-reflexao-vocacional.html","name":"'Live': Bate-papo, momento de ora\u00e7\u00e3o e de reflex\u00e3o vocacional - Not\u00edcias - Franciscanos","isPartOf":{"@id":"https:\/\/franciscanos.org.br\/noticias\/#website"},"primaryImageOfPage":{"@id":"https:\/\/franciscanos.org.br\/noticias\/live-bate-papo-momento-de-oracao-e-de-reflexao-vocacional.html#primaryimage"},"datePublished":"2021-04-25T00:54:54+00:00","dateModified":"2021-04-25T02:53:12+00:00","author":{"@id":"https:\/\/franciscanos.org.br\/noticias\/#\/schema\/person\/b5c8cba458c330ccff548b056e95a5d4"},"breadcrumb":{"@id":"https:\/\/franciscanos.org.br\/noticias\/live-bate-papo-momento-de-oracao-e-de-reflexao-vocacional.html#breadcrumb"},"inLanguage":"pt-BR","potentialAction":[{"@type":"ReadAction","target":["https:\/\/franciscanos.org.br\/noticias\/live-bate-papo-momento-de-oracao-e-de-reflexao-vocacional.html"]}]},{"@type":"BreadcrumbList","@id":"https:\/\/franciscanos.org.br\/noticias\/live-bate-papo-momento-de-oracao-e-de-reflexao-vocacional.html#breadcrumb","itemListElement":[{"@type":"ListItem","position":1,"name":"Home","item":"https:\/\/franciscanos.org.br\/noticias"},{"@type":"ListItem","position":2,"name":"&#8216;Live&#8217;: Bate-papo, momento de ora\u00e7\u00e3o e de reflex\u00e3o vocacional"}]},{"@type":"Person","@id":"https:\/\/franciscanos.org.br\/noticias\/#\/schema\/person\/b5c8cba458c330ccff548b056e95a5d4","name":"moacir","image":{"@type":"ImageObject","inLanguage":"pt-BR","@id":"https:\/\/franciscanos.org.br\/noticias\/#\/schema\/person\/image\/","url":"https:\/\/secure.gravatar.com\/avatar\/d08aa2ce4c8dd416d4479aa8536fcf64?s=96&d=mm&r=g","contentUrl":"https:\/\/secure.gravatar.com\/avatar\/d08aa2ce4c8dd416d4479aa8536fcf64?s=96&d=mm&r=g","caption":"moacir"},"url":"https:\/\/franciscanos.org.br\/noticias\/author\/moacir"}]}},"_links":{"self":[{"href":"https:\/\/franciscanos.org.br\/noticias\/wp-json\/wp\/v2\/posts\/231763"}],"collection":[{"href":"https:\/\/franciscanos.org.br\/noticias\/wp-json\/wp\/v2\/posts"}],"about":[{"href":"https:\/\/franciscanos.org.br\/noticias\/wp-json\/wp\/v2\/types\/post"}],"author":[{"embeddable":true,"href":"https:\/\/franciscanos.org.br\/noticias\/wp-json\/wp\/v2\/users\/3"}],"replies":[{"embeddable":true,"href":"https:\/\/franciscanos.org.br\/noticias\/wp-json\/wp\/v2\/comments?post=231763"}],"version-history":[{"count":5,"href":"https:\/\/franciscanos.org.br\/noticias\/wp-json\/wp\/v2\/posts\/231763\/revisions"}],"predecessor-version":[{"id":231775,"href":"https:\/\/franciscanos.org.br\/noticias\/wp-json\/wp\/v2\/posts\/231763\/revisions\/231775"}],"wp:featuredmedia":[{"embeddable":true,"href":"https:\/\/franciscanos.org.br\/noticias\/wp-json\/wp\/v2\/media\/231770"}],"wp:attachment":[{"href":"https:\/\/franciscanos.org.br\/noticias\/wp-json\/wp\/v2\/media?parent=231763"}],"wp:term":[{"taxonomy":"category","embeddable":true,"href":"https:\/\/franciscanos.org.br\/noticias\/wp-json\/wp\/v2\/categories?post=231763"},{"taxonomy":"post_tag","embeddable":true,"href":"https:\/\/franciscanos.org.br\/noticias\/wp-json\/wp\/v2\/tags?post=231763"}],"curies":[{"name":"wp","href":"https:\/\/api.w.org\/{rel}","templated":true}]}}