{"id":231759,"date":"2021-04-23T08:42:27","date_gmt":"2021-04-23T11:42:27","guid":{"rendered":"https:\/\/franciscanos.org.br\/noticias\/?p=231759"},"modified":"2021-04-23T08:42:27","modified_gmt":"2021-04-23T11:42:27","slug":"papa-faz-visita-surpresa-aos-pobres-que-recebem-no-vaticano-2a-dose-anti-covid","status":"publish","type":"post","link":"https:\/\/franciscanos.org.br\/noticias\/papa-faz-visita-surpresa-aos-pobres-que-recebem-no-vaticano-2a-dose-anti-covid.html","title":{"rendered":"Papa faz visita surpresa aos pobres que recebem no Vaticano 2\u00aa dose anti-Covid"},"content":{"rendered":"<div id=\"attachment_231760\" style=\"width: 1510px\" class=\"wp-caption alignnone\"><img aria-describedby=\"caption-attachment-231760\" loading=\"lazy\" class=\"wp-image-231760 size-full\" src=\"https:\/\/franciscanos.org.br\/noticias\/wp-content\/uploads\/2021\/04\/PAPA_POBRES3.jpeg\" alt=\"\" width=\"1500\" height=\"843\" srcset=\"https:\/\/franciscanos.org.br\/noticias\/wp-content\/uploads\/2021\/04\/PAPA_POBRES3.jpeg 1500w, https:\/\/franciscanos.org.br\/noticias\/wp-content\/uploads\/2021\/04\/PAPA_POBRES3-450x253.jpeg 450w, https:\/\/franciscanos.org.br\/noticias\/wp-content\/uploads\/2021\/04\/PAPA_POBRES3-1024x575.jpeg 1024w, https:\/\/franciscanos.org.br\/noticias\/wp-content\/uploads\/2021\/04\/PAPA_POBRES3-768x432.jpeg 768w, https:\/\/franciscanos.org.br\/noticias\/wp-content\/uploads\/2021\/04\/PAPA_POBRES3-150x84.jpeg 150w\" sizes=\"(max-width: 1500px) 100vw, 1500px\" \/><p id=\"caption-attachment-231760\" class=\"wp-caption-text\">\u00a0 \u00a0 \u00a0 \u00a0 \u00a0 \u00a0 \u00a0 \u00a0 \u00a0 \u00a0 \u00a0 \u00a0 \u00a0 \u00a0 \u00a0 \u00a0 \u00a0 \u00a0 \u00a0 \u00a0 \u00a0 \u00a0 \u00a0 \u00a0 \u00a0 \u00a0 \u00a0 \u00a0 \u00a0 \u00a0 \u00a0 \u00a0 \u00a0 \u00a0 \u00a0 \u00a0 \u00a0 \u00a0 \u00a0 \u00a0 \u00a0 \u00a0 \u00a0 \u00a0 \u00a0 \u00a0 \u00a0 \u00a0 \u00a0 \u00a0 \u00a0 \u00a0 \u00a0 \u00a0 \u00a0 \u00a0 \u00a0 \u00a0 \u00a0 \u00a0 \u00a0 \u00a0 \u00a0 \u00a0 \u00a0 \u00a0 \u00a0 \u00a0 \u00a0 \u00a0 \u00a0 \u00a0 \u00a0 \u00a0 \u00a0 \u00a0 \u00a0 \u00a0 \u00a0 \u00a0 \u00a0 \u00a0 \u00a0 \u00a0 \u00a0 \u00a0 \u00a0 \u00a0 <em>\u00a0 \u00a0 \u00a0 \u00a0Imagem: Vatican Media<\/em><\/p><\/div>\n<p>No dia de seu onom\u00e1stico, esta sexta-feira, 23 de abril, mem\u00f3ria lit\u00fargica de S\u00e3o Jorge M\u00e1rtir, pouco depois das 10h30 da manh\u00e3, o Papa Francisco foi ao \u00e1trio da Sala Paulo VI, no Vaticano, para visitar as pessoas necessitadas acolhidas e acompanhadas por algumas associa\u00e7\u00f5es romanas enquanto esperavam para serem vacinadas, informa um comunicado da Sala de Imprensa da Santa S\u00e9.<\/p>\n<p>O Papa saudou os presentes ao longo do percurso preparado no \u00e1trio para a vacina\u00e7\u00e3o, desde a entrada at\u00e9 a \u00e1rea de espera ap\u00f3s a conclus\u00e3o do procedimento pr\u00e9vio \u00e0 vacina\u00e7\u00e3o. No final do trajeto, Francisco parou para oferecer um ovo de chocolate, que foi distribu\u00eddo a todos pelos volunt\u00e1rios, de acordo com as medidas sanit\u00e1rias em vigor.<\/p>\n<p>Ao sair, informa ainda o referido comunicado, os presentes entoaram um canto de felicita\u00e7\u00f5es pelo onom\u00e1stico do Santo Padre, enquanto ele parou para conversar com alguns dos volunt\u00e1rios, num ambiente festivo e afetuoso, agradecendo-lhes e recomendando-lhes que &#8220;continuem em seu compromisso!<\/p>\n<p>Atrav\u00e9s do Esmoleiro, o Santo Padre dirigiu palavras de gratid\u00e3o \u00e0queles que contribu\u00edram para o procedimento de vacina\u00e7\u00e3o e para a iniciativa da &#8220;vacina suspensa&#8221; que permitir\u00e1 alcan\u00e7ar muitos que aguardam a vacina\u00e7\u00e3o nos pa\u00edses mais pobres.<\/p>\n<p>Pouco depois das 11h da manh\u00e3, o Papa Francisco voltou para a Casa Santa Marta. Nesta sexta-feira &#8220;ser\u00e3o vacinadas pouco menos de 600 das aproximadamente 1400 pessoas carentes que receberam a primeira dose semanas atr\u00e1s&#8221;, conclui a referida comunica\u00e7\u00e3o da Sala de Imprensa vaticana.<\/p>\n<p>Essas mulheres e homens fazem parte dos cerca de 1.400 benefici\u00e1rios da campanha de vacina\u00e7\u00e3o anti-Covid-19 iniciada durante a Semana Santa pela Esmolaria Apost\u00f3lica em colabora\u00e7\u00e3o com outras associa\u00e7\u00f5es.<\/p>\n<hr \/>\n<p><em>Fonte: Vatican News (texto de Raimundo de Lima)<\/em><\/p>\n","protected":false},"excerpt":{"rendered":"<p>Papa Francisco<\/p>\n","protected":false},"author":3,"featured_media":231761,"comment_status":"open","ping_status":"open","sticky":false,"template":"","format":"standard","meta":[],"categories":[1428],"tags":[55],"acf":[],"yoast_head":"<!-- This site is optimized with the Yoast SEO plugin v19.2 - https:\/\/yoast.com\/wordpress\/plugins\/seo\/ -->\n<title>Papa faz visita surpresa aos pobres que recebem no Vaticano 2\u00aa dose anti-Covid - Not\u00edcias - Franciscanos<\/title>\n<meta name=\"robots\" content=\"index, follow, max-snippet:-1, max-image-preview:large, max-video-preview:-1\" \/>\n<link rel=\"canonical\" href=\"https:\/\/franciscanos.org.br\/noticias\/papa-faz-visita-surpresa-aos-pobres-que-recebem-no-vaticano-2a-dose-anti-covid.html\" \/>\n<meta property=\"og:locale\" content=\"pt_BR\" \/>\n<meta property=\"og:type\" content=\"article\" \/>\n<meta property=\"og:title\" content=\"Papa faz visita surpresa aos pobres que recebem no Vaticano 2\u00aa dose anti-Covid - Not\u00edcias - Franciscanos\" \/>\n<meta property=\"og:description\" content=\"Papa Francisco\" \/>\n<meta property=\"og:url\" content=\"https:\/\/franciscanos.org.br\/noticias\/papa-faz-visita-surpresa-aos-pobres-que-recebem-no-vaticano-2a-dose-anti-covid.html\" \/>\n<meta property=\"og:site_name\" content=\"Not\u00edcias - Franciscanos\" \/>\n<meta property=\"article:published_time\" content=\"2021-04-23T11:42:27+00:00\" \/>\n<meta property=\"og:image\" content=\"https:\/\/franciscanos.org.br\/noticias\/wp-content\/uploads\/2021\/04\/PAPA_POBRES3.jpg\" \/>\n\t<meta property=\"og:image:width\" content=\"800\" \/>\n\t<meta property=\"og:image:height\" content=\"550\" \/>\n\t<meta property=\"og:image:type\" content=\"image\/jpeg\" \/>\n<meta name=\"author\" content=\"moacir\" \/>\n<meta name=\"twitter:card\" content=\"summary_large_image\" \/>\n<meta name=\"twitter:label1\" content=\"Escrito por\" \/>\n\t<meta name=\"twitter:data1\" content=\"moacir\" \/>\n\t<meta name=\"twitter:label2\" content=\"Est. tempo de leitura\" \/>\n\t<meta name=\"twitter:data2\" content=\"2 minutos\" \/>\n<script type=\"application\/ld+json\" class=\"yoast-schema-graph\">{\"@context\":\"https:\/\/schema.org\",\"@graph\":[{\"@type\":\"WebSite\",\"@id\":\"https:\/\/franciscanos.org.br\/noticias\/#website\",\"url\":\"https:\/\/franciscanos.org.br\/noticias\/\",\"name\":\"Not\u00edcias - Franciscanos\",\"description\":\"Prov\u00edncia Franciscana da Imaculada Concei\u00e7\u00e3o do Brasil - Ordem dos Frades Menores - OFM\",\"potentialAction\":[{\"@type\":\"SearchAction\",\"target\":{\"@type\":\"EntryPoint\",\"urlTemplate\":\"https:\/\/franciscanos.org.br\/noticias\/?s={search_term_string}\"},\"query-input\":\"required name=search_term_string\"}],\"inLanguage\":\"pt-BR\"},{\"@type\":\"ImageObject\",\"inLanguage\":\"pt-BR\",\"@id\":\"https:\/\/franciscanos.org.br\/noticias\/papa-faz-visita-surpresa-aos-pobres-que-recebem-no-vaticano-2a-dose-anti-covid.html#primaryimage\",\"url\":\"https:\/\/franciscanos.org.br\/noticias\/wp-content\/uploads\/2021\/04\/PAPA_POBRES3.jpg\",\"contentUrl\":\"https:\/\/franciscanos.org.br\/noticias\/wp-content\/uploads\/2021\/04\/PAPA_POBRES3.jpg\",\"width\":800,\"height\":550},{\"@type\":\"WebPage\",\"@id\":\"https:\/\/franciscanos.org.br\/noticias\/papa-faz-visita-surpresa-aos-pobres-que-recebem-no-vaticano-2a-dose-anti-covid.html#webpage\",\"url\":\"https:\/\/franciscanos.org.br\/noticias\/papa-faz-visita-surpresa-aos-pobres-que-recebem-no-vaticano-2a-dose-anti-covid.html\",\"name\":\"Papa faz visita surpresa aos pobres que recebem no Vaticano 2\u00aa dose anti-Covid - Not\u00edcias - Franciscanos\",\"isPartOf\":{\"@id\":\"https:\/\/franciscanos.org.br\/noticias\/#website\"},\"primaryImageOfPage\":{\"@id\":\"https:\/\/franciscanos.org.br\/noticias\/papa-faz-visita-surpresa-aos-pobres-que-recebem-no-vaticano-2a-dose-anti-covid.html#primaryimage\"},\"datePublished\":\"2021-04-23T11:42:27+00:00\",\"dateModified\":\"2021-04-23T11:42:27+00:00\",\"author\":{\"@id\":\"https:\/\/franciscanos.org.br\/noticias\/#\/schema\/person\/b5c8cba458c330ccff548b056e95a5d4\"},\"breadcrumb\":{\"@id\":\"https:\/\/franciscanos.org.br\/noticias\/papa-faz-visita-surpresa-aos-pobres-que-recebem-no-vaticano-2a-dose-anti-covid.html#breadcrumb\"},\"inLanguage\":\"pt-BR\",\"potentialAction\":[{\"@type\":\"ReadAction\",\"target\":[\"https:\/\/franciscanos.org.br\/noticias\/papa-faz-visita-surpresa-aos-pobres-que-recebem-no-vaticano-2a-dose-anti-covid.html\"]}]},{\"@type\":\"BreadcrumbList\",\"@id\":\"https:\/\/franciscanos.org.br\/noticias\/papa-faz-visita-surpresa-aos-pobres-que-recebem-no-vaticano-2a-dose-anti-covid.html#breadcrumb\",\"itemListElement\":[{\"@type\":\"ListItem\",\"position\":1,\"name\":\"Home\",\"item\":\"https:\/\/franciscanos.org.br\/noticias\"},{\"@type\":\"ListItem\",\"position\":2,\"name\":\"Papa faz visita surpresa aos pobres que recebem no Vaticano 2\u00aa dose anti-Covid\"}]},{\"@type\":\"Person\",\"@id\":\"https:\/\/franciscanos.org.br\/noticias\/#\/schema\/person\/b5c8cba458c330ccff548b056e95a5d4\",\"name\":\"moacir\",\"image\":{\"@type\":\"ImageObject\",\"inLanguage\":\"pt-BR\",\"@id\":\"https:\/\/franciscanos.org.br\/noticias\/#\/schema\/person\/image\/\",\"url\":\"https:\/\/secure.gravatar.com\/avatar\/d08aa2ce4c8dd416d4479aa8536fcf64?s=96&d=mm&r=g\",\"contentUrl\":\"https:\/\/secure.gravatar.com\/avatar\/d08aa2ce4c8dd416d4479aa8536fcf64?s=96&d=mm&r=g\",\"caption\":\"moacir\"},\"url\":\"https:\/\/franciscanos.org.br\/noticias\/author\/moacir\"}]}<\/script>\n<!-- \/ Yoast SEO plugin. -->","yoast_head_json":{"title":"Papa faz visita surpresa aos pobres que recebem no Vaticano 2\u00aa dose anti-Covid - Not\u00edcias - Franciscanos","robots":{"index":"index","follow":"follow","max-snippet":"max-snippet:-1","max-image-preview":"max-image-preview:large","max-video-preview":"max-video-preview:-1"},"canonical":"https:\/\/franciscanos.org.br\/noticias\/papa-faz-visita-surpresa-aos-pobres-que-recebem-no-vaticano-2a-dose-anti-covid.html","og_locale":"pt_BR","og_type":"article","og_title":"Papa faz visita surpresa aos pobres que recebem no Vaticano 2\u00aa dose anti-Covid - Not\u00edcias - Franciscanos","og_description":"Papa Francisco","og_url":"https:\/\/franciscanos.org.br\/noticias\/papa-faz-visita-surpresa-aos-pobres-que-recebem-no-vaticano-2a-dose-anti-covid.html","og_site_name":"Not\u00edcias - Franciscanos","article_published_time":"2021-04-23T11:42:27+00:00","og_image":[{"width":800,"height":550,"url":"https:\/\/franciscanos.org.br\/noticias\/wp-content\/uploads\/2021\/04\/PAPA_POBRES3.jpg","type":"image\/jpeg"}],"author":"moacir","twitter_card":"summary_large_image","twitter_misc":{"Escrito por":"moacir","Est. tempo de leitura":"2 minutos"},"schema":{"@context":"https:\/\/schema.org","@graph":[{"@type":"WebSite","@id":"https:\/\/franciscanos.org.br\/noticias\/#website","url":"https:\/\/franciscanos.org.br\/noticias\/","name":"Not\u00edcias - Franciscanos","description":"Prov\u00edncia Franciscana da Imaculada Concei\u00e7\u00e3o do Brasil - Ordem dos Frades Menores - OFM","potentialAction":[{"@type":"SearchAction","target":{"@type":"EntryPoint","urlTemplate":"https:\/\/franciscanos.org.br\/noticias\/?s={search_term_string}"},"query-input":"required name=search_term_string"}],"inLanguage":"pt-BR"},{"@type":"ImageObject","inLanguage":"pt-BR","@id":"https:\/\/franciscanos.org.br\/noticias\/papa-faz-visita-surpresa-aos-pobres-que-recebem-no-vaticano-2a-dose-anti-covid.html#primaryimage","url":"https:\/\/franciscanos.org.br\/noticias\/wp-content\/uploads\/2021\/04\/PAPA_POBRES3.jpg","contentUrl":"https:\/\/franciscanos.org.br\/noticias\/wp-content\/uploads\/2021\/04\/PAPA_POBRES3.jpg","width":800,"height":550},{"@type":"WebPage","@id":"https:\/\/franciscanos.org.br\/noticias\/papa-faz-visita-surpresa-aos-pobres-que-recebem-no-vaticano-2a-dose-anti-covid.html#webpage","url":"https:\/\/franciscanos.org.br\/noticias\/papa-faz-visita-surpresa-aos-pobres-que-recebem-no-vaticano-2a-dose-anti-covid.html","name":"Papa faz visita surpresa aos pobres que recebem no Vaticano 2\u00aa dose anti-Covid - Not\u00edcias - Franciscanos","isPartOf":{"@id":"https:\/\/franciscanos.org.br\/noticias\/#website"},"primaryImageOfPage":{"@id":"https:\/\/franciscanos.org.br\/noticias\/papa-faz-visita-surpresa-aos-pobres-que-recebem-no-vaticano-2a-dose-anti-covid.html#primaryimage"},"datePublished":"2021-04-23T11:42:27+00:00","dateModified":"2021-04-23T11:42:27+00:00","author":{"@id":"https:\/\/franciscanos.org.br\/noticias\/#\/schema\/person\/b5c8cba458c330ccff548b056e95a5d4"},"breadcrumb":{"@id":"https:\/\/franciscanos.org.br\/noticias\/papa-faz-visita-surpresa-aos-pobres-que-recebem-no-vaticano-2a-dose-anti-covid.html#breadcrumb"},"inLanguage":"pt-BR","potentialAction":[{"@type":"ReadAction","target":["https:\/\/franciscanos.org.br\/noticias\/papa-faz-visita-surpresa-aos-pobres-que-recebem-no-vaticano-2a-dose-anti-covid.html"]}]},{"@type":"BreadcrumbList","@id":"https:\/\/franciscanos.org.br\/noticias\/papa-faz-visita-surpresa-aos-pobres-que-recebem-no-vaticano-2a-dose-anti-covid.html#breadcrumb","itemListElement":[{"@type":"ListItem","position":1,"name":"Home","item":"https:\/\/franciscanos.org.br\/noticias"},{"@type":"ListItem","position":2,"name":"Papa faz visita surpresa aos pobres que recebem no Vaticano 2\u00aa dose anti-Covid"}]},{"@type":"Person","@id":"https:\/\/franciscanos.org.br\/noticias\/#\/schema\/person\/b5c8cba458c330ccff548b056e95a5d4","name":"moacir","image":{"@type":"ImageObject","inLanguage":"pt-BR","@id":"https:\/\/franciscanos.org.br\/noticias\/#\/schema\/person\/image\/","url":"https:\/\/secure.gravatar.com\/avatar\/d08aa2ce4c8dd416d4479aa8536fcf64?s=96&d=mm&r=g","contentUrl":"https:\/\/secure.gravatar.com\/avatar\/d08aa2ce4c8dd416d4479aa8536fcf64?s=96&d=mm&r=g","caption":"moacir"},"url":"https:\/\/franciscanos.org.br\/noticias\/author\/moacir"}]}},"_links":{"self":[{"href":"https:\/\/franciscanos.org.br\/noticias\/wp-json\/wp\/v2\/posts\/231759"}],"collection":[{"href":"https:\/\/franciscanos.org.br\/noticias\/wp-json\/wp\/v2\/posts"}],"about":[{"href":"https:\/\/franciscanos.org.br\/noticias\/wp-json\/wp\/v2\/types\/post"}],"author":[{"embeddable":true,"href":"https:\/\/franciscanos.org.br\/noticias\/wp-json\/wp\/v2\/users\/3"}],"replies":[{"embeddable":true,"href":"https:\/\/franciscanos.org.br\/noticias\/wp-json\/wp\/v2\/comments?post=231759"}],"version-history":[{"count":1,"href":"https:\/\/franciscanos.org.br\/noticias\/wp-json\/wp\/v2\/posts\/231759\/revisions"}],"predecessor-version":[{"id":231762,"href":"https:\/\/franciscanos.org.br\/noticias\/wp-json\/wp\/v2\/posts\/231759\/revisions\/231762"}],"wp:featuredmedia":[{"embeddable":true,"href":"https:\/\/franciscanos.org.br\/noticias\/wp-json\/wp\/v2\/media\/231761"}],"wp:attachment":[{"href":"https:\/\/franciscanos.org.br\/noticias\/wp-json\/wp\/v2\/media?parent=231759"}],"wp:term":[{"taxonomy":"category","embeddable":true,"href":"https:\/\/franciscanos.org.br\/noticias\/wp-json\/wp\/v2\/categories?post=231759"},{"taxonomy":"post_tag","embeddable":true,"href":"https:\/\/franciscanos.org.br\/noticias\/wp-json\/wp\/v2\/tags?post=231759"}],"curies":[{"name":"wp","href":"https:\/\/api.w.org\/{rel}","templated":true}]}}