{"id":231753,"date":"2021-04-22T08:25:29","date_gmt":"2021-04-22T11:25:29","guid":{"rendered":"https:\/\/franciscanos.org.br\/noticias\/?p=231753"},"modified":"2021-04-22T08:26:05","modified_gmt":"2021-04-22T11:26:05","slug":"usf-lanca-o-programa-med-experience-aos-estudantes-de-medicina","status":"publish","type":"post","link":"https:\/\/franciscanos.org.br\/noticias\/usf-lanca-o-programa-med-experience-aos-estudantes-de-medicina.html","title":{"rendered":"USF lan\u00e7a o programa &#8220;Med Experience&#8221; aos estudantes de Medicina"},"content":{"rendered":"<p><img loading=\"lazy\" class=\"alignnone wp-image-231754 size-full\" src=\"https:\/\/franciscanos.org.br\/noticias\/wp-content\/uploads\/2021\/04\/usf_22.jpg\" alt=\"\" width=\"1280\" height=\"720\" srcset=\"https:\/\/franciscanos.org.br\/noticias\/wp-content\/uploads\/2021\/04\/usf_22.jpg 1280w, https:\/\/franciscanos.org.br\/noticias\/wp-content\/uploads\/2021\/04\/usf_22-450x253.jpg 450w, https:\/\/franciscanos.org.br\/noticias\/wp-content\/uploads\/2021\/04\/usf_22-1024x576.jpg 1024w, https:\/\/franciscanos.org.br\/noticias\/wp-content\/uploads\/2021\/04\/usf_22-768x432.jpg 768w, https:\/\/franciscanos.org.br\/noticias\/wp-content\/uploads\/2021\/04\/usf_22-150x84.jpg 150w\" sizes=\"(max-width: 1280px) 100vw, 1280px\" \/><\/p>\n<p>A Universidade S\u00e3o Francisco (USF) promoveu, no dia 20 de abril, o lan\u00e7amento do Programa de Forma\u00e7\u00e3o M\u00e9dica Continuada da USF, o Med Experience. O evento foi realizado atrav\u00e9s do canal oficial do YouTube da USF e integra a programa\u00e7\u00e3o comemorativa dos 45 anos da Universidade.<\/p>\n<p>Participaram da transmiss\u00e3o o Diretor Presidente da CNSP-ASF e Vice-Reitor, Frei Thiago Alexandre Hayakawa, o Diretor Vice-presidente, Frei Vitorio Mazzuco Filho, o reitor, Frei Gilberto Gon\u00e7alves Garcia, o Pr\u00f3-Reitor de Ensino, Pesquisa e Extens\u00e3o, professor Dilnei Lorenzi, o Pr\u00f3-Reitor de Administra\u00e7\u00e3o e Planejamento, professor Adriel de Moura Cabral, a diretora do C\u00e2mpus de Bragan\u00e7a Paulista, professora Patr\u00edcia Teixeira Costa, a coordenadora do Curso de Medicina, professora Giovana Colozza Mecatti e a Coordenadora do Programa, Andrea Corazzi Pelosi. Acompanharam o evento estudantes, docentes, funcion\u00e1rios e autoridades locais.<\/p>\n<p><strong>Clique aqui<\/strong> para assistir ao evento. https:\/\/www.youtube.com\/watch?v=RjUaiWJYq7Q<\/p>\n<p><img loading=\"lazy\" class=\"alignnone wp-image-231755 size-full\" src=\"https:\/\/franciscanos.org.br\/noticias\/wp-content\/uploads\/2021\/04\/usf_02_1.jpg\" alt=\"\" width=\"900\" height=\"560\" srcset=\"https:\/\/franciscanos.org.br\/noticias\/wp-content\/uploads\/2021\/04\/usf_02_1.jpg 900w, https:\/\/franciscanos.org.br\/noticias\/wp-content\/uploads\/2021\/04\/usf_02_1-450x280.jpg 450w, https:\/\/franciscanos.org.br\/noticias\/wp-content\/uploads\/2021\/04\/usf_02_1-768x478.jpg 768w, https:\/\/franciscanos.org.br\/noticias\/wp-content\/uploads\/2021\/04\/usf_02_1-150x93.jpg 150w\" sizes=\"(max-width: 900px) 100vw, 900px\" \/><\/p>\n<p>O Med Experience tem como objetivo ampliar a forma\u00e7\u00e3o do estudante do Curso de Medicina, visando o aprimoramento de compet\u00eancias e as habilidades para a forma\u00e7\u00e3o m\u00e9dica, al\u00e9m do desenvolvimento pessoal e a oportuniza\u00e7\u00e3o da viv\u00eancia profissional. O programa ser\u00e1 norteado por cinco dimens\u00f5es: Desenvolvimento Humano, Internacionaliza\u00e7\u00e3o, Mentoria e Empreendedorismo, Inova\u00e7\u00e3o e Tecnologia e Carreira e Mercado.<\/p>\n<p>Durante o evento, o reitor da USF recordou a trajet\u00f3ria do Curso de Medicina no Brasil. \u201cSua inser\u00e7\u00e3o no contexto das pol\u00edticas de forma\u00e7\u00e3o m\u00e9dica e destacar sua trajet\u00f3ria de supera\u00e7\u00f5es de obst\u00e1culos, de adapta\u00e7\u00f5es aos cen\u00e1rios das reais demandas das escolas m\u00e9dicas e do ensino m\u00e9dico, do acompanhamento das pol\u00edticas p\u00fablicas para a forma\u00e7\u00e3o acad\u00eamica do m\u00e9dico.\u00a0 Ao mesmo tempo, da sua capacidade de inova\u00e7\u00e3o no ensino m\u00e9dico e na dota\u00e7\u00e3o de recursos para condi\u00e7\u00f5es de ensino de qualidade. Sobretudo, para apresentar hoje parte da pol\u00edtica institucional da USF de inova\u00e7\u00e3o e incentivo \u00e0 forma\u00e7\u00e3o m\u00e9dica de qualidade. O programa Med Experience que consiste em um programa de extens\u00e3o da forma\u00e7\u00e3o m\u00e9dica, al\u00e9m dos conceitos de est\u00e1gio que s\u00e3o obrigat\u00f3rios e de resid\u00eancia m\u00e9dica. O Med Experience \u00e9 uma extens\u00e3o do curr\u00edculo do ensino m\u00e9dico b\u00e1sico, al\u00e9m das prerrogativas das diretrizes curriculares nacionais para o Curso de Medicina, tamb\u00e9m consoantes as diretrizes nacionais para pr\u00e1tica extensionista para a forma\u00e7\u00e3o profissional do estudante\u201d, explicou o reitor.<\/p>\n<p>O Pr\u00f3-Reitor de Ensino, Pesquisa e Extens\u00e3o, professor Dilnei Lorenzi, ressaltou a import\u00e2ncia da inova\u00e7\u00e3o. \u201cO Programa surgi na perspectiva de uma forma\u00e7\u00e3o continuada m\u00e9dica. A USF se prop\u00f5e a um projeto inovador, que vai al\u00e9m de uma condi\u00e7\u00e3o t\u00e9cnica de estudos, de uma forma\u00e7\u00e3o de car\u00e1ter essencialmente t\u00e9cnico, mas n\u00f3s damos um passo a mais. Na perspectiva de inova\u00e7\u00e3o, naquilo que estamos nos propondo enquanto Universidade. N\u00e3o somente na ideia de uma estrutura de uma matriz curricular, de um projeto pedag\u00f3gico, mas algo que prop\u00f5e algo al\u00e9m que nosso estudante pode estar usufruindo na Universidade, mas sim uma verdadeira experi\u00eancia de Universidade. Uma experi\u00eancia que pode ser refletida a partir de uma perspectivado seu desenvolvimento integral, num olhar human\u00edstico, no desenvolvimento de todas as suas compet\u00eancias s\u00f3cio emocionais que na Universidade ele passa a ter uma experi\u00eancia com o mercado, com o seu futuro na sua carreira, al\u00e9m de uma condi\u00e7\u00e3o meramente t\u00e9cnica. Al\u00e9m disso, que ele possa ter uma experi\u00eancia de internacionaliza\u00e7\u00e3o, que desde o primeiro momento ele passa a ser preparado para ter essa experi\u00eancia, aliado fortemente a aquilo que a sociedade est\u00e1 exigindo desse profissional. Seja no campo da inova\u00e7\u00e3o e no pr\u00f3prio campo do empreendedorismo. Que essas compet\u00eancias possam estar associadas a sua forma\u00e7\u00e3o convencional e com aquilo que ele pode estar agremiando no per\u00edodo que estar\u00e1 conosco na Universidade\u201d, ressaltou o pr\u00f3-reitor.<\/p>\n<p>As atividades do Programa t\u00eam in\u00edcio neste primeiro semestre de 2021, estando alinhado \u00e0 nova matriz curricular do curso e \u00e0 miss\u00e3o institucional de excel\u00eancia no ensino.<\/p>\n<hr \/>\n<p><em>Ana Paula Moreira<\/em><\/p>\n","protected":false},"excerpt":{"rendered":"<p>Universidade S\u00e3o Francisco (USF)<\/p>\n","protected":false},"author":3,"featured_media":231756,"comment_status":"open","ping_status":"open","sticky":false,"template":"","format":"standard","meta":[],"categories":[1],"tags":[354],"acf":[],"yoast_head":"<!-- This site is optimized with the Yoast SEO plugin v19.2 - https:\/\/yoast.com\/wordpress\/plugins\/seo\/ -->\n<title>USF lan\u00e7a o programa &quot;Med Experience&quot; aos estudantes de Medicina - Not\u00edcias - Franciscanos<\/title>\n<meta name=\"robots\" content=\"index, follow, max-snippet:-1, max-image-preview:large, max-video-preview:-1\" \/>\n<link rel=\"canonical\" href=\"https:\/\/franciscanos.org.br\/noticias\/usf-lanca-o-programa-med-experience-aos-estudantes-de-medicina.html\" \/>\n<meta property=\"og:locale\" content=\"pt_BR\" \/>\n<meta property=\"og:type\" content=\"article\" \/>\n<meta property=\"og:title\" content=\"USF lan\u00e7a o programa &quot;Med Experience&quot; aos estudantes de Medicina - Not\u00edcias - Franciscanos\" \/>\n<meta property=\"og:description\" content=\"Universidade S\u00e3o Francisco (USF)\" \/>\n<meta property=\"og:url\" content=\"https:\/\/franciscanos.org.br\/noticias\/usf-lanca-o-programa-med-experience-aos-estudantes-de-medicina.html\" \/>\n<meta property=\"og:site_name\" content=\"Not\u00edcias - Franciscanos\" \/>\n<meta property=\"article:published_time\" content=\"2021-04-22T11:25:29+00:00\" \/>\n<meta property=\"article:modified_time\" content=\"2021-04-22T11:26:05+00:00\" \/>\n<meta property=\"og:image\" content=\"https:\/\/franciscanos.org.br\/noticias\/wp-content\/uploads\/2021\/04\/usf_22d.jpg\" \/>\n\t<meta property=\"og:image:width\" content=\"900\" \/>\n\t<meta property=\"og:image:height\" content=\"619\" \/>\n\t<meta property=\"og:image:type\" content=\"image\/jpeg\" \/>\n<meta name=\"author\" content=\"moacir\" \/>\n<meta name=\"twitter:card\" content=\"summary_large_image\" \/>\n<meta name=\"twitter:label1\" content=\"Escrito por\" \/>\n\t<meta name=\"twitter:data1\" content=\"moacir\" \/>\n\t<meta name=\"twitter:label2\" content=\"Est. tempo de leitura\" \/>\n\t<meta name=\"twitter:data2\" content=\"4 minutos\" \/>\n<script type=\"application\/ld+json\" class=\"yoast-schema-graph\">{\"@context\":\"https:\/\/schema.org\",\"@graph\":[{\"@type\":\"WebSite\",\"@id\":\"https:\/\/franciscanos.org.br\/noticias\/#website\",\"url\":\"https:\/\/franciscanos.org.br\/noticias\/\",\"name\":\"Not\u00edcias - Franciscanos\",\"description\":\"Prov\u00edncia Franciscana da Imaculada Concei\u00e7\u00e3o do Brasil - Ordem dos Frades Menores - OFM\",\"potentialAction\":[{\"@type\":\"SearchAction\",\"target\":{\"@type\":\"EntryPoint\",\"urlTemplate\":\"https:\/\/franciscanos.org.br\/noticias\/?s={search_term_string}\"},\"query-input\":\"required name=search_term_string\"}],\"inLanguage\":\"pt-BR\"},{\"@type\":\"ImageObject\",\"inLanguage\":\"pt-BR\",\"@id\":\"https:\/\/franciscanos.org.br\/noticias\/usf-lanca-o-programa-med-experience-aos-estudantes-de-medicina.html#primaryimage\",\"url\":\"https:\/\/franciscanos.org.br\/noticias\/wp-content\/uploads\/2021\/04\/usf_22d.jpg\",\"contentUrl\":\"https:\/\/franciscanos.org.br\/noticias\/wp-content\/uploads\/2021\/04\/usf_22d.jpg\",\"width\":900,\"height\":619},{\"@type\":\"WebPage\",\"@id\":\"https:\/\/franciscanos.org.br\/noticias\/usf-lanca-o-programa-med-experience-aos-estudantes-de-medicina.html#webpage\",\"url\":\"https:\/\/franciscanos.org.br\/noticias\/usf-lanca-o-programa-med-experience-aos-estudantes-de-medicina.html\",\"name\":\"USF lan\u00e7a o programa \\\"Med Experience\\\" aos estudantes de Medicina - Not\u00edcias - Franciscanos\",\"isPartOf\":{\"@id\":\"https:\/\/franciscanos.org.br\/noticias\/#website\"},\"primaryImageOfPage\":{\"@id\":\"https:\/\/franciscanos.org.br\/noticias\/usf-lanca-o-programa-med-experience-aos-estudantes-de-medicina.html#primaryimage\"},\"datePublished\":\"2021-04-22T11:25:29+00:00\",\"dateModified\":\"2021-04-22T11:26:05+00:00\",\"author\":{\"@id\":\"https:\/\/franciscanos.org.br\/noticias\/#\/schema\/person\/b5c8cba458c330ccff548b056e95a5d4\"},\"breadcrumb\":{\"@id\":\"https:\/\/franciscanos.org.br\/noticias\/usf-lanca-o-programa-med-experience-aos-estudantes-de-medicina.html#breadcrumb\"},\"inLanguage\":\"pt-BR\",\"potentialAction\":[{\"@type\":\"ReadAction\",\"target\":[\"https:\/\/franciscanos.org.br\/noticias\/usf-lanca-o-programa-med-experience-aos-estudantes-de-medicina.html\"]}]},{\"@type\":\"BreadcrumbList\",\"@id\":\"https:\/\/franciscanos.org.br\/noticias\/usf-lanca-o-programa-med-experience-aos-estudantes-de-medicina.html#breadcrumb\",\"itemListElement\":[{\"@type\":\"ListItem\",\"position\":1,\"name\":\"Home\",\"item\":\"https:\/\/franciscanos.org.br\/noticias\"},{\"@type\":\"ListItem\",\"position\":2,\"name\":\"USF lan\u00e7a o programa &#8220;Med Experience&#8221; aos estudantes de Medicina\"}]},{\"@type\":\"Person\",\"@id\":\"https:\/\/franciscanos.org.br\/noticias\/#\/schema\/person\/b5c8cba458c330ccff548b056e95a5d4\",\"name\":\"moacir\",\"image\":{\"@type\":\"ImageObject\",\"inLanguage\":\"pt-BR\",\"@id\":\"https:\/\/franciscanos.org.br\/noticias\/#\/schema\/person\/image\/\",\"url\":\"https:\/\/secure.gravatar.com\/avatar\/d08aa2ce4c8dd416d4479aa8536fcf64?s=96&d=mm&r=g\",\"contentUrl\":\"https:\/\/secure.gravatar.com\/avatar\/d08aa2ce4c8dd416d4479aa8536fcf64?s=96&d=mm&r=g\",\"caption\":\"moacir\"},\"url\":\"https:\/\/franciscanos.org.br\/noticias\/author\/moacir\"}]}<\/script>\n<!-- \/ Yoast SEO plugin. -->","yoast_head_json":{"title":"USF lan\u00e7a o programa \"Med Experience\" aos estudantes de Medicina - Not\u00edcias - Franciscanos","robots":{"index":"index","follow":"follow","max-snippet":"max-snippet:-1","max-image-preview":"max-image-preview:large","max-video-preview":"max-video-preview:-1"},"canonical":"https:\/\/franciscanos.org.br\/noticias\/usf-lanca-o-programa-med-experience-aos-estudantes-de-medicina.html","og_locale":"pt_BR","og_type":"article","og_title":"USF lan\u00e7a o programa \"Med Experience\" aos estudantes de Medicina - Not\u00edcias - Franciscanos","og_description":"Universidade S\u00e3o Francisco (USF)","og_url":"https:\/\/franciscanos.org.br\/noticias\/usf-lanca-o-programa-med-experience-aos-estudantes-de-medicina.html","og_site_name":"Not\u00edcias - Franciscanos","article_published_time":"2021-04-22T11:25:29+00:00","article_modified_time":"2021-04-22T11:26:05+00:00","og_image":[{"width":900,"height":619,"url":"https:\/\/franciscanos.org.br\/noticias\/wp-content\/uploads\/2021\/04\/usf_22d.jpg","type":"image\/jpeg"}],"author":"moacir","twitter_card":"summary_large_image","twitter_misc":{"Escrito por":"moacir","Est. tempo de leitura":"4 minutos"},"schema":{"@context":"https:\/\/schema.org","@graph":[{"@type":"WebSite","@id":"https:\/\/franciscanos.org.br\/noticias\/#website","url":"https:\/\/franciscanos.org.br\/noticias\/","name":"Not\u00edcias - Franciscanos","description":"Prov\u00edncia Franciscana da Imaculada Concei\u00e7\u00e3o do Brasil - Ordem dos Frades Menores - OFM","potentialAction":[{"@type":"SearchAction","target":{"@type":"EntryPoint","urlTemplate":"https:\/\/franciscanos.org.br\/noticias\/?s={search_term_string}"},"query-input":"required name=search_term_string"}],"inLanguage":"pt-BR"},{"@type":"ImageObject","inLanguage":"pt-BR","@id":"https:\/\/franciscanos.org.br\/noticias\/usf-lanca-o-programa-med-experience-aos-estudantes-de-medicina.html#primaryimage","url":"https:\/\/franciscanos.org.br\/noticias\/wp-content\/uploads\/2021\/04\/usf_22d.jpg","contentUrl":"https:\/\/franciscanos.org.br\/noticias\/wp-content\/uploads\/2021\/04\/usf_22d.jpg","width":900,"height":619},{"@type":"WebPage","@id":"https:\/\/franciscanos.org.br\/noticias\/usf-lanca-o-programa-med-experience-aos-estudantes-de-medicina.html#webpage","url":"https:\/\/franciscanos.org.br\/noticias\/usf-lanca-o-programa-med-experience-aos-estudantes-de-medicina.html","name":"USF lan\u00e7a o programa \"Med Experience\" aos estudantes de Medicina - Not\u00edcias - Franciscanos","isPartOf":{"@id":"https:\/\/franciscanos.org.br\/noticias\/#website"},"primaryImageOfPage":{"@id":"https:\/\/franciscanos.org.br\/noticias\/usf-lanca-o-programa-med-experience-aos-estudantes-de-medicina.html#primaryimage"},"datePublished":"2021-04-22T11:25:29+00:00","dateModified":"2021-04-22T11:26:05+00:00","author":{"@id":"https:\/\/franciscanos.org.br\/noticias\/#\/schema\/person\/b5c8cba458c330ccff548b056e95a5d4"},"breadcrumb":{"@id":"https:\/\/franciscanos.org.br\/noticias\/usf-lanca-o-programa-med-experience-aos-estudantes-de-medicina.html#breadcrumb"},"inLanguage":"pt-BR","potentialAction":[{"@type":"ReadAction","target":["https:\/\/franciscanos.org.br\/noticias\/usf-lanca-o-programa-med-experience-aos-estudantes-de-medicina.html"]}]},{"@type":"BreadcrumbList","@id":"https:\/\/franciscanos.org.br\/noticias\/usf-lanca-o-programa-med-experience-aos-estudantes-de-medicina.html#breadcrumb","itemListElement":[{"@type":"ListItem","position":1,"name":"Home","item":"https:\/\/franciscanos.org.br\/noticias"},{"@type":"ListItem","position":2,"name":"USF lan\u00e7a o programa &#8220;Med Experience&#8221; aos estudantes de Medicina"}]},{"@type":"Person","@id":"https:\/\/franciscanos.org.br\/noticias\/#\/schema\/person\/b5c8cba458c330ccff548b056e95a5d4","name":"moacir","image":{"@type":"ImageObject","inLanguage":"pt-BR","@id":"https:\/\/franciscanos.org.br\/noticias\/#\/schema\/person\/image\/","url":"https:\/\/secure.gravatar.com\/avatar\/d08aa2ce4c8dd416d4479aa8536fcf64?s=96&d=mm&r=g","contentUrl":"https:\/\/secure.gravatar.com\/avatar\/d08aa2ce4c8dd416d4479aa8536fcf64?s=96&d=mm&r=g","caption":"moacir"},"url":"https:\/\/franciscanos.org.br\/noticias\/author\/moacir"}]}},"_links":{"self":[{"href":"https:\/\/franciscanos.org.br\/noticias\/wp-json\/wp\/v2\/posts\/231753"}],"collection":[{"href":"https:\/\/franciscanos.org.br\/noticias\/wp-json\/wp\/v2\/posts"}],"about":[{"href":"https:\/\/franciscanos.org.br\/noticias\/wp-json\/wp\/v2\/types\/post"}],"author":[{"embeddable":true,"href":"https:\/\/franciscanos.org.br\/noticias\/wp-json\/wp\/v2\/users\/3"}],"replies":[{"embeddable":true,"href":"https:\/\/franciscanos.org.br\/noticias\/wp-json\/wp\/v2\/comments?post=231753"}],"version-history":[{"count":2,"href":"https:\/\/franciscanos.org.br\/noticias\/wp-json\/wp\/v2\/posts\/231753\/revisions"}],"predecessor-version":[{"id":231758,"href":"https:\/\/franciscanos.org.br\/noticias\/wp-json\/wp\/v2\/posts\/231753\/revisions\/231758"}],"wp:featuredmedia":[{"embeddable":true,"href":"https:\/\/franciscanos.org.br\/noticias\/wp-json\/wp\/v2\/media\/231756"}],"wp:attachment":[{"href":"https:\/\/franciscanos.org.br\/noticias\/wp-json\/wp\/v2\/media?parent=231753"}],"wp:term":[{"taxonomy":"category","embeddable":true,"href":"https:\/\/franciscanos.org.br\/noticias\/wp-json\/wp\/v2\/categories?post=231753"},{"taxonomy":"post_tag","embeddable":true,"href":"https:\/\/franciscanos.org.br\/noticias\/wp-json\/wp\/v2\/tags?post=231753"}],"curies":[{"name":"wp","href":"https:\/\/api.w.org\/{rel}","templated":true}]}}