{"id":231743,"date":"2021-04-20T08:16:37","date_gmt":"2021-04-20T11:16:37","guid":{"rendered":"https:\/\/franciscanos.org.br\/noticias\/?p=231743"},"modified":"2021-04-20T08:17:21","modified_gmt":"2021-04-20T11:17:21","slug":"salvar-a-criacao-apostando-em-energias-renovaveis","status":"publish","type":"post","link":"https:\/\/franciscanos.org.br\/noticias\/salvar-a-criacao-apostando-em-energias-renovaveis.html","title":{"rendered":"Salvar a Cria\u00e7\u00e3o apostando em energias renov\u00e1veis"},"content":{"rendered":"<div id=\"attachment_231745\" style=\"width: 1290px\" class=\"wp-caption alignnone\"><img aria-describedby=\"caption-attachment-231745\" loading=\"lazy\" class=\"wp-image-231745 size-full\" src=\"https:\/\/franciscanos.org.br\/noticias\/wp-content\/uploads\/2021\/04\/clima_20.jpg\" alt=\"\" width=\"1280\" height=\"720\" srcset=\"https:\/\/franciscanos.org.br\/noticias\/wp-content\/uploads\/2021\/04\/clima_20.jpg 1280w, https:\/\/franciscanos.org.br\/noticias\/wp-content\/uploads\/2021\/04\/clima_20-450x253.jpg 450w, https:\/\/franciscanos.org.br\/noticias\/wp-content\/uploads\/2021\/04\/clima_20-1024x576.jpg 1024w, https:\/\/franciscanos.org.br\/noticias\/wp-content\/uploads\/2021\/04\/clima_20-768x432.jpg 768w, https:\/\/franciscanos.org.br\/noticias\/wp-content\/uploads\/2021\/04\/clima_20-150x84.jpg 150w\" sizes=\"(max-width: 1280px) 100vw, 1280px\" \/><p id=\"caption-attachment-231745\" class=\"wp-caption-text\">\u00a0 \u00a0 \u00a0 \u00a0 \u00a0 \u00a0 \u00a0 \u00a0 \u00a0 \u00a0 \u00a0 \u00a0 \u00a0 \u00a0 \u00a0 \u00a0 \u00a0 \u00a0 \u00a0 \u00a0 \u00a0 \u00a0 \u00a0 \u00a0 \u00a0 \u00a0 \u00a0 \u00a0 \u00a0 \u00a0 \u00a0 \u00a0 \u00a0 \u00a0 \u00a0 \u00a0 \u00a0 \u00a0 \u00a0 \u00a0 \u00a0 \u00a0 \u00a0 \u00a0 \u00a0 \u00a0 \u00a0 \u00a0 \u00a0 \u00a0 \u00a0 \u00a0 \u00a0 \u00a0 \u00a0 \u00a0 \u00a0 \u00a0 \u00a0 \u00a0 \u00a0 \u00a0 \u00a0 \u00a0 \u00a0 \u00a0 \u00a0 \u00a0 \u00a0 \u00a0 \u00a0 <em>\u00a0 Imagem: Vatican News<\/em><\/p><\/div>\n<p>De acordo com a Organiza\u00e7\u00e3o Meteorol\u00f3gica Mundial, a d\u00e9cada 2011-2020 ser\u00e1 lembrada como a mais quente j\u00e1 registrada, com os seis anos mais quentes come\u00e7ando em 2015. De fato, o calor dos mares est\u00e1 em n\u00edveis recordes e mais de 80% do oceano global sofreu uma onda de calor marinho durante 2020, com repercuss\u00f5es generalizadas nos ecossistemas marinhos, que j\u00e1 sofrem de \u00e1guas mais \u00e1cidas devido \u00e0 absor\u00e7\u00e3o de di\u00f3xido de carbono, CO2. Estes s\u00e3o alguns dos dados presentes no relat\u00f3rio final sobre a Situa\u00e7\u00e3o do Clima Global em 2020, apresentado na segunda feira (19\/04) em uma coletiva de imprensa conjunta do Secret\u00e1rio Geral das Na\u00e7\u00f5es Unidas Antonio Guterres e do Secret\u00e1rio Geral da Organiza\u00e7\u00e3o Meteorol\u00f3gica Mundial (OMM) Petteri Taalas, na vers\u00e3o atualizada, ap\u00f3s a vers\u00e3o provis\u00f3ria publicada em dezembro passado.<\/p>\n<p><strong>A pandemia n\u00e3o freou mudan\u00e7as clim\u00e1ticas<\/strong><br \/>\nO aquecimento foi observado no ano passado, mesmo com o resfriamento devido ao fen\u00f4meno clim\u00e1tico do La Ni\u00f1a. O estudo compilado pela OMM e parcerias aponta condi\u00e7\u00f5es clim\u00e1ticas extremas que aliadas \u00e0 Covid-19 foram um golpe duplo para milh\u00f5es de pessoas no per\u00edodo. A desacelera\u00e7\u00e3o econ\u00f4mica devido \u00e0 pandemia n\u00e3o chegou a frear os fatores que impulsionam a mudan\u00e7a clim\u00e1tica e os impactos de sua acelera\u00e7\u00e3o. A an\u00e1lise envolveu indicadores do sistema clim\u00e1tico, tais como concentra\u00e7\u00f5es de gases de efeito estufa, aumento da temperatura terrestre e do oceano, n\u00edvel do mar, derretimento do gelo e recuo das geleiras e condi\u00e7\u00f5es clim\u00e1ticas extremas.<\/p>\n<p><strong>Covid e ambiente<\/strong><br \/>\n&#8220;Este relat\u00f3rio nada mais faz do que certificar o fato de que ainda estamos no caminho errado &#8211; explica Andrea Masullo, diretor cient\u00edfico da Associa\u00e7\u00e3o Greenaccord &#8211; j\u00e1 faz alguns anos desde que as concentra\u00e7\u00f5es de gases de efeito estufa na atmosfera, que \u00e9 o elemento que impulsiona a mudan\u00e7a clim\u00e1tica, ultrapassaram em abund\u00e2ncia 400 partes por milh\u00e3o e lembremos que h\u00e1 trinta anos eram 355 partes por milh\u00e3o.<\/p>\n<p><strong>Mudar modelos de desenvolvimento<\/strong><br \/>\n&#8220;Quando a economia mundial recome\u00e7ar &#8211; continua Masullo &#8211; se n\u00e3o mudarmos de dire\u00e7\u00e3o, logo nos encontraremos em uma situa\u00e7\u00e3o pior do que a que deixamos&#8221;. Se n\u00e3o colocarmos o bem-estar do homem de volta ao centro, mudando os objetivos do modelo de desenvolvimento e das fontes de energia, s\u00f3 corremos o risco de tornar uma situa\u00e7\u00e3o j\u00e1 grave ainda pior e irrepar\u00e1vel&#8221;.<\/p>\n<p><strong>A contribui\u00e7\u00e3o dos governos<\/strong><br \/>\nA contribui\u00e7\u00e3o dos governos torna-se fundamental, para poder alcan\u00e7ar o objetivo de emiss\u00f5es zero at\u00e9 2050. &#8220;Os governos &#8211; sublinha o diretor cient\u00edfico da Greenaccord &#8211; devem rever globalmente as estrat\u00e9gias de desenvolvimento, os modos de transporte e o uso de energia, evitando um sistema consumista, pois isso significa utilizar todos os recursos de forma destrutiva, at\u00e9 que eles n\u00e3o estejam mais dispon\u00edveis.<\/p>\n<p><strong>Indica\u00e7\u00f5es do Papa<\/strong><br \/>\nDevemos tamb\u00e9m tomar iniciativas a partir dos repetidos convites do Papa Francisco e das indica\u00e7\u00f5es da Laudato si\u2019, de passar para uma economia circular dentro de ciclos naturais e recursos renov\u00e1veis de tal forma que tudo se torne reutiliz\u00e1vel novamente. Este \u00e9 o grande desafio: tentar enxertar fontes renov\u00e1veis em um sistema baseado no consumo, voltar a colocar o bem-estar do homem no centro da a\u00e7\u00e3o econ\u00f4mica e n\u00e3o o consumo de bens e o enriquecimento pessoal que n\u00e3o leva em conta o dano porque n\u00e3o o calcula&#8221;.<\/p>\n<hr \/>\n<p><em>Fonte: Vatican News<\/em><\/p>\n","protected":false},"excerpt":{"rendered":"<p>Situa\u00e7\u00e3o do Clima Global em 2020<\/p>\n","protected":false},"author":3,"featured_media":231744,"comment_status":"open","ping_status":"open","sticky":false,"template":"","format":"standard","meta":[],"categories":[1],"tags":[1845,701],"acf":[],"yoast_head":"<!-- This site is optimized with the Yoast SEO plugin v19.2 - https:\/\/yoast.com\/wordpress\/plugins\/seo\/ -->\n<title>Salvar a Cria\u00e7\u00e3o apostando em energias renov\u00e1veis - Not\u00edcias - Franciscanos<\/title>\n<meta name=\"robots\" content=\"index, follow, max-snippet:-1, max-image-preview:large, max-video-preview:-1\" \/>\n<link rel=\"canonical\" href=\"https:\/\/franciscanos.org.br\/noticias\/salvar-a-criacao-apostando-em-energias-renovaveis.html\" \/>\n<meta property=\"og:locale\" content=\"pt_BR\" \/>\n<meta property=\"og:type\" content=\"article\" \/>\n<meta property=\"og:title\" content=\"Salvar a Cria\u00e7\u00e3o apostando em energias renov\u00e1veis - Not\u00edcias - Franciscanos\" \/>\n<meta property=\"og:description\" content=\"Situa\u00e7\u00e3o do Clima Global em 2020\" \/>\n<meta property=\"og:url\" content=\"https:\/\/franciscanos.org.br\/noticias\/salvar-a-criacao-apostando-em-energias-renovaveis.html\" \/>\n<meta property=\"og:site_name\" content=\"Not\u00edcias - Franciscanos\" \/>\n<meta property=\"article:published_time\" content=\"2021-04-20T11:16:37+00:00\" \/>\n<meta property=\"article:modified_time\" content=\"2021-04-20T11:17:21+00:00\" \/>\n<meta property=\"og:image\" content=\"https:\/\/franciscanos.org.br\/noticias\/wp-content\/uploads\/2021\/04\/clima_20d.jpg\" \/>\n\t<meta property=\"og:image:width\" content=\"800\" \/>\n\t<meta property=\"og:image:height\" content=\"550\" \/>\n\t<meta property=\"og:image:type\" content=\"image\/jpeg\" \/>\n<meta name=\"author\" content=\"moacir\" \/>\n<meta name=\"twitter:card\" content=\"summary_large_image\" \/>\n<meta name=\"twitter:label1\" content=\"Escrito por\" \/>\n\t<meta name=\"twitter:data1\" content=\"moacir\" \/>\n\t<meta name=\"twitter:label2\" content=\"Est. tempo de leitura\" \/>\n\t<meta name=\"twitter:data2\" content=\"3 minutos\" \/>\n<script type=\"application\/ld+json\" class=\"yoast-schema-graph\">{\"@context\":\"https:\/\/schema.org\",\"@graph\":[{\"@type\":\"WebSite\",\"@id\":\"https:\/\/franciscanos.org.br\/noticias\/#website\",\"url\":\"https:\/\/franciscanos.org.br\/noticias\/\",\"name\":\"Not\u00edcias - Franciscanos\",\"description\":\"Prov\u00edncia Franciscana da Imaculada Concei\u00e7\u00e3o do Brasil - Ordem dos Frades Menores - OFM\",\"potentialAction\":[{\"@type\":\"SearchAction\",\"target\":{\"@type\":\"EntryPoint\",\"urlTemplate\":\"https:\/\/franciscanos.org.br\/noticias\/?s={search_term_string}\"},\"query-input\":\"required name=search_term_string\"}],\"inLanguage\":\"pt-BR\"},{\"@type\":\"ImageObject\",\"inLanguage\":\"pt-BR\",\"@id\":\"https:\/\/franciscanos.org.br\/noticias\/salvar-a-criacao-apostando-em-energias-renovaveis.html#primaryimage\",\"url\":\"https:\/\/franciscanos.org.br\/noticias\/wp-content\/uploads\/2021\/04\/clima_20d.jpg\",\"contentUrl\":\"https:\/\/franciscanos.org.br\/noticias\/wp-content\/uploads\/2021\/04\/clima_20d.jpg\",\"width\":800,\"height\":550},{\"@type\":\"WebPage\",\"@id\":\"https:\/\/franciscanos.org.br\/noticias\/salvar-a-criacao-apostando-em-energias-renovaveis.html#webpage\",\"url\":\"https:\/\/franciscanos.org.br\/noticias\/salvar-a-criacao-apostando-em-energias-renovaveis.html\",\"name\":\"Salvar a Cria\u00e7\u00e3o apostando em energias renov\u00e1veis - Not\u00edcias - Franciscanos\",\"isPartOf\":{\"@id\":\"https:\/\/franciscanos.org.br\/noticias\/#website\"},\"primaryImageOfPage\":{\"@id\":\"https:\/\/franciscanos.org.br\/noticias\/salvar-a-criacao-apostando-em-energias-renovaveis.html#primaryimage\"},\"datePublished\":\"2021-04-20T11:16:37+00:00\",\"dateModified\":\"2021-04-20T11:17:21+00:00\",\"author\":{\"@id\":\"https:\/\/franciscanos.org.br\/noticias\/#\/schema\/person\/b5c8cba458c330ccff548b056e95a5d4\"},\"breadcrumb\":{\"@id\":\"https:\/\/franciscanos.org.br\/noticias\/salvar-a-criacao-apostando-em-energias-renovaveis.html#breadcrumb\"},\"inLanguage\":\"pt-BR\",\"potentialAction\":[{\"@type\":\"ReadAction\",\"target\":[\"https:\/\/franciscanos.org.br\/noticias\/salvar-a-criacao-apostando-em-energias-renovaveis.html\"]}]},{\"@type\":\"BreadcrumbList\",\"@id\":\"https:\/\/franciscanos.org.br\/noticias\/salvar-a-criacao-apostando-em-energias-renovaveis.html#breadcrumb\",\"itemListElement\":[{\"@type\":\"ListItem\",\"position\":1,\"name\":\"Home\",\"item\":\"https:\/\/franciscanos.org.br\/noticias\"},{\"@type\":\"ListItem\",\"position\":2,\"name\":\"Salvar a Cria\u00e7\u00e3o apostando em energias renov\u00e1veis\"}]},{\"@type\":\"Person\",\"@id\":\"https:\/\/franciscanos.org.br\/noticias\/#\/schema\/person\/b5c8cba458c330ccff548b056e95a5d4\",\"name\":\"moacir\",\"image\":{\"@type\":\"ImageObject\",\"inLanguage\":\"pt-BR\",\"@id\":\"https:\/\/franciscanos.org.br\/noticias\/#\/schema\/person\/image\/\",\"url\":\"https:\/\/secure.gravatar.com\/avatar\/d08aa2ce4c8dd416d4479aa8536fcf64?s=96&d=mm&r=g\",\"contentUrl\":\"https:\/\/secure.gravatar.com\/avatar\/d08aa2ce4c8dd416d4479aa8536fcf64?s=96&d=mm&r=g\",\"caption\":\"moacir\"},\"url\":\"https:\/\/franciscanos.org.br\/noticias\/author\/moacir\"}]}<\/script>\n<!-- \/ Yoast SEO plugin. -->","yoast_head_json":{"title":"Salvar a Cria\u00e7\u00e3o apostando em energias renov\u00e1veis - Not\u00edcias - Franciscanos","robots":{"index":"index","follow":"follow","max-snippet":"max-snippet:-1","max-image-preview":"max-image-preview:large","max-video-preview":"max-video-preview:-1"},"canonical":"https:\/\/franciscanos.org.br\/noticias\/salvar-a-criacao-apostando-em-energias-renovaveis.html","og_locale":"pt_BR","og_type":"article","og_title":"Salvar a Cria\u00e7\u00e3o apostando em energias renov\u00e1veis - Not\u00edcias - Franciscanos","og_description":"Situa\u00e7\u00e3o do Clima Global em 2020","og_url":"https:\/\/franciscanos.org.br\/noticias\/salvar-a-criacao-apostando-em-energias-renovaveis.html","og_site_name":"Not\u00edcias - Franciscanos","article_published_time":"2021-04-20T11:16:37+00:00","article_modified_time":"2021-04-20T11:17:21+00:00","og_image":[{"width":800,"height":550,"url":"https:\/\/franciscanos.org.br\/noticias\/wp-content\/uploads\/2021\/04\/clima_20d.jpg","type":"image\/jpeg"}],"author":"moacir","twitter_card":"summary_large_image","twitter_misc":{"Escrito por":"moacir","Est. tempo de leitura":"3 minutos"},"schema":{"@context":"https:\/\/schema.org","@graph":[{"@type":"WebSite","@id":"https:\/\/franciscanos.org.br\/noticias\/#website","url":"https:\/\/franciscanos.org.br\/noticias\/","name":"Not\u00edcias - Franciscanos","description":"Prov\u00edncia Franciscana da Imaculada Concei\u00e7\u00e3o do Brasil - Ordem dos Frades Menores - OFM","potentialAction":[{"@type":"SearchAction","target":{"@type":"EntryPoint","urlTemplate":"https:\/\/franciscanos.org.br\/noticias\/?s={search_term_string}"},"query-input":"required name=search_term_string"}],"inLanguage":"pt-BR"},{"@type":"ImageObject","inLanguage":"pt-BR","@id":"https:\/\/franciscanos.org.br\/noticias\/salvar-a-criacao-apostando-em-energias-renovaveis.html#primaryimage","url":"https:\/\/franciscanos.org.br\/noticias\/wp-content\/uploads\/2021\/04\/clima_20d.jpg","contentUrl":"https:\/\/franciscanos.org.br\/noticias\/wp-content\/uploads\/2021\/04\/clima_20d.jpg","width":800,"height":550},{"@type":"WebPage","@id":"https:\/\/franciscanos.org.br\/noticias\/salvar-a-criacao-apostando-em-energias-renovaveis.html#webpage","url":"https:\/\/franciscanos.org.br\/noticias\/salvar-a-criacao-apostando-em-energias-renovaveis.html","name":"Salvar a Cria\u00e7\u00e3o apostando em energias renov\u00e1veis - Not\u00edcias - Franciscanos","isPartOf":{"@id":"https:\/\/franciscanos.org.br\/noticias\/#website"},"primaryImageOfPage":{"@id":"https:\/\/franciscanos.org.br\/noticias\/salvar-a-criacao-apostando-em-energias-renovaveis.html#primaryimage"},"datePublished":"2021-04-20T11:16:37+00:00","dateModified":"2021-04-20T11:17:21+00:00","author":{"@id":"https:\/\/franciscanos.org.br\/noticias\/#\/schema\/person\/b5c8cba458c330ccff548b056e95a5d4"},"breadcrumb":{"@id":"https:\/\/franciscanos.org.br\/noticias\/salvar-a-criacao-apostando-em-energias-renovaveis.html#breadcrumb"},"inLanguage":"pt-BR","potentialAction":[{"@type":"ReadAction","target":["https:\/\/franciscanos.org.br\/noticias\/salvar-a-criacao-apostando-em-energias-renovaveis.html"]}]},{"@type":"BreadcrumbList","@id":"https:\/\/franciscanos.org.br\/noticias\/salvar-a-criacao-apostando-em-energias-renovaveis.html#breadcrumb","itemListElement":[{"@type":"ListItem","position":1,"name":"Home","item":"https:\/\/franciscanos.org.br\/noticias"},{"@type":"ListItem","position":2,"name":"Salvar a Cria\u00e7\u00e3o apostando em energias renov\u00e1veis"}]},{"@type":"Person","@id":"https:\/\/franciscanos.org.br\/noticias\/#\/schema\/person\/b5c8cba458c330ccff548b056e95a5d4","name":"moacir","image":{"@type":"ImageObject","inLanguage":"pt-BR","@id":"https:\/\/franciscanos.org.br\/noticias\/#\/schema\/person\/image\/","url":"https:\/\/secure.gravatar.com\/avatar\/d08aa2ce4c8dd416d4479aa8536fcf64?s=96&d=mm&r=g","contentUrl":"https:\/\/secure.gravatar.com\/avatar\/d08aa2ce4c8dd416d4479aa8536fcf64?s=96&d=mm&r=g","caption":"moacir"},"url":"https:\/\/franciscanos.org.br\/noticias\/author\/moacir"}]}},"_links":{"self":[{"href":"https:\/\/franciscanos.org.br\/noticias\/wp-json\/wp\/v2\/posts\/231743"}],"collection":[{"href":"https:\/\/franciscanos.org.br\/noticias\/wp-json\/wp\/v2\/posts"}],"about":[{"href":"https:\/\/franciscanos.org.br\/noticias\/wp-json\/wp\/v2\/types\/post"}],"author":[{"embeddable":true,"href":"https:\/\/franciscanos.org.br\/noticias\/wp-json\/wp\/v2\/users\/3"}],"replies":[{"embeddable":true,"href":"https:\/\/franciscanos.org.br\/noticias\/wp-json\/wp\/v2\/comments?post=231743"}],"version-history":[{"count":2,"href":"https:\/\/franciscanos.org.br\/noticias\/wp-json\/wp\/v2\/posts\/231743\/revisions"}],"predecessor-version":[{"id":231747,"href":"https:\/\/franciscanos.org.br\/noticias\/wp-json\/wp\/v2\/posts\/231743\/revisions\/231747"}],"wp:featuredmedia":[{"embeddable":true,"href":"https:\/\/franciscanos.org.br\/noticias\/wp-json\/wp\/v2\/media\/231744"}],"wp:attachment":[{"href":"https:\/\/franciscanos.org.br\/noticias\/wp-json\/wp\/v2\/media?parent=231743"}],"wp:term":[{"taxonomy":"category","embeddable":true,"href":"https:\/\/franciscanos.org.br\/noticias\/wp-json\/wp\/v2\/categories?post=231743"},{"taxonomy":"post_tag","embeddable":true,"href":"https:\/\/franciscanos.org.br\/noticias\/wp-json\/wp\/v2\/tags?post=231743"}],"curies":[{"name":"wp","href":"https:\/\/api.w.org\/{rel}","templated":true}]}}