{"id":231721,"date":"2021-04-19T09:42:55","date_gmt":"2021-04-19T12:42:55","guid":{"rendered":"https:\/\/franciscanos.org.br\/noticias\/?p=231721"},"modified":"2021-04-19T09:42:55","modified_gmt":"2021-04-19T12:42:55","slug":"vozes-a-redescoberta-da-existencia-reune-monja-coen-e-anselm-grun","status":"publish","type":"post","link":"https:\/\/franciscanos.org.br\/noticias\/vozes-a-redescoberta-da-existencia-reune-monja-coen-e-anselm-grun.html","title":{"rendered":"Vozes: &#8220;A redescoberta da exist\u00eancia&#8221; re\u00fane Monja Coen e Anselm Gr\u00fcn"},"content":{"rendered":"<p><img loading=\"lazy\" class=\"alignnone size-full wp-image-231722\" src=\"https:\/\/franciscanos.org.br\/noticias\/wp-content\/uploads\/2021\/04\/livros_19.jpg\" alt=\"\" width=\"1000\" height=\"550\" srcset=\"https:\/\/franciscanos.org.br\/noticias\/wp-content\/uploads\/2021\/04\/livros_19.jpg 1000w, https:\/\/franciscanos.org.br\/noticias\/wp-content\/uploads\/2021\/04\/livros_19-450x248.jpg 450w, https:\/\/franciscanos.org.br\/noticias\/wp-content\/uploads\/2021\/04\/livros_19-768x422.jpg 768w, https:\/\/franciscanos.org.br\/noticias\/wp-content\/uploads\/2021\/04\/livros_19-150x83.jpg 150w\" sizes=\"(max-width: 1000px) 100vw, 1000px\" \/><\/p>\n<p>Em meio a uma crise sem precedentes na humanidade, os dois est\u00e3o unidos nesta obra para fazer um convite: meditar sobre a exist\u00eancia. A pandemia que se espalhou sobre o planeta, atingindo a esp\u00e9cie humana \u2013 e somente ela \u2013, nos obriga, no m\u00ednimo a uma pausa para reflex\u00e3o. A uma reflex\u00e3o sobre o que de fato \u00e9 essencial.<\/p>\n<p>Como colocar-se na exist\u00eancia neste momento? Temos de admitir que n\u00e3o est\u00e1vamos preparados para tal situa\u00e7\u00e3o. Ningu\u00e9m! Mas nela estamos como humanos e \u00e9 a partir desta condi\u00e7\u00e3o que podemos refletir. E o que temos na humanidade que possa nos ajudar a pensar sobre a exist\u00eancia? Se por um lado as ci\u00eancias da sa\u00fade est\u00e3o trabalhando arduamente para apresentar possibilidades de ajuda, por outro lado \u00e9 necess\u00e1rio que cada qual tamb\u00e9m descubra ou redescubra a pergunta pela exist\u00eancia a partir de seu modo de sentir e pensar, de sua cultura, de sua tradi\u00e7\u00e3o.\u00a0 (Trecho do pr\u00f3logo)<\/p>\n<hr \/>\n<p><strong>Os sete pecados capitais a luz da psican\u00e1lise<\/strong><\/p>\n<p>Os sete pecados parecem ter inspirado a brincadeira popular de que \u201ctudo o que \u00e9 gostoso\u201d, ou faz mal ou \u00e9 pecado. Mas n\u00e3o se trata s\u00f3 disso.<\/p>\n<p>Da\u00ed, o que nos importa destacar neste livro \u00e9 a rela\u00e7\u00e3o entre cada um dos sete pecados e o que Lacan nomeou de gozo \u2013 evidentemente, com base no can\u00f4nico Al\u00e9m do princ\u00edpio do prazer, de Freud. O gozo \u00e9 aquilo que se obt\u00e9m ao atravessar a barra que limita nossa liberdade, em face da dignidade do outro, dos outros. O autor deixa para incluir essa considera\u00e7\u00e3o no \u00faltimo cap\u00edtulo. Embora \u201cgozo\u201d seja o termo popularmente usado para designar o orgasmo, em Lacan o gozo \u00e9 aquilo que ultrapassa tanto os prazeres permitidos quanto aqueles os que algumas religi\u00f5es e diferentes c\u00f3digos culturais pro\u00edbem. Gozo \u00e9 o que atravessa a barra da castra\u00e7\u00e3o simb\u00f3lica que limita nossos excessos. Claro que a men\u00e7\u00e3o \u00e0 teoria lacaniana para abordar o c\u00e2none b\u00edblico \u00e9 extempor\u00e2nea, mas ajuda a revelar o que sempre esteve ali \u2013 ou \u201caqui\u201d. As pervers\u00f5es flertam com o gozo \u2013 e, \u00e0s vezes, chegam l\u00e1. O perverso se coloca em posi\u00e7\u00e3o de exce\u00e7\u00e3o diante da barra que nos limita diante da dignidade e da liberdade do outro. A viol\u00eancia e os \u00f3dios, motivadores de outros pecados, tamb\u00e9m.<\/p>\n<p>Fa\u00e7o men\u00e7\u00e3o \u00e0s liberdades extra-acad\u00eamicas a que William Castilho recorre como a de tomar depoimentos de amigos, correndo o risco de ser acusado de falta de rigor. Ora, estamos aqui no campo da moral, das pr\u00e1ticas de linguagem e, tamb\u00e9m, da ideologia. \u00c9 preciso arriscar. A forma de rigor mais absoluta que conhecemos, como todos sabem, \u00e9 o rigor mortis. O texto que aqui se apresenta \u00e9 muito vivo.\u00a0<em>(Maria Rita Kehl)<\/em><\/p>\n<p>Este livro ultrapassa a id\u00e9ia de elabora\u00e7\u00e3o acad\u00eamica ou intelectual de um professor-pesquisador ao mostrar a maturidade de um percurso de vida dedicado \u00e0s rela\u00e7\u00f5es entre a Igreja Cat\u00f3lica, o sofrimento humano, as transforma\u00e7\u00f5es s\u00f3cio-pol\u00edticas-econ\u00f4micas da sociedade e o lugar do psic\u00f3logo que as acolhe sob a forma de conflitos. William Castilho utiliza os sete pecados capitais para empreender sua an\u00e1lise do papel das mudan\u00e7as sociais decorrentes desta fase tardia do capitalismo \u2013 o autor adota o termo neoliberalismo \u2013, marcada pela impregna\u00e7\u00e3o do discurso da ci\u00eancia na cultura e pelo novo lugar que vem sendo destinado \u00e0 religi\u00e3o. Diante de tantas contradi\u00e7\u00f5es, herdadas desde a coloniza\u00e7\u00e3o \u2013 machismo, racismo, lutas identit\u00e1rias, dentre outras \u2013, o autor nos coloca diante de um v\u00f3rtice sustentado por aqueles que portam uma B\u00edblia e pregam a conquista de bens materiais exibindo sucesso financeiro. Outra fenomenologia da viv\u00eancia dos pecados capitais?<\/p>\n<p>Mais uma vez fica claro que a psican\u00e1lise est\u00e1 sempre em xeque sobre expectativas e resultados que a cultura pode querer lhe impor; mas, se h\u00e1 um imperativo \u00e9tico, pode-se afirmar que ela deve estar sempre \u00e0 altura das exig\u00eancias espec\u00edficas de seu tempo.\u00a0(<em>Dr. Jeferson Machado Pinto Psicanalista, professor aposentado da UFMG)<\/em><\/p>\n<hr \/>\n<p><strong>O Doloroso parto da m\u00e3e terra<\/strong><\/p>\n<p>A Covid-19 atingiu toda a humanidade e nos deu s\u00e1bias li\u00e7\u00f5es, nascidas do sofrimento compartilhado por todos. Fez-nos sentir vulner\u00e1veis e expostos ao imprevis\u00edvel. Obrigou-nos ao isolamento social que significou um verdadeiro retiro existencial para refletirmos sobre o sentido de nossa exist\u00eancia, como nos relacionamos com a Casa Comum, com a natureza e como nos tratamos mutuamente. O Coronav\u00edrus \u00e9 um sinal que a M\u00e3e Terra nos enviou para fazermos mudan\u00e7as substanciais se quisermos que ela ainda nos aceite sobre seu solo.<\/p>\n<p>Seguramente nos demos conta de que assim como o mundo estava, com tantas injusti\u00e7as sociais e tantas agress\u00f5es \u00e0 natureza, n\u00e3o podia continuar. Temos que mudar na nossa mente que a Terra \u00e9 a verdadeira M\u00e3e e n\u00e3o um ba\u00fa de recursos ao bel-prazer do consumismo. Temos que mudar no nosso cora\u00e7\u00e3o que sente compaix\u00e3o pelo grito da Terra, pelo grito dos pobres e pelo clamor da natureza agredida; mudar nos nossos h\u00e1bitos tendo um consumo de sobriedade compartida; mudar nossa rela\u00e7\u00e3o com os outros, sentindo-os de fato como nossos irm\u00e3os e irm\u00e3s vivendo em paz na mesma Casa Comum; mudar nossa rela\u00e7\u00e3o para com a natureza, cuidando dela e sentindo-nos parte e n\u00e3o os seus donos e senhores.<\/p>\n<p>Este livro reconhece \u201cas vastas sombras\u201d que pesam sobre o nosso planeta. Mas quer ser um livro de esperan\u00e7a. As dores que a Terra e todos n\u00f3s estamos sentindo n\u00e3o s\u00e3o dores de algu\u00e9m nas vascas da morte. Mas as dores de um parto pelo nascimento de um novo ser, um novo modo de ser: \u201cuma sociedade de fraternidade sem fronteiras e de amizade social.<\/p>\n<p><em>Resumo<\/em>:<\/p>\n<p>O mundo que sair\u00e1 do Covid-19 seguramente n\u00e3o ser\u00e1 o mesmo. O confinamento social, por mais duro que tenha sido, nos permitiu muitas reflex\u00f5es e tamb\u00e9m decis\u00f5es de como devemos operar grandes mudan\u00e7as para que n\u00e3o se repita o que est\u00e1vamos vivendo: uma acumula\u00e7\u00e3o absurda de riqueza em poucas m\u00e3os e grande parte da humanidade padecendo pobreza, fome e mis\u00e9ria. Esta situa\u00e7\u00e3o \u00e9 consequ\u00eancia da forma como resolvemos viver nos \u00faltimos tr\u00eas s\u00e9culos. Sent\u00edamo-nos como donos da natureza, explorando-a ilimitadamente, esquecendo que somos parte dela.<\/p>\n<p>Foi ent\u00e3o que muitos ecologistas, pensadores e especialmente o Papa Francisco nos deram preciosas contribui\u00e7\u00f5es para salvar a vida em nosso planeta. Ao paradigma moderno do ser humano como dono e senhor (dominus) com poder de domina\u00e7\u00e3o sobre tudo, dos povos, da natureza e da pr\u00f3pria vida, apresentaram o paradigma do irm\u00e3o e da irm\u00e3 (frater) de todos os seres da natureza e especialmente entre os seres humanos. Vivendo juntos na mesma Casa Comum com uma fraternidade universal e um cuidado de uns para com os outros, podemos fundar uma biociviliza\u00e7\u00e3o, um mundo onde a vida e n\u00e3o o lucro est\u00e1 no centro de tudo. Ent\u00e3o teremos um futuro garantido de justi\u00e7a, de paz e de profunda humanidade. Este \u00e9 o prop\u00f3sito deste livro: Um doloroso parto da M\u00e3e Terra.<\/p>\n<hr \/>\n<p><strong>Palavras da b\u00edblia para casais<\/strong><\/p>\n<p>Este livro \u00e9 um guia com 120 textos b\u00edblicos cuidadosamente escolhidos do Antigo e do Novo Testamentos, para casais, pela autora que \u00e9 especialista em acompanhar e aconselhar casais e fam\u00edlias. Ela sabe o quanto a Palavra de Deus pode ser de grande ajuda diante de pequenos aborrecimentos di\u00e1rios, falta de comunica\u00e7\u00e3o ou profunda crise conjugal que dificulta a vida em fam\u00edlia.<\/p>\n<p>Cada casal faz suas experi\u00eancias, sejam elas relacionadas ao tempo, doen\u00e7as, dificuldades no trabalho, mas tamb\u00e9m \u00e0 falta de escuta ou falhas de comunica\u00e7\u00e3o. Em meio \u00e0s dificuldades, que por vezes parecem insuper\u00e1veis, a Palavra de Deus conforta e ilumina aqueles que dedicam tempo para ler e meditar o que o Senhor tem a lhes dizer.<\/p>\n<p>A Palavra de Deus oferece para todos alimento para o pensamento. A cada dia, o casal pode aprofundar um assunto di\u00e1rio (acusa\u00e7\u00e3o m\u00fatua, ci\u00fame&#8230;) e assim iniciar um di\u00e1logo espiritual. A obra tem uma metodologia que remete ao estilo de lectio conjugal para nutrir a vida de f\u00e9 dos casais e da fam\u00edlia que deseja aprofundar sua espiritualidade e melhorar a sua conviv\u00eancia.<\/p>\n<p><em>Resumo:<\/em><\/p>\n<p>Esta obra tem como objetivo apresentar por meio de passagens b\u00edblicas, hist\u00f3rias e relatos, conte\u00fados e situa\u00e7\u00f5es que falam de casais e para casais. Os textos propostos podem ser meditados individualmente ou a dois. Cada texto \u00e9 acompanhado de um curto coment\u00e1rio, seguido de quest\u00f5es para refletir e cultivar o di\u00e1logo conjugal, ou de uma proposta para realizar uma ora\u00e7\u00e3o, ou ainda de uma resolu\u00e7\u00e3o a ser tomada individualmente ou a dois. Este \u00e9 um livro de cabeceira, no qual Deus fala aos casais, e se dirige a eles na particularidade de sua voca\u00e7\u00e3o: o matrim\u00f4nio.<\/p>\n","protected":false},"excerpt":{"rendered":"<p>Editora Vozes<\/p>\n","protected":false},"author":3,"featured_media":231723,"comment_status":"open","ping_status":"open","sticky":false,"template":"","format":"standard","meta":[],"categories":[1],"tags":[238],"acf":[],"yoast_head":"<!-- This site is optimized with the Yoast SEO plugin v19.2 - https:\/\/yoast.com\/wordpress\/plugins\/seo\/ -->\n<title>Vozes: &quot;A redescoberta da exist\u00eancia&quot; re\u00fane Monja Coen e Anselm Gr\u00fcn - Not\u00edcias - Franciscanos<\/title>\n<meta name=\"robots\" content=\"index, follow, max-snippet:-1, max-image-preview:large, max-video-preview:-1\" \/>\n<link rel=\"canonical\" href=\"https:\/\/franciscanos.org.br\/noticias\/vozes-a-redescoberta-da-existencia-reune-monja-coen-e-anselm-grun.html\" \/>\n<meta property=\"og:locale\" content=\"pt_BR\" \/>\n<meta property=\"og:type\" content=\"article\" \/>\n<meta property=\"og:title\" content=\"Vozes: &quot;A redescoberta da exist\u00eancia&quot; re\u00fane Monja Coen e Anselm Gr\u00fcn - Not\u00edcias - Franciscanos\" \/>\n<meta property=\"og:description\" content=\"Editora Vozes\" \/>\n<meta property=\"og:url\" content=\"https:\/\/franciscanos.org.br\/noticias\/vozes-a-redescoberta-da-existencia-reune-monja-coen-e-anselm-grun.html\" \/>\n<meta property=\"og:site_name\" content=\"Not\u00edcias - Franciscanos\" \/>\n<meta property=\"article:published_time\" content=\"2021-04-19T12:42:55+00:00\" \/>\n<meta property=\"og:image\" content=\"https:\/\/franciscanos.org.br\/noticias\/wp-content\/uploads\/2021\/04\/livros_19d.jpg\" \/>\n\t<meta property=\"og:image:width\" content=\"800\" \/>\n\t<meta property=\"og:image:height\" content=\"550\" \/>\n\t<meta property=\"og:image:type\" content=\"image\/jpeg\" \/>\n<meta name=\"author\" content=\"moacir\" \/>\n<meta name=\"twitter:card\" content=\"summary_large_image\" \/>\n<meta name=\"twitter:label1\" content=\"Escrito por\" \/>\n\t<meta name=\"twitter:data1\" content=\"moacir\" \/>\n\t<meta name=\"twitter:label2\" content=\"Est. tempo de leitura\" \/>\n\t<meta name=\"twitter:data2\" content=\"8 minutos\" \/>\n<script type=\"application\/ld+json\" class=\"yoast-schema-graph\">{\"@context\":\"https:\/\/schema.org\",\"@graph\":[{\"@type\":\"WebSite\",\"@id\":\"https:\/\/franciscanos.org.br\/noticias\/#website\",\"url\":\"https:\/\/franciscanos.org.br\/noticias\/\",\"name\":\"Not\u00edcias - Franciscanos\",\"description\":\"Prov\u00edncia Franciscana da Imaculada Concei\u00e7\u00e3o do Brasil - Ordem dos Frades Menores - OFM\",\"potentialAction\":[{\"@type\":\"SearchAction\",\"target\":{\"@type\":\"EntryPoint\",\"urlTemplate\":\"https:\/\/franciscanos.org.br\/noticias\/?s={search_term_string}\"},\"query-input\":\"required name=search_term_string\"}],\"inLanguage\":\"pt-BR\"},{\"@type\":\"ImageObject\",\"inLanguage\":\"pt-BR\",\"@id\":\"https:\/\/franciscanos.org.br\/noticias\/vozes-a-redescoberta-da-existencia-reune-monja-coen-e-anselm-grun.html#primaryimage\",\"url\":\"https:\/\/franciscanos.org.br\/noticias\/wp-content\/uploads\/2021\/04\/livros_19d.jpg\",\"contentUrl\":\"https:\/\/franciscanos.org.br\/noticias\/wp-content\/uploads\/2021\/04\/livros_19d.jpg\",\"width\":800,\"height\":550},{\"@type\":\"WebPage\",\"@id\":\"https:\/\/franciscanos.org.br\/noticias\/vozes-a-redescoberta-da-existencia-reune-monja-coen-e-anselm-grun.html#webpage\",\"url\":\"https:\/\/franciscanos.org.br\/noticias\/vozes-a-redescoberta-da-existencia-reune-monja-coen-e-anselm-grun.html\",\"name\":\"Vozes: \\\"A redescoberta da exist\u00eancia\\\" re\u00fane Monja Coen e Anselm Gr\u00fcn - Not\u00edcias - Franciscanos\",\"isPartOf\":{\"@id\":\"https:\/\/franciscanos.org.br\/noticias\/#website\"},\"primaryImageOfPage\":{\"@id\":\"https:\/\/franciscanos.org.br\/noticias\/vozes-a-redescoberta-da-existencia-reune-monja-coen-e-anselm-grun.html#primaryimage\"},\"datePublished\":\"2021-04-19T12:42:55+00:00\",\"dateModified\":\"2021-04-19T12:42:55+00:00\",\"author\":{\"@id\":\"https:\/\/franciscanos.org.br\/noticias\/#\/schema\/person\/b5c8cba458c330ccff548b056e95a5d4\"},\"breadcrumb\":{\"@id\":\"https:\/\/franciscanos.org.br\/noticias\/vozes-a-redescoberta-da-existencia-reune-monja-coen-e-anselm-grun.html#breadcrumb\"},\"inLanguage\":\"pt-BR\",\"potentialAction\":[{\"@type\":\"ReadAction\",\"target\":[\"https:\/\/franciscanos.org.br\/noticias\/vozes-a-redescoberta-da-existencia-reune-monja-coen-e-anselm-grun.html\"]}]},{\"@type\":\"BreadcrumbList\",\"@id\":\"https:\/\/franciscanos.org.br\/noticias\/vozes-a-redescoberta-da-existencia-reune-monja-coen-e-anselm-grun.html#breadcrumb\",\"itemListElement\":[{\"@type\":\"ListItem\",\"position\":1,\"name\":\"Home\",\"item\":\"https:\/\/franciscanos.org.br\/noticias\"},{\"@type\":\"ListItem\",\"position\":2,\"name\":\"Vozes: &#8220;A redescoberta da exist\u00eancia&#8221; re\u00fane Monja Coen e Anselm Gr\u00fcn\"}]},{\"@type\":\"Person\",\"@id\":\"https:\/\/franciscanos.org.br\/noticias\/#\/schema\/person\/b5c8cba458c330ccff548b056e95a5d4\",\"name\":\"moacir\",\"image\":{\"@type\":\"ImageObject\",\"inLanguage\":\"pt-BR\",\"@id\":\"https:\/\/franciscanos.org.br\/noticias\/#\/schema\/person\/image\/\",\"url\":\"https:\/\/secure.gravatar.com\/avatar\/d08aa2ce4c8dd416d4479aa8536fcf64?s=96&d=mm&r=g\",\"contentUrl\":\"https:\/\/secure.gravatar.com\/avatar\/d08aa2ce4c8dd416d4479aa8536fcf64?s=96&d=mm&r=g\",\"caption\":\"moacir\"},\"url\":\"https:\/\/franciscanos.org.br\/noticias\/author\/moacir\"}]}<\/script>\n<!-- \/ Yoast SEO plugin. -->","yoast_head_json":{"title":"Vozes: \"A redescoberta da exist\u00eancia\" re\u00fane Monja Coen e Anselm Gr\u00fcn - Not\u00edcias - Franciscanos","robots":{"index":"index","follow":"follow","max-snippet":"max-snippet:-1","max-image-preview":"max-image-preview:large","max-video-preview":"max-video-preview:-1"},"canonical":"https:\/\/franciscanos.org.br\/noticias\/vozes-a-redescoberta-da-existencia-reune-monja-coen-e-anselm-grun.html","og_locale":"pt_BR","og_type":"article","og_title":"Vozes: \"A redescoberta da exist\u00eancia\" re\u00fane Monja Coen e Anselm Gr\u00fcn - Not\u00edcias - Franciscanos","og_description":"Editora Vozes","og_url":"https:\/\/franciscanos.org.br\/noticias\/vozes-a-redescoberta-da-existencia-reune-monja-coen-e-anselm-grun.html","og_site_name":"Not\u00edcias - Franciscanos","article_published_time":"2021-04-19T12:42:55+00:00","og_image":[{"width":800,"height":550,"url":"https:\/\/franciscanos.org.br\/noticias\/wp-content\/uploads\/2021\/04\/livros_19d.jpg","type":"image\/jpeg"}],"author":"moacir","twitter_card":"summary_large_image","twitter_misc":{"Escrito por":"moacir","Est. tempo de leitura":"8 minutos"},"schema":{"@context":"https:\/\/schema.org","@graph":[{"@type":"WebSite","@id":"https:\/\/franciscanos.org.br\/noticias\/#website","url":"https:\/\/franciscanos.org.br\/noticias\/","name":"Not\u00edcias - Franciscanos","description":"Prov\u00edncia Franciscana da Imaculada Concei\u00e7\u00e3o do Brasil - Ordem dos Frades Menores - OFM","potentialAction":[{"@type":"SearchAction","target":{"@type":"EntryPoint","urlTemplate":"https:\/\/franciscanos.org.br\/noticias\/?s={search_term_string}"},"query-input":"required name=search_term_string"}],"inLanguage":"pt-BR"},{"@type":"ImageObject","inLanguage":"pt-BR","@id":"https:\/\/franciscanos.org.br\/noticias\/vozes-a-redescoberta-da-existencia-reune-monja-coen-e-anselm-grun.html#primaryimage","url":"https:\/\/franciscanos.org.br\/noticias\/wp-content\/uploads\/2021\/04\/livros_19d.jpg","contentUrl":"https:\/\/franciscanos.org.br\/noticias\/wp-content\/uploads\/2021\/04\/livros_19d.jpg","width":800,"height":550},{"@type":"WebPage","@id":"https:\/\/franciscanos.org.br\/noticias\/vozes-a-redescoberta-da-existencia-reune-monja-coen-e-anselm-grun.html#webpage","url":"https:\/\/franciscanos.org.br\/noticias\/vozes-a-redescoberta-da-existencia-reune-monja-coen-e-anselm-grun.html","name":"Vozes: \"A redescoberta da exist\u00eancia\" re\u00fane Monja Coen e Anselm Gr\u00fcn - Not\u00edcias - Franciscanos","isPartOf":{"@id":"https:\/\/franciscanos.org.br\/noticias\/#website"},"primaryImageOfPage":{"@id":"https:\/\/franciscanos.org.br\/noticias\/vozes-a-redescoberta-da-existencia-reune-monja-coen-e-anselm-grun.html#primaryimage"},"datePublished":"2021-04-19T12:42:55+00:00","dateModified":"2021-04-19T12:42:55+00:00","author":{"@id":"https:\/\/franciscanos.org.br\/noticias\/#\/schema\/person\/b5c8cba458c330ccff548b056e95a5d4"},"breadcrumb":{"@id":"https:\/\/franciscanos.org.br\/noticias\/vozes-a-redescoberta-da-existencia-reune-monja-coen-e-anselm-grun.html#breadcrumb"},"inLanguage":"pt-BR","potentialAction":[{"@type":"ReadAction","target":["https:\/\/franciscanos.org.br\/noticias\/vozes-a-redescoberta-da-existencia-reune-monja-coen-e-anselm-grun.html"]}]},{"@type":"BreadcrumbList","@id":"https:\/\/franciscanos.org.br\/noticias\/vozes-a-redescoberta-da-existencia-reune-monja-coen-e-anselm-grun.html#breadcrumb","itemListElement":[{"@type":"ListItem","position":1,"name":"Home","item":"https:\/\/franciscanos.org.br\/noticias"},{"@type":"ListItem","position":2,"name":"Vozes: &#8220;A redescoberta da exist\u00eancia&#8221; re\u00fane Monja Coen e Anselm Gr\u00fcn"}]},{"@type":"Person","@id":"https:\/\/franciscanos.org.br\/noticias\/#\/schema\/person\/b5c8cba458c330ccff548b056e95a5d4","name":"moacir","image":{"@type":"ImageObject","inLanguage":"pt-BR","@id":"https:\/\/franciscanos.org.br\/noticias\/#\/schema\/person\/image\/","url":"https:\/\/secure.gravatar.com\/avatar\/d08aa2ce4c8dd416d4479aa8536fcf64?s=96&d=mm&r=g","contentUrl":"https:\/\/secure.gravatar.com\/avatar\/d08aa2ce4c8dd416d4479aa8536fcf64?s=96&d=mm&r=g","caption":"moacir"},"url":"https:\/\/franciscanos.org.br\/noticias\/author\/moacir"}]}},"_links":{"self":[{"href":"https:\/\/franciscanos.org.br\/noticias\/wp-json\/wp\/v2\/posts\/231721"}],"collection":[{"href":"https:\/\/franciscanos.org.br\/noticias\/wp-json\/wp\/v2\/posts"}],"about":[{"href":"https:\/\/franciscanos.org.br\/noticias\/wp-json\/wp\/v2\/types\/post"}],"author":[{"embeddable":true,"href":"https:\/\/franciscanos.org.br\/noticias\/wp-json\/wp\/v2\/users\/3"}],"replies":[{"embeddable":true,"href":"https:\/\/franciscanos.org.br\/noticias\/wp-json\/wp\/v2\/comments?post=231721"}],"version-history":[{"count":1,"href":"https:\/\/franciscanos.org.br\/noticias\/wp-json\/wp\/v2\/posts\/231721\/revisions"}],"predecessor-version":[{"id":231724,"href":"https:\/\/franciscanos.org.br\/noticias\/wp-json\/wp\/v2\/posts\/231721\/revisions\/231724"}],"wp:featuredmedia":[{"embeddable":true,"href":"https:\/\/franciscanos.org.br\/noticias\/wp-json\/wp\/v2\/media\/231723"}],"wp:attachment":[{"href":"https:\/\/franciscanos.org.br\/noticias\/wp-json\/wp\/v2\/media?parent=231721"}],"wp:term":[{"taxonomy":"category","embeddable":true,"href":"https:\/\/franciscanos.org.br\/noticias\/wp-json\/wp\/v2\/categories?post=231721"},{"taxonomy":"post_tag","embeddable":true,"href":"https:\/\/franciscanos.org.br\/noticias\/wp-json\/wp\/v2\/tags?post=231721"}],"curies":[{"name":"wp","href":"https:\/\/api.w.org\/{rel}","templated":true}]}}