{"id":231712,"date":"2021-04-18T09:18:40","date_gmt":"2021-04-18T12:18:40","guid":{"rendered":"https:\/\/franciscanos.org.br\/noticias\/?p=231712"},"modified":"2021-04-18T09:18:40","modified_gmt":"2021-04-18T12:18:40","slug":"papa-nao-existe-um-cristianismo-a-distancia","status":"publish","type":"post","link":"https:\/\/franciscanos.org.br\/noticias\/papa-nao-existe-um-cristianismo-a-distancia.html","title":{"rendered":"Papa: N\u00e3o existe um cristianismo \u00e0 dist\u00e2ncia"},"content":{"rendered":"<div id=\"attachment_231714\" style=\"width: 1290px\" class=\"wp-caption alignnone\"><img aria-describedby=\"caption-attachment-231714\" loading=\"lazy\" class=\"wp-image-231714 size-full\" src=\"https:\/\/franciscanos.org.br\/noticias\/wp-content\/uploads\/2021\/04\/regina_18.jpg\" alt=\"\" width=\"1280\" height=\"720\" srcset=\"https:\/\/franciscanos.org.br\/noticias\/wp-content\/uploads\/2021\/04\/regina_18.jpg 1280w, https:\/\/franciscanos.org.br\/noticias\/wp-content\/uploads\/2021\/04\/regina_18-450x253.jpg 450w, https:\/\/franciscanos.org.br\/noticias\/wp-content\/uploads\/2021\/04\/regina_18-1024x576.jpg 1024w, https:\/\/franciscanos.org.br\/noticias\/wp-content\/uploads\/2021\/04\/regina_18-768x432.jpg 768w, https:\/\/franciscanos.org.br\/noticias\/wp-content\/uploads\/2021\/04\/regina_18-150x84.jpg 150w\" sizes=\"(max-width: 1280px) 100vw, 1280px\" \/><p id=\"caption-attachment-231714\" class=\"wp-caption-text\">\u00a0 \u00a0 \u00a0 \u00a0 \u00a0 \u00a0 \u00a0 \u00a0 \u00a0 \u00a0 \u00a0 \u00a0 \u00a0 \u00a0 \u00a0 \u00a0 \u00a0 \u00a0 \u00a0 \u00a0 \u00a0 \u00a0 \u00a0 \u00a0 \u00a0 \u00a0 \u00a0 \u00a0 \u00a0 \u00a0 \u00a0 \u00a0 \u00a0 \u00a0 \u00a0 \u00a0 \u00a0 \u00a0 \u00a0 \u00a0 \u00a0 \u00a0 \u00a0 \u00a0 \u00a0 \u00a0 \u00a0 \u00a0 \u00a0 \u00a0 \u00a0 \u00a0 \u00a0 \u00a0 \u00a0 \u00a0 \u00a0 \u00a0 \u00a0 \u00a0 \u00a0 \u00a0 \u00a0 \u00a0 \u00a0 \u00a0 \u00a0 <em>\u00a0Imagem: Vatican Media<\/em><\/p><\/div>\n<p>Jesus n\u00e3o \u00e9 um &#8220;fantasma&#8221;, mas uma Pessoa viva. Ser crist\u00e3os n\u00e3o \u00e9 antes de tudo uma doutrina ou um ideal moral, \u00e9 uma rela\u00e7\u00e3o viva com Ele, com o Senhor Ressuscitado: foi o que disse o Papa Francisco na alocu\u00e7\u00e3o que precedeu o Regina Coeli, a ora\u00e7\u00e3o do tempo pascal. Neste 18 de abril, Francisco voltou \u00e0 janela do Pal\u00e1cio Apost\u00f3lico com vista para a Pra\u00e7a S\u00e3o Pedro de onde rezou com fi\u00e9is a ora\u00e7\u00e3o mariana.<\/p>\n<p>No terceiro domingo da P\u00e1scoa, o Santo Padre recordou que voltamos a Jerusal\u00e9m, ao Cen\u00e1culo, como se guiados pelos dois disc\u00edpulos de Ema\u00fas, que haviam escutado com grande emo\u00e7\u00e3o as palavras de Jesus no caminho e depois o reconheceram &#8220;no partir do p\u00e3o&#8221;. Agora, no Cen\u00e1culo, o Cristo ressuscitado aparece no meio do grupo de disc\u00edpulos e os sa\u00fada, dizendo: &#8220;A paz esteja convosco&#8221;! Mas eles est\u00e3o assustados \u2013 disse o Papa &#8211; e acreditam &#8220;que veem um fantasma&#8221;. Ent\u00e3o Jesus lhes mostra as feridas em seu corpo e diz: &#8220;Olhem para minhas m\u00e3os e meus p\u00e9s: sou eu mesmo! Toquem em mim! E para convenc\u00ea-los, ele pede comida e a come sob o olhar at\u00f4nito deles.<\/p>\n<p>H\u00e1 um detalhe aqui nesta descri\u00e7\u00e3o, disse o Papa. O Evangelho diz que os ap\u00f3stolos, pela grande alegria, ainda n\u00e3o acreditavam. &#8220;Tal era a alegria que eles tinham que n\u00e3o podiam acreditar que era verdade. \u00c9 um segundo detalhe: eles ficaram at\u00f4nitos, espantados, espantados porque o encontro com Deus sempre os leva ao estupor. Vai al\u00e9m do entusiasmo, al\u00e9m da alegria, \u00e9 outra experi\u00eancia. E eles estavam alegres, mas uma alegria que os fazia pensar: mas n\u00e3o, isto n\u00e3o pode ser verdade, n\u00e3o, n\u00e3o pode&#8230;(?) assim&#8230; \u00c9 o estupor da presen\u00e7a de Deus. N\u00e3o se esque\u00e7a deste estado de esp\u00edrito, que \u00e9 t\u00e3o bonito&#8221;.<\/p>\n<p>Esta p\u00e1gina do Evangelho \u2013 continuou Francisco &#8211; \u00e9 caracterizada por tr\u00eas verbos muito concretos, que em certo sentido refletem nossa vida pessoal e comunit\u00e1ria: olhar, tocar e comer. Tr\u00eas a\u00e7\u00f5es que podem dar a alegria de um verdadeiro encontro com Jesus vivo: &#8220;Olhem para minhas m\u00e3os e meus p\u00e9s&#8221; &#8211; diz Jesus. Olhar n\u00e3o \u00e9 apenas ver, \u00e9 mais, envolve tamb\u00e9m inten\u00e7\u00e3o, vontade. \u00c9 por isso que \u00e9 um dos verbos do amor. M\u00e3es e pais olham para seus filhos; os apaixonados se olham um para o outro; um bom m\u00e9dico olha atentamente para seu paciente&#8230; Olhar \u00e9 um primeiro passo contra a indiferen\u00e7a, contra a tenta\u00e7\u00e3o de virar nosso rosto diante das dificuldades e sofrimentos dos outros. Olhar. Eu vejo ou olho Jesus?&#8221;.<\/p>\n<p>Em seguida o Santo Padre falou do segundo verbo, tocar:\u00a0\u201cAo convidar os disc\u00edpulos a toc\u00e1-lo, para constatar que ele n\u00e3o \u00e9 um fantasma, toque-me. Jesus indica a eles e a n\u00f3s que a rela\u00e7\u00e3o com Ele e com os nossos irm\u00e3os n\u00e3o pode permanecer &#8220;\u00e0 dist\u00e2ncia&#8221;, n\u00e3o existe um cristianismo \u00e0 dist\u00e2ncia, n\u00e3o existe somente um cristianismo, no n\u00edvel do olhar. O amor pede para olhar e tamb\u00e9m a proximidade, pede contato, a partilha da vida. O bom samaritano n\u00e3o se limitou a olhar para o homem que encontrou meio morto ao longo da estrada: inclinou-se, curou suas feridas, e o carregou em seu cavalo e o levou para a pousada. E assim com o pr\u00f3prio Jesus: am\u00e1-lo significa entrar numa comunh\u00e3o de vida, uma comunh\u00e3o com Ele\u201d.<\/p>\n<p>Falando depois do terceiro verbo, comer, disse que o mesmo expressa bem a nossa humanidade na sua mais natural indig\u00eancia, ou seja, nossa necessidade de nos alimentarmos para poder viver:\u00a0\u201cMas comer, quando o fazemos juntos, em fam\u00edlia ou entre amigos, torna-se tamb\u00e9m uma express\u00e3o de amor, de comunh\u00e3o, de festa&#8230; Quantas vezes os Evangelhos nos mostram Jesus que vive esta dimens\u00e3o de conviv\u00eancia! Tamb\u00e9m ressuscitado, com seus disc\u00edpulos. Ao ponto de o Banquete eucar\u00edstico se tornar o sinal emblem\u00e1tico da comunidade crist\u00e3. Alimentar-se juntos com o corpo de Cristo. Este \u00e9 o centro da vida crist\u00e3\u201d.<\/p>\n<p>O Papa Francisco recordou que esta p\u00e1gina do Evangelho nos diz que Jesus n\u00e3o \u00e9 um &#8220;fantasma&#8221;, mas uma Pessoa viva, que Jesus quando se aproxima de n\u00f3s nos enche de alegria at\u00e9 ao ponto de n\u00e3o acreditarmos e nos deixa at\u00f4nitos com aquele estupor que somente a presen\u00e7a de Deus nos d\u00e1, porque Jesus \u00e9 uma pessoa viva.<\/p>\n<p>Ser crist\u00e3os &#8211; continuou o Santo Padre &#8211; n\u00e3o \u00e9 antes de tudo uma doutrina ou um ideal moral, \u00e9 uma rela\u00e7\u00e3o viva com Ele, com o Senhor Ressuscitado: \u201colhamos para Ele, tocamos n\u2019Ele, nos alimentamos d\u2019Ele e, transformados por Seu Amor, olhamos, tocamos e alimentamos os outros como irm\u00e3os e irm\u00e3s. Que a Virgem Maria \u2013 concluiu &#8211; nos ajude a viver esta experi\u00eancia de gra\u00e7a\u201d.<\/p>\n<p><strong>O Papa na janela do Pal\u00e1cio Apost\u00f3lico<\/strong><br \/>\nNas \u00faltimas semanas, a janela do Pal\u00e1cio Apost\u00f3lico permaneceu fechada em 21 de mar\u00e7o e 5 de abril, enquanto a recita\u00e7\u00e3o do <em>Angelus<\/em> em 28 de mar\u00e7o, Domingo de Ramos na Bas\u00edlica de S\u00e3o Pedro, e o <em>Regina Coeli<\/em> do domingo passado &#8211; com o Papa na Igreja do Santo Esp\u00edrito, in S\u00e1ssia, para a Festa da Divina Miseric\u00f3rdia &#8211; foram conduzidos pelo Santo Padre ao t\u00e9rmino das duas celebra\u00e7\u00f5es.<\/p>\n<p>O primeiro <em>lockdown<\/em> do ano passado tinha mantido os fi\u00e9is distantes da Pra\u00e7a S\u00e3o Pedro de 8 de mar\u00e7o a 24 de maio, com o Papa conduzindo as ora\u00e7\u00f5es dominicais transmitidas ao vivo diretamente da Biblioteca do Pal\u00e1cio Apost\u00f3lico. Depois disso, o Pont\u00edfice havia retornado por alguns meses, at\u00e9 20 de dezembro, a recitar a ora\u00e7\u00e3o dominical da janela de seu escrit\u00f3rio que d\u00e1 para a Pra\u00e7a S\u00e3o Pedro. Depois, foi suspensa novamente a recita\u00e7\u00e3o com os fi\u00e9is na Pra\u00e7a at\u00e9 7 de fevereiro, sendo novamente retomada at\u00e9 14 de mar\u00e7o e, por fim, como mencionado, o \u00faltimo fechamento em 21 de mar\u00e7o passado.<\/p>\n<hr \/>\n<p><em>Fonte: Vatican News (texto de Silvonei Jos\u00e9)\u00a0<\/em><\/p>\n","protected":false},"excerpt":{"rendered":"<p>Regina Coeli<\/p>\n","protected":false},"author":3,"featured_media":231713,"comment_status":"open","ping_status":"open","sticky":false,"template":"","format":"standard","meta":[],"categories":[1428],"tags":[564],"acf":[],"yoast_head":"<!-- This site is optimized with the Yoast SEO plugin v19.2 - https:\/\/yoast.com\/wordpress\/plugins\/seo\/ -->\n<title>Papa: N\u00e3o existe um cristianismo \u00e0 dist\u00e2ncia - Not\u00edcias - Franciscanos<\/title>\n<meta name=\"robots\" content=\"index, follow, max-snippet:-1, max-image-preview:large, max-video-preview:-1\" \/>\n<link rel=\"canonical\" href=\"https:\/\/franciscanos.org.br\/noticias\/papa-nao-existe-um-cristianismo-a-distancia.html\" \/>\n<meta property=\"og:locale\" content=\"pt_BR\" \/>\n<meta property=\"og:type\" content=\"article\" \/>\n<meta property=\"og:title\" content=\"Papa: N\u00e3o existe um cristianismo \u00e0 dist\u00e2ncia - Not\u00edcias - Franciscanos\" \/>\n<meta property=\"og:description\" content=\"Regina Coeli\" \/>\n<meta property=\"og:url\" content=\"https:\/\/franciscanos.org.br\/noticias\/papa-nao-existe-um-cristianismo-a-distancia.html\" \/>\n<meta property=\"og:site_name\" content=\"Not\u00edcias - Franciscanos\" \/>\n<meta property=\"article:published_time\" content=\"2021-04-18T12:18:40+00:00\" \/>\n<meta property=\"og:image\" content=\"https:\/\/franciscanos.org.br\/noticias\/wp-content\/uploads\/2021\/04\/regina_18d.jpg\" \/>\n\t<meta property=\"og:image:width\" content=\"800\" \/>\n\t<meta property=\"og:image:height\" content=\"550\" \/>\n\t<meta property=\"og:image:type\" content=\"image\/jpeg\" \/>\n<meta name=\"author\" content=\"moacir\" \/>\n<meta name=\"twitter:card\" content=\"summary_large_image\" \/>\n<meta name=\"twitter:label1\" content=\"Escrito por\" \/>\n\t<meta name=\"twitter:data1\" content=\"moacir\" \/>\n\t<meta name=\"twitter:label2\" content=\"Est. tempo de leitura\" \/>\n\t<meta name=\"twitter:data2\" content=\"5 minutos\" \/>\n<script type=\"application\/ld+json\" class=\"yoast-schema-graph\">{\"@context\":\"https:\/\/schema.org\",\"@graph\":[{\"@type\":\"WebSite\",\"@id\":\"https:\/\/franciscanos.org.br\/noticias\/#website\",\"url\":\"https:\/\/franciscanos.org.br\/noticias\/\",\"name\":\"Not\u00edcias - Franciscanos\",\"description\":\"Prov\u00edncia Franciscana da Imaculada Concei\u00e7\u00e3o do Brasil - Ordem dos Frades Menores - OFM\",\"potentialAction\":[{\"@type\":\"SearchAction\",\"target\":{\"@type\":\"EntryPoint\",\"urlTemplate\":\"https:\/\/franciscanos.org.br\/noticias\/?s={search_term_string}\"},\"query-input\":\"required name=search_term_string\"}],\"inLanguage\":\"pt-BR\"},{\"@type\":\"ImageObject\",\"inLanguage\":\"pt-BR\",\"@id\":\"https:\/\/franciscanos.org.br\/noticias\/papa-nao-existe-um-cristianismo-a-distancia.html#primaryimage\",\"url\":\"https:\/\/franciscanos.org.br\/noticias\/wp-content\/uploads\/2021\/04\/regina_18d.jpg\",\"contentUrl\":\"https:\/\/franciscanos.org.br\/noticias\/wp-content\/uploads\/2021\/04\/regina_18d.jpg\",\"width\":800,\"height\":550},{\"@type\":\"WebPage\",\"@id\":\"https:\/\/franciscanos.org.br\/noticias\/papa-nao-existe-um-cristianismo-a-distancia.html#webpage\",\"url\":\"https:\/\/franciscanos.org.br\/noticias\/papa-nao-existe-um-cristianismo-a-distancia.html\",\"name\":\"Papa: N\u00e3o existe um cristianismo \u00e0 dist\u00e2ncia - Not\u00edcias - Franciscanos\",\"isPartOf\":{\"@id\":\"https:\/\/franciscanos.org.br\/noticias\/#website\"},\"primaryImageOfPage\":{\"@id\":\"https:\/\/franciscanos.org.br\/noticias\/papa-nao-existe-um-cristianismo-a-distancia.html#primaryimage\"},\"datePublished\":\"2021-04-18T12:18:40+00:00\",\"dateModified\":\"2021-04-18T12:18:40+00:00\",\"author\":{\"@id\":\"https:\/\/franciscanos.org.br\/noticias\/#\/schema\/person\/b5c8cba458c330ccff548b056e95a5d4\"},\"breadcrumb\":{\"@id\":\"https:\/\/franciscanos.org.br\/noticias\/papa-nao-existe-um-cristianismo-a-distancia.html#breadcrumb\"},\"inLanguage\":\"pt-BR\",\"potentialAction\":[{\"@type\":\"ReadAction\",\"target\":[\"https:\/\/franciscanos.org.br\/noticias\/papa-nao-existe-um-cristianismo-a-distancia.html\"]}]},{\"@type\":\"BreadcrumbList\",\"@id\":\"https:\/\/franciscanos.org.br\/noticias\/papa-nao-existe-um-cristianismo-a-distancia.html#breadcrumb\",\"itemListElement\":[{\"@type\":\"ListItem\",\"position\":1,\"name\":\"Home\",\"item\":\"https:\/\/franciscanos.org.br\/noticias\"},{\"@type\":\"ListItem\",\"position\":2,\"name\":\"Papa: N\u00e3o existe um cristianismo \u00e0 dist\u00e2ncia\"}]},{\"@type\":\"Person\",\"@id\":\"https:\/\/franciscanos.org.br\/noticias\/#\/schema\/person\/b5c8cba458c330ccff548b056e95a5d4\",\"name\":\"moacir\",\"image\":{\"@type\":\"ImageObject\",\"inLanguage\":\"pt-BR\",\"@id\":\"https:\/\/franciscanos.org.br\/noticias\/#\/schema\/person\/image\/\",\"url\":\"https:\/\/secure.gravatar.com\/avatar\/d08aa2ce4c8dd416d4479aa8536fcf64?s=96&d=mm&r=g\",\"contentUrl\":\"https:\/\/secure.gravatar.com\/avatar\/d08aa2ce4c8dd416d4479aa8536fcf64?s=96&d=mm&r=g\",\"caption\":\"moacir\"},\"url\":\"https:\/\/franciscanos.org.br\/noticias\/author\/moacir\"}]}<\/script>\n<!-- \/ Yoast SEO plugin. -->","yoast_head_json":{"title":"Papa: N\u00e3o existe um cristianismo \u00e0 dist\u00e2ncia - Not\u00edcias - Franciscanos","robots":{"index":"index","follow":"follow","max-snippet":"max-snippet:-1","max-image-preview":"max-image-preview:large","max-video-preview":"max-video-preview:-1"},"canonical":"https:\/\/franciscanos.org.br\/noticias\/papa-nao-existe-um-cristianismo-a-distancia.html","og_locale":"pt_BR","og_type":"article","og_title":"Papa: N\u00e3o existe um cristianismo \u00e0 dist\u00e2ncia - Not\u00edcias - Franciscanos","og_description":"Regina Coeli","og_url":"https:\/\/franciscanos.org.br\/noticias\/papa-nao-existe-um-cristianismo-a-distancia.html","og_site_name":"Not\u00edcias - Franciscanos","article_published_time":"2021-04-18T12:18:40+00:00","og_image":[{"width":800,"height":550,"url":"https:\/\/franciscanos.org.br\/noticias\/wp-content\/uploads\/2021\/04\/regina_18d.jpg","type":"image\/jpeg"}],"author":"moacir","twitter_card":"summary_large_image","twitter_misc":{"Escrito por":"moacir","Est. tempo de leitura":"5 minutos"},"schema":{"@context":"https:\/\/schema.org","@graph":[{"@type":"WebSite","@id":"https:\/\/franciscanos.org.br\/noticias\/#website","url":"https:\/\/franciscanos.org.br\/noticias\/","name":"Not\u00edcias - Franciscanos","description":"Prov\u00edncia Franciscana da Imaculada Concei\u00e7\u00e3o do Brasil - Ordem dos Frades Menores - OFM","potentialAction":[{"@type":"SearchAction","target":{"@type":"EntryPoint","urlTemplate":"https:\/\/franciscanos.org.br\/noticias\/?s={search_term_string}"},"query-input":"required name=search_term_string"}],"inLanguage":"pt-BR"},{"@type":"ImageObject","inLanguage":"pt-BR","@id":"https:\/\/franciscanos.org.br\/noticias\/papa-nao-existe-um-cristianismo-a-distancia.html#primaryimage","url":"https:\/\/franciscanos.org.br\/noticias\/wp-content\/uploads\/2021\/04\/regina_18d.jpg","contentUrl":"https:\/\/franciscanos.org.br\/noticias\/wp-content\/uploads\/2021\/04\/regina_18d.jpg","width":800,"height":550},{"@type":"WebPage","@id":"https:\/\/franciscanos.org.br\/noticias\/papa-nao-existe-um-cristianismo-a-distancia.html#webpage","url":"https:\/\/franciscanos.org.br\/noticias\/papa-nao-existe-um-cristianismo-a-distancia.html","name":"Papa: N\u00e3o existe um cristianismo \u00e0 dist\u00e2ncia - Not\u00edcias - Franciscanos","isPartOf":{"@id":"https:\/\/franciscanos.org.br\/noticias\/#website"},"primaryImageOfPage":{"@id":"https:\/\/franciscanos.org.br\/noticias\/papa-nao-existe-um-cristianismo-a-distancia.html#primaryimage"},"datePublished":"2021-04-18T12:18:40+00:00","dateModified":"2021-04-18T12:18:40+00:00","author":{"@id":"https:\/\/franciscanos.org.br\/noticias\/#\/schema\/person\/b5c8cba458c330ccff548b056e95a5d4"},"breadcrumb":{"@id":"https:\/\/franciscanos.org.br\/noticias\/papa-nao-existe-um-cristianismo-a-distancia.html#breadcrumb"},"inLanguage":"pt-BR","potentialAction":[{"@type":"ReadAction","target":["https:\/\/franciscanos.org.br\/noticias\/papa-nao-existe-um-cristianismo-a-distancia.html"]}]},{"@type":"BreadcrumbList","@id":"https:\/\/franciscanos.org.br\/noticias\/papa-nao-existe-um-cristianismo-a-distancia.html#breadcrumb","itemListElement":[{"@type":"ListItem","position":1,"name":"Home","item":"https:\/\/franciscanos.org.br\/noticias"},{"@type":"ListItem","position":2,"name":"Papa: N\u00e3o existe um cristianismo \u00e0 dist\u00e2ncia"}]},{"@type":"Person","@id":"https:\/\/franciscanos.org.br\/noticias\/#\/schema\/person\/b5c8cba458c330ccff548b056e95a5d4","name":"moacir","image":{"@type":"ImageObject","inLanguage":"pt-BR","@id":"https:\/\/franciscanos.org.br\/noticias\/#\/schema\/person\/image\/","url":"https:\/\/secure.gravatar.com\/avatar\/d08aa2ce4c8dd416d4479aa8536fcf64?s=96&d=mm&r=g","contentUrl":"https:\/\/secure.gravatar.com\/avatar\/d08aa2ce4c8dd416d4479aa8536fcf64?s=96&d=mm&r=g","caption":"moacir"},"url":"https:\/\/franciscanos.org.br\/noticias\/author\/moacir"}]}},"_links":{"self":[{"href":"https:\/\/franciscanos.org.br\/noticias\/wp-json\/wp\/v2\/posts\/231712"}],"collection":[{"href":"https:\/\/franciscanos.org.br\/noticias\/wp-json\/wp\/v2\/posts"}],"about":[{"href":"https:\/\/franciscanos.org.br\/noticias\/wp-json\/wp\/v2\/types\/post"}],"author":[{"embeddable":true,"href":"https:\/\/franciscanos.org.br\/noticias\/wp-json\/wp\/v2\/users\/3"}],"replies":[{"embeddable":true,"href":"https:\/\/franciscanos.org.br\/noticias\/wp-json\/wp\/v2\/comments?post=231712"}],"version-history":[{"count":1,"href":"https:\/\/franciscanos.org.br\/noticias\/wp-json\/wp\/v2\/posts\/231712\/revisions"}],"predecessor-version":[{"id":231715,"href":"https:\/\/franciscanos.org.br\/noticias\/wp-json\/wp\/v2\/posts\/231712\/revisions\/231715"}],"wp:featuredmedia":[{"embeddable":true,"href":"https:\/\/franciscanos.org.br\/noticias\/wp-json\/wp\/v2\/media\/231713"}],"wp:attachment":[{"href":"https:\/\/franciscanos.org.br\/noticias\/wp-json\/wp\/v2\/media?parent=231712"}],"wp:term":[{"taxonomy":"category","embeddable":true,"href":"https:\/\/franciscanos.org.br\/noticias\/wp-json\/wp\/v2\/categories?post=231712"},{"taxonomy":"post_tag","embeddable":true,"href":"https:\/\/franciscanos.org.br\/noticias\/wp-json\/wp\/v2\/tags?post=231712"}],"curies":[{"name":"wp","href":"https:\/\/api.w.org\/{rel}","templated":true}]}}