{"id":231691,"date":"2021-04-15T13:19:14","date_gmt":"2021-04-15T16:19:14","guid":{"rendered":"https:\/\/franciscanos.org.br\/noticias\/?p=231691"},"modified":"2021-04-15T13:19:14","modified_gmt":"2021-04-15T16:19:14","slug":"papa-a-cnbb-promover-a-reconciliacao-do-povo-brasileiro","status":"publish","type":"post","link":"https:\/\/franciscanos.org.br\/noticias\/papa-a-cnbb-promover-a-reconciliacao-do-povo-brasileiro.html","title":{"rendered":"Papa \u00e0 CNBB: promover a reconcilia\u00e7\u00e3o do povo brasileiro"},"content":{"rendered":"<div id=\"attachment_231692\" style=\"width: 1290px\" class=\"wp-caption alignnone\"><img aria-describedby=\"caption-attachment-231692\" loading=\"lazy\" class=\"wp-image-231692 size-full\" src=\"https:\/\/franciscanos.org.br\/noticias\/wp-content\/uploads\/2021\/04\/papa_15.jpg\" alt=\"\" width=\"1280\" height=\"720\" srcset=\"https:\/\/franciscanos.org.br\/noticias\/wp-content\/uploads\/2021\/04\/papa_15.jpg 1280w, https:\/\/franciscanos.org.br\/noticias\/wp-content\/uploads\/2021\/04\/papa_15-450x253.jpg 450w, https:\/\/franciscanos.org.br\/noticias\/wp-content\/uploads\/2021\/04\/papa_15-1024x576.jpg 1024w, https:\/\/franciscanos.org.br\/noticias\/wp-content\/uploads\/2021\/04\/papa_15-768x432.jpg 768w, https:\/\/franciscanos.org.br\/noticias\/wp-content\/uploads\/2021\/04\/papa_15-150x84.jpg 150w\" sizes=\"(max-width: 1280px) 100vw, 1280px\" \/><p id=\"caption-attachment-231692\" class=\"wp-caption-text\">\u00a0 \u00a0 \u00a0 \u00a0 \u00a0 \u00a0 \u00a0 \u00a0 \u00a0 \u00a0 \u00a0 \u00a0 \u00a0 \u00a0 \u00a0 \u00a0 \u00a0 \u00a0 \u00a0 \u00a0 \u00a0 \u00a0 \u00a0 \u00a0 \u00a0 \u00a0 \u00a0 \u00a0 \u00a0 \u00a0 \u00a0 \u00a0 \u00a0 \u00a0 \u00a0 \u00a0 \u00a0 \u00a0 \u00a0 \u00a0 \u00a0 \u00a0 \u00a0 \u00a0 \u00a0 \u00a0 \u00a0 \u00a0 \u00a0 \u00a0 \u00a0 \u00a0 \u00a0 \u00a0 \u00a0 \u00a0 \u00a0 \u00a0 \u00a0 \u00a0 \u00a0 \u00a0 <em>\u00a0 \u00a0 \u00a0 \u00a0 \u00a0Imagem: Vatican Media<\/em><\/p><\/div>\n<p>Solidariedade, caridade e unidade: estes s\u00e3o os conceitos apontados pelo Papa Francisco ao enviar uma videomensagem aos bispos que participam da 58a Assembleia Geral da Confer\u00eancia Nacional dos Bispos do Brasil, pela primeira vez realizada de forma virtual.<\/p>\n<p>No in\u00edcio da mensagem, o Pont\u00edfice n\u00e3o deixa de lado o bom humor, pedindo desculpa por falar em espanhol, bem sabendo que existe um idioma que brasileiros e argentinos dominam: o \u201cportu\u00f1ol\u201d.<\/p>\n<p><iframe loading=\"lazy\" title=\"Papa \u00e0 CNBB: promover a reconcilia\u00e7\u00e3o do povo brasileiro\" width=\"500\" height=\"281\" src=\"https:\/\/www.youtube.com\/embed\/ObXdjGGVFok?feature=oembed\" frameborder=\"0\" allow=\"accelerometer; autoplay; clipboard-write; encrypted-media; gyroscope; picture-in-picture\" allowfullscreen><\/iframe><\/p>\n<p>Assumindo logo um tom mais s\u00e9rio, o Papa afirma que, atrav\u00e9s dos bispos, se dirige a todo o povo brasileiro, \u201cnum momento em que este amado pa\u00eds enfrenta uma das provas mais dif\u00edceis da sua hist\u00f3ria\u201d.<\/p>\n<p>\u201cGostaria, em primeiro lugar, de expressar minha proximidade \u00e0s centenas de milhares de fam\u00edlias que choram a perda de um ente querido. Jovens e idosos, pais e m\u00e3es, m\u00e9dicos e volunt\u00e1rios, ministros sagrados, ricos e pobres: a pandemia n\u00e3o excluiu ningu\u00e9m no seu rastro de sofrimento. Penso em especial nos bispos que morreram v\u00edtimas da Covid.\u201d<\/p>\n<p>Francisco pede a Deus que conceda o descanso eterno aos mortos e consola\u00e7\u00e3o aos familiares, que muitas vezes nem puderam se despedir. \u201cE este ir-se sem poder se despedir, ir-se na solid\u00e3o mais despojada \u00e9 uma das maiores dores de quem vai e de quem fica.\u201d<\/p>\n<p>Mas nossa f\u00e9 em Cristo ressuscitado nos mostra que podemos superar este tr\u00e1gico momento e aqui se apresenta a import\u00e2ncia da solidariedade, \u201ca chorar com os que choram\u201d. \u201cE a caridade nos impulsiona como bispos a nos despojar. N\u00e3o tenham medo de se despojar. Cada um sabe do qu\u00ea.\u201d A pandemia s\u00f3 ser\u00e1 superada com a uni\u00e3o e a CNBB deve ser una neste momento, \u201cporque o povo que sofre \u00e9 um\u201d.<\/p>\n<p><strong>Igreja una, porque o povo \u00e9 um<\/strong><br \/>\nO Papa recorda sua \u201cinesquec\u00edvel\u201d visita ao Brasil em 2013 e do que disse a respeito da hist\u00f3ria de Nossa Senhora Aparecida. Por ter sido encontrada quebrada, poderia servir de s\u00edmbolo da realidade brasileira: o que estava separado, recobra a unidade.<\/p>\n<p>\u201cE ser instrumento de reconcilia\u00e7\u00e3o, ser instrumento de unidade: esta \u00e9 a miss\u00e3o da Igreja no Brasil. Hoje mais do que nunca! E, para isto, \u00e9 necess\u00e1rio deixar de lado as divis\u00f5es e as desaven\u00e7as. \u00c9 necess\u00e1rio encontrarmo-nos no essencial. Com Cristo, por Cristo e em Cristo.\u201d<\/p>\n<p>Somente assim, prossegue o Papa, os bispos poder\u00e3o inspirar os fi\u00e9is, outros crist\u00e3os e cidad\u00e3os, tamb\u00e9m em n\u00edvel governamental, a trabalhar juntos para superar n\u00e3o s\u00f3 o coronav\u00edrus, mas tamb\u00e9m outro v\u00edrus: o v\u00edrus da indiferen\u00e7a, que nasce do ego\u00edsmo e gera injusti\u00e7a social.<\/p>\n<p>Francisco est\u00e1 consciente de que \u201co desafio \u00e9 grande. Mas sabemos que o Senhor caminha conosco&#8221;. \u201cSempre Jesus! Aqui est\u00e1 nossa base, nossa for\u00e7a, nossa unidade.\u201d<\/p>\n<p>O Papa conclui pedindo ao Senhor ressuscitado que esta Assembleia Geral d\u00ea frutos de unidade e reconcilia\u00e7\u00e3o a todo o povo brasileiro e \u00e0 CNBB. \u201cUnidade n\u00e3o \u00e9 uniformidade\u201d, recordou, mas harmonia.<\/p>\n<p>\u201cImploro a Nossa Senhora Aparecida que ela, como M\u00e3e, d\u00ea a todos os seus filos a gra\u00e7a de ser cust\u00f3dios do bem e da vida dos demais e promotores de fraternidade\u201d, s\u00e3o as palavras finais de Francisco, concedendo sua b\u00ean\u00e7\u00e3o apost\u00f3lica.<\/p>\n","protected":false},"excerpt":{"rendered":"<p>Mensagem do Papa Francisco<\/p>\n","protected":false},"author":3,"featured_media":231693,"comment_status":"open","ping_status":"open","sticky":false,"template":"","format":"standard","meta":[],"categories":[1428],"tags":[29,55],"acf":[],"yoast_head":"<!-- This site is optimized with the Yoast SEO plugin v19.2 - https:\/\/yoast.com\/wordpress\/plugins\/seo\/ -->\n<title>Papa \u00e0 CNBB: promover a reconcilia\u00e7\u00e3o do povo brasileiro - Not\u00edcias - Franciscanos<\/title>\n<meta name=\"robots\" content=\"index, follow, max-snippet:-1, max-image-preview:large, max-video-preview:-1\" \/>\n<link rel=\"canonical\" href=\"https:\/\/franciscanos.org.br\/noticias\/papa-a-cnbb-promover-a-reconciliacao-do-povo-brasileiro.html\" \/>\n<meta property=\"og:locale\" content=\"pt_BR\" \/>\n<meta property=\"og:type\" content=\"article\" \/>\n<meta property=\"og:title\" content=\"Papa \u00e0 CNBB: promover a reconcilia\u00e7\u00e3o do povo brasileiro - Not\u00edcias - Franciscanos\" \/>\n<meta property=\"og:description\" content=\"Mensagem do Papa Francisco\" \/>\n<meta property=\"og:url\" content=\"https:\/\/franciscanos.org.br\/noticias\/papa-a-cnbb-promover-a-reconciliacao-do-povo-brasileiro.html\" \/>\n<meta property=\"og:site_name\" content=\"Not\u00edcias - Franciscanos\" \/>\n<meta property=\"article:published_time\" content=\"2021-04-15T16:19:14+00:00\" \/>\n<meta property=\"og:image\" content=\"https:\/\/franciscanos.org.br\/noticias\/wp-content\/uploads\/2021\/04\/papa_15d.jpg\" \/>\n\t<meta property=\"og:image:width\" content=\"800\" \/>\n\t<meta property=\"og:image:height\" content=\"550\" \/>\n\t<meta property=\"og:image:type\" content=\"image\/jpeg\" \/>\n<meta name=\"author\" content=\"moacir\" \/>\n<meta name=\"twitter:card\" content=\"summary_large_image\" \/>\n<meta name=\"twitter:label1\" content=\"Escrito por\" \/>\n\t<meta name=\"twitter:data1\" content=\"moacir\" \/>\n\t<meta name=\"twitter:label2\" content=\"Est. tempo de leitura\" \/>\n\t<meta name=\"twitter:data2\" content=\"3 minutos\" \/>\n<script type=\"application\/ld+json\" class=\"yoast-schema-graph\">{\"@context\":\"https:\/\/schema.org\",\"@graph\":[{\"@type\":\"WebSite\",\"@id\":\"https:\/\/franciscanos.org.br\/noticias\/#website\",\"url\":\"https:\/\/franciscanos.org.br\/noticias\/\",\"name\":\"Not\u00edcias - Franciscanos\",\"description\":\"Prov\u00edncia Franciscana da Imaculada Concei\u00e7\u00e3o do Brasil - Ordem dos Frades Menores - OFM\",\"potentialAction\":[{\"@type\":\"SearchAction\",\"target\":{\"@type\":\"EntryPoint\",\"urlTemplate\":\"https:\/\/franciscanos.org.br\/noticias\/?s={search_term_string}\"},\"query-input\":\"required name=search_term_string\"}],\"inLanguage\":\"pt-BR\"},{\"@type\":\"ImageObject\",\"inLanguage\":\"pt-BR\",\"@id\":\"https:\/\/franciscanos.org.br\/noticias\/papa-a-cnbb-promover-a-reconciliacao-do-povo-brasileiro.html#primaryimage\",\"url\":\"https:\/\/franciscanos.org.br\/noticias\/wp-content\/uploads\/2021\/04\/papa_15d.jpg\",\"contentUrl\":\"https:\/\/franciscanos.org.br\/noticias\/wp-content\/uploads\/2021\/04\/papa_15d.jpg\",\"width\":800,\"height\":550},{\"@type\":\"WebPage\",\"@id\":\"https:\/\/franciscanos.org.br\/noticias\/papa-a-cnbb-promover-a-reconciliacao-do-povo-brasileiro.html#webpage\",\"url\":\"https:\/\/franciscanos.org.br\/noticias\/papa-a-cnbb-promover-a-reconciliacao-do-povo-brasileiro.html\",\"name\":\"Papa \u00e0 CNBB: promover a reconcilia\u00e7\u00e3o do povo brasileiro - Not\u00edcias - Franciscanos\",\"isPartOf\":{\"@id\":\"https:\/\/franciscanos.org.br\/noticias\/#website\"},\"primaryImageOfPage\":{\"@id\":\"https:\/\/franciscanos.org.br\/noticias\/papa-a-cnbb-promover-a-reconciliacao-do-povo-brasileiro.html#primaryimage\"},\"datePublished\":\"2021-04-15T16:19:14+00:00\",\"dateModified\":\"2021-04-15T16:19:14+00:00\",\"author\":{\"@id\":\"https:\/\/franciscanos.org.br\/noticias\/#\/schema\/person\/b5c8cba458c330ccff548b056e95a5d4\"},\"breadcrumb\":{\"@id\":\"https:\/\/franciscanos.org.br\/noticias\/papa-a-cnbb-promover-a-reconciliacao-do-povo-brasileiro.html#breadcrumb\"},\"inLanguage\":\"pt-BR\",\"potentialAction\":[{\"@type\":\"ReadAction\",\"target\":[\"https:\/\/franciscanos.org.br\/noticias\/papa-a-cnbb-promover-a-reconciliacao-do-povo-brasileiro.html\"]}]},{\"@type\":\"BreadcrumbList\",\"@id\":\"https:\/\/franciscanos.org.br\/noticias\/papa-a-cnbb-promover-a-reconciliacao-do-povo-brasileiro.html#breadcrumb\",\"itemListElement\":[{\"@type\":\"ListItem\",\"position\":1,\"name\":\"Home\",\"item\":\"https:\/\/franciscanos.org.br\/noticias\"},{\"@type\":\"ListItem\",\"position\":2,\"name\":\"Papa \u00e0 CNBB: promover a reconcilia\u00e7\u00e3o do povo brasileiro\"}]},{\"@type\":\"Person\",\"@id\":\"https:\/\/franciscanos.org.br\/noticias\/#\/schema\/person\/b5c8cba458c330ccff548b056e95a5d4\",\"name\":\"moacir\",\"image\":{\"@type\":\"ImageObject\",\"inLanguage\":\"pt-BR\",\"@id\":\"https:\/\/franciscanos.org.br\/noticias\/#\/schema\/person\/image\/\",\"url\":\"https:\/\/secure.gravatar.com\/avatar\/d08aa2ce4c8dd416d4479aa8536fcf64?s=96&d=mm&r=g\",\"contentUrl\":\"https:\/\/secure.gravatar.com\/avatar\/d08aa2ce4c8dd416d4479aa8536fcf64?s=96&d=mm&r=g\",\"caption\":\"moacir\"},\"url\":\"https:\/\/franciscanos.org.br\/noticias\/author\/moacir\"}]}<\/script>\n<!-- \/ Yoast SEO plugin. -->","yoast_head_json":{"title":"Papa \u00e0 CNBB: promover a reconcilia\u00e7\u00e3o do povo brasileiro - Not\u00edcias - Franciscanos","robots":{"index":"index","follow":"follow","max-snippet":"max-snippet:-1","max-image-preview":"max-image-preview:large","max-video-preview":"max-video-preview:-1"},"canonical":"https:\/\/franciscanos.org.br\/noticias\/papa-a-cnbb-promover-a-reconciliacao-do-povo-brasileiro.html","og_locale":"pt_BR","og_type":"article","og_title":"Papa \u00e0 CNBB: promover a reconcilia\u00e7\u00e3o do povo brasileiro - Not\u00edcias - Franciscanos","og_description":"Mensagem do Papa Francisco","og_url":"https:\/\/franciscanos.org.br\/noticias\/papa-a-cnbb-promover-a-reconciliacao-do-povo-brasileiro.html","og_site_name":"Not\u00edcias - Franciscanos","article_published_time":"2021-04-15T16:19:14+00:00","og_image":[{"width":800,"height":550,"url":"https:\/\/franciscanos.org.br\/noticias\/wp-content\/uploads\/2021\/04\/papa_15d.jpg","type":"image\/jpeg"}],"author":"moacir","twitter_card":"summary_large_image","twitter_misc":{"Escrito por":"moacir","Est. tempo de leitura":"3 minutos"},"schema":{"@context":"https:\/\/schema.org","@graph":[{"@type":"WebSite","@id":"https:\/\/franciscanos.org.br\/noticias\/#website","url":"https:\/\/franciscanos.org.br\/noticias\/","name":"Not\u00edcias - Franciscanos","description":"Prov\u00edncia Franciscana da Imaculada Concei\u00e7\u00e3o do Brasil - Ordem dos Frades Menores - OFM","potentialAction":[{"@type":"SearchAction","target":{"@type":"EntryPoint","urlTemplate":"https:\/\/franciscanos.org.br\/noticias\/?s={search_term_string}"},"query-input":"required name=search_term_string"}],"inLanguage":"pt-BR"},{"@type":"ImageObject","inLanguage":"pt-BR","@id":"https:\/\/franciscanos.org.br\/noticias\/papa-a-cnbb-promover-a-reconciliacao-do-povo-brasileiro.html#primaryimage","url":"https:\/\/franciscanos.org.br\/noticias\/wp-content\/uploads\/2021\/04\/papa_15d.jpg","contentUrl":"https:\/\/franciscanos.org.br\/noticias\/wp-content\/uploads\/2021\/04\/papa_15d.jpg","width":800,"height":550},{"@type":"WebPage","@id":"https:\/\/franciscanos.org.br\/noticias\/papa-a-cnbb-promover-a-reconciliacao-do-povo-brasileiro.html#webpage","url":"https:\/\/franciscanos.org.br\/noticias\/papa-a-cnbb-promover-a-reconciliacao-do-povo-brasileiro.html","name":"Papa \u00e0 CNBB: promover a reconcilia\u00e7\u00e3o do povo brasileiro - Not\u00edcias - Franciscanos","isPartOf":{"@id":"https:\/\/franciscanos.org.br\/noticias\/#website"},"primaryImageOfPage":{"@id":"https:\/\/franciscanos.org.br\/noticias\/papa-a-cnbb-promover-a-reconciliacao-do-povo-brasileiro.html#primaryimage"},"datePublished":"2021-04-15T16:19:14+00:00","dateModified":"2021-04-15T16:19:14+00:00","author":{"@id":"https:\/\/franciscanos.org.br\/noticias\/#\/schema\/person\/b5c8cba458c330ccff548b056e95a5d4"},"breadcrumb":{"@id":"https:\/\/franciscanos.org.br\/noticias\/papa-a-cnbb-promover-a-reconciliacao-do-povo-brasileiro.html#breadcrumb"},"inLanguage":"pt-BR","potentialAction":[{"@type":"ReadAction","target":["https:\/\/franciscanos.org.br\/noticias\/papa-a-cnbb-promover-a-reconciliacao-do-povo-brasileiro.html"]}]},{"@type":"BreadcrumbList","@id":"https:\/\/franciscanos.org.br\/noticias\/papa-a-cnbb-promover-a-reconciliacao-do-povo-brasileiro.html#breadcrumb","itemListElement":[{"@type":"ListItem","position":1,"name":"Home","item":"https:\/\/franciscanos.org.br\/noticias"},{"@type":"ListItem","position":2,"name":"Papa \u00e0 CNBB: promover a reconcilia\u00e7\u00e3o do povo brasileiro"}]},{"@type":"Person","@id":"https:\/\/franciscanos.org.br\/noticias\/#\/schema\/person\/b5c8cba458c330ccff548b056e95a5d4","name":"moacir","image":{"@type":"ImageObject","inLanguage":"pt-BR","@id":"https:\/\/franciscanos.org.br\/noticias\/#\/schema\/person\/image\/","url":"https:\/\/secure.gravatar.com\/avatar\/d08aa2ce4c8dd416d4479aa8536fcf64?s=96&d=mm&r=g","contentUrl":"https:\/\/secure.gravatar.com\/avatar\/d08aa2ce4c8dd416d4479aa8536fcf64?s=96&d=mm&r=g","caption":"moacir"},"url":"https:\/\/franciscanos.org.br\/noticias\/author\/moacir"}]}},"_links":{"self":[{"href":"https:\/\/franciscanos.org.br\/noticias\/wp-json\/wp\/v2\/posts\/231691"}],"collection":[{"href":"https:\/\/franciscanos.org.br\/noticias\/wp-json\/wp\/v2\/posts"}],"about":[{"href":"https:\/\/franciscanos.org.br\/noticias\/wp-json\/wp\/v2\/types\/post"}],"author":[{"embeddable":true,"href":"https:\/\/franciscanos.org.br\/noticias\/wp-json\/wp\/v2\/users\/3"}],"replies":[{"embeddable":true,"href":"https:\/\/franciscanos.org.br\/noticias\/wp-json\/wp\/v2\/comments?post=231691"}],"version-history":[{"count":1,"href":"https:\/\/franciscanos.org.br\/noticias\/wp-json\/wp\/v2\/posts\/231691\/revisions"}],"predecessor-version":[{"id":231694,"href":"https:\/\/franciscanos.org.br\/noticias\/wp-json\/wp\/v2\/posts\/231691\/revisions\/231694"}],"wp:featuredmedia":[{"embeddable":true,"href":"https:\/\/franciscanos.org.br\/noticias\/wp-json\/wp\/v2\/media\/231693"}],"wp:attachment":[{"href":"https:\/\/franciscanos.org.br\/noticias\/wp-json\/wp\/v2\/media?parent=231691"}],"wp:term":[{"taxonomy":"category","embeddable":true,"href":"https:\/\/franciscanos.org.br\/noticias\/wp-json\/wp\/v2\/categories?post=231691"},{"taxonomy":"post_tag","embeddable":true,"href":"https:\/\/franciscanos.org.br\/noticias\/wp-json\/wp\/v2\/tags?post=231691"}],"curies":[{"name":"wp","href":"https:\/\/api.w.org\/{rel}","templated":true}]}}