{"id":231648,"date":"2021-04-13T09:54:01","date_gmt":"2021-04-13T12:54:01","guid":{"rendered":"https:\/\/franciscanos.org.br\/noticias\/?p=231648"},"modified":"2021-04-13T09:54:01","modified_gmt":"2021-04-13T12:54:01","slug":"papa-santa-teresa-de-avila-exemplo-do-papel-das-mulheres-na-igreja-e-na-sociedade","status":"publish","type":"post","link":"https:\/\/franciscanos.org.br\/noticias\/papa-santa-teresa-de-avila-exemplo-do-papel-das-mulheres-na-igreja-e-na-sociedade.html","title":{"rendered":"Papa: Santa Teresa de \u00c1vila, exemplo do papel das mulheres na Igreja e na sociedade"},"content":{"rendered":"<div id=\"attachment_231649\" style=\"width: 1510px\" class=\"wp-caption alignnone\"><img aria-describedby=\"caption-attachment-231649\" loading=\"lazy\" class=\"wp-image-231649 size-full\" src=\"https:\/\/franciscanos.org.br\/noticias\/wp-content\/uploads\/2021\/04\/teresa.jpeg\" alt=\"\" width=\"1500\" height=\"844\" srcset=\"https:\/\/franciscanos.org.br\/noticias\/wp-content\/uploads\/2021\/04\/teresa.jpeg 1500w, https:\/\/franciscanos.org.br\/noticias\/wp-content\/uploads\/2021\/04\/teresa-450x253.jpeg 450w, https:\/\/franciscanos.org.br\/noticias\/wp-content\/uploads\/2021\/04\/teresa-1024x576.jpeg 1024w, https:\/\/franciscanos.org.br\/noticias\/wp-content\/uploads\/2021\/04\/teresa-768x432.jpeg 768w, https:\/\/franciscanos.org.br\/noticias\/wp-content\/uploads\/2021\/04\/teresa-150x84.jpeg 150w\" sizes=\"(max-width: 1500px) 100vw, 1500px\" \/><p id=\"caption-attachment-231649\" class=\"wp-caption-text\">Imagem: Vatican Media<\/p><\/div>\n<p>&#8220;\u00c9 bonito lembrar que todas as gra\u00e7as m\u00edsticas que recebia a trasladavam ao c\u00e9u; mas ela sabia como trasladar o c\u00e9u para a terra, fazendo de sua vida uma morada de Deus, na qual todos tinham um lugar&#8221;: s\u00e3o palavras do Papa Francisco referindo-se a Santa Teresa de Jesus em uma Mensagem dirigida ao Bispo de \u00c1vila, Dom Jos\u00e9 Mar\u00eda Gil Tamayo, com a qual ele falou aos participantes do Congresso Internacional que se realiza de 12 a 15 de abril na Universidade Cat\u00f3lica de Santa Teresa de Jesus de \u00c1vila, na Espanha, por ocasi\u00e3o do 50\u00ba anivers\u00e1rio do Doutorado da Santa de \u00c1vila. Assinado na Solenidade de S\u00e3o Jos\u00e9, e lido na abertura do Congresso, o Sucessor de Pedro remonta a figura da santa de \u00c1vila, que recebeu de S\u00e3o Paulo VI em 27 de setembro de 1970 o t\u00edtulo de Doutora da Igreja, sendo a primeira mulher a receber o t\u00edtulo que, como escreve o Santo Padre, &#8220;reconhece o precioso ensinamento que Deus nos deu em seus escritos e no testemunho de sua vida&#8221;.<\/p>\n<p><strong>Uma chama que continua a brilhar<\/strong><br \/>\nCom as palavras de Paulo VI, Francisco recorda a natureza excepcional desta mulher, cuja coragem, intelig\u00eancia, tenacidade, \u00e0 qual ela uniu &#8220;uma sensibilidade pela beleza e uma maternidade espiritual para com todos os que se aproximavam de sua obra&#8221;, s\u00e3o &#8220;um exemplo \u00fanico do papel extraordin\u00e1rio que a mulher desempenhou ao longo da hist\u00f3ria na Igreja e na sociedade&#8221;.<\/p>\n<p>\u201cApesar dos cinco s\u00e9culos que nos separam de sua exist\u00eancia terrena, &#8211; diz o Pont\u00edfice &#8211; a chama que Jesus acendeu em Teresa continua a brilhar neste mundo sempre necessitando de testemunhas corajosas, capazes de derrubar qualquer muro, seja ele f\u00edsico, existencial ou cultural.\u201d<\/p>\n<p><strong>Exemplo para os que querem progredir na purifica\u00e7\u00e3o<\/strong><br \/>\nO Santo Padre afirma que Santa Teresa &#8220;continua a falar-nos hoje atrav\u00e9s de seus escritos&#8221;. Sua mensagem &#8211; acrescenta &#8211; est\u00e1 aberta a todos, para que, conhecendo-a e contemplando-a, possamos ser seduzidos pela beleza da palavra e pela verdade do conte\u00fado, e possa fazer surgir em n\u00f3s o desejo de avan\u00e7ar no caminho da perfei\u00e7\u00e3o. T\u00ea-la como amiga, companheira e guia em nossa peregrina\u00e7\u00e3o terrestre confere seguran\u00e7a e paz de esp\u00edrito. Seu exemplo n\u00e3o \u00e9 apenas para nossos irm\u00e3os e irm\u00e3s que sentem o chamado \u00e0 vida religiosa, mas para todos os que desejam progredir no caminho da purifica\u00e7\u00e3o de toda a mundaniza\u00e7\u00e3o, que leva ao despos\u00f3rio com Deus, \u00e0s elevadas moradias do castelo interior.<\/p>\n<p><strong>Santa Teresa sabia como trazer o c\u00e9u \u00e0 terra<\/strong><br \/>\nEncorajando todos os membros dessa Igreja particular e os organizadores e participantes do Congresso a continuarem a aprofundar a mensagem da Santa de \u00c1vila, escreve: \u201c\u00c9 bonito lembrar que todas as gra\u00e7as m\u00edsticas que recebia as trasladavam ao c\u00e9u; mas ela sabia como trasladar o c\u00e9u para a terra, fazendo de sua vida uma morada de Deus, na qual todos tinham um lugar. Para que nossa sociedade seja cada vez mais humana e para que todos possamos viver na fraternidade que vem do mesmo Pai, \u00e9 importante ouvir seu convite a &#8220;entrar em n\u00f3s mesmos&#8221; para encontrar o Senhor, e assim testemunhar que &#8220;Deus \u00e9 suficiente&#8221;\u201d<\/p>\n<p><strong>A devo\u00e7\u00e3o de Santa Teresa a S\u00e3o Jos\u00e9<\/strong><br \/>\nPor fim, o Papa conclui recordando a grande devo\u00e7\u00e3o de Santa Teresa a S\u00e3o Jos\u00e9, a quem a Santa &#8220;tomou como seu mestre, advogado e intercessor&#8221;: &#8220;a ele ela se confiou&#8221;, lembrou o Papa, &#8220;estando certa de que receberia as gra\u00e7as que pedia&#8221;. A partir de sua experi\u00eancia, ela encorajou outros a fazerem o mesmo. Tal era sua devo\u00e7\u00e3o que percorreria as terras de Castilha e Andaluzia acompanhada pela imagem de S\u00e3o Jos\u00e9. \u201cOs santos andam sempre de m\u00e3os dadas e nos sustentam pela confian\u00e7a depositada em sua intercess\u00e3o. Que eles intercedam por todos\u201d<\/p>\n<p>A mensagem de Francisco foi assinada na Bas\u00edlica de S\u00e3o Jo\u00e3o de Latr\u00e3o em 19 de mar\u00e7o de 2021, na Solenidade de S\u00e3o Jos\u00e9, Padroeiro da Igreja Universal.<\/p>\n","protected":false},"excerpt":{"rendered":"<p>Congresso Internacional &#8220;Mulher Excepcional&#8221; por ocasi\u00e3o do 50\u00ba anivers\u00e1rio do Doutorado da Santa de \u00c1vila<\/p>\n","protected":false},"author":3,"featured_media":231650,"comment_status":"open","ping_status":"open","sticky":false,"template":"","format":"standard","meta":[],"categories":[1428],"tags":[55],"acf":[],"yoast_head":"<!-- This site is optimized with the Yoast SEO plugin v19.2 - https:\/\/yoast.com\/wordpress\/plugins\/seo\/ -->\n<title>Papa: Santa Teresa de \u00c1vila, exemplo do papel das mulheres na Igreja e na sociedade - Not\u00edcias - Franciscanos<\/title>\n<meta name=\"robots\" content=\"index, follow, max-snippet:-1, max-image-preview:large, max-video-preview:-1\" \/>\n<link rel=\"canonical\" href=\"https:\/\/franciscanos.org.br\/noticias\/papa-santa-teresa-de-avila-exemplo-do-papel-das-mulheres-na-igreja-e-na-sociedade.html\" \/>\n<meta property=\"og:locale\" content=\"pt_BR\" \/>\n<meta property=\"og:type\" content=\"article\" \/>\n<meta property=\"og:title\" content=\"Papa: Santa Teresa de \u00c1vila, exemplo do papel das mulheres na Igreja e na sociedade - Not\u00edcias - Franciscanos\" \/>\n<meta property=\"og:description\" content=\"Congresso Internacional &quot;Mulher Excepcional&quot; por ocasi\u00e3o do 50\u00ba anivers\u00e1rio do Doutorado da Santa de \u00c1vila\" \/>\n<meta property=\"og:url\" content=\"https:\/\/franciscanos.org.br\/noticias\/papa-santa-teresa-de-avila-exemplo-do-papel-das-mulheres-na-igreja-e-na-sociedade.html\" \/>\n<meta property=\"og:site_name\" content=\"Not\u00edcias - Franciscanos\" \/>\n<meta property=\"article:published_time\" content=\"2021-04-13T12:54:01+00:00\" \/>\n<meta property=\"og:image\" content=\"https:\/\/franciscanos.org.br\/noticias\/wp-content\/uploads\/2021\/04\/teresa_d.jpg\" \/>\n\t<meta property=\"og:image:width\" content=\"800\" \/>\n\t<meta property=\"og:image:height\" content=\"550\" \/>\n\t<meta property=\"og:image:type\" content=\"image\/jpeg\" \/>\n<meta name=\"author\" content=\"moacir\" \/>\n<meta name=\"twitter:card\" content=\"summary_large_image\" \/>\n<meta name=\"twitter:label1\" content=\"Escrito por\" \/>\n\t<meta name=\"twitter:data1\" content=\"moacir\" \/>\n\t<meta name=\"twitter:label2\" content=\"Est. tempo de leitura\" \/>\n\t<meta name=\"twitter:data2\" content=\"4 minutos\" \/>\n<script type=\"application\/ld+json\" class=\"yoast-schema-graph\">{\"@context\":\"https:\/\/schema.org\",\"@graph\":[{\"@type\":\"WebSite\",\"@id\":\"https:\/\/franciscanos.org.br\/noticias\/#website\",\"url\":\"https:\/\/franciscanos.org.br\/noticias\/\",\"name\":\"Not\u00edcias - Franciscanos\",\"description\":\"Prov\u00edncia Franciscana da Imaculada Concei\u00e7\u00e3o do Brasil - Ordem dos Frades Menores - OFM\",\"potentialAction\":[{\"@type\":\"SearchAction\",\"target\":{\"@type\":\"EntryPoint\",\"urlTemplate\":\"https:\/\/franciscanos.org.br\/noticias\/?s={search_term_string}\"},\"query-input\":\"required name=search_term_string\"}],\"inLanguage\":\"pt-BR\"},{\"@type\":\"ImageObject\",\"inLanguage\":\"pt-BR\",\"@id\":\"https:\/\/franciscanos.org.br\/noticias\/papa-santa-teresa-de-avila-exemplo-do-papel-das-mulheres-na-igreja-e-na-sociedade.html#primaryimage\",\"url\":\"https:\/\/franciscanos.org.br\/noticias\/wp-content\/uploads\/2021\/04\/teresa_d.jpg\",\"contentUrl\":\"https:\/\/franciscanos.org.br\/noticias\/wp-content\/uploads\/2021\/04\/teresa_d.jpg\",\"width\":800,\"height\":550},{\"@type\":\"WebPage\",\"@id\":\"https:\/\/franciscanos.org.br\/noticias\/papa-santa-teresa-de-avila-exemplo-do-papel-das-mulheres-na-igreja-e-na-sociedade.html#webpage\",\"url\":\"https:\/\/franciscanos.org.br\/noticias\/papa-santa-teresa-de-avila-exemplo-do-papel-das-mulheres-na-igreja-e-na-sociedade.html\",\"name\":\"Papa: Santa Teresa de \u00c1vila, exemplo do papel das mulheres na Igreja e na sociedade - Not\u00edcias - Franciscanos\",\"isPartOf\":{\"@id\":\"https:\/\/franciscanos.org.br\/noticias\/#website\"},\"primaryImageOfPage\":{\"@id\":\"https:\/\/franciscanos.org.br\/noticias\/papa-santa-teresa-de-avila-exemplo-do-papel-das-mulheres-na-igreja-e-na-sociedade.html#primaryimage\"},\"datePublished\":\"2021-04-13T12:54:01+00:00\",\"dateModified\":\"2021-04-13T12:54:01+00:00\",\"author\":{\"@id\":\"https:\/\/franciscanos.org.br\/noticias\/#\/schema\/person\/b5c8cba458c330ccff548b056e95a5d4\"},\"breadcrumb\":{\"@id\":\"https:\/\/franciscanos.org.br\/noticias\/papa-santa-teresa-de-avila-exemplo-do-papel-das-mulheres-na-igreja-e-na-sociedade.html#breadcrumb\"},\"inLanguage\":\"pt-BR\",\"potentialAction\":[{\"@type\":\"ReadAction\",\"target\":[\"https:\/\/franciscanos.org.br\/noticias\/papa-santa-teresa-de-avila-exemplo-do-papel-das-mulheres-na-igreja-e-na-sociedade.html\"]}]},{\"@type\":\"BreadcrumbList\",\"@id\":\"https:\/\/franciscanos.org.br\/noticias\/papa-santa-teresa-de-avila-exemplo-do-papel-das-mulheres-na-igreja-e-na-sociedade.html#breadcrumb\",\"itemListElement\":[{\"@type\":\"ListItem\",\"position\":1,\"name\":\"Home\",\"item\":\"https:\/\/franciscanos.org.br\/noticias\"},{\"@type\":\"ListItem\",\"position\":2,\"name\":\"Papa: Santa Teresa de \u00c1vila, exemplo do papel das mulheres na Igreja e na sociedade\"}]},{\"@type\":\"Person\",\"@id\":\"https:\/\/franciscanos.org.br\/noticias\/#\/schema\/person\/b5c8cba458c330ccff548b056e95a5d4\",\"name\":\"moacir\",\"image\":{\"@type\":\"ImageObject\",\"inLanguage\":\"pt-BR\",\"@id\":\"https:\/\/franciscanos.org.br\/noticias\/#\/schema\/person\/image\/\",\"url\":\"https:\/\/secure.gravatar.com\/avatar\/d08aa2ce4c8dd416d4479aa8536fcf64?s=96&d=mm&r=g\",\"contentUrl\":\"https:\/\/secure.gravatar.com\/avatar\/d08aa2ce4c8dd416d4479aa8536fcf64?s=96&d=mm&r=g\",\"caption\":\"moacir\"},\"url\":\"https:\/\/franciscanos.org.br\/noticias\/author\/moacir\"}]}<\/script>\n<!-- \/ Yoast SEO plugin. -->","yoast_head_json":{"title":"Papa: Santa Teresa de \u00c1vila, exemplo do papel das mulheres na Igreja e na sociedade - Not\u00edcias - Franciscanos","robots":{"index":"index","follow":"follow","max-snippet":"max-snippet:-1","max-image-preview":"max-image-preview:large","max-video-preview":"max-video-preview:-1"},"canonical":"https:\/\/franciscanos.org.br\/noticias\/papa-santa-teresa-de-avila-exemplo-do-papel-das-mulheres-na-igreja-e-na-sociedade.html","og_locale":"pt_BR","og_type":"article","og_title":"Papa: Santa Teresa de \u00c1vila, exemplo do papel das mulheres na Igreja e na sociedade - Not\u00edcias - Franciscanos","og_description":"Congresso Internacional \"Mulher Excepcional\" por ocasi\u00e3o do 50\u00ba anivers\u00e1rio do Doutorado da Santa de \u00c1vila","og_url":"https:\/\/franciscanos.org.br\/noticias\/papa-santa-teresa-de-avila-exemplo-do-papel-das-mulheres-na-igreja-e-na-sociedade.html","og_site_name":"Not\u00edcias - Franciscanos","article_published_time":"2021-04-13T12:54:01+00:00","og_image":[{"width":800,"height":550,"url":"https:\/\/franciscanos.org.br\/noticias\/wp-content\/uploads\/2021\/04\/teresa_d.jpg","type":"image\/jpeg"}],"author":"moacir","twitter_card":"summary_large_image","twitter_misc":{"Escrito por":"moacir","Est. tempo de leitura":"4 minutos"},"schema":{"@context":"https:\/\/schema.org","@graph":[{"@type":"WebSite","@id":"https:\/\/franciscanos.org.br\/noticias\/#website","url":"https:\/\/franciscanos.org.br\/noticias\/","name":"Not\u00edcias - Franciscanos","description":"Prov\u00edncia Franciscana da Imaculada Concei\u00e7\u00e3o do Brasil - Ordem dos Frades Menores - OFM","potentialAction":[{"@type":"SearchAction","target":{"@type":"EntryPoint","urlTemplate":"https:\/\/franciscanos.org.br\/noticias\/?s={search_term_string}"},"query-input":"required name=search_term_string"}],"inLanguage":"pt-BR"},{"@type":"ImageObject","inLanguage":"pt-BR","@id":"https:\/\/franciscanos.org.br\/noticias\/papa-santa-teresa-de-avila-exemplo-do-papel-das-mulheres-na-igreja-e-na-sociedade.html#primaryimage","url":"https:\/\/franciscanos.org.br\/noticias\/wp-content\/uploads\/2021\/04\/teresa_d.jpg","contentUrl":"https:\/\/franciscanos.org.br\/noticias\/wp-content\/uploads\/2021\/04\/teresa_d.jpg","width":800,"height":550},{"@type":"WebPage","@id":"https:\/\/franciscanos.org.br\/noticias\/papa-santa-teresa-de-avila-exemplo-do-papel-das-mulheres-na-igreja-e-na-sociedade.html#webpage","url":"https:\/\/franciscanos.org.br\/noticias\/papa-santa-teresa-de-avila-exemplo-do-papel-das-mulheres-na-igreja-e-na-sociedade.html","name":"Papa: Santa Teresa de \u00c1vila, exemplo do papel das mulheres na Igreja e na sociedade - Not\u00edcias - Franciscanos","isPartOf":{"@id":"https:\/\/franciscanos.org.br\/noticias\/#website"},"primaryImageOfPage":{"@id":"https:\/\/franciscanos.org.br\/noticias\/papa-santa-teresa-de-avila-exemplo-do-papel-das-mulheres-na-igreja-e-na-sociedade.html#primaryimage"},"datePublished":"2021-04-13T12:54:01+00:00","dateModified":"2021-04-13T12:54:01+00:00","author":{"@id":"https:\/\/franciscanos.org.br\/noticias\/#\/schema\/person\/b5c8cba458c330ccff548b056e95a5d4"},"breadcrumb":{"@id":"https:\/\/franciscanos.org.br\/noticias\/papa-santa-teresa-de-avila-exemplo-do-papel-das-mulheres-na-igreja-e-na-sociedade.html#breadcrumb"},"inLanguage":"pt-BR","potentialAction":[{"@type":"ReadAction","target":["https:\/\/franciscanos.org.br\/noticias\/papa-santa-teresa-de-avila-exemplo-do-papel-das-mulheres-na-igreja-e-na-sociedade.html"]}]},{"@type":"BreadcrumbList","@id":"https:\/\/franciscanos.org.br\/noticias\/papa-santa-teresa-de-avila-exemplo-do-papel-das-mulheres-na-igreja-e-na-sociedade.html#breadcrumb","itemListElement":[{"@type":"ListItem","position":1,"name":"Home","item":"https:\/\/franciscanos.org.br\/noticias"},{"@type":"ListItem","position":2,"name":"Papa: Santa Teresa de \u00c1vila, exemplo do papel das mulheres na Igreja e na sociedade"}]},{"@type":"Person","@id":"https:\/\/franciscanos.org.br\/noticias\/#\/schema\/person\/b5c8cba458c330ccff548b056e95a5d4","name":"moacir","image":{"@type":"ImageObject","inLanguage":"pt-BR","@id":"https:\/\/franciscanos.org.br\/noticias\/#\/schema\/person\/image\/","url":"https:\/\/secure.gravatar.com\/avatar\/d08aa2ce4c8dd416d4479aa8536fcf64?s=96&d=mm&r=g","contentUrl":"https:\/\/secure.gravatar.com\/avatar\/d08aa2ce4c8dd416d4479aa8536fcf64?s=96&d=mm&r=g","caption":"moacir"},"url":"https:\/\/franciscanos.org.br\/noticias\/author\/moacir"}]}},"_links":{"self":[{"href":"https:\/\/franciscanos.org.br\/noticias\/wp-json\/wp\/v2\/posts\/231648"}],"collection":[{"href":"https:\/\/franciscanos.org.br\/noticias\/wp-json\/wp\/v2\/posts"}],"about":[{"href":"https:\/\/franciscanos.org.br\/noticias\/wp-json\/wp\/v2\/types\/post"}],"author":[{"embeddable":true,"href":"https:\/\/franciscanos.org.br\/noticias\/wp-json\/wp\/v2\/users\/3"}],"replies":[{"embeddable":true,"href":"https:\/\/franciscanos.org.br\/noticias\/wp-json\/wp\/v2\/comments?post=231648"}],"version-history":[{"count":1,"href":"https:\/\/franciscanos.org.br\/noticias\/wp-json\/wp\/v2\/posts\/231648\/revisions"}],"predecessor-version":[{"id":231651,"href":"https:\/\/franciscanos.org.br\/noticias\/wp-json\/wp\/v2\/posts\/231648\/revisions\/231651"}],"wp:featuredmedia":[{"embeddable":true,"href":"https:\/\/franciscanos.org.br\/noticias\/wp-json\/wp\/v2\/media\/231650"}],"wp:attachment":[{"href":"https:\/\/franciscanos.org.br\/noticias\/wp-json\/wp\/v2\/media?parent=231648"}],"wp:term":[{"taxonomy":"category","embeddable":true,"href":"https:\/\/franciscanos.org.br\/noticias\/wp-json\/wp\/v2\/categories?post=231648"},{"taxonomy":"post_tag","embeddable":true,"href":"https:\/\/franciscanos.org.br\/noticias\/wp-json\/wp\/v2\/tags?post=231648"}],"curies":[{"name":"wp","href":"https:\/\/api.w.org\/{rel}","templated":true}]}}