{"id":231644,"date":"2021-04-13T08:54:20","date_gmt":"2021-04-13T11:54:20","guid":{"rendered":"https:\/\/franciscanos.org.br\/noticias\/?p=231644"},"modified":"2021-04-13T08:54:20","modified_gmt":"2021-04-13T11:54:20","slug":"bispos-analisam-a-conjuntura-social-e-eclesial-do-brasil-a-partir-de-subsidios-oferecidos-por-equipes-da-cnbb","status":"publish","type":"post","link":"https:\/\/franciscanos.org.br\/noticias\/bispos-analisam-a-conjuntura-social-e-eclesial-do-brasil-a-partir-de-subsidios-oferecidos-por-equipes-da-cnbb.html","title":{"rendered":"Bispos analisam a conjuntura social e eclesial do Brasil a partir de subs\u00eddios oferecidos por equipes da CNBB"},"content":{"rendered":"<p><img loading=\"lazy\" class=\"alignnone size-full wp-image-231645\" src=\"https:\/\/franciscanos.org.br\/noticias\/wp-content\/uploads\/2021\/04\/cnbb_13.png\" alt=\"\" width=\"1115\" height=\"613\" srcset=\"https:\/\/franciscanos.org.br\/noticias\/wp-content\/uploads\/2021\/04\/cnbb_13.png 1115w, https:\/\/franciscanos.org.br\/noticias\/wp-content\/uploads\/2021\/04\/cnbb_13-450x247.png 450w, https:\/\/franciscanos.org.br\/noticias\/wp-content\/uploads\/2021\/04\/cnbb_13-1024x563.png 1024w, https:\/\/franciscanos.org.br\/noticias\/wp-content\/uploads\/2021\/04\/cnbb_13-768x422.png 768w, https:\/\/franciscanos.org.br\/noticias\/wp-content\/uploads\/2021\/04\/cnbb_13-150x82.png 150w\" sizes=\"(max-width: 1115px) 100vw, 1115px\" \/><\/p>\n<p>\u201cO povo de Deus sofre com a doen\u00e7a e a fome\u201d \u00e9 o t\u00edtulo da an\u00e1lise da conjuntura social e pol\u00edtica apresentada ao episcopado brasileiro no in\u00edcio da sess\u00e3o da tarde. A apresenta\u00e7\u00e3o foi conduzida pelo bispo de Carolina (MA), dom Francisco de Lima Soares, coordenador do grupo de An\u00e1lise de Conjuntura da Confer\u00eancia Nacional dos Bispos do Brasil (CNBB).<\/p>\n<p>A an\u00e1lise apresentada priorizou tr\u00eas temas: pandemia, economia e pol\u00edtica brasileira. Dom Francisco frisou que trata-se de um texto oferecido aos bispos como uma leitura de especialistas das Pontif\u00edcias Universidades Cat\u00f3licas do Brasil organizados no grupo de an\u00e1lise da CNBB para subsidiar os pastores na leitura e compreens\u00e3o da realidade brasileira.<\/p>\n<p>Dom Francisco ressaltou que o mundo passava por uma crise econ\u00f4mica e por tens\u00f5es pol\u00edticas antes da pandemia e que o Coronav\u00edrus foi um catalizador que aprofundou as desigualdades. \u201cA sobreviv\u00eancia da humanidade est\u00e1 colocada \u00e0 prova\u201d, disse.<\/p>\n<p>\u201cTodas as luzes de alerta est\u00e3o ligadas quanto \u00e0 pandemia\u201d, disse o coordenador do grupo de An\u00e1lise de Conjuntura da CNBB ao iniciar a reflex\u00e3o sobre o primeiro ponto da an\u00e1lise. Ele chamou a aten\u00e7\u00e3o para dados do Observat\u00f3rio da Covid-19, da Fiocruz, que evidenciam as altas taxas de ocupa\u00e7\u00e3o dos leitos de unidade de terapia intensiva. Tamb\u00e9m chamou a aten\u00e7\u00e3o para a rapidez do agravamento do colapso do sistema de sa\u00fade e a falta de assist\u00eancia que tem impacto em outras formas de morte.<\/p>\n<p>O bispo ressaltou as formas apontadas pela Organiza\u00e7\u00e3o Mundial da Sa\u00fade (OMS) para evitar o avan\u00e7o da pandemia: uso de m\u00e1scara e limpeza das m\u00e3os; distanciamento social com lokcdown em casos mais graves; e vacina\u00e7\u00e3o em massa da popula\u00e7\u00e3o.<\/p>\n<p><strong>Crise sanit\u00e1ria e crise econ\u00f4mica<\/strong><br \/>\nA an\u00e1lise apontou que os pa\u00edses mais bem sucedidos no enfrentamento \u00e0 pandemia superaram a dicotomia entre crise sanit\u00e1ria e crise econ\u00f4mica. \u201cSem resolver a crise sanit\u00e1ria n\u00e3o haver\u00e1 supera\u00e7\u00e3o da crise econ\u00f4mica\u201d, disse. Segundo a an\u00e1lise, as experi\u00eancias bem sucedidas apontam que \u00e9 imposs\u00edvel controlar a pandemia sem a manuten\u00e7\u00e3o de investimentos p\u00fablicos e fomento \u00e0 economia, com renda para as fam\u00edlias e pequenos neg\u00f3cios, essenciais para a ades\u00e3o das pessoas \u00e0s pr\u00e1ticas de isolamento social.<\/p>\n<p>O Brasil, segundo o bispo de Carolina (MA), vai na contram\u00e3o das experi\u00eancias mais bem sucedidas de combate \u00e0 Covid-19. \u201cOs indicadores econ\u00f4micos e a conjuntura pol\u00edtica apontam na dire\u00e7\u00e3o de aprofundamento da crise econ\u00f4mica e sanit\u00e1ria. Fome, mis\u00e9ria e desesperan\u00e7a tamb\u00e9m matam. E podem matar tantos ou mais do que a Covid-19. A crise social salta aos olhos, em especial nas periferias das grandes cidades\u201d, apontou a an\u00e1lise.<\/p>\n<p>Dois indicadores confirmam a an\u00e1lise: a infla\u00e7\u00e3o no m\u00eas de fevereiro, medida pelo IPCA \u2013 \u00edndice que considera as cestas de consumo das fam\u00edlias brasileiras \u2013 subiu a 5,2% em 12 meses e a taxa de desocupa\u00e7\u00e3o por faixa et\u00e1ria no Brasil. O bispo chamou a aten\u00e7\u00e3o para o n\u00famero que d\u00e1 conta de que 35 milh\u00f5es de pessoas, com idade entre 25 e 39 anos, est\u00e3o sem emprego.<\/p>\n<p>A an\u00e1lise apontou ainda que o Brasil, al\u00e9m de uma s\u00e9rie de problemas sociais, tem tido muita dificuldade em temas como a preserva\u00e7\u00e3o do meio ambiente. Que h\u00e1, em curso, uma simplifica\u00e7\u00e3o bilateral da pol\u00edtica, o que gera preju\u00edzo \u00e0 an\u00e1lise; Que o neoliberalismo transforma o cidad\u00e3o em consumidor; e que est\u00e1 em curso uma decad\u00eancia da esfera p\u00fablica e com uma crescente aus\u00eancia de respeito.<\/p>\n<p>A an\u00e1lise de conjuntura eclesial buscou avaliar a caminhada da Igreja a partir do conceito de \u201csinodalidade\u201d, buscado pelo Papa Francisco como o caminho que Deus espera da Igreja no terceiro mil\u00eanio. Sobre o tema, a equipe de An\u00e1lise Eclesial da CNBB, coordenada pelo arcebispo de Bras\u00edlia (DF), dom Paulo C\u00e9zar Costa, enviou tamb\u00e9m previamente um texto de reflex\u00e3o para servir como subs\u00eddio aos bispos.<\/p>\n<p>O membro da Comiss\u00e3o Teol\u00f3gica Internacional da PUC-Rio, monsenhor Ant\u00f4nio Catelan, que tamb\u00e9m integra a Comiss\u00e3o Episcopal Pastoral para Doutrina da F\u00e9 da CNBB, abordou o tema do ponto de vista da hist\u00f3ria da Igreja, da teologia e do magist\u00e9rio do Papa Francisco.<\/p>\n<hr \/>\n<p>Fonte: site da CNBB (https:\/\/<a href=\"https:\/\/www.cnbb.org.br\/\">www.cnbb.org.br<\/a>)<\/p>\n","protected":false},"excerpt":{"rendered":"<p>58\u00aa Assembleia Geral dos Bispos do Brasil <\/p>\n","protected":false},"author":3,"featured_media":231646,"comment_status":"open","ping_status":"open","sticky":false,"template":"","format":"standard","meta":[],"categories":[1],"tags":[29],"acf":[],"yoast_head":"<!-- This site is optimized with the Yoast SEO plugin v19.2 - https:\/\/yoast.com\/wordpress\/plugins\/seo\/ -->\n<title>Bispos analisam a conjuntura social e eclesial do Brasil a partir de subs\u00eddios oferecidos por equipes da CNBB - Not\u00edcias - Franciscanos<\/title>\n<meta name=\"robots\" content=\"index, follow, max-snippet:-1, max-image-preview:large, max-video-preview:-1\" \/>\n<link rel=\"canonical\" href=\"https:\/\/franciscanos.org.br\/noticias\/bispos-analisam-a-conjuntura-social-e-eclesial-do-brasil-a-partir-de-subsidios-oferecidos-por-equipes-da-cnbb.html\" \/>\n<meta property=\"og:locale\" content=\"pt_BR\" \/>\n<meta property=\"og:type\" content=\"article\" \/>\n<meta property=\"og:title\" content=\"Bispos analisam a conjuntura social e eclesial do Brasil a partir de subs\u00eddios oferecidos por equipes da CNBB - Not\u00edcias - Franciscanos\" \/>\n<meta property=\"og:description\" content=\"58\u00aa Assembleia Geral dos Bispos do Brasil\" \/>\n<meta property=\"og:url\" content=\"https:\/\/franciscanos.org.br\/noticias\/bispos-analisam-a-conjuntura-social-e-eclesial-do-brasil-a-partir-de-subsidios-oferecidos-por-equipes-da-cnbb.html\" \/>\n<meta property=\"og:site_name\" content=\"Not\u00edcias - Franciscanos\" \/>\n<meta property=\"article:published_time\" content=\"2021-04-13T11:54:20+00:00\" \/>\n<meta property=\"og:image\" content=\"https:\/\/franciscanos.org.br\/noticias\/wp-content\/uploads\/2021\/04\/cnbb_13d.png\" \/>\n\t<meta property=\"og:image:width\" content=\"800\" \/>\n\t<meta property=\"og:image:height\" content=\"550\" \/>\n\t<meta property=\"og:image:type\" content=\"image\/png\" \/>\n<meta name=\"author\" content=\"moacir\" \/>\n<meta name=\"twitter:card\" content=\"summary_large_image\" \/>\n<meta name=\"twitter:label1\" content=\"Escrito por\" \/>\n\t<meta name=\"twitter:data1\" content=\"moacir\" \/>\n\t<meta name=\"twitter:label2\" content=\"Est. tempo de leitura\" \/>\n\t<meta name=\"twitter:data2\" content=\"4 minutos\" \/>\n<script type=\"application\/ld+json\" class=\"yoast-schema-graph\">{\"@context\":\"https:\/\/schema.org\",\"@graph\":[{\"@type\":\"WebSite\",\"@id\":\"https:\/\/franciscanos.org.br\/noticias\/#website\",\"url\":\"https:\/\/franciscanos.org.br\/noticias\/\",\"name\":\"Not\u00edcias - Franciscanos\",\"description\":\"Prov\u00edncia Franciscana da Imaculada Concei\u00e7\u00e3o do Brasil - Ordem dos Frades Menores - OFM\",\"potentialAction\":[{\"@type\":\"SearchAction\",\"target\":{\"@type\":\"EntryPoint\",\"urlTemplate\":\"https:\/\/franciscanos.org.br\/noticias\/?s={search_term_string}\"},\"query-input\":\"required name=search_term_string\"}],\"inLanguage\":\"pt-BR\"},{\"@type\":\"ImageObject\",\"inLanguage\":\"pt-BR\",\"@id\":\"https:\/\/franciscanos.org.br\/noticias\/bispos-analisam-a-conjuntura-social-e-eclesial-do-brasil-a-partir-de-subsidios-oferecidos-por-equipes-da-cnbb.html#primaryimage\",\"url\":\"https:\/\/franciscanos.org.br\/noticias\/wp-content\/uploads\/2021\/04\/cnbb_13d.png\",\"contentUrl\":\"https:\/\/franciscanos.org.br\/noticias\/wp-content\/uploads\/2021\/04\/cnbb_13d.png\",\"width\":800,\"height\":550},{\"@type\":\"WebPage\",\"@id\":\"https:\/\/franciscanos.org.br\/noticias\/bispos-analisam-a-conjuntura-social-e-eclesial-do-brasil-a-partir-de-subsidios-oferecidos-por-equipes-da-cnbb.html#webpage\",\"url\":\"https:\/\/franciscanos.org.br\/noticias\/bispos-analisam-a-conjuntura-social-e-eclesial-do-brasil-a-partir-de-subsidios-oferecidos-por-equipes-da-cnbb.html\",\"name\":\"Bispos analisam a conjuntura social e eclesial do Brasil a partir de subs\u00eddios oferecidos por equipes da CNBB - Not\u00edcias - Franciscanos\",\"isPartOf\":{\"@id\":\"https:\/\/franciscanos.org.br\/noticias\/#website\"},\"primaryImageOfPage\":{\"@id\":\"https:\/\/franciscanos.org.br\/noticias\/bispos-analisam-a-conjuntura-social-e-eclesial-do-brasil-a-partir-de-subsidios-oferecidos-por-equipes-da-cnbb.html#primaryimage\"},\"datePublished\":\"2021-04-13T11:54:20+00:00\",\"dateModified\":\"2021-04-13T11:54:20+00:00\",\"author\":{\"@id\":\"https:\/\/franciscanos.org.br\/noticias\/#\/schema\/person\/b5c8cba458c330ccff548b056e95a5d4\"},\"breadcrumb\":{\"@id\":\"https:\/\/franciscanos.org.br\/noticias\/bispos-analisam-a-conjuntura-social-e-eclesial-do-brasil-a-partir-de-subsidios-oferecidos-por-equipes-da-cnbb.html#breadcrumb\"},\"inLanguage\":\"pt-BR\",\"potentialAction\":[{\"@type\":\"ReadAction\",\"target\":[\"https:\/\/franciscanos.org.br\/noticias\/bispos-analisam-a-conjuntura-social-e-eclesial-do-brasil-a-partir-de-subsidios-oferecidos-por-equipes-da-cnbb.html\"]}]},{\"@type\":\"BreadcrumbList\",\"@id\":\"https:\/\/franciscanos.org.br\/noticias\/bispos-analisam-a-conjuntura-social-e-eclesial-do-brasil-a-partir-de-subsidios-oferecidos-por-equipes-da-cnbb.html#breadcrumb\",\"itemListElement\":[{\"@type\":\"ListItem\",\"position\":1,\"name\":\"Home\",\"item\":\"https:\/\/franciscanos.org.br\/noticias\"},{\"@type\":\"ListItem\",\"position\":2,\"name\":\"Bispos analisam a conjuntura social e eclesial do Brasil a partir de subs\u00eddios oferecidos por equipes da CNBB\"}]},{\"@type\":\"Person\",\"@id\":\"https:\/\/franciscanos.org.br\/noticias\/#\/schema\/person\/b5c8cba458c330ccff548b056e95a5d4\",\"name\":\"moacir\",\"image\":{\"@type\":\"ImageObject\",\"inLanguage\":\"pt-BR\",\"@id\":\"https:\/\/franciscanos.org.br\/noticias\/#\/schema\/person\/image\/\",\"url\":\"https:\/\/secure.gravatar.com\/avatar\/d08aa2ce4c8dd416d4479aa8536fcf64?s=96&d=mm&r=g\",\"contentUrl\":\"https:\/\/secure.gravatar.com\/avatar\/d08aa2ce4c8dd416d4479aa8536fcf64?s=96&d=mm&r=g\",\"caption\":\"moacir\"},\"url\":\"https:\/\/franciscanos.org.br\/noticias\/author\/moacir\"}]}<\/script>\n<!-- \/ Yoast SEO plugin. -->","yoast_head_json":{"title":"Bispos analisam a conjuntura social e eclesial do Brasil a partir de subs\u00eddios oferecidos por equipes da CNBB - Not\u00edcias - Franciscanos","robots":{"index":"index","follow":"follow","max-snippet":"max-snippet:-1","max-image-preview":"max-image-preview:large","max-video-preview":"max-video-preview:-1"},"canonical":"https:\/\/franciscanos.org.br\/noticias\/bispos-analisam-a-conjuntura-social-e-eclesial-do-brasil-a-partir-de-subsidios-oferecidos-por-equipes-da-cnbb.html","og_locale":"pt_BR","og_type":"article","og_title":"Bispos analisam a conjuntura social e eclesial do Brasil a partir de subs\u00eddios oferecidos por equipes da CNBB - Not\u00edcias - Franciscanos","og_description":"58\u00aa Assembleia Geral dos Bispos do Brasil","og_url":"https:\/\/franciscanos.org.br\/noticias\/bispos-analisam-a-conjuntura-social-e-eclesial-do-brasil-a-partir-de-subsidios-oferecidos-por-equipes-da-cnbb.html","og_site_name":"Not\u00edcias - Franciscanos","article_published_time":"2021-04-13T11:54:20+00:00","og_image":[{"width":800,"height":550,"url":"https:\/\/franciscanos.org.br\/noticias\/wp-content\/uploads\/2021\/04\/cnbb_13d.png","type":"image\/png"}],"author":"moacir","twitter_card":"summary_large_image","twitter_misc":{"Escrito por":"moacir","Est. tempo de leitura":"4 minutos"},"schema":{"@context":"https:\/\/schema.org","@graph":[{"@type":"WebSite","@id":"https:\/\/franciscanos.org.br\/noticias\/#website","url":"https:\/\/franciscanos.org.br\/noticias\/","name":"Not\u00edcias - Franciscanos","description":"Prov\u00edncia Franciscana da Imaculada Concei\u00e7\u00e3o do Brasil - Ordem dos Frades Menores - OFM","potentialAction":[{"@type":"SearchAction","target":{"@type":"EntryPoint","urlTemplate":"https:\/\/franciscanos.org.br\/noticias\/?s={search_term_string}"},"query-input":"required name=search_term_string"}],"inLanguage":"pt-BR"},{"@type":"ImageObject","inLanguage":"pt-BR","@id":"https:\/\/franciscanos.org.br\/noticias\/bispos-analisam-a-conjuntura-social-e-eclesial-do-brasil-a-partir-de-subsidios-oferecidos-por-equipes-da-cnbb.html#primaryimage","url":"https:\/\/franciscanos.org.br\/noticias\/wp-content\/uploads\/2021\/04\/cnbb_13d.png","contentUrl":"https:\/\/franciscanos.org.br\/noticias\/wp-content\/uploads\/2021\/04\/cnbb_13d.png","width":800,"height":550},{"@type":"WebPage","@id":"https:\/\/franciscanos.org.br\/noticias\/bispos-analisam-a-conjuntura-social-e-eclesial-do-brasil-a-partir-de-subsidios-oferecidos-por-equipes-da-cnbb.html#webpage","url":"https:\/\/franciscanos.org.br\/noticias\/bispos-analisam-a-conjuntura-social-e-eclesial-do-brasil-a-partir-de-subsidios-oferecidos-por-equipes-da-cnbb.html","name":"Bispos analisam a conjuntura social e eclesial do Brasil a partir de subs\u00eddios oferecidos por equipes da CNBB - Not\u00edcias - Franciscanos","isPartOf":{"@id":"https:\/\/franciscanos.org.br\/noticias\/#website"},"primaryImageOfPage":{"@id":"https:\/\/franciscanos.org.br\/noticias\/bispos-analisam-a-conjuntura-social-e-eclesial-do-brasil-a-partir-de-subsidios-oferecidos-por-equipes-da-cnbb.html#primaryimage"},"datePublished":"2021-04-13T11:54:20+00:00","dateModified":"2021-04-13T11:54:20+00:00","author":{"@id":"https:\/\/franciscanos.org.br\/noticias\/#\/schema\/person\/b5c8cba458c330ccff548b056e95a5d4"},"breadcrumb":{"@id":"https:\/\/franciscanos.org.br\/noticias\/bispos-analisam-a-conjuntura-social-e-eclesial-do-brasil-a-partir-de-subsidios-oferecidos-por-equipes-da-cnbb.html#breadcrumb"},"inLanguage":"pt-BR","potentialAction":[{"@type":"ReadAction","target":["https:\/\/franciscanos.org.br\/noticias\/bispos-analisam-a-conjuntura-social-e-eclesial-do-brasil-a-partir-de-subsidios-oferecidos-por-equipes-da-cnbb.html"]}]},{"@type":"BreadcrumbList","@id":"https:\/\/franciscanos.org.br\/noticias\/bispos-analisam-a-conjuntura-social-e-eclesial-do-brasil-a-partir-de-subsidios-oferecidos-por-equipes-da-cnbb.html#breadcrumb","itemListElement":[{"@type":"ListItem","position":1,"name":"Home","item":"https:\/\/franciscanos.org.br\/noticias"},{"@type":"ListItem","position":2,"name":"Bispos analisam a conjuntura social e eclesial do Brasil a partir de subs\u00eddios oferecidos por equipes da CNBB"}]},{"@type":"Person","@id":"https:\/\/franciscanos.org.br\/noticias\/#\/schema\/person\/b5c8cba458c330ccff548b056e95a5d4","name":"moacir","image":{"@type":"ImageObject","inLanguage":"pt-BR","@id":"https:\/\/franciscanos.org.br\/noticias\/#\/schema\/person\/image\/","url":"https:\/\/secure.gravatar.com\/avatar\/d08aa2ce4c8dd416d4479aa8536fcf64?s=96&d=mm&r=g","contentUrl":"https:\/\/secure.gravatar.com\/avatar\/d08aa2ce4c8dd416d4479aa8536fcf64?s=96&d=mm&r=g","caption":"moacir"},"url":"https:\/\/franciscanos.org.br\/noticias\/author\/moacir"}]}},"_links":{"self":[{"href":"https:\/\/franciscanos.org.br\/noticias\/wp-json\/wp\/v2\/posts\/231644"}],"collection":[{"href":"https:\/\/franciscanos.org.br\/noticias\/wp-json\/wp\/v2\/posts"}],"about":[{"href":"https:\/\/franciscanos.org.br\/noticias\/wp-json\/wp\/v2\/types\/post"}],"author":[{"embeddable":true,"href":"https:\/\/franciscanos.org.br\/noticias\/wp-json\/wp\/v2\/users\/3"}],"replies":[{"embeddable":true,"href":"https:\/\/franciscanos.org.br\/noticias\/wp-json\/wp\/v2\/comments?post=231644"}],"version-history":[{"count":1,"href":"https:\/\/franciscanos.org.br\/noticias\/wp-json\/wp\/v2\/posts\/231644\/revisions"}],"predecessor-version":[{"id":231647,"href":"https:\/\/franciscanos.org.br\/noticias\/wp-json\/wp\/v2\/posts\/231644\/revisions\/231647"}],"wp:featuredmedia":[{"embeddable":true,"href":"https:\/\/franciscanos.org.br\/noticias\/wp-json\/wp\/v2\/media\/231646"}],"wp:attachment":[{"href":"https:\/\/franciscanos.org.br\/noticias\/wp-json\/wp\/v2\/media?parent=231644"}],"wp:term":[{"taxonomy":"category","embeddable":true,"href":"https:\/\/franciscanos.org.br\/noticias\/wp-json\/wp\/v2\/categories?post=231644"},{"taxonomy":"post_tag","embeddable":true,"href":"https:\/\/franciscanos.org.br\/noticias\/wp-json\/wp\/v2\/tags?post=231644"}],"curies":[{"name":"wp","href":"https:\/\/api.w.org\/{rel}","templated":true}]}}