{"id":231583,"date":"2021-04-11T15:00:27","date_gmt":"2021-04-11T18:00:27","guid":{"rendered":"https:\/\/franciscanos.org.br\/noticias\/?p=231583"},"modified":"2021-04-11T17:47:55","modified_gmt":"2021-04-11T20:47:55","slug":"frei-cesar-pede-uniao-de-forcas-depois-da-caminhada-ao-santuario-frei-galvao","status":"publish","type":"post","link":"https:\/\/franciscanos.org.br\/noticias\/frei-cesar-pede-uniao-de-forcas-depois-da-caminhada-ao-santuario-frei-galvao.html","title":{"rendered":"Frei C\u00e9sar pede &#8220;uni\u00e3o de for\u00e7as&#8221; depois da caminhada ao Santu\u00e1rio Frei Galv\u00e3o"},"content":{"rendered":"<p><img loading=\"lazy\" class=\"alignnone wp-image-231584 size-full\" src=\"https:\/\/franciscanos.org.br\/noticias\/wp-content\/uploads\/2021\/04\/caminhada_01.jpg\" alt=\"\" width=\"1280\" height=\"871\" srcset=\"https:\/\/franciscanos.org.br\/noticias\/wp-content\/uploads\/2021\/04\/caminhada_01.jpg 1280w, https:\/\/franciscanos.org.br\/noticias\/wp-content\/uploads\/2021\/04\/caminhada_01-450x306.jpg 450w, https:\/\/franciscanos.org.br\/noticias\/wp-content\/uploads\/2021\/04\/caminhada_01-1024x697.jpg 1024w, https:\/\/franciscanos.org.br\/noticias\/wp-content\/uploads\/2021\/04\/caminhada_01-768x523.jpg 768w, https:\/\/franciscanos.org.br\/noticias\/wp-content\/uploads\/2021\/04\/caminhada_01-150x102.jpg 150w\" sizes=\"(max-width: 1280px) 100vw, 1280px\" \/><\/p>\n<p><strong>Guaratinguet\u00e1 (SP) &#8211;<\/strong> A\u00a0 acolhida oficial dos frades menores no Santu\u00e1rio Frei Galv\u00e3o, em Guaratinguet\u00e1 (SP), come\u00e7ou na bela manh\u00e3 deste domingo (11\/4) com uma caminhada bastante s\u00edmbolica partindo do Semin\u00e1rio Frei Galv\u00e3o, a antiga presen\u00e7a franciscana da Prov\u00edncia da Imaculada Concei\u00e7\u00e3o, at\u00e9 o Santu\u00e1rio dedicado ao primeiro santo brasileiro.<\/p>\n<p>&#8220;Depois desta caminhada, passando por lugares importantes e significativos da nossa cidade, da presen\u00e7a franciscana, da trajet\u00f3ria de Frei Galv\u00e3o, n\u00f3s chegamos aqui a esta casa onde os nossos freis j\u00e1 est\u00e3o h\u00e1 algum tempo, mas hoje, de uma forma oficial, ser\u00e3o acolhidos e enviados para a miss\u00e3o que acontece a partir deste Santu\u00e1rio do nosso querido Frei Galv\u00e3o&#8221;, acolheu o Ministro Provincial da Prov\u00edncia da Imaculada Concei\u00e7\u00e3o, Frei C\u00e9sar K\u00fclkamp, ao chegar ao novo Santu\u00e1rio.<\/p>\n<p>Frei C\u00e9sar, dirigindo-se a um grupo de colaboradores do Santu\u00e1rio e a todos os fi\u00e9is devotos participando deste momento pela internet, disse que os tr\u00eas frades que chegam s\u00e3o poucos e v\u00e3o fazer pouco sozinhos. &#8220;A gente j\u00e1 sabe que aqui tem for\u00e7as muito grandes, um ex\u00e9rcito de devotos, colaboradores, volunt\u00e1rios de Frei Galv\u00e3o. E \u00e9 nessa multiplica\u00e7\u00e3o de for\u00e7as, nesta uni\u00e3o de for\u00e7as que n\u00f3s queremos servir e vamos ser muito mais fortes. Ent\u00e3o, hoje queremos pedir todas as b\u00ean\u00e7\u00e3os de Deus para voc\u00eas que j\u00e1 est\u00e3o aqui, que j\u00e1 fazem parte desta fam\u00edlia de Frei Galv\u00e3o, por nos acolherem e nos permitirem viver e trabalhar com voc\u00eas. Queremos aprender muito com voc\u00eas&#8221;, disse Frei C\u00e9sar.<\/p>\n<p><img loading=\"lazy\" class=\"alignnone wp-image-231585 size-full\" src=\"https:\/\/franciscanos.org.br\/noticias\/wp-content\/uploads\/2021\/04\/caminhada_006.jpg\" alt=\"\" width=\"910\" height=\"604\" srcset=\"https:\/\/franciscanos.org.br\/noticias\/wp-content\/uploads\/2021\/04\/caminhada_006.jpg 910w, https:\/\/franciscanos.org.br\/noticias\/wp-content\/uploads\/2021\/04\/caminhada_006-450x299.jpg 450w, https:\/\/franciscanos.org.br\/noticias\/wp-content\/uploads\/2021\/04\/caminhada_006-768x510.jpg 768w, https:\/\/franciscanos.org.br\/noticias\/wp-content\/uploads\/2021\/04\/caminhada_006-150x100.jpg 150w\" sizes=\"(max-width: 910px) 100vw, 910px\" \/><\/p>\n<p>Segundo o Ministro Provincial, os tr\u00eas frades s\u00e3o tamb\u00e9m uma express\u00e3o de todos os franciscanos da Prov\u00edncia da Imaculada e de todos os franciscanos e todo o Brasil. &#8220;N\u00f3s convidamos a Fam\u00edlia Franciscana do Brasil para acompanhar. Nesta fam\u00edlia est\u00e3o as Irm\u00e3s Clarissas, as Irm\u00e3s Concepcionistas, muitas congrega\u00e7\u00f5es religiosas femininas, os confrades Capuchinhos, os Conventuais, os irm\u00e3os e irm\u00e3s da Ordem Franciscna Secular, a Juventude Franciscana, chamada Jufra, e outras tantas juventudes que tamb\u00e9m t\u00eam S\u00e3o Francisco como inspirador&#8221;, explicou. &#8220;Ent\u00e3o, com toda essa for\u00e7a, com essa unidade, que para n\u00f3s se chama fraternidade, um sentimento de irm\u00e3os, n\u00f3s queremos chegar aqui para nos juntarmos a voc\u00eas nesta fraternidade do Santu\u00e1rio Frei Galv\u00e3o, com os nossos colaboradores, volunt\u00e1rios, e tamb\u00e9m com toda a comunidade de fi\u00e9is, de devotos, de romeiros, que aqui v\u00eam experimentar, amadurecer, a sua f\u00e9 e daqui partem fortalecidos para viver a sua voca\u00e7\u00e3o crist\u00e3 e que se torna tamb\u00e9m franciscana e de Frei Galv\u00e3o, o nosso confrade aqui desta terra, e aqui buscado e reverenciado, que inspira toda a nossa vida&#8221;, ressaltou Frei C\u00e9sar.<\/p>\n<div id=\"attachment_231586\" style=\"width: 1290px\" class=\"wp-caption alignnone\"><img aria-describedby=\"caption-attachment-231586\" loading=\"lazy\" class=\"wp-image-231586 size-full\" src=\"https:\/\/franciscanos.org.br\/noticias\/wp-content\/uploads\/2021\/04\/caminhada_02.jpg\" alt=\"\" width=\"1280\" height=\"960\" srcset=\"https:\/\/franciscanos.org.br\/noticias\/wp-content\/uploads\/2021\/04\/caminhada_02.jpg 1280w, https:\/\/franciscanos.org.br\/noticias\/wp-content\/uploads\/2021\/04\/caminhada_02-450x338.jpg 450w, https:\/\/franciscanos.org.br\/noticias\/wp-content\/uploads\/2021\/04\/caminhada_02-1024x768.jpg 1024w, https:\/\/franciscanos.org.br\/noticias\/wp-content\/uploads\/2021\/04\/caminhada_02-768x576.jpg 768w, https:\/\/franciscanos.org.br\/noticias\/wp-content\/uploads\/2021\/04\/caminhada_02-150x113.jpg 150w, https:\/\/franciscanos.org.br\/noticias\/wp-content\/uploads\/2021\/04\/caminhada_02-600x450.jpg 600w\" sizes=\"(max-width: 1280px) 100vw, 1280px\" \/><p id=\"caption-attachment-231586\" class=\"wp-caption-text\"><em>Frades s\u00e3o acolhidos pelos familiares do seu confrade Santo Ant\u00f4nio de Sant&#8217;Ana Galv\u00e3o<\/em><\/p><\/div>\n<p>&#8220;Hoje \u00e9 dia de a gente agradecer a cada um de voc\u00eas que faz parte desta bonita fam\u00edlia e por nos acolher, por nos permitir caminhar com voc\u00eas neste belo trabalho. Deus aben\u00e7oe pela intercess\u00e3o de Frei Galv\u00e3o, de S\u00e3o Francisco de Assis e de Santa Clara a todos voc\u00eas que nos acolhem nesta manh\u00e3&#8221;, pediu Frei C\u00e9sar. A Caminhada terminou com a b\u00ean\u00e7\u00e3o de S\u00e3o Francisco a todos que acompanhavam este momento hist\u00f3rico.<\/p>\n<p><strong>A CAMINHADA<\/strong><\/p>\n<p>&#8220;Assim como S\u00e3o Francisco de Assis enviou seus frades, dois a dois, para anunciar a paz em toda parte do mundo, agora nos reunimos para novamente repetir esse gesto, dando a b\u00ean\u00e7\u00e3o de envio aos Freis Roberto, Leandro e Diego que ir\u00e3o constituir a nova Fraternidade do Santu\u00e1rio Frei Galv\u00e3o&#8221;, disse o guardi\u00e3o Frei Jo\u00e3o Francisco da Silva, do Semin\u00e1rio Frei Galv\u00e3o, aos tr\u00eas frades da nova Fraternidade:\u00a0 Frei Diego Melo, Frei Roberto Ishara e Frei Leandro Costa Santos, quando sa\u00edram em caminhada rumo ao Santu\u00e1rio.<\/p>\n<p><img loading=\"lazy\" class=\"alignnone wp-image-231588 size-full\" src=\"https:\/\/franciscanos.org.br\/noticias\/wp-content\/uploads\/2021\/04\/caminhada_005.jpg\" alt=\"\" width=\"1280\" height=\"724\" srcset=\"https:\/\/franciscanos.org.br\/noticias\/wp-content\/uploads\/2021\/04\/caminhada_005.jpg 1280w, https:\/\/franciscanos.org.br\/noticias\/wp-content\/uploads\/2021\/04\/caminhada_005-450x255.jpg 450w, https:\/\/franciscanos.org.br\/noticias\/wp-content\/uploads\/2021\/04\/caminhada_005-1024x579.jpg 1024w, https:\/\/franciscanos.org.br\/noticias\/wp-content\/uploads\/2021\/04\/caminhada_005-768x434.jpg 768w, https:\/\/franciscanos.org.br\/noticias\/wp-content\/uploads\/2021\/04\/caminhada_005-150x85.jpg 150w\" sizes=\"(max-width: 1280px) 100vw, 1280px\" \/><\/p>\n<p>&#8220;Queremos nesta manh\u00e3 como Fraternidade Franciscana, atrav\u00e9s de nossa ora\u00e7\u00e3o, pedir ao Senhor da Messe e Pastor do rebanho que oriente e guie os passos de voc\u00eas nessa nova miss\u00e3o assumidas pela Prov\u00edncia aqui em Guaratinguet\u00e1 e confiada a voc\u00eas filhos de S\u00e3o francisco e Santa Clara e inspirados pelo Santo Franciscano desta terra Frei Galv\u00e3o, a irem pelo mundo e pregar o Evangelho de Nosso Senhor Jesus Cristo como Regra de vida e em fraternidade atrav\u00e9s do acolhimento aos peregrinos, romeiros e devotos de Frei Galv\u00e3o no santu\u00e1rio dedicado ao Santo&#8221;, saudou Frei Jo\u00e3o na Capela do Semin\u00e1rio.<\/p>\n<p>&#8220;Frei Diego, Frei Leandro e Frei Roberto, aqui se inicia mais que uma caminhada, e sim uma &#8216;peregrina\u00e7\u00e3o&#8217; que recorda os passos de S\u00e3o Frei Galv\u00e3o, que percorria grandes dist\u00e2ncias, sempre a p\u00e9, como mission\u00e1rio da Paz e da Caridade, levando alegria e sendo sinal de esperan\u00e7a aos que encontrava pelo caminho, sobretudo aos pobres e enfermos&#8221;, acrescentou o guardi\u00e3o do Semin\u00e1rio.<\/p>\n<p>&#8220;Que os vossos passos sustentados pela for\u00e7a do Evangelho, sejam firmes e seguros como os passos de Frei Galv\u00e3o, que caminhada na objetividade de Cristo&#8221;, emendou.<\/p>\n<p>&nbsp;<\/p>\n<p><img loading=\"lazy\" class=\"alignnone wp-image-231600 size-full\" src=\"https:\/\/franciscanos.org.br\/noticias\/wp-content\/uploads\/2021\/04\/caminhada_07.jpg\" alt=\"\" width=\"1382\" height=\"922\" srcset=\"https:\/\/franciscanos.org.br\/noticias\/wp-content\/uploads\/2021\/04\/caminhada_07.jpg 1382w, https:\/\/franciscanos.org.br\/noticias\/wp-content\/uploads\/2021\/04\/caminhada_07-450x300.jpg 450w, https:\/\/franciscanos.org.br\/noticias\/wp-content\/uploads\/2021\/04\/caminhada_07-1024x683.jpg 1024w, https:\/\/franciscanos.org.br\/noticias\/wp-content\/uploads\/2021\/04\/caminhada_07-768x512.jpg 768w, https:\/\/franciscanos.org.br\/noticias\/wp-content\/uploads\/2021\/04\/caminhada_07-150x100.jpg 150w\" sizes=\"(max-width: 1382px) 100vw, 1382px\" \/><\/p>\n<p>&#8220;Esse ato de &#8216;peregrinar&#8217; corrobora com o desejo de outro Francisco, o de Roma, que nos manifesta com frequ\u00eancia o desejo de &#8216;uma Igreja pobre, para os pobres&#8217;, como proposta de uma Igreja em sa\u00edda, que chegue \u00e0s atuais periferias geogr\u00e1ficas e existenciais e isso requer uma atitude de miseric\u00f3rdia e compaix\u00e3o&#8221;, exortou.<\/p>\n<p>&#8220;N\u00e3o obstante, vos pedimos que a exemplo de S\u00e3o Frei Galv\u00e3o n\u00e3o abdiquem do estilo franciscano do acolhimento e da escuta como modelo evangelizador de uma Igreja, acima de tudo, centrada em Cristo&#8221;, pediu. &#8220;Por onde passarem, sejam verdadeiramente homens evang\u00e9licos, religiosos obedientes guiados pelo &#8216;Esp\u00edrito do Senhor e seu Santo Modo de operar&#8217;. Sigam acreditando na for\u00e7a revolucion\u00e1ria da ternura e do afeto&#8221;, indicou Frei Jo\u00e3o.<\/p>\n<div id=\"attachment_231590\" style=\"width: 1290px\" class=\"wp-caption alignnone\"><img aria-describedby=\"caption-attachment-231590\" loading=\"lazy\" class=\"wp-image-231590 size-full\" src=\"https:\/\/franciscanos.org.br\/noticias\/wp-content\/uploads\/2021\/04\/caminhada_008.jpg\" alt=\"\" width=\"1280\" height=\"720\" srcset=\"https:\/\/franciscanos.org.br\/noticias\/wp-content\/uploads\/2021\/04\/caminhada_008.jpg 1280w, https:\/\/franciscanos.org.br\/noticias\/wp-content\/uploads\/2021\/04\/caminhada_008-450x253.jpg 450w, https:\/\/franciscanos.org.br\/noticias\/wp-content\/uploads\/2021\/04\/caminhada_008-1024x576.jpg 1024w, https:\/\/franciscanos.org.br\/noticias\/wp-content\/uploads\/2021\/04\/caminhada_008-768x432.jpg 768w, https:\/\/franciscanos.org.br\/noticias\/wp-content\/uploads\/2021\/04\/caminhada_008-150x84.jpg 150w\" sizes=\"(max-width: 1280px) 100vw, 1280px\" \/><p id=\"caption-attachment-231590\" class=\"wp-caption-text\"><em>A chegada dos frades ao Santu\u00e1rio depois da Caminhada<\/em><\/p><\/div>\n<p><img loading=\"lazy\" class=\" wp-image-231595 alignright\" src=\"https:\/\/franciscanos.org.br\/noticias\/wp-content\/uploads\/2021\/04\/caminhada_004-450x396.jpg\" alt=\"\" width=\"413\" height=\"363\" srcset=\"https:\/\/franciscanos.org.br\/noticias\/wp-content\/uploads\/2021\/04\/caminhada_004-450x396.jpg 450w, https:\/\/franciscanos.org.br\/noticias\/wp-content\/uploads\/2021\/04\/caminhada_004-768x675.jpg 768w, https:\/\/franciscanos.org.br\/noticias\/wp-content\/uploads\/2021\/04\/caminhada_004-150x132.jpg 150w, https:\/\/franciscanos.org.br\/noticias\/wp-content\/uploads\/2021\/04\/caminhada_004.jpg 810w\" sizes=\"(max-width: 413px) 100vw, 413px\" \/>A peregrina\u00e7\u00e3o fez algumas paradas em pontos simb\u00f3licos e hist\u00f3ricos, importantes na vida da cidade. Simbolizando a fam\u00edlia de Frei Galv\u00e3o, a primeira parada foi na Casa Frei Galv\u00e3o, atual museu. &#8220;Demonstramos a comunh\u00e3o dos Frades Franciscanos com esta Fam\u00edlia que deu este santo irm\u00e3o para a nossa Prov\u00edncia, para a Ordem e para toda a Igreja&#8221;, disse Frei Diego. Em seguida, a Igreja Matriz de Santo Ant\u00f4nio, onde S\u00e3o Frei Galv\u00e3o foi batizado e rezou a sua Primeira Missa, os Frades Franciscanos fizeram uma parada demonstrando a comunh\u00e3o e a amizade fraterna com todo o Clero Diocesano e todo o povo de Deus.<\/p>\n<p>Outro ponto muito simb\u00f3lico e importante para a espiritualidade franciscana, foi no Cal\u00e7ad\u00e3o de Guaratinguet\u00e1, onde a Pastoral de Rua Deus Vivo, da Par\u00f3quia Nossa Senhora da Gl\u00f3ria, assiste aos Moradores em Situa\u00e7\u00e3o de Rua, e que conta com a participa\u00e7\u00e3o dos Frades e postulantes Franciscanos. &#8220;Queremos mostrar que um Santu\u00e1rio Franciscano precisa ter esse olhar de miseric\u00f3rdia para com os mais necessitados. Pediremos a b\u00ean\u00e7\u00e3o daqueles que s\u00e3o os nossos mestres, daqueles pelos quais S\u00e3o Frei Galv\u00e3o tamb\u00e9m teve um carinho especial e que hoje s\u00e3o representados por esses irm\u00e3os e irm\u00e3s que est\u00e3o em situa\u00e7\u00e3o de rua&#8221;, explicou Frei Diego.<\/p>\n<p><img loading=\"lazy\" class=\"alignnone wp-image-231591 size-full\" src=\"https:\/\/franciscanos.org.br\/noticias\/wp-content\/uploads\/2021\/04\/caminhada_007.jpg\" alt=\"\" width=\"1920\" height=\"867\" srcset=\"https:\/\/franciscanos.org.br\/noticias\/wp-content\/uploads\/2021\/04\/caminhada_007.jpg 1920w, https:\/\/franciscanos.org.br\/noticias\/wp-content\/uploads\/2021\/04\/caminhada_007-450x203.jpg 450w, https:\/\/franciscanos.org.br\/noticias\/wp-content\/uploads\/2021\/04\/caminhada_007-1024x462.jpg 1024w, https:\/\/franciscanos.org.br\/noticias\/wp-content\/uploads\/2021\/04\/caminhada_007-768x347.jpg 768w, https:\/\/franciscanos.org.br\/noticias\/wp-content\/uploads\/2021\/04\/caminhada_007-1536x694.jpg 1536w, https:\/\/franciscanos.org.br\/noticias\/wp-content\/uploads\/2021\/04\/caminhada_007-150x68.jpg 150w\" sizes=\"(max-width: 1920px) 100vw, 1920px\" \/><\/p>\n<p>Antes de chegar ao Santu\u00e1rio, os frades se encontraram o prefeito Marcus Augustin Soliva, o vice-prefeito R\u00e9gis Leandro Yasumura e o secret\u00e1rio de Turismo Sr. M\u00e1rio Augusto Rodrigues Nunes, que num gesto de acolhida deram a chave da cidade aos frades. As autoridades representaram todo o povo de Guaratinguet\u00e1 e a import\u00e2ncia que tem o Santu\u00e1rio para esta cidade.<\/p>\n<p>Hoje, \u00e0s 18 horas, acontecer\u00e1 a Celebra\u00e7\u00e3o Eucar\u00edstica que vai marcar a posse em definitivo dos frades com a assinatura do conv\u00eanio, com dura\u00e7\u00e3o de 30 anos, pelo Ministro Provincial Frei C\u00e9sar K\u00fclkamp e pelo Arcebispo Dom Orlando Brandes, representando a Arquidiocese de Aparecida. Ser\u00e1 um momento hist\u00f3rico na vida da Prov\u00edncia Franciscana da Imaculada Concei\u00e7\u00e3o, com 345 anos de presen\u00e7a no Sudeste e Sul do Brasil.<\/p>\n<hr \/>\n<p><em>Moacir Beggo<\/em><\/p>\n<p><img loading=\"lazy\" class=\"alignnone wp-image-231602 size-full\" src=\"https:\/\/franciscanos.org.br\/noticias\/wp-content\/uploads\/2021\/04\/caminhada_09.jpg\" alt=\"\" width=\"1356\" height=\"769\" srcset=\"https:\/\/franciscanos.org.br\/noticias\/wp-content\/uploads\/2021\/04\/caminhada_09.jpg 1356w, https:\/\/franciscanos.org.br\/noticias\/wp-content\/uploads\/2021\/04\/caminhada_09-450x255.jpg 450w, https:\/\/franciscanos.org.br\/noticias\/wp-content\/uploads\/2021\/04\/caminhada_09-1024x581.jpg 1024w, https:\/\/franciscanos.org.br\/noticias\/wp-content\/uploads\/2021\/04\/caminhada_09-768x436.jpg 768w, https:\/\/franciscanos.org.br\/noticias\/wp-content\/uploads\/2021\/04\/caminhada_09-150x85.jpg 150w\" sizes=\"(max-width: 1356px) 100vw, 1356px\" \/><\/p>\n","protected":false},"excerpt":{"rendered":"<p>Santu\u00e1rio Frei Galv\u00e3o<\/p>\n","protected":false},"author":3,"featured_media":231587,"comment_status":"open","ping_status":"open","sticky":false,"template":"","format":"standard","meta":[],"categories":[1],"tags":[1821],"acf":[],"yoast_head":"<!-- This site is optimized with the Yoast SEO plugin v19.2 - https:\/\/yoast.com\/wordpress\/plugins\/seo\/ -->\n<title>Frei C\u00e9sar pede &quot;uni\u00e3o de for\u00e7as&quot; depois da caminhada ao Santu\u00e1rio Frei Galv\u00e3o - Not\u00edcias - Franciscanos<\/title>\n<meta name=\"robots\" content=\"index, follow, max-snippet:-1, max-image-preview:large, max-video-preview:-1\" \/>\n<link rel=\"canonical\" href=\"https:\/\/franciscanos.org.br\/noticias\/frei-cesar-pede-uniao-de-forcas-depois-da-caminhada-ao-santuario-frei-galvao.html\" \/>\n<meta property=\"og:locale\" content=\"pt_BR\" \/>\n<meta property=\"og:type\" content=\"article\" \/>\n<meta property=\"og:title\" content=\"Frei C\u00e9sar pede &quot;uni\u00e3o de for\u00e7as&quot; depois da caminhada ao Santu\u00e1rio Frei Galv\u00e3o - Not\u00edcias - Franciscanos\" \/>\n<meta property=\"og:description\" content=\"Santu\u00e1rio Frei Galv\u00e3o\" \/>\n<meta property=\"og:url\" content=\"https:\/\/franciscanos.org.br\/noticias\/frei-cesar-pede-uniao-de-forcas-depois-da-caminhada-ao-santuario-frei-galvao.html\" \/>\n<meta property=\"og:site_name\" content=\"Not\u00edcias - Franciscanos\" \/>\n<meta property=\"article:published_time\" content=\"2021-04-11T18:00:27+00:00\" \/>\n<meta property=\"article:modified_time\" content=\"2021-04-11T20:47:55+00:00\" \/>\n<meta property=\"og:image\" content=\"https:\/\/franciscanos.org.br\/noticias\/wp-content\/uploads\/2021\/04\/caminhada_01d.jpg\" \/>\n\t<meta property=\"og:image:width\" content=\"800\" \/>\n\t<meta property=\"og:image:height\" content=\"550\" \/>\n\t<meta property=\"og:image:type\" content=\"image\/jpeg\" \/>\n<meta name=\"author\" content=\"moacir\" \/>\n<meta name=\"twitter:card\" content=\"summary_large_image\" \/>\n<meta name=\"twitter:label1\" content=\"Escrito por\" \/>\n\t<meta name=\"twitter:data1\" content=\"moacir\" \/>\n\t<meta name=\"twitter:label2\" content=\"Est. tempo de leitura\" \/>\n\t<meta name=\"twitter:data2\" content=\"7 minutos\" \/>\n<script type=\"application\/ld+json\" class=\"yoast-schema-graph\">{\"@context\":\"https:\/\/schema.org\",\"@graph\":[{\"@type\":\"WebSite\",\"@id\":\"https:\/\/franciscanos.org.br\/noticias\/#website\",\"url\":\"https:\/\/franciscanos.org.br\/noticias\/\",\"name\":\"Not\u00edcias - Franciscanos\",\"description\":\"Prov\u00edncia Franciscana da Imaculada Concei\u00e7\u00e3o do Brasil - Ordem dos Frades Menores - OFM\",\"potentialAction\":[{\"@type\":\"SearchAction\",\"target\":{\"@type\":\"EntryPoint\",\"urlTemplate\":\"https:\/\/franciscanos.org.br\/noticias\/?s={search_term_string}\"},\"query-input\":\"required name=search_term_string\"}],\"inLanguage\":\"pt-BR\"},{\"@type\":\"ImageObject\",\"inLanguage\":\"pt-BR\",\"@id\":\"https:\/\/franciscanos.org.br\/noticias\/frei-cesar-pede-uniao-de-forcas-depois-da-caminhada-ao-santuario-frei-galvao.html#primaryimage\",\"url\":\"https:\/\/franciscanos.org.br\/noticias\/wp-content\/uploads\/2021\/04\/caminhada_01d.jpg\",\"contentUrl\":\"https:\/\/franciscanos.org.br\/noticias\/wp-content\/uploads\/2021\/04\/caminhada_01d.jpg\",\"width\":800,\"height\":550},{\"@type\":\"WebPage\",\"@id\":\"https:\/\/franciscanos.org.br\/noticias\/frei-cesar-pede-uniao-de-forcas-depois-da-caminhada-ao-santuario-frei-galvao.html#webpage\",\"url\":\"https:\/\/franciscanos.org.br\/noticias\/frei-cesar-pede-uniao-de-forcas-depois-da-caminhada-ao-santuario-frei-galvao.html\",\"name\":\"Frei C\u00e9sar pede \\\"uni\u00e3o de for\u00e7as\\\" depois da caminhada ao Santu\u00e1rio Frei Galv\u00e3o - Not\u00edcias - Franciscanos\",\"isPartOf\":{\"@id\":\"https:\/\/franciscanos.org.br\/noticias\/#website\"},\"primaryImageOfPage\":{\"@id\":\"https:\/\/franciscanos.org.br\/noticias\/frei-cesar-pede-uniao-de-forcas-depois-da-caminhada-ao-santuario-frei-galvao.html#primaryimage\"},\"datePublished\":\"2021-04-11T18:00:27+00:00\",\"dateModified\":\"2021-04-11T20:47:55+00:00\",\"author\":{\"@id\":\"https:\/\/franciscanos.org.br\/noticias\/#\/schema\/person\/b5c8cba458c330ccff548b056e95a5d4\"},\"breadcrumb\":{\"@id\":\"https:\/\/franciscanos.org.br\/noticias\/frei-cesar-pede-uniao-de-forcas-depois-da-caminhada-ao-santuario-frei-galvao.html#breadcrumb\"},\"inLanguage\":\"pt-BR\",\"potentialAction\":[{\"@type\":\"ReadAction\",\"target\":[\"https:\/\/franciscanos.org.br\/noticias\/frei-cesar-pede-uniao-de-forcas-depois-da-caminhada-ao-santuario-frei-galvao.html\"]}]},{\"@type\":\"BreadcrumbList\",\"@id\":\"https:\/\/franciscanos.org.br\/noticias\/frei-cesar-pede-uniao-de-forcas-depois-da-caminhada-ao-santuario-frei-galvao.html#breadcrumb\",\"itemListElement\":[{\"@type\":\"ListItem\",\"position\":1,\"name\":\"Home\",\"item\":\"https:\/\/franciscanos.org.br\/noticias\"},{\"@type\":\"ListItem\",\"position\":2,\"name\":\"Frei C\u00e9sar pede &#8220;uni\u00e3o de for\u00e7as&#8221; depois da caminhada ao Santu\u00e1rio Frei Galv\u00e3o\"}]},{\"@type\":\"Person\",\"@id\":\"https:\/\/franciscanos.org.br\/noticias\/#\/schema\/person\/b5c8cba458c330ccff548b056e95a5d4\",\"name\":\"moacir\",\"image\":{\"@type\":\"ImageObject\",\"inLanguage\":\"pt-BR\",\"@id\":\"https:\/\/franciscanos.org.br\/noticias\/#\/schema\/person\/image\/\",\"url\":\"https:\/\/secure.gravatar.com\/avatar\/d08aa2ce4c8dd416d4479aa8536fcf64?s=96&d=mm&r=g\",\"contentUrl\":\"https:\/\/secure.gravatar.com\/avatar\/d08aa2ce4c8dd416d4479aa8536fcf64?s=96&d=mm&r=g\",\"caption\":\"moacir\"},\"url\":\"https:\/\/franciscanos.org.br\/noticias\/author\/moacir\"}]}<\/script>\n<!-- \/ Yoast SEO plugin. -->","yoast_head_json":{"title":"Frei C\u00e9sar pede \"uni\u00e3o de for\u00e7as\" depois da caminhada ao Santu\u00e1rio Frei Galv\u00e3o - Not\u00edcias - Franciscanos","robots":{"index":"index","follow":"follow","max-snippet":"max-snippet:-1","max-image-preview":"max-image-preview:large","max-video-preview":"max-video-preview:-1"},"canonical":"https:\/\/franciscanos.org.br\/noticias\/frei-cesar-pede-uniao-de-forcas-depois-da-caminhada-ao-santuario-frei-galvao.html","og_locale":"pt_BR","og_type":"article","og_title":"Frei C\u00e9sar pede \"uni\u00e3o de for\u00e7as\" depois da caminhada ao Santu\u00e1rio Frei Galv\u00e3o - Not\u00edcias - Franciscanos","og_description":"Santu\u00e1rio Frei Galv\u00e3o","og_url":"https:\/\/franciscanos.org.br\/noticias\/frei-cesar-pede-uniao-de-forcas-depois-da-caminhada-ao-santuario-frei-galvao.html","og_site_name":"Not\u00edcias - Franciscanos","article_published_time":"2021-04-11T18:00:27+00:00","article_modified_time":"2021-04-11T20:47:55+00:00","og_image":[{"width":800,"height":550,"url":"https:\/\/franciscanos.org.br\/noticias\/wp-content\/uploads\/2021\/04\/caminhada_01d.jpg","type":"image\/jpeg"}],"author":"moacir","twitter_card":"summary_large_image","twitter_misc":{"Escrito por":"moacir","Est. tempo de leitura":"7 minutos"},"schema":{"@context":"https:\/\/schema.org","@graph":[{"@type":"WebSite","@id":"https:\/\/franciscanos.org.br\/noticias\/#website","url":"https:\/\/franciscanos.org.br\/noticias\/","name":"Not\u00edcias - Franciscanos","description":"Prov\u00edncia Franciscana da Imaculada Concei\u00e7\u00e3o do Brasil - Ordem dos Frades Menores - OFM","potentialAction":[{"@type":"SearchAction","target":{"@type":"EntryPoint","urlTemplate":"https:\/\/franciscanos.org.br\/noticias\/?s={search_term_string}"},"query-input":"required name=search_term_string"}],"inLanguage":"pt-BR"},{"@type":"ImageObject","inLanguage":"pt-BR","@id":"https:\/\/franciscanos.org.br\/noticias\/frei-cesar-pede-uniao-de-forcas-depois-da-caminhada-ao-santuario-frei-galvao.html#primaryimage","url":"https:\/\/franciscanos.org.br\/noticias\/wp-content\/uploads\/2021\/04\/caminhada_01d.jpg","contentUrl":"https:\/\/franciscanos.org.br\/noticias\/wp-content\/uploads\/2021\/04\/caminhada_01d.jpg","width":800,"height":550},{"@type":"WebPage","@id":"https:\/\/franciscanos.org.br\/noticias\/frei-cesar-pede-uniao-de-forcas-depois-da-caminhada-ao-santuario-frei-galvao.html#webpage","url":"https:\/\/franciscanos.org.br\/noticias\/frei-cesar-pede-uniao-de-forcas-depois-da-caminhada-ao-santuario-frei-galvao.html","name":"Frei C\u00e9sar pede \"uni\u00e3o de for\u00e7as\" depois da caminhada ao Santu\u00e1rio Frei Galv\u00e3o - Not\u00edcias - Franciscanos","isPartOf":{"@id":"https:\/\/franciscanos.org.br\/noticias\/#website"},"primaryImageOfPage":{"@id":"https:\/\/franciscanos.org.br\/noticias\/frei-cesar-pede-uniao-de-forcas-depois-da-caminhada-ao-santuario-frei-galvao.html#primaryimage"},"datePublished":"2021-04-11T18:00:27+00:00","dateModified":"2021-04-11T20:47:55+00:00","author":{"@id":"https:\/\/franciscanos.org.br\/noticias\/#\/schema\/person\/b5c8cba458c330ccff548b056e95a5d4"},"breadcrumb":{"@id":"https:\/\/franciscanos.org.br\/noticias\/frei-cesar-pede-uniao-de-forcas-depois-da-caminhada-ao-santuario-frei-galvao.html#breadcrumb"},"inLanguage":"pt-BR","potentialAction":[{"@type":"ReadAction","target":["https:\/\/franciscanos.org.br\/noticias\/frei-cesar-pede-uniao-de-forcas-depois-da-caminhada-ao-santuario-frei-galvao.html"]}]},{"@type":"BreadcrumbList","@id":"https:\/\/franciscanos.org.br\/noticias\/frei-cesar-pede-uniao-de-forcas-depois-da-caminhada-ao-santuario-frei-galvao.html#breadcrumb","itemListElement":[{"@type":"ListItem","position":1,"name":"Home","item":"https:\/\/franciscanos.org.br\/noticias"},{"@type":"ListItem","position":2,"name":"Frei C\u00e9sar pede &#8220;uni\u00e3o de for\u00e7as&#8221; depois da caminhada ao Santu\u00e1rio Frei Galv\u00e3o"}]},{"@type":"Person","@id":"https:\/\/franciscanos.org.br\/noticias\/#\/schema\/person\/b5c8cba458c330ccff548b056e95a5d4","name":"moacir","image":{"@type":"ImageObject","inLanguage":"pt-BR","@id":"https:\/\/franciscanos.org.br\/noticias\/#\/schema\/person\/image\/","url":"https:\/\/secure.gravatar.com\/avatar\/d08aa2ce4c8dd416d4479aa8536fcf64?s=96&d=mm&r=g","contentUrl":"https:\/\/secure.gravatar.com\/avatar\/d08aa2ce4c8dd416d4479aa8536fcf64?s=96&d=mm&r=g","caption":"moacir"},"url":"https:\/\/franciscanos.org.br\/noticias\/author\/moacir"}]}},"_links":{"self":[{"href":"https:\/\/franciscanos.org.br\/noticias\/wp-json\/wp\/v2\/posts\/231583"}],"collection":[{"href":"https:\/\/franciscanos.org.br\/noticias\/wp-json\/wp\/v2\/posts"}],"about":[{"href":"https:\/\/franciscanos.org.br\/noticias\/wp-json\/wp\/v2\/types\/post"}],"author":[{"embeddable":true,"href":"https:\/\/franciscanos.org.br\/noticias\/wp-json\/wp\/v2\/users\/3"}],"replies":[{"embeddable":true,"href":"https:\/\/franciscanos.org.br\/noticias\/wp-json\/wp\/v2\/comments?post=231583"}],"version-history":[{"count":9,"href":"https:\/\/franciscanos.org.br\/noticias\/wp-json\/wp\/v2\/posts\/231583\/revisions"}],"predecessor-version":[{"id":231603,"href":"https:\/\/franciscanos.org.br\/noticias\/wp-json\/wp\/v2\/posts\/231583\/revisions\/231603"}],"wp:featuredmedia":[{"embeddable":true,"href":"https:\/\/franciscanos.org.br\/noticias\/wp-json\/wp\/v2\/media\/231587"}],"wp:attachment":[{"href":"https:\/\/franciscanos.org.br\/noticias\/wp-json\/wp\/v2\/media?parent=231583"}],"wp:term":[{"taxonomy":"category","embeddable":true,"href":"https:\/\/franciscanos.org.br\/noticias\/wp-json\/wp\/v2\/categories?post=231583"},{"taxonomy":"post_tag","embeddable":true,"href":"https:\/\/franciscanos.org.br\/noticias\/wp-json\/wp\/v2\/tags?post=231583"}],"curies":[{"name":"wp","href":"https:\/\/api.w.org\/{rel}","templated":true}]}}