{"id":231574,"date":"2021-04-11T10:53:03","date_gmt":"2021-04-11T13:53:03","guid":{"rendered":"https:\/\/franciscanos.org.br\/noticias\/?p=231574"},"modified":"2021-04-11T11:00:49","modified_gmt":"2021-04-11T14:00:49","slug":"comunidade-crista","status":"publish","type":"post","link":"https:\/\/franciscanos.org.br\/noticias\/comunidade-crista.html","title":{"rendered":"Frei Medella pede a promo\u00e7\u00e3o da unidade, partilha, testemunho e cuidado"},"content":{"rendered":"<div id=\"attachment_231575\" style=\"width: 1290px\" class=\"wp-caption alignnone\"><img aria-describedby=\"caption-attachment-231575\" loading=\"lazy\" class=\"wp-image-231575 size-full\" src=\"https:\/\/franciscanos.org.br\/noticias\/wp-content\/uploads\/2021\/04\/medella_11.jpg\" alt=\"\" width=\"1280\" height=\"720\" srcset=\"https:\/\/franciscanos.org.br\/noticias\/wp-content\/uploads\/2021\/04\/medella_11.jpg 1280w, https:\/\/franciscanos.org.br\/noticias\/wp-content\/uploads\/2021\/04\/medella_11-450x253.jpg 450w, https:\/\/franciscanos.org.br\/noticias\/wp-content\/uploads\/2021\/04\/medella_11-1024x576.jpg 1024w, https:\/\/franciscanos.org.br\/noticias\/wp-content\/uploads\/2021\/04\/medella_11-768x432.jpg 768w, https:\/\/franciscanos.org.br\/noticias\/wp-content\/uploads\/2021\/04\/medella_11-150x84.jpg 150w\" sizes=\"(max-width: 1280px) 100vw, 1280px\" \/><p id=\"caption-attachment-231575\" class=\"wp-caption-text\"><em>\u00a0 \u00a0 \u00a0 \u00a0 \u00a0 \u00a0 \u00a0 \u00a0 \u00a0 \u00a0 \u00a0 \u00a0 \u00a0 \u00a0 \u00a0 \u00a0 \u00a0 \u00a0 \u00a0 \u00a0 \u00a0 \u00a0 \u00a0 \u00a0 \u00a0 \u00a0 \u00a0 \u00a0 \u00a0 \u00a0 \u00a0 \u00a0 \u00a0 \u00a0 \u00a0 \u00a0 \u00a0 \u00a0 \u00a0 \u00a0 \u00a0 \u00a0 \u00a0Imagens: captura de tela das transmiss\u00f5es digitais<\/em><\/p><\/div>\n<p><strong>Vila Velha (ES)<\/strong> &#8211; No Domingo da Divina Miseric\u00f3rdia, encerramento do Oitav\u00e1rio da Festa da Penha, o Vig\u00e1rio Provincial Frei Gustavo Medella presidu a Celebra\u00e7\u00e3o Eucar\u00edstica na capela do Convento da Penha, \u00e0s 9 horas. A Santa Missa foi acompanhada pelos fi\u00e9is devotos da Virgem da Penha pelas m\u00eddias sociais.<\/p>\n<p>Frei Medella lembrou que desde o domingo passado n\u00f3s vivemos o tempo chamado de Oitava da P\u00e1scoa, que s\u00e3o oito dias de desdobramento de um mesmo dia: o dia da Ressurrei\u00e7\u00e3o. &#8220;E os textos b\u00edblicos que comp\u00f5em a Oitava da P\u00e1scoa v\u00eam apresentando uma s\u00e9rie de personagens: Maria Madalena, Pedro e Jo\u00e3o, os disc\u00edpulos de Ema\u00fas e os outros disc\u00edpulos. Cada um reagindo de uma maneira \u00e0quela not\u00edcia esperada e surpreendentemente, mas que era motivo de alegria. Nem todos receberam da mesma forma a mesma verdade: O Senhor havia vencido a morte, o Senhor estava ressuscitado, estava vivo para sempre&#8221;, considerou o frade.<\/p>\n<p>Segundo ele, uns acreditam mais rapidamente pelos sinais que puderam ver, outros t\u00eam facilidade de acreditar ao ouvir o testemunho de algu\u00e9m, outros s\u00e3o mais resistentes como foi o personagem que aparece hoje com destaque: Tom\u00e9. &#8220;O disc\u00edpulo Tom\u00e9 n\u00e3o se contestou em ouvir o relato de seus companheiros, mas precisou e quis fazer uma experi\u00eancia de ver e tocar. Isso vem nos ensinar que a viv\u00eancia da ressurrei\u00e7\u00e3o \u00e9 um processo que se constr\u00f3i durante a vida de cada pessoa. E cada um reage de sua maneira a estas verdades que a f\u00e9 nos apresenta. Uns s\u00e3o mais lentos, outros mais atirados e mais r\u00e1pidos como S\u00e3o Pedro, outros s\u00e3o um pouco reservados, mas todos est\u00e3o convergindo para um desejo profundo de seguir Nosso Senhor Jesus Cristo&#8221;, explicou o Vig\u00e1rio Provincial.<\/p>\n<p>&#8220;E assim \u00e9 hoje a nossa Igreja. Na riqueza de seus carismas, das manifesta\u00e7\u00f5es, na experi\u00eancia do Ressuscitado que homens e mulheres v\u00eam fazendo. As Ordens religiosas, elas s\u00e3o frutos de uma experi\u00eancia do Ressuscitado que um homem ou uma mulher de profunda m\u00edstica fez no cuidado com um grupo espec\u00edfico, como no cuidado com os doentes, por exemplo, pensando na figura dos camilianos, inspirados em S\u00e3o Camilo. Do olhar atento aos pobres, pensando em nossos irm\u00e3os vicentinos e na pr\u00f3pria espiritualidade franciscana, na qual a pobreza de Nosso Senhor Jesus Cristo \u00e9 motivo para ir ao encontro, para partilhar a vida dos pobres. E assim vai&#8221;, acrescentou o celebrante.<\/p>\n<p>Para ele, \u00e9 ilus\u00e3o querer que todos fa\u00e7am um processo uniforme de convers\u00e3o, de caminhada, de crescimento na f\u00e9. &#8220;Do que ent\u00e3o, n\u00e3o podemos abrir m\u00e3o? N\u00e3o podemos abrir m\u00e3o do sonho de Deus da constru\u00e7\u00e3o do seu reino&#8221;, respondeu.<\/p>\n<p>Frei Medella, ent\u00e3o buscou na leitura do Atos dos Ap\u00f3stolos, na comunidade primitiva, as pilastras de uma comunidade de f\u00e9 que est\u00e1 caminhando e crescendo no seguimento de Cristo.<\/p>\n<p>Segundo ele, o primeiro elemento \u00e9 a unidade. &#8220;A multid\u00e3o dos fi\u00e9is era um s\u00f3 cora\u00e7\u00e3o e uma s\u00f3 alma. N\u00e3o \u00e9 uniformidade conforme n\u00f3s j\u00e1 refletimos. Cada um reage, recebe de uma maneira, mas todos se encontram naquele esp\u00edrito e no desejo de seguir Jesus Cristo. Um s\u00f3 cora\u00e7\u00e3o e uma s\u00f3 alma&#8221;.<\/p>\n<p>O segundo elemento \u00e9 a partilha e o desapego. &#8220;Ningu\u00e9m considerava como pr\u00f3prias as coisas que possu\u00eda. A comunidade crist\u00e3, o verdadeiro crist\u00e3o, ele tem no\u00e7\u00e3o que os bens existem para servir o ser humano e n\u00e3o o ser humano existe para servir os bens e consumir sua vida em acumular tudo para si sem pensar em quem est\u00e1 o seu lado. N\u00e3o condiz com a espiritualidade crist\u00e3. \u00c9 necess\u00e1rio esse esp\u00edrito de partilha, esse carinho atencioso para dividir aquilo que se tem para que n\u00e3o falte a ningu\u00e9m. Desafio fundamental para o nosso Brasil hoje que se diz crist\u00e3o e, de acordo com o IBGE, tem grande parte de sua popula\u00e7\u00e3o professando a f\u00e9 crist\u00e3. Se f\u00f4ssemos levar a s\u00e9rio aquilo que Cristo pede de n\u00f3s, nosso pa\u00eds n\u00e3o deveria ser um dos mais desiguais do mundo&#8221;, constatou.<\/p>\n<p>O terceiro elemento importante \u00e9 o testemunho. &#8220;Os ap\u00f3stolos davam testemunho da ressurrei\u00e7\u00e3o do Senhor Jesus. O testemunho \u00e9 algo que se faz pela voz, mas tamb\u00e9m pelas a\u00e7\u00f5es, pelo modo de ser, pelo modo de viver. \u00c9 algo que transparece, \u00e0s vezes dito quando n\u00e3o se diz. As pessoas observam o seu modo de agir, a sua generosidade, a sua gentileza, a sua preocupa\u00e7\u00e3o com os outros. A\u00ed elas est\u00e3o vendo o seu testemunho, muito mais do que voc\u00ea apresenta, fala, prega e ensina&#8221;, explicou.<\/p>\n<p>E por \u00faltimo Frei Medella apresentou a dimens\u00e3o do cuidado, que est\u00e1 fundamentalmente ligado \u00e0 dimens\u00e3o da partilha, da unidade e do testemunho. &#8220;O cuidado de socorrer a cada um de acordo com as suas necessidades. Numa comunidade desapegada, que busca os bens para promover a qualidade de vida, essa partilha promove o socorro daqueles que mais precisam. S\u00e3o caracter\u00edsticas principais, importantes de uma comunidade que se deseja constituir enquanto comunidade crist\u00e3. Vale para a fam\u00edlia, vale at\u00e9 para as empresas, ambientes de trabalho, igrejas, para nossa Igreja Cat\u00f3lica, para nossas pastorais&#8221;, indicou.<\/p>\n<p>&#8220;Somos crist\u00e3os? Ent\u00e3o vamos promover a unidade, a partilha, o testemunho e o cuidado. \u00c9 o que nos ensina esse Domingo da Divina Miseric\u00f3rdia. \u00c9 o que nos ensina Nossa Senhora, venerada neste Santu\u00e1rio do Perd\u00e3o e da Gra\u00e7a como Nossa Senhora da Penha, Nossa Senhora das Alegrias. \u00c9 um recome\u00e7ar cont\u00ednuo buscando sempre crescer, aprender e aprimorar-se nos valores da nossa f\u00e9&#8221;, concluiu o frade.<\/p>\n<div id=\"attachment_231576\" style=\"width: 1290px\" class=\"wp-caption alignnone\"><img aria-describedby=\"caption-attachment-231576\" loading=\"lazy\" class=\"wp-image-231576 size-full\" src=\"https:\/\/franciscanos.org.br\/noticias\/wp-content\/uploads\/2021\/04\/romaria_11.jpg\" alt=\"\" width=\"1280\" height=\"853\" srcset=\"https:\/\/franciscanos.org.br\/noticias\/wp-content\/uploads\/2021\/04\/romaria_11.jpg 1280w, https:\/\/franciscanos.org.br\/noticias\/wp-content\/uploads\/2021\/04\/romaria_11-450x300.jpg 450w, https:\/\/franciscanos.org.br\/noticias\/wp-content\/uploads\/2021\/04\/romaria_11-1024x682.jpg 1024w, https:\/\/franciscanos.org.br\/noticias\/wp-content\/uploads\/2021\/04\/romaria_11-768x512.jpg 768w, https:\/\/franciscanos.org.br\/noticias\/wp-content\/uploads\/2021\/04\/romaria_11-150x100.jpg 150w\" sizes=\"(max-width: 1280px) 100vw, 1280px\" \/><p id=\"caption-attachment-231576\" class=\"wp-caption-text\"><em>\u00a0 \u00a0 Foto Convento da Penha<\/em><\/p><\/div>\n<p><strong>ROMARIA DAS FAM\u00cdLIAS<\/strong><\/p>\n<p>A exemplo do ano passado, no in\u00edcio ainda da pandemia, a tradicional Romaria dos Homens foi cancelada para a seguran\u00e7a dos fi\u00e9is devotos. No seu lugar, a imagem de Nossa Senhora da Penha deixou o Convento da Penha para visitar as fam\u00edlias. A M\u00e3e foi ao encontro dos seus filhos, circulando pelas ruas da Grande Vit\u00f3ria e aben\u00e7oando o povo capixaba.<\/p>\n<p>A Romaria p\u00f4de ser acompanhada pela TV Gazeta. Frei Gustavo, Pedro de Oliveira (Convento da Penha) e Nazareno L\u00fcdtke (Santu\u00e1rio do Divino Esp\u00edrito Santo) acompanharam a imagem pelas ruas. No est\u00fadio,\u00a0 Padre Anderson (Par\u00f3quia N.S. do Perp\u00e9tuo Socorro) e Padre Renato (Catedral) fizeram os coment\u00e1rios. Em seu trajeto, a imagem parou no hospital S\u00e3o Lucas, ainda em Vit\u00f3ria, levando a todos os doentes e profissionais daquele lugar as b\u00ean\u00e7\u00e3os da M\u00e3e, seu calor com o seu manto.<\/p>\n<hr \/>\n<p><em>Moacir Beggo<\/em><\/p>\n","protected":false},"excerpt":{"rendered":"<p>Domingo da Miseric\u00f3rdia e encerramento do Oitav\u00e1rio da Festa da Penha<\/p>\n","protected":false},"author":3,"featured_media":231577,"comment_status":"open","ping_status":"open","sticky":false,"template":"","format":"standard","meta":[],"categories":[1],"tags":[245],"acf":[],"yoast_head":"<!-- This site is optimized with the Yoast SEO plugin v19.2 - https:\/\/yoast.com\/wordpress\/plugins\/seo\/ -->\n<title>Frei Medella pede a promo\u00e7\u00e3o da unidade, partilha, testemunho e cuidado - Not\u00edcias - Franciscanos<\/title>\n<meta name=\"robots\" content=\"index, follow, max-snippet:-1, max-image-preview:large, max-video-preview:-1\" \/>\n<link rel=\"canonical\" href=\"https:\/\/franciscanos.org.br\/noticias\/comunidade-crista.html\" \/>\n<meta property=\"og:locale\" content=\"pt_BR\" \/>\n<meta property=\"og:type\" content=\"article\" \/>\n<meta property=\"og:title\" content=\"Frei Medella pede a promo\u00e7\u00e3o da unidade, partilha, testemunho e cuidado - Not\u00edcias - Franciscanos\" \/>\n<meta property=\"og:description\" content=\"Domingo da Miseric\u00f3rdia e encerramento do Oitav\u00e1rio da Festa da Penha\" \/>\n<meta property=\"og:url\" content=\"https:\/\/franciscanos.org.br\/noticias\/comunidade-crista.html\" \/>\n<meta property=\"og:site_name\" content=\"Not\u00edcias - Franciscanos\" \/>\n<meta property=\"article:published_time\" content=\"2021-04-11T13:53:03+00:00\" \/>\n<meta property=\"article:modified_time\" content=\"2021-04-11T14:00:49+00:00\" \/>\n<meta property=\"og:image\" content=\"https:\/\/franciscanos.org.br\/noticias\/wp-content\/uploads\/2021\/04\/medella_11d.jpg\" \/>\n\t<meta property=\"og:image:width\" content=\"800\" \/>\n\t<meta property=\"og:image:height\" content=\"600\" \/>\n\t<meta property=\"og:image:type\" content=\"image\/jpeg\" \/>\n<meta name=\"author\" content=\"moacir\" \/>\n<meta name=\"twitter:card\" content=\"summary_large_image\" \/>\n<meta name=\"twitter:label1\" content=\"Escrito por\" \/>\n\t<meta name=\"twitter:data1\" content=\"moacir\" \/>\n\t<meta name=\"twitter:label2\" content=\"Est. tempo de leitura\" \/>\n\t<meta name=\"twitter:data2\" content=\"6 minutos\" \/>\n<script type=\"application\/ld+json\" class=\"yoast-schema-graph\">{\"@context\":\"https:\/\/schema.org\",\"@graph\":[{\"@type\":\"WebSite\",\"@id\":\"https:\/\/franciscanos.org.br\/noticias\/#website\",\"url\":\"https:\/\/franciscanos.org.br\/noticias\/\",\"name\":\"Not\u00edcias - Franciscanos\",\"description\":\"Prov\u00edncia Franciscana da Imaculada Concei\u00e7\u00e3o do Brasil - Ordem dos Frades Menores - OFM\",\"potentialAction\":[{\"@type\":\"SearchAction\",\"target\":{\"@type\":\"EntryPoint\",\"urlTemplate\":\"https:\/\/franciscanos.org.br\/noticias\/?s={search_term_string}\"},\"query-input\":\"required name=search_term_string\"}],\"inLanguage\":\"pt-BR\"},{\"@type\":\"ImageObject\",\"inLanguage\":\"pt-BR\",\"@id\":\"https:\/\/franciscanos.org.br\/noticias\/comunidade-crista.html#primaryimage\",\"url\":\"https:\/\/franciscanos.org.br\/noticias\/wp-content\/uploads\/2021\/04\/medella_11d.jpg\",\"contentUrl\":\"https:\/\/franciscanos.org.br\/noticias\/wp-content\/uploads\/2021\/04\/medella_11d.jpg\",\"width\":800,\"height\":600},{\"@type\":\"WebPage\",\"@id\":\"https:\/\/franciscanos.org.br\/noticias\/comunidade-crista.html#webpage\",\"url\":\"https:\/\/franciscanos.org.br\/noticias\/comunidade-crista.html\",\"name\":\"Frei Medella pede a promo\u00e7\u00e3o da unidade, partilha, testemunho e cuidado - Not\u00edcias - Franciscanos\",\"isPartOf\":{\"@id\":\"https:\/\/franciscanos.org.br\/noticias\/#website\"},\"primaryImageOfPage\":{\"@id\":\"https:\/\/franciscanos.org.br\/noticias\/comunidade-crista.html#primaryimage\"},\"datePublished\":\"2021-04-11T13:53:03+00:00\",\"dateModified\":\"2021-04-11T14:00:49+00:00\",\"author\":{\"@id\":\"https:\/\/franciscanos.org.br\/noticias\/#\/schema\/person\/b5c8cba458c330ccff548b056e95a5d4\"},\"breadcrumb\":{\"@id\":\"https:\/\/franciscanos.org.br\/noticias\/comunidade-crista.html#breadcrumb\"},\"inLanguage\":\"pt-BR\",\"potentialAction\":[{\"@type\":\"ReadAction\",\"target\":[\"https:\/\/franciscanos.org.br\/noticias\/comunidade-crista.html\"]}]},{\"@type\":\"BreadcrumbList\",\"@id\":\"https:\/\/franciscanos.org.br\/noticias\/comunidade-crista.html#breadcrumb\",\"itemListElement\":[{\"@type\":\"ListItem\",\"position\":1,\"name\":\"Home\",\"item\":\"https:\/\/franciscanos.org.br\/noticias\"},{\"@type\":\"ListItem\",\"position\":2,\"name\":\"Frei Medella pede a promo\u00e7\u00e3o da unidade, partilha, testemunho e cuidado\"}]},{\"@type\":\"Person\",\"@id\":\"https:\/\/franciscanos.org.br\/noticias\/#\/schema\/person\/b5c8cba458c330ccff548b056e95a5d4\",\"name\":\"moacir\",\"image\":{\"@type\":\"ImageObject\",\"inLanguage\":\"pt-BR\",\"@id\":\"https:\/\/franciscanos.org.br\/noticias\/#\/schema\/person\/image\/\",\"url\":\"https:\/\/secure.gravatar.com\/avatar\/d08aa2ce4c8dd416d4479aa8536fcf64?s=96&d=mm&r=g\",\"contentUrl\":\"https:\/\/secure.gravatar.com\/avatar\/d08aa2ce4c8dd416d4479aa8536fcf64?s=96&d=mm&r=g\",\"caption\":\"moacir\"},\"url\":\"https:\/\/franciscanos.org.br\/noticias\/author\/moacir\"}]}<\/script>\n<!-- \/ Yoast SEO plugin. -->","yoast_head_json":{"title":"Frei Medella pede a promo\u00e7\u00e3o da unidade, partilha, testemunho e cuidado - Not\u00edcias - Franciscanos","robots":{"index":"index","follow":"follow","max-snippet":"max-snippet:-1","max-image-preview":"max-image-preview:large","max-video-preview":"max-video-preview:-1"},"canonical":"https:\/\/franciscanos.org.br\/noticias\/comunidade-crista.html","og_locale":"pt_BR","og_type":"article","og_title":"Frei Medella pede a promo\u00e7\u00e3o da unidade, partilha, testemunho e cuidado - Not\u00edcias - Franciscanos","og_description":"Domingo da Miseric\u00f3rdia e encerramento do Oitav\u00e1rio da Festa da Penha","og_url":"https:\/\/franciscanos.org.br\/noticias\/comunidade-crista.html","og_site_name":"Not\u00edcias - Franciscanos","article_published_time":"2021-04-11T13:53:03+00:00","article_modified_time":"2021-04-11T14:00:49+00:00","og_image":[{"width":800,"height":600,"url":"https:\/\/franciscanos.org.br\/noticias\/wp-content\/uploads\/2021\/04\/medella_11d.jpg","type":"image\/jpeg"}],"author":"moacir","twitter_card":"summary_large_image","twitter_misc":{"Escrito por":"moacir","Est. tempo de leitura":"6 minutos"},"schema":{"@context":"https:\/\/schema.org","@graph":[{"@type":"WebSite","@id":"https:\/\/franciscanos.org.br\/noticias\/#website","url":"https:\/\/franciscanos.org.br\/noticias\/","name":"Not\u00edcias - Franciscanos","description":"Prov\u00edncia Franciscana da Imaculada Concei\u00e7\u00e3o do Brasil - Ordem dos Frades Menores - OFM","potentialAction":[{"@type":"SearchAction","target":{"@type":"EntryPoint","urlTemplate":"https:\/\/franciscanos.org.br\/noticias\/?s={search_term_string}"},"query-input":"required name=search_term_string"}],"inLanguage":"pt-BR"},{"@type":"ImageObject","inLanguage":"pt-BR","@id":"https:\/\/franciscanos.org.br\/noticias\/comunidade-crista.html#primaryimage","url":"https:\/\/franciscanos.org.br\/noticias\/wp-content\/uploads\/2021\/04\/medella_11d.jpg","contentUrl":"https:\/\/franciscanos.org.br\/noticias\/wp-content\/uploads\/2021\/04\/medella_11d.jpg","width":800,"height":600},{"@type":"WebPage","@id":"https:\/\/franciscanos.org.br\/noticias\/comunidade-crista.html#webpage","url":"https:\/\/franciscanos.org.br\/noticias\/comunidade-crista.html","name":"Frei Medella pede a promo\u00e7\u00e3o da unidade, partilha, testemunho e cuidado - Not\u00edcias - Franciscanos","isPartOf":{"@id":"https:\/\/franciscanos.org.br\/noticias\/#website"},"primaryImageOfPage":{"@id":"https:\/\/franciscanos.org.br\/noticias\/comunidade-crista.html#primaryimage"},"datePublished":"2021-04-11T13:53:03+00:00","dateModified":"2021-04-11T14:00:49+00:00","author":{"@id":"https:\/\/franciscanos.org.br\/noticias\/#\/schema\/person\/b5c8cba458c330ccff548b056e95a5d4"},"breadcrumb":{"@id":"https:\/\/franciscanos.org.br\/noticias\/comunidade-crista.html#breadcrumb"},"inLanguage":"pt-BR","potentialAction":[{"@type":"ReadAction","target":["https:\/\/franciscanos.org.br\/noticias\/comunidade-crista.html"]}]},{"@type":"BreadcrumbList","@id":"https:\/\/franciscanos.org.br\/noticias\/comunidade-crista.html#breadcrumb","itemListElement":[{"@type":"ListItem","position":1,"name":"Home","item":"https:\/\/franciscanos.org.br\/noticias"},{"@type":"ListItem","position":2,"name":"Frei Medella pede a promo\u00e7\u00e3o da unidade, partilha, testemunho e cuidado"}]},{"@type":"Person","@id":"https:\/\/franciscanos.org.br\/noticias\/#\/schema\/person\/b5c8cba458c330ccff548b056e95a5d4","name":"moacir","image":{"@type":"ImageObject","inLanguage":"pt-BR","@id":"https:\/\/franciscanos.org.br\/noticias\/#\/schema\/person\/image\/","url":"https:\/\/secure.gravatar.com\/avatar\/d08aa2ce4c8dd416d4479aa8536fcf64?s=96&d=mm&r=g","contentUrl":"https:\/\/secure.gravatar.com\/avatar\/d08aa2ce4c8dd416d4479aa8536fcf64?s=96&d=mm&r=g","caption":"moacir"},"url":"https:\/\/franciscanos.org.br\/noticias\/author\/moacir"}]}},"_links":{"self":[{"href":"https:\/\/franciscanos.org.br\/noticias\/wp-json\/wp\/v2\/posts\/231574"}],"collection":[{"href":"https:\/\/franciscanos.org.br\/noticias\/wp-json\/wp\/v2\/posts"}],"about":[{"href":"https:\/\/franciscanos.org.br\/noticias\/wp-json\/wp\/v2\/types\/post"}],"author":[{"embeddable":true,"href":"https:\/\/franciscanos.org.br\/noticias\/wp-json\/wp\/v2\/users\/3"}],"replies":[{"embeddable":true,"href":"https:\/\/franciscanos.org.br\/noticias\/wp-json\/wp\/v2\/comments?post=231574"}],"version-history":[{"count":5,"href":"https:\/\/franciscanos.org.br\/noticias\/wp-json\/wp\/v2\/posts\/231574\/revisions"}],"predecessor-version":[{"id":231582,"href":"https:\/\/franciscanos.org.br\/noticias\/wp-json\/wp\/v2\/posts\/231574\/revisions\/231582"}],"wp:featuredmedia":[{"embeddable":true,"href":"https:\/\/franciscanos.org.br\/noticias\/wp-json\/wp\/v2\/media\/231577"}],"wp:attachment":[{"href":"https:\/\/franciscanos.org.br\/noticias\/wp-json\/wp\/v2\/media?parent=231574"}],"wp:term":[{"taxonomy":"category","embeddable":true,"href":"https:\/\/franciscanos.org.br\/noticias\/wp-json\/wp\/v2\/categories?post=231574"},{"taxonomy":"post_tag","embeddable":true,"href":"https:\/\/franciscanos.org.br\/noticias\/wp-json\/wp\/v2\/tags?post=231574"}],"curies":[{"name":"wp","href":"https:\/\/api.w.org\/{rel}","templated":true}]}}