{"id":231570,"date":"2021-04-11T07:10:41","date_gmt":"2021-04-11T10:10:41","guid":{"rendered":"https:\/\/franciscanos.org.br\/noticias\/?p=231570"},"modified":"2021-04-11T07:10:41","modified_gmt":"2021-04-11T10:10:41","slug":"papa-nao-vivamos-uma-fe-pela-metade-tornemo-nos-misericordiosos","status":"publish","type":"post","link":"https:\/\/franciscanos.org.br\/noticias\/papa-nao-vivamos-uma-fe-pela-metade-tornemo-nos-misericordiosos.html","title":{"rendered":"Papa: n\u00e3o vivamos uma f\u00e9 pela metade, tornemo-nos misericordiosos"},"content":{"rendered":"<div id=\"attachment_231572\" style=\"width: 1290px\" class=\"wp-caption alignnone\"><img aria-describedby=\"caption-attachment-231572\" loading=\"lazy\" class=\"wp-image-231572 size-full\" src=\"https:\/\/franciscanos.org.br\/noticias\/wp-content\/uploads\/2021\/04\/domingo_miserere.jpg\" alt=\"\" width=\"1280\" height=\"720\" srcset=\"https:\/\/franciscanos.org.br\/noticias\/wp-content\/uploads\/2021\/04\/domingo_miserere.jpg 1280w, https:\/\/franciscanos.org.br\/noticias\/wp-content\/uploads\/2021\/04\/domingo_miserere-450x253.jpg 450w, https:\/\/franciscanos.org.br\/noticias\/wp-content\/uploads\/2021\/04\/domingo_miserere-1024x576.jpg 1024w, https:\/\/franciscanos.org.br\/noticias\/wp-content\/uploads\/2021\/04\/domingo_miserere-768x432.jpg 768w, https:\/\/franciscanos.org.br\/noticias\/wp-content\/uploads\/2021\/04\/domingo_miserere-150x84.jpg 150w\" sizes=\"(max-width: 1280px) 100vw, 1280px\" \/><p id=\"caption-attachment-231572\" class=\"wp-caption-text\">\u00a0 \u00a0 \u00a0 \u00a0 \u00a0 \u00a0 \u00a0 \u00a0 \u00a0 \u00a0 \u00a0 \u00a0 \u00a0 \u00a0 \u00a0 \u00a0 \u00a0 \u00a0 \u00a0 \u00a0 \u00a0 \u00a0 \u00a0 \u00a0 \u00a0 \u00a0 \u00a0 \u00a0 \u00a0 \u00a0 \u00a0 \u00a0 \u00a0 \u00a0 \u00a0 \u00a0 \u00a0 \u00a0 \u00a0 \u00a0 \u00a0 \u00a0 \u00a0 \u00a0 \u00a0 \u00a0 \u00a0 \u00a0 \u00a0 \u00a0 \u00a0 \u00a0 \u00a0 \u00a0 \u00a0 \u00a0 \u00a0 \u00a0 \u00a0 \u00a0 \u00a0<em> \u00a0 \u00a0 \u00a0 \u00a0 Imagem: Vatican Media<\/em><\/p><\/div>\n<p>O Papa Francisco presidiu a celebra\u00e7\u00e3o eucar\u00edstica neste II Domingo de P\u00e1scoa (11\/04), Domingo da Divina Miseric\u00f3rdia, na Igreja de Santo Esp\u00edrito, em Sassia, Santu\u00e1rio da Divina Miseric\u00f3rdia, nas proximidades do Vaticano, seguindo as normas contra a Covid-19.<\/p>\n<p>&#8220;Jesus ressuscitado aparece aos disc\u00edpulos v\u00e1rias vezes; com paci\u00eancia, conforta os seus cora\u00e7\u00f5es desanimados. E assim, depois da sua ressurrei\u00e7\u00e3o, realiza a \u00abressurrei\u00e7\u00e3o dos disc\u00edpulos\u00bb; e, solevados por Jesus, mudam de vida. Antes, in\u00fameras palavras e tantos exemplos do Senhor n\u00e3o conseguiram transform\u00e1-los; mas agora, na P\u00e1scoa, algo de novo se verifica; e verifica-se sob o signo da miseric\u00f3rdia: Jesus os levanta com a miseric\u00f3rdia; eles, obtendo miseric\u00f3rdia, tornam-se misericordiosos&#8221;, disse Francisco em sua homilia.<\/p>\n<p>Segundo o Papa, os disc\u00edpulos obt\u00eam a miseric\u00f3rdia mediante tr\u00eas dons: Jesus oferece-lhes a paz, depois o Esp\u00edrito e, por fim, as chagas.<\/p>\n<p><strong>A paz do cora\u00e7\u00e3o<\/strong><br \/>\nEm primeiro lugar, d\u00e1-lhes a paz. &#8220;Os disc\u00edpulos estavam angustiados. Fecharam-se em casa assustados, com medo de ser presos e acabar como o Mestre. Mas n\u00e3o estavam fechados s\u00f3 em casa; estavam fechados tamb\u00e9m nos seus remorsos: tinham abandonado e renegado Jesus; sentiam-se uns incapazes, in\u00fateis, falhos. Chega Jesus e repete duas vezes: \u00abA paz esteja convosco!\u00bb&#8221;, disse o Papa, acrescentando: &#8220;N\u00e3o traz uma paz que, de fora, elimina os problemas, mas uma paz que infunde confian\u00e7a dentro. N\u00e3o uma paz exterior, mas a paz do cora\u00e7\u00e3o. Aqueles disc\u00edpulos desanimados recuperam a paz consigo mesmos. A paz de Jesus suscita a miss\u00e3o. N\u00e3o \u00e9 tranquilidade, nem comodidade; \u00e9 sair de si mesmo. A paz de Jesus liberta dos fechamentos que paralisam, quebra as correntes que mant\u00eam o cora\u00e7\u00e3o prisioneiro. E os disc\u00edpulos sentem-se cumulados de miseric\u00f3rdia: sentem que Deus n\u00e3o os condena, nem humilha, mas acredita neles&#8221;.<\/p>\n<p><strong>O perd\u00e3o no Esp\u00edrito Santo<\/strong><br \/>\nEm segundo lugar, Jesus usa de miseric\u00f3rdia com os disc\u00edpulos oferecendo-lhes o Esp\u00edrito Santo. D\u00e1 a eles a remiss\u00e3o dos pecados. &#8220;Temos sempre diante de n\u00f3s o nosso pecado. Sozinhos, n\u00e3o podemos cancel\u00e1-lo. S\u00f3 Deus o elimina; s\u00f3 Ele, com a sua miseric\u00f3rdia, nos faz sair das nossas mis\u00e9rias mais profundas. Como aqueles disc\u00edpulos, precisamos de nos deixar perdoar. O perd\u00e3o no Esp\u00edrito Santo \u00e9 o dom pascal para ressuscitar interiormente&#8221;, disse ainda o Papa.<\/p>\n<p>Pe\u00e7amos a gra\u00e7a de o acolher, de abra\u00e7ar o Sacramento do perd\u00e3o; e de compreender que, no centro da Confiss\u00e3o, n\u00e3o estamos n\u00f3s com os nossos pecados, mas Deus com a sua miseric\u00f3rdia. N\u00e3o nos confessamos para nos deprimir, mas para fazer-nos levantar. Todos precisamos disso. Ca\u00edmos com frequ\u00eancia e a m\u00e3o do Pai est\u00e1 pronta a p\u00f4r-nos de p\u00e9 e fazer-nos caminhar. Esta m\u00e3o segura e confi\u00e1vel \u00e9 a Confiss\u00e3o. \u00c9 o Sacramento que nos levanta, n\u00e3o nos deixando ca\u00eddos a chorar sobre as lajes duras das nossas quedas. \u00c9 o Sacramento da ressurrei\u00e7\u00e3o, \u00e9 pura miseric\u00f3rdia. E quem recebe as Confiss\u00f5es deve fazer sentir a do\u00e7ura da miseric\u00f3rdia.<\/p>\n<p><strong>As chagas derramam miseric\u00f3rdia sobre as nossas mis\u00e9rias<\/strong><br \/>\nDepois da paz que reabilita e do perd\u00e3o que levanta, eis o terceiro dom com que Jesus usa de miseric\u00f3rdia com os disc\u00edpulos: apresenta-lhes as chagas.<\/p>\n<p>As chagas s\u00e3o canais abertos entre Ele e n\u00f3s, que derramam miseric\u00f3rdia sobre as nossas mis\u00e9rias. S\u00e3o os caminhos que Deus nos patenteou para entrarmos na sua ternura e tocar com a m\u00e3o quem \u00e9 Ele. E deixamos de duvidar da sua miseric\u00f3rdia. Adorando, beijando as suas chagas, descobrimos que cada uma das nossas fraquezas \u00e9 acolhida na sua ternura. Tudo nasce da gra\u00e7a de obter miseric\u00f3rdia. Se, pelo contr\u00e1rio, nos apoiamos nas nossas capacidades, na efici\u00eancia das nossas estruturas e dos nossos projetos, n\u00e3o iremos longe. S\u00f3 se acolhermos o amor de Deus \u00e9 que poderemos dar algo de novo ao mundo.<\/p>\n<p><strong>Tornemo-nos misericordiosos<\/strong><br \/>\nTendo obtido miseric\u00f3rdia, os disc\u00edpulos se tornaram misericordiosos. Como conseguiram mudar assim? &#8220;Viram no outro a mesma miseric\u00f3rdia que transformou a sua vida. Descobriram que tinham em comum a miss\u00e3o, o perd\u00e3o e o Corpo de Jesus: a partilha dos bens terrenos aparecia-lhes como uma consequ\u00eancia natural. Os seus medos dissolveram-se ao tocar as chagas do Senhor, agora n\u00e3o t\u00eam medo de curar as chagas dos necessitados, porque ali veem Jesus, porque ali est\u00e1 Jesus&#8221;, disse o Papa.<\/p>\n<p>&#8220;N\u00e3o vivamos uma f\u00e9 pela metade, que recebe mas n\u00e3o d\u00e1, que acolhe o dom mas n\u00e3o se faz dom. Obtivemos miseric\u00f3rdia, tornemo-nos misericordiosos. Com efeito, se o amor acaba em n\u00f3s mesmos, a f\u00e9 evapora-se num intimismo est\u00e9ril. Sem os outros, torna-se desencarnada. Sem as obras de miseric\u00f3rdia, morre. Deixemo-nos ressuscitar pela paz, o perd\u00e3o e as chagas de Jesus misericordioso. E pe\u00e7amos a gra\u00e7a de nos tornar testemunhas de miseric\u00f3rdia. S\u00f3 assim ser\u00e1 viva a f\u00e9; e a vida unificada. S\u00f3 assim anunciaremos o Evangelho de Deus, que \u00e9 Evangelho de miseric\u00f3rdia&#8221;, concluiu Francisco.<\/p>\n<p><strong>Mensagem da Miseric\u00f3rdia<\/strong><\/p>\n<p>Faustina nasceu, em 1905, no seio de uma fam\u00edlia de camponeses, no vilarejo de G\u0142ogowiec, Pol\u00f4nia, e faleceu, em 1938, no convento de Crac\u00f3via-\u0141agiewniki, aos 33 anos, idade de Cristo. Durante a sua vida trabalhou como cozinheira, jardineira e porteira, em v\u00e1rias Casas da Congrega\u00e7\u00e3o das Irm\u00e3s da Bem-Aventurada Virgem Maria da Miseric\u00f3rdia, \u00e0 qual pertencia. Mas, eram poucos os que sabiam da sua vida m\u00edstica, exceto seus confessores e, em parte, nas escolas secund\u00e1rias. Hoje, a Mensagem da Miseric\u00f3rdia, que Jesus lhe confiou, espalhou-se pelo mundo inteiro.<\/p>\n<p>Devido a esta Mensagem importante, S\u00e3o Jo\u00e3o Paulo II instituiu, no dia 30 de abril de 2000, h\u00e1 21 anos, &#8211; dia da canoniza\u00e7\u00e3o da Irm\u00e3 Faustina, &#8211; o Domingo da Divina Miseric\u00f3rdia, que se celebra no segundo domingo da P\u00e1scoa, &#8220;Domingo in albis&#8221;.<\/p>\n<hr \/>\n<p><em>Fonte: Vatican News<\/em><\/p>\n","protected":false},"excerpt":{"rendered":"<p>Domingo da Miseric\u00f3rdia<\/p>\n","protected":false},"author":3,"featured_media":231571,"comment_status":"open","ping_status":"open","sticky":false,"template":"","format":"standard","meta":[],"categories":[1428],"tags":[1186],"acf":[],"yoast_head":"<!-- This site is optimized with the Yoast SEO plugin v19.2 - https:\/\/yoast.com\/wordpress\/plugins\/seo\/ -->\n<title>Papa: n\u00e3o vivamos uma f\u00e9 pela metade, tornemo-nos misericordiosos - Not\u00edcias - Franciscanos<\/title>\n<meta name=\"robots\" content=\"index, follow, max-snippet:-1, max-image-preview:large, max-video-preview:-1\" \/>\n<link rel=\"canonical\" href=\"https:\/\/franciscanos.org.br\/noticias\/papa-nao-vivamos-uma-fe-pela-metade-tornemo-nos-misericordiosos.html\" \/>\n<meta property=\"og:locale\" content=\"pt_BR\" \/>\n<meta property=\"og:type\" content=\"article\" \/>\n<meta property=\"og:title\" content=\"Papa: n\u00e3o vivamos uma f\u00e9 pela metade, tornemo-nos misericordiosos - Not\u00edcias - Franciscanos\" \/>\n<meta property=\"og:description\" content=\"Domingo da Miseric\u00f3rdia\" \/>\n<meta property=\"og:url\" content=\"https:\/\/franciscanos.org.br\/noticias\/papa-nao-vivamos-uma-fe-pela-metade-tornemo-nos-misericordiosos.html\" \/>\n<meta property=\"og:site_name\" content=\"Not\u00edcias - Franciscanos\" \/>\n<meta property=\"article:published_time\" content=\"2021-04-11T10:10:41+00:00\" \/>\n<meta property=\"og:image\" content=\"https:\/\/franciscanos.org.br\/noticias\/wp-content\/uploads\/2021\/04\/domingo_miserere_d.jpg\" \/>\n\t<meta property=\"og:image:width\" content=\"800\" \/>\n\t<meta property=\"og:image:height\" content=\"550\" \/>\n\t<meta property=\"og:image:type\" content=\"image\/jpeg\" \/>\n<meta name=\"author\" content=\"moacir\" \/>\n<meta name=\"twitter:card\" content=\"summary_large_image\" \/>\n<meta name=\"twitter:label1\" content=\"Escrito por\" \/>\n\t<meta name=\"twitter:data1\" content=\"moacir\" \/>\n\t<meta name=\"twitter:label2\" content=\"Est. tempo de leitura\" \/>\n\t<meta name=\"twitter:data2\" content=\"5 minutos\" \/>\n<script type=\"application\/ld+json\" class=\"yoast-schema-graph\">{\"@context\":\"https:\/\/schema.org\",\"@graph\":[{\"@type\":\"WebSite\",\"@id\":\"https:\/\/franciscanos.org.br\/noticias\/#website\",\"url\":\"https:\/\/franciscanos.org.br\/noticias\/\",\"name\":\"Not\u00edcias - Franciscanos\",\"description\":\"Prov\u00edncia Franciscana da Imaculada Concei\u00e7\u00e3o do Brasil - Ordem dos Frades Menores - OFM\",\"potentialAction\":[{\"@type\":\"SearchAction\",\"target\":{\"@type\":\"EntryPoint\",\"urlTemplate\":\"https:\/\/franciscanos.org.br\/noticias\/?s={search_term_string}\"},\"query-input\":\"required name=search_term_string\"}],\"inLanguage\":\"pt-BR\"},{\"@type\":\"ImageObject\",\"inLanguage\":\"pt-BR\",\"@id\":\"https:\/\/franciscanos.org.br\/noticias\/papa-nao-vivamos-uma-fe-pela-metade-tornemo-nos-misericordiosos.html#primaryimage\",\"url\":\"https:\/\/franciscanos.org.br\/noticias\/wp-content\/uploads\/2021\/04\/domingo_miserere_d.jpg\",\"contentUrl\":\"https:\/\/franciscanos.org.br\/noticias\/wp-content\/uploads\/2021\/04\/domingo_miserere_d.jpg\",\"width\":800,\"height\":550},{\"@type\":\"WebPage\",\"@id\":\"https:\/\/franciscanos.org.br\/noticias\/papa-nao-vivamos-uma-fe-pela-metade-tornemo-nos-misericordiosos.html#webpage\",\"url\":\"https:\/\/franciscanos.org.br\/noticias\/papa-nao-vivamos-uma-fe-pela-metade-tornemo-nos-misericordiosos.html\",\"name\":\"Papa: n\u00e3o vivamos uma f\u00e9 pela metade, tornemo-nos misericordiosos - Not\u00edcias - Franciscanos\",\"isPartOf\":{\"@id\":\"https:\/\/franciscanos.org.br\/noticias\/#website\"},\"primaryImageOfPage\":{\"@id\":\"https:\/\/franciscanos.org.br\/noticias\/papa-nao-vivamos-uma-fe-pela-metade-tornemo-nos-misericordiosos.html#primaryimage\"},\"datePublished\":\"2021-04-11T10:10:41+00:00\",\"dateModified\":\"2021-04-11T10:10:41+00:00\",\"author\":{\"@id\":\"https:\/\/franciscanos.org.br\/noticias\/#\/schema\/person\/b5c8cba458c330ccff548b056e95a5d4\"},\"breadcrumb\":{\"@id\":\"https:\/\/franciscanos.org.br\/noticias\/papa-nao-vivamos-uma-fe-pela-metade-tornemo-nos-misericordiosos.html#breadcrumb\"},\"inLanguage\":\"pt-BR\",\"potentialAction\":[{\"@type\":\"ReadAction\",\"target\":[\"https:\/\/franciscanos.org.br\/noticias\/papa-nao-vivamos-uma-fe-pela-metade-tornemo-nos-misericordiosos.html\"]}]},{\"@type\":\"BreadcrumbList\",\"@id\":\"https:\/\/franciscanos.org.br\/noticias\/papa-nao-vivamos-uma-fe-pela-metade-tornemo-nos-misericordiosos.html#breadcrumb\",\"itemListElement\":[{\"@type\":\"ListItem\",\"position\":1,\"name\":\"Home\",\"item\":\"https:\/\/franciscanos.org.br\/noticias\"},{\"@type\":\"ListItem\",\"position\":2,\"name\":\"Papa: n\u00e3o vivamos uma f\u00e9 pela metade, tornemo-nos misericordiosos\"}]},{\"@type\":\"Person\",\"@id\":\"https:\/\/franciscanos.org.br\/noticias\/#\/schema\/person\/b5c8cba458c330ccff548b056e95a5d4\",\"name\":\"moacir\",\"image\":{\"@type\":\"ImageObject\",\"inLanguage\":\"pt-BR\",\"@id\":\"https:\/\/franciscanos.org.br\/noticias\/#\/schema\/person\/image\/\",\"url\":\"https:\/\/secure.gravatar.com\/avatar\/d08aa2ce4c8dd416d4479aa8536fcf64?s=96&d=mm&r=g\",\"contentUrl\":\"https:\/\/secure.gravatar.com\/avatar\/d08aa2ce4c8dd416d4479aa8536fcf64?s=96&d=mm&r=g\",\"caption\":\"moacir\"},\"url\":\"https:\/\/franciscanos.org.br\/noticias\/author\/moacir\"}]}<\/script>\n<!-- \/ Yoast SEO plugin. -->","yoast_head_json":{"title":"Papa: n\u00e3o vivamos uma f\u00e9 pela metade, tornemo-nos misericordiosos - Not\u00edcias - Franciscanos","robots":{"index":"index","follow":"follow","max-snippet":"max-snippet:-1","max-image-preview":"max-image-preview:large","max-video-preview":"max-video-preview:-1"},"canonical":"https:\/\/franciscanos.org.br\/noticias\/papa-nao-vivamos-uma-fe-pela-metade-tornemo-nos-misericordiosos.html","og_locale":"pt_BR","og_type":"article","og_title":"Papa: n\u00e3o vivamos uma f\u00e9 pela metade, tornemo-nos misericordiosos - Not\u00edcias - Franciscanos","og_description":"Domingo da Miseric\u00f3rdia","og_url":"https:\/\/franciscanos.org.br\/noticias\/papa-nao-vivamos-uma-fe-pela-metade-tornemo-nos-misericordiosos.html","og_site_name":"Not\u00edcias - Franciscanos","article_published_time":"2021-04-11T10:10:41+00:00","og_image":[{"width":800,"height":550,"url":"https:\/\/franciscanos.org.br\/noticias\/wp-content\/uploads\/2021\/04\/domingo_miserere_d.jpg","type":"image\/jpeg"}],"author":"moacir","twitter_card":"summary_large_image","twitter_misc":{"Escrito por":"moacir","Est. tempo de leitura":"5 minutos"},"schema":{"@context":"https:\/\/schema.org","@graph":[{"@type":"WebSite","@id":"https:\/\/franciscanos.org.br\/noticias\/#website","url":"https:\/\/franciscanos.org.br\/noticias\/","name":"Not\u00edcias - Franciscanos","description":"Prov\u00edncia Franciscana da Imaculada Concei\u00e7\u00e3o do Brasil - Ordem dos Frades Menores - OFM","potentialAction":[{"@type":"SearchAction","target":{"@type":"EntryPoint","urlTemplate":"https:\/\/franciscanos.org.br\/noticias\/?s={search_term_string}"},"query-input":"required name=search_term_string"}],"inLanguage":"pt-BR"},{"@type":"ImageObject","inLanguage":"pt-BR","@id":"https:\/\/franciscanos.org.br\/noticias\/papa-nao-vivamos-uma-fe-pela-metade-tornemo-nos-misericordiosos.html#primaryimage","url":"https:\/\/franciscanos.org.br\/noticias\/wp-content\/uploads\/2021\/04\/domingo_miserere_d.jpg","contentUrl":"https:\/\/franciscanos.org.br\/noticias\/wp-content\/uploads\/2021\/04\/domingo_miserere_d.jpg","width":800,"height":550},{"@type":"WebPage","@id":"https:\/\/franciscanos.org.br\/noticias\/papa-nao-vivamos-uma-fe-pela-metade-tornemo-nos-misericordiosos.html#webpage","url":"https:\/\/franciscanos.org.br\/noticias\/papa-nao-vivamos-uma-fe-pela-metade-tornemo-nos-misericordiosos.html","name":"Papa: n\u00e3o vivamos uma f\u00e9 pela metade, tornemo-nos misericordiosos - Not\u00edcias - Franciscanos","isPartOf":{"@id":"https:\/\/franciscanos.org.br\/noticias\/#website"},"primaryImageOfPage":{"@id":"https:\/\/franciscanos.org.br\/noticias\/papa-nao-vivamos-uma-fe-pela-metade-tornemo-nos-misericordiosos.html#primaryimage"},"datePublished":"2021-04-11T10:10:41+00:00","dateModified":"2021-04-11T10:10:41+00:00","author":{"@id":"https:\/\/franciscanos.org.br\/noticias\/#\/schema\/person\/b5c8cba458c330ccff548b056e95a5d4"},"breadcrumb":{"@id":"https:\/\/franciscanos.org.br\/noticias\/papa-nao-vivamos-uma-fe-pela-metade-tornemo-nos-misericordiosos.html#breadcrumb"},"inLanguage":"pt-BR","potentialAction":[{"@type":"ReadAction","target":["https:\/\/franciscanos.org.br\/noticias\/papa-nao-vivamos-uma-fe-pela-metade-tornemo-nos-misericordiosos.html"]}]},{"@type":"BreadcrumbList","@id":"https:\/\/franciscanos.org.br\/noticias\/papa-nao-vivamos-uma-fe-pela-metade-tornemo-nos-misericordiosos.html#breadcrumb","itemListElement":[{"@type":"ListItem","position":1,"name":"Home","item":"https:\/\/franciscanos.org.br\/noticias"},{"@type":"ListItem","position":2,"name":"Papa: n\u00e3o vivamos uma f\u00e9 pela metade, tornemo-nos misericordiosos"}]},{"@type":"Person","@id":"https:\/\/franciscanos.org.br\/noticias\/#\/schema\/person\/b5c8cba458c330ccff548b056e95a5d4","name":"moacir","image":{"@type":"ImageObject","inLanguage":"pt-BR","@id":"https:\/\/franciscanos.org.br\/noticias\/#\/schema\/person\/image\/","url":"https:\/\/secure.gravatar.com\/avatar\/d08aa2ce4c8dd416d4479aa8536fcf64?s=96&d=mm&r=g","contentUrl":"https:\/\/secure.gravatar.com\/avatar\/d08aa2ce4c8dd416d4479aa8536fcf64?s=96&d=mm&r=g","caption":"moacir"},"url":"https:\/\/franciscanos.org.br\/noticias\/author\/moacir"}]}},"_links":{"self":[{"href":"https:\/\/franciscanos.org.br\/noticias\/wp-json\/wp\/v2\/posts\/231570"}],"collection":[{"href":"https:\/\/franciscanos.org.br\/noticias\/wp-json\/wp\/v2\/posts"}],"about":[{"href":"https:\/\/franciscanos.org.br\/noticias\/wp-json\/wp\/v2\/types\/post"}],"author":[{"embeddable":true,"href":"https:\/\/franciscanos.org.br\/noticias\/wp-json\/wp\/v2\/users\/3"}],"replies":[{"embeddable":true,"href":"https:\/\/franciscanos.org.br\/noticias\/wp-json\/wp\/v2\/comments?post=231570"}],"version-history":[{"count":1,"href":"https:\/\/franciscanos.org.br\/noticias\/wp-json\/wp\/v2\/posts\/231570\/revisions"}],"predecessor-version":[{"id":231573,"href":"https:\/\/franciscanos.org.br\/noticias\/wp-json\/wp\/v2\/posts\/231570\/revisions\/231573"}],"wp:featuredmedia":[{"embeddable":true,"href":"https:\/\/franciscanos.org.br\/noticias\/wp-json\/wp\/v2\/media\/231571"}],"wp:attachment":[{"href":"https:\/\/franciscanos.org.br\/noticias\/wp-json\/wp\/v2\/media?parent=231570"}],"wp:term":[{"taxonomy":"category","embeddable":true,"href":"https:\/\/franciscanos.org.br\/noticias\/wp-json\/wp\/v2\/categories?post=231570"},{"taxonomy":"post_tag","embeddable":true,"href":"https:\/\/franciscanos.org.br\/noticias\/wp-json\/wp\/v2\/tags?post=231570"}],"curies":[{"name":"wp","href":"https:\/\/api.w.org\/{rel}","templated":true}]}}