{"id":231562,"date":"2021-04-10T18:05:04","date_gmt":"2021-04-10T21:05:04","guid":{"rendered":"https:\/\/franciscanos.org.br\/noticias\/?p=231562"},"modified":"2021-04-10T18:05:04","modified_gmt":"2021-04-10T21:05:04","slug":"pe-rodrigo-ao-encontrar-com-cristo-nao-temos-como-manter-o-mesmo-caminho","status":"publish","type":"post","link":"https:\/\/franciscanos.org.br\/noticias\/pe-rodrigo-ao-encontrar-com-cristo-nao-temos-como-manter-o-mesmo-caminho.html","title":{"rendered":"Pe. Rodrigo: &#8220;Ao encontrar com Cristo n\u00e3o temos como manter o mesmo caminho&#8221;"},"content":{"rendered":"<div id=\"attachment_231563\" style=\"width: 1290px\" class=\"wp-caption alignnone\"><img aria-describedby=\"caption-attachment-231563\" loading=\"lazy\" class=\"wp-image-231563 size-full\" src=\"https:\/\/franciscanos.org.br\/noticias\/wp-content\/uploads\/2021\/04\/rodrigo_05.jpg\" alt=\"\" width=\"1280\" height=\"721\" srcset=\"https:\/\/franciscanos.org.br\/noticias\/wp-content\/uploads\/2021\/04\/rodrigo_05.jpg 1280w, https:\/\/franciscanos.org.br\/noticias\/wp-content\/uploads\/2021\/04\/rodrigo_05-450x253.jpg 450w, https:\/\/franciscanos.org.br\/noticias\/wp-content\/uploads\/2021\/04\/rodrigo_05-1024x577.jpg 1024w, https:\/\/franciscanos.org.br\/noticias\/wp-content\/uploads\/2021\/04\/rodrigo_05-768x433.jpg 768w, https:\/\/franciscanos.org.br\/noticias\/wp-content\/uploads\/2021\/04\/rodrigo_05-150x84.jpg 150w\" sizes=\"(max-width: 1280px) 100vw, 1280px\" \/><p id=\"caption-attachment-231563\" class=\"wp-caption-text\">\u00a0 \u00a0 \u00a0 \u00a0 \u00a0 \u00a0 \u00a0 \u00a0 \u00a0 \u00a0 \u00a0 \u00a0 \u00a0 \u00a0 \u00a0 \u00a0 \u00a0 \u00a0 \u00a0 \u00a0 \u00a0 \u00a0 \u00a0 \u00a0 \u00a0 \u00a0 \u00a0 \u00a0 \u00a0 \u00a0 \u00a0 \u00a0 \u00a0 \u00a0 \u00a0 \u00a0 \u00a0 \u00a0 \u00a0 \u00a0 \u00a0 \u00a0 \u00a0 \u00a0 \u00a0<em> \u00a0 \u00a0 Imagens: captura de tela das transmiss\u00f5es digitais<\/em><\/p><\/div>\n<p><strong>Vila Velha (ES)<\/strong> &#8211; \u00a0O &#8220;Olhar de reencontro&#8221; foi o tema deste s\u00e9timo dia do Oitav\u00e1rio da Festa da Penha, neste s\u00e1bado (10\/4), na Celebra\u00e7\u00e3o Eucar\u00edstica, \u00e0s 16 horas, presidida pelo Pe. Rodrigo Chagas, da \u00c1rea Pastoral Serrana, e concelebrada pela Fraternidade do Convento. A celebra\u00e7\u00e3o, na capela do Convento, foi transmitida aos fi\u00e9is devotos da Virgem da Penha pelas m\u00eddias sociais.<\/p>\n<p>Segundo Pe. Rodrigo, na verdade toda a Festa fala desse olhar de Nossa senhora para n\u00f3s, seus filhos. &#8220;Ficamos imaginando esse olhar de reencontro quando ela v\u00ea que seu filho estava na casa de Deus depois que se perderam dele na volta do Templo de Jerusal\u00e9m&#8221;, considerou.<\/p>\n<p>&#8220;Talvez esse olhar que todos n\u00f3s estamos esperando, com tantas pessoas que estamos perdendo neste momento e ganhando ao mesmo tempo. Perdendo do nosso conv\u00edvio, perdendo do nosso meio, perdendo do nosso olhar, mas sabendo que eles est\u00e3o em Deus. Ent\u00e3o, estamos ganhando mais um anjo, mais uma pessoa para estar intercedendo por n\u00f3s junto ao Filho Jesus, ao filho da Virgem Maria&#8221;, comparou Pe. Rodrigo. &#8220;Esperamos um dia tamb\u00e9m, assim como Nossa Senhora se alegrou ao ver o seu filho que estava perdido, que n\u00f3s tamb\u00e9m um dia possamos nos reencontrar todos eles na Jerusal\u00e9m celeste. A\u00ed, com este mesmo olhar que Nossa Senhora teve ao ver Jesus, n\u00f3s tamb\u00e9m possamos nos alegrar&#8221;, acrescentou.<\/p>\n<p><img loading=\"lazy\" class=\"alignnone wp-image-231564 size-full\" src=\"https:\/\/franciscanos.org.br\/noticias\/wp-content\/uploads\/2021\/04\/rodrigo_04.jpg\" alt=\"\" width=\"1280\" height=\"719\" srcset=\"https:\/\/franciscanos.org.br\/noticias\/wp-content\/uploads\/2021\/04\/rodrigo_04.jpg 1280w, https:\/\/franciscanos.org.br\/noticias\/wp-content\/uploads\/2021\/04\/rodrigo_04-450x253.jpg 450w, https:\/\/franciscanos.org.br\/noticias\/wp-content\/uploads\/2021\/04\/rodrigo_04-1024x575.jpg 1024w, https:\/\/franciscanos.org.br\/noticias\/wp-content\/uploads\/2021\/04\/rodrigo_04-768x431.jpg 768w, https:\/\/franciscanos.org.br\/noticias\/wp-content\/uploads\/2021\/04\/rodrigo_04-150x84.jpg 150w\" sizes=\"(max-width: 1280px) 100vw, 1280px\" \/><\/p>\n<p>Segundo o sacerdote, neste s\u00e9timo dia da oitava da P\u00e1scoa &#8211; um dia t\u00e3o grande que temos que celebrar em oito dias -, a liturgia nos traz esse belo evangelho de Marcos, com o resumo das duas principais apari\u00e7\u00f5es de Jesus: \u00e0 Maria Madalena e aos disc\u00edpulos de Ema\u00fas.<\/p>\n<p>&#8220;Madalena testemunha a vit\u00f3ria sobre a morte e talvez possamos j\u00e1 prever a vit\u00f3ria de Jesus sobre a pandemia. Por mais que estejamos sofrendo, chegaremos \u00e0 alegria da P\u00e1scoa por passar por esse momento e vamos ver logo esse Campinho do Morro da Penha lotado de pessoas agradecendo por ter passado por tudo isso&#8221;, animou.<\/p>\n<p>Segundo ele, Madalena testemunha o maior dos acontecimentos que o mundo nunca tinha visto: a ressurrei\u00e7\u00e3o do Filho de Deus. &#8220;E n\u00e3o acreditaram nela, n\u00e3o deram cr\u00e9dito a ela. Talvez muitos de n\u00f3s tamb\u00e9m estamos rezando para que termine essa pandemia. Estamos rezando para que chegue a cura. Mas a\u00ed quando apresentam a vacina, n\u00f3s falamos: &#8216;n\u00e3o quero ser vacinado&#8217;. Por qu\u00ea? Porque os homens inventaram e eu n\u00e3o sei se vai dar certo. Ser\u00e1 que n\u00f3s n\u00e3o estamos desacreditando do testemunho que est\u00e3o nos trazendo? Ser\u00e1 que n\u00f3s estamos duvidando do poder de Deus, esse mesmo Deus que eu rezo todos os dias para que mande a cura e a\u00ed quando ele manda a cura para n\u00f3s, ou uma possibilidade da cura, eu duvido do poder dele?&#8221;, lamentou.<\/p>\n<p>&#8220;Irm\u00e3os e irm\u00e3s, se os cientistas, se os m\u00e9dicos, enfim, se os governantes est\u00e3o nos guiando para esse caminho, n\u00f3s temos que acreditar e rezar que Deus esteja guiando eles&#8221;, enfatizou.<\/p>\n<p><img loading=\"lazy\" class=\"alignnone wp-image-231565 size-full\" src=\"https:\/\/franciscanos.org.br\/noticias\/wp-content\/uploads\/2021\/04\/rodrigo_02.jpg\" alt=\"\" width=\"1280\" height=\"717\" srcset=\"https:\/\/franciscanos.org.br\/noticias\/wp-content\/uploads\/2021\/04\/rodrigo_02.jpg 1280w, https:\/\/franciscanos.org.br\/noticias\/wp-content\/uploads\/2021\/04\/rodrigo_02-450x252.jpg 450w, https:\/\/franciscanos.org.br\/noticias\/wp-content\/uploads\/2021\/04\/rodrigo_02-1024x574.jpg 1024w, https:\/\/franciscanos.org.br\/noticias\/wp-content\/uploads\/2021\/04\/rodrigo_02-768x430.jpg 768w, https:\/\/franciscanos.org.br\/noticias\/wp-content\/uploads\/2021\/04\/rodrigo_02-150x84.jpg 150w\" sizes=\"(max-width: 1280px) 100vw, 1280px\" \/><\/p>\n<p>Voltando ao Evangelho de Marcos, citou Ema\u00fas. &#8220;Tamb\u00e9m homens simples, que s\u00f3 conseguiram perceber a presen\u00e7a de Jesus ao partir o p\u00e3o. Caminharam ao lado dele, os cora\u00e7\u00f5es deles ardiam, mas eles n\u00e3o conseguiam perceber que Jesus estava ali, caminhando com eles. Quando percebem o milagre ao partir o p\u00e3o, o milagre do amor, o milagre da esperan\u00e7a, correram de volta \u00e0 comunidade. Contaram para os seus irm\u00e3os o encontro com o Cristo ressuscitado&#8221;, citou.<\/p>\n<p>&#8220;Uma vez que n\u00f3s encontramos com Cristo, n\u00e3o temos como manter o mesmo caminho. Manter a mesma vida. N\u00f3s, a partir do momento que encontro com Cristo, eu tenho que seguir um novo caminho: o caminho da ressurrei\u00e7\u00e3o. Mas, para chegar \u00e0 ressurrei\u00e7\u00e3o, temos que passar pela cruz. Para chegar ao Domingo de P\u00e1scoa, temos que passar pela Sexta-feira da Paix\u00e3o e, talvez, estamos passando por este momento&#8221;, constatou.<\/p>\n<p>&#8220;Mas para que, como Nossa Senhora, possamos nos alegrar e testemunhar que Cristo ressuscitou, n\u00e3o podemos ter medo de levar a Palavra de Deus. N\u00e3o ter medo de dizer que se \u00e9 crist\u00e3o. E de testemunhar a sua f\u00e9. Essa \u00e9 a nossa miss\u00e3o de crist\u00e3os batizados: anunciar o Evangelho a toda criatura e n\u00e3o medir esfor\u00e7os para dizer que Cristo ressuscitou e se alegrar com a M\u00e3e das Alegrias, com a Virgem da Penha, e n\u00e3o cessar de colocar o nosso joelho no ch\u00e3o, de pedir e agradecer, suplicar e glorificar&#8221;, concluiu.<\/p>\n<p>&nbsp;<\/p>\n<p><img loading=\"lazy\" class=\"alignnone wp-image-231567 size-full\" src=\"https:\/\/franciscanos.org.br\/noticias\/wp-content\/uploads\/2021\/04\/rodrigo_06.jpg\" alt=\"\" width=\"1767\" height=\"990\" srcset=\"https:\/\/franciscanos.org.br\/noticias\/wp-content\/uploads\/2021\/04\/rodrigo_06.jpg 1767w, https:\/\/franciscanos.org.br\/noticias\/wp-content\/uploads\/2021\/04\/rodrigo_06-450x252.jpg 450w, https:\/\/franciscanos.org.br\/noticias\/wp-content\/uploads\/2021\/04\/rodrigo_06-1024x574.jpg 1024w, https:\/\/franciscanos.org.br\/noticias\/wp-content\/uploads\/2021\/04\/rodrigo_06-768x430.jpg 768w, https:\/\/franciscanos.org.br\/noticias\/wp-content\/uploads\/2021\/04\/rodrigo_06-1536x861.jpg 1536w, https:\/\/franciscanos.org.br\/noticias\/wp-content\/uploads\/2021\/04\/rodrigo_06-150x84.jpg 150w\" sizes=\"(max-width: 1767px) 100vw, 1767px\" \/><\/p>\n<p>Frei Pedro Oliveira, no final da Missa, falou da programa\u00e7\u00e3o dos \u00faltimos dias da Festa. Ele tamb\u00e9m trouxe informa\u00e7\u00f5es do quadro de sa\u00fade dos frades com a Covid-19.<\/p>\n<p>Frei Paulo Cesar Ferreira da Silva, que recebeu alta ontem, ter\u00e1 de repousar ainda durante quatro dias. J\u00e1 o guardi\u00e3o Frei Paulo Roberto continua internado, mas est\u00e1 reagindo bem. &#8220;Hoje, pela manh\u00e3, ele perguntou como est\u00e1 a Festa da Penha. Ele est\u00e1 interagindo bem. Continuem rezando para que em breve ele possa estar conosco&#8221;, pediu Frei Pedro.<\/p>\n<p>Ele tamb\u00e9m falou que V\u00edtor, o m\u00fasico do Convento, est\u00e1 bem e j\u00e1 respira sem o aux\u00edlio de oxig\u00eanio.<\/p>\n<p><strong>\u00a0<\/strong><strong>PROGRAMA\u00c7\u00c3O PARA DOMINGO E SEGUNDA-FEIRA<\/strong><\/p>\n<p><strong>DOMINGO \u2013 11 de abril &#8211; Encerramento do Oitav\u00e1rio<\/strong><\/p>\n<p>09 &#8211; Santa Missa<\/p>\n<p>12h \u2013 Ter\u00e7o\/Consagra\u00e7\u00e3o<\/p>\n<p>14h \u2013 Programa Salve M\u00e3e das Alegrias, participa\u00e7\u00e3o da banda Mil\u00edcia Celeste<\/p>\n<p>16h \u2013 Missa Oitavo Dia Oitav\u00e1rio (Fraternidade Franciscana)<\/p>\n<p>17h \u2013 Live | Pe. Anderson Gomes<\/p>\n<p><strong>SEGUNDA \u2013 12 de abril &#8211; DIA DA PADROEIRA DO ESP\u00cdRITO SANTO<\/strong><\/p>\n<p>09 &#8211; Santa Missa (transmitida ao vivo pela Redevida)<\/p>\n<p>12h \u2013 Ter\u00e7o\/Consagra\u00e7\u00e3o<\/p>\n<p>14h \u2013 Programa Salve M\u00e3e das Alegrias, participa\u00e7\u00e3o da banda sertaneja cat\u00f3lica F\u00e9 Maior<\/p>\n<p>17h \u2013 Missa de Encerramento \u2013 Dom Dario Campos, arcebispo da Arquidiocese de Vit\u00f3ria do Esp\u00edrito Santo.<\/p>\n<hr \/>\n<p><em>Moacir Beggo<\/em><\/p>\n","protected":false},"excerpt":{"rendered":"<p>S\u00e9timo dia do Oitav\u00e1rio da Festa da Penha<\/p>\n","protected":false},"author":3,"featured_media":231568,"comment_status":"open","ping_status":"open","sticky":false,"template":"","format":"standard","meta":[],"categories":[1],"tags":[245],"acf":[],"yoast_head":"<!-- This site is optimized with the Yoast SEO plugin v19.2 - https:\/\/yoast.com\/wordpress\/plugins\/seo\/ -->\n<title>Pe. Rodrigo: &quot;Ao encontrar com Cristo n\u00e3o temos como manter o mesmo caminho&quot; - Not\u00edcias - Franciscanos<\/title>\n<meta name=\"robots\" content=\"index, follow, max-snippet:-1, max-image-preview:large, max-video-preview:-1\" \/>\n<link rel=\"canonical\" href=\"https:\/\/franciscanos.org.br\/noticias\/pe-rodrigo-ao-encontrar-com-cristo-nao-temos-como-manter-o-mesmo-caminho.html\" \/>\n<meta property=\"og:locale\" content=\"pt_BR\" \/>\n<meta property=\"og:type\" content=\"article\" \/>\n<meta property=\"og:title\" content=\"Pe. Rodrigo: &quot;Ao encontrar com Cristo n\u00e3o temos como manter o mesmo caminho&quot; - Not\u00edcias - Franciscanos\" \/>\n<meta property=\"og:description\" content=\"S\u00e9timo dia do Oitav\u00e1rio da Festa da Penha\" \/>\n<meta property=\"og:url\" content=\"https:\/\/franciscanos.org.br\/noticias\/pe-rodrigo-ao-encontrar-com-cristo-nao-temos-como-manter-o-mesmo-caminho.html\" \/>\n<meta property=\"og:site_name\" content=\"Not\u00edcias - Franciscanos\" \/>\n<meta property=\"article:published_time\" content=\"2021-04-10T21:05:04+00:00\" \/>\n<meta property=\"og:image\" content=\"https:\/\/franciscanos.org.br\/noticias\/wp-content\/uploads\/2021\/04\/rodrigo_05d.jpg\" \/>\n\t<meta property=\"og:image:width\" content=\"800\" \/>\n\t<meta property=\"og:image:height\" content=\"550\" \/>\n\t<meta property=\"og:image:type\" content=\"image\/jpeg\" \/>\n<meta name=\"author\" content=\"moacir\" \/>\n<meta name=\"twitter:card\" content=\"summary_large_image\" \/>\n<meta name=\"twitter:label1\" content=\"Escrito por\" \/>\n\t<meta name=\"twitter:data1\" content=\"moacir\" \/>\n\t<meta name=\"twitter:label2\" content=\"Est. tempo de leitura\" \/>\n\t<meta name=\"twitter:data2\" content=\"5 minutos\" \/>\n<script type=\"application\/ld+json\" class=\"yoast-schema-graph\">{\"@context\":\"https:\/\/schema.org\",\"@graph\":[{\"@type\":\"WebSite\",\"@id\":\"https:\/\/franciscanos.org.br\/noticias\/#website\",\"url\":\"https:\/\/franciscanos.org.br\/noticias\/\",\"name\":\"Not\u00edcias - Franciscanos\",\"description\":\"Prov\u00edncia Franciscana da Imaculada Concei\u00e7\u00e3o do Brasil - Ordem dos Frades Menores - OFM\",\"potentialAction\":[{\"@type\":\"SearchAction\",\"target\":{\"@type\":\"EntryPoint\",\"urlTemplate\":\"https:\/\/franciscanos.org.br\/noticias\/?s={search_term_string}\"},\"query-input\":\"required name=search_term_string\"}],\"inLanguage\":\"pt-BR\"},{\"@type\":\"ImageObject\",\"inLanguage\":\"pt-BR\",\"@id\":\"https:\/\/franciscanos.org.br\/noticias\/pe-rodrigo-ao-encontrar-com-cristo-nao-temos-como-manter-o-mesmo-caminho.html#primaryimage\",\"url\":\"https:\/\/franciscanos.org.br\/noticias\/wp-content\/uploads\/2021\/04\/rodrigo_05d.jpg\",\"contentUrl\":\"https:\/\/franciscanos.org.br\/noticias\/wp-content\/uploads\/2021\/04\/rodrigo_05d.jpg\",\"width\":800,\"height\":550},{\"@type\":\"WebPage\",\"@id\":\"https:\/\/franciscanos.org.br\/noticias\/pe-rodrigo-ao-encontrar-com-cristo-nao-temos-como-manter-o-mesmo-caminho.html#webpage\",\"url\":\"https:\/\/franciscanos.org.br\/noticias\/pe-rodrigo-ao-encontrar-com-cristo-nao-temos-como-manter-o-mesmo-caminho.html\",\"name\":\"Pe. Rodrigo: \\\"Ao encontrar com Cristo n\u00e3o temos como manter o mesmo caminho\\\" - Not\u00edcias - Franciscanos\",\"isPartOf\":{\"@id\":\"https:\/\/franciscanos.org.br\/noticias\/#website\"},\"primaryImageOfPage\":{\"@id\":\"https:\/\/franciscanos.org.br\/noticias\/pe-rodrigo-ao-encontrar-com-cristo-nao-temos-como-manter-o-mesmo-caminho.html#primaryimage\"},\"datePublished\":\"2021-04-10T21:05:04+00:00\",\"dateModified\":\"2021-04-10T21:05:04+00:00\",\"author\":{\"@id\":\"https:\/\/franciscanos.org.br\/noticias\/#\/schema\/person\/b5c8cba458c330ccff548b056e95a5d4\"},\"breadcrumb\":{\"@id\":\"https:\/\/franciscanos.org.br\/noticias\/pe-rodrigo-ao-encontrar-com-cristo-nao-temos-como-manter-o-mesmo-caminho.html#breadcrumb\"},\"inLanguage\":\"pt-BR\",\"potentialAction\":[{\"@type\":\"ReadAction\",\"target\":[\"https:\/\/franciscanos.org.br\/noticias\/pe-rodrigo-ao-encontrar-com-cristo-nao-temos-como-manter-o-mesmo-caminho.html\"]}]},{\"@type\":\"BreadcrumbList\",\"@id\":\"https:\/\/franciscanos.org.br\/noticias\/pe-rodrigo-ao-encontrar-com-cristo-nao-temos-como-manter-o-mesmo-caminho.html#breadcrumb\",\"itemListElement\":[{\"@type\":\"ListItem\",\"position\":1,\"name\":\"Home\",\"item\":\"https:\/\/franciscanos.org.br\/noticias\"},{\"@type\":\"ListItem\",\"position\":2,\"name\":\"Pe. Rodrigo: &#8220;Ao encontrar com Cristo n\u00e3o temos como manter o mesmo caminho&#8221;\"}]},{\"@type\":\"Person\",\"@id\":\"https:\/\/franciscanos.org.br\/noticias\/#\/schema\/person\/b5c8cba458c330ccff548b056e95a5d4\",\"name\":\"moacir\",\"image\":{\"@type\":\"ImageObject\",\"inLanguage\":\"pt-BR\",\"@id\":\"https:\/\/franciscanos.org.br\/noticias\/#\/schema\/person\/image\/\",\"url\":\"https:\/\/secure.gravatar.com\/avatar\/d08aa2ce4c8dd416d4479aa8536fcf64?s=96&d=mm&r=g\",\"contentUrl\":\"https:\/\/secure.gravatar.com\/avatar\/d08aa2ce4c8dd416d4479aa8536fcf64?s=96&d=mm&r=g\",\"caption\":\"moacir\"},\"url\":\"https:\/\/franciscanos.org.br\/noticias\/author\/moacir\"}]}<\/script>\n<!-- \/ Yoast SEO plugin. -->","yoast_head_json":{"title":"Pe. Rodrigo: \"Ao encontrar com Cristo n\u00e3o temos como manter o mesmo caminho\" - Not\u00edcias - Franciscanos","robots":{"index":"index","follow":"follow","max-snippet":"max-snippet:-1","max-image-preview":"max-image-preview:large","max-video-preview":"max-video-preview:-1"},"canonical":"https:\/\/franciscanos.org.br\/noticias\/pe-rodrigo-ao-encontrar-com-cristo-nao-temos-como-manter-o-mesmo-caminho.html","og_locale":"pt_BR","og_type":"article","og_title":"Pe. Rodrigo: \"Ao encontrar com Cristo n\u00e3o temos como manter o mesmo caminho\" - Not\u00edcias - Franciscanos","og_description":"S\u00e9timo dia do Oitav\u00e1rio da Festa da Penha","og_url":"https:\/\/franciscanos.org.br\/noticias\/pe-rodrigo-ao-encontrar-com-cristo-nao-temos-como-manter-o-mesmo-caminho.html","og_site_name":"Not\u00edcias - Franciscanos","article_published_time":"2021-04-10T21:05:04+00:00","og_image":[{"width":800,"height":550,"url":"https:\/\/franciscanos.org.br\/noticias\/wp-content\/uploads\/2021\/04\/rodrigo_05d.jpg","type":"image\/jpeg"}],"author":"moacir","twitter_card":"summary_large_image","twitter_misc":{"Escrito por":"moacir","Est. tempo de leitura":"5 minutos"},"schema":{"@context":"https:\/\/schema.org","@graph":[{"@type":"WebSite","@id":"https:\/\/franciscanos.org.br\/noticias\/#website","url":"https:\/\/franciscanos.org.br\/noticias\/","name":"Not\u00edcias - Franciscanos","description":"Prov\u00edncia Franciscana da Imaculada Concei\u00e7\u00e3o do Brasil - Ordem dos Frades Menores - OFM","potentialAction":[{"@type":"SearchAction","target":{"@type":"EntryPoint","urlTemplate":"https:\/\/franciscanos.org.br\/noticias\/?s={search_term_string}"},"query-input":"required name=search_term_string"}],"inLanguage":"pt-BR"},{"@type":"ImageObject","inLanguage":"pt-BR","@id":"https:\/\/franciscanos.org.br\/noticias\/pe-rodrigo-ao-encontrar-com-cristo-nao-temos-como-manter-o-mesmo-caminho.html#primaryimage","url":"https:\/\/franciscanos.org.br\/noticias\/wp-content\/uploads\/2021\/04\/rodrigo_05d.jpg","contentUrl":"https:\/\/franciscanos.org.br\/noticias\/wp-content\/uploads\/2021\/04\/rodrigo_05d.jpg","width":800,"height":550},{"@type":"WebPage","@id":"https:\/\/franciscanos.org.br\/noticias\/pe-rodrigo-ao-encontrar-com-cristo-nao-temos-como-manter-o-mesmo-caminho.html#webpage","url":"https:\/\/franciscanos.org.br\/noticias\/pe-rodrigo-ao-encontrar-com-cristo-nao-temos-como-manter-o-mesmo-caminho.html","name":"Pe. Rodrigo: \"Ao encontrar com Cristo n\u00e3o temos como manter o mesmo caminho\" - Not\u00edcias - Franciscanos","isPartOf":{"@id":"https:\/\/franciscanos.org.br\/noticias\/#website"},"primaryImageOfPage":{"@id":"https:\/\/franciscanos.org.br\/noticias\/pe-rodrigo-ao-encontrar-com-cristo-nao-temos-como-manter-o-mesmo-caminho.html#primaryimage"},"datePublished":"2021-04-10T21:05:04+00:00","dateModified":"2021-04-10T21:05:04+00:00","author":{"@id":"https:\/\/franciscanos.org.br\/noticias\/#\/schema\/person\/b5c8cba458c330ccff548b056e95a5d4"},"breadcrumb":{"@id":"https:\/\/franciscanos.org.br\/noticias\/pe-rodrigo-ao-encontrar-com-cristo-nao-temos-como-manter-o-mesmo-caminho.html#breadcrumb"},"inLanguage":"pt-BR","potentialAction":[{"@type":"ReadAction","target":["https:\/\/franciscanos.org.br\/noticias\/pe-rodrigo-ao-encontrar-com-cristo-nao-temos-como-manter-o-mesmo-caminho.html"]}]},{"@type":"BreadcrumbList","@id":"https:\/\/franciscanos.org.br\/noticias\/pe-rodrigo-ao-encontrar-com-cristo-nao-temos-como-manter-o-mesmo-caminho.html#breadcrumb","itemListElement":[{"@type":"ListItem","position":1,"name":"Home","item":"https:\/\/franciscanos.org.br\/noticias"},{"@type":"ListItem","position":2,"name":"Pe. Rodrigo: &#8220;Ao encontrar com Cristo n\u00e3o temos como manter o mesmo caminho&#8221;"}]},{"@type":"Person","@id":"https:\/\/franciscanos.org.br\/noticias\/#\/schema\/person\/b5c8cba458c330ccff548b056e95a5d4","name":"moacir","image":{"@type":"ImageObject","inLanguage":"pt-BR","@id":"https:\/\/franciscanos.org.br\/noticias\/#\/schema\/person\/image\/","url":"https:\/\/secure.gravatar.com\/avatar\/d08aa2ce4c8dd416d4479aa8536fcf64?s=96&d=mm&r=g","contentUrl":"https:\/\/secure.gravatar.com\/avatar\/d08aa2ce4c8dd416d4479aa8536fcf64?s=96&d=mm&r=g","caption":"moacir"},"url":"https:\/\/franciscanos.org.br\/noticias\/author\/moacir"}]}},"_links":{"self":[{"href":"https:\/\/franciscanos.org.br\/noticias\/wp-json\/wp\/v2\/posts\/231562"}],"collection":[{"href":"https:\/\/franciscanos.org.br\/noticias\/wp-json\/wp\/v2\/posts"}],"about":[{"href":"https:\/\/franciscanos.org.br\/noticias\/wp-json\/wp\/v2\/types\/post"}],"author":[{"embeddable":true,"href":"https:\/\/franciscanos.org.br\/noticias\/wp-json\/wp\/v2\/users\/3"}],"replies":[{"embeddable":true,"href":"https:\/\/franciscanos.org.br\/noticias\/wp-json\/wp\/v2\/comments?post=231562"}],"version-history":[{"count":1,"href":"https:\/\/franciscanos.org.br\/noticias\/wp-json\/wp\/v2\/posts\/231562\/revisions"}],"predecessor-version":[{"id":231569,"href":"https:\/\/franciscanos.org.br\/noticias\/wp-json\/wp\/v2\/posts\/231562\/revisions\/231569"}],"wp:featuredmedia":[{"embeddable":true,"href":"https:\/\/franciscanos.org.br\/noticias\/wp-json\/wp\/v2\/media\/231568"}],"wp:attachment":[{"href":"https:\/\/franciscanos.org.br\/noticias\/wp-json\/wp\/v2\/media?parent=231562"}],"wp:term":[{"taxonomy":"category","embeddable":true,"href":"https:\/\/franciscanos.org.br\/noticias\/wp-json\/wp\/v2\/categories?post=231562"},{"taxonomy":"post_tag","embeddable":true,"href":"https:\/\/franciscanos.org.br\/noticias\/wp-json\/wp\/v2\/tags?post=231562"}],"curies":[{"name":"wp","href":"https:\/\/api.w.org\/{rel}","templated":true}]}}