{"id":231547,"date":"2021-04-10T10:27:54","date_gmt":"2021-04-10T13:27:54","guid":{"rendered":"https:\/\/franciscanos.org.br\/noticias\/?p=231547"},"modified":"2021-04-10T16:56:30","modified_gmt":"2021-04-10T19:56:30","slug":"gravando-em-casa-concerto-virtual-dos-canarinhos-traz-producao-musical-dos-coralistas-de-casa","status":"publish","type":"post","link":"https:\/\/franciscanos.org.br\/noticias\/gravando-em-casa-concerto-virtual-dos-canarinhos-traz-producao-musical-dos-coralistas-de-casa.html","title":{"rendered":"\u201cGravando Em Casa\u201d: concerto virtual dos Canarinhos traz produ\u00e7\u00e3o musical dos coralistas de casa"},"content":{"rendered":"<p><img loading=\"lazy\" class=\"alignnone wp-image-231548 size-full\" src=\"https:\/\/franciscanos.org.br\/noticias\/wp-content\/uploads\/2021\/04\/canarinhos_10.png\" alt=\"\" width=\"1260\" height=\"709\" srcset=\"https:\/\/franciscanos.org.br\/noticias\/wp-content\/uploads\/2021\/04\/canarinhos_10.png 1260w, https:\/\/franciscanos.org.br\/noticias\/wp-content\/uploads\/2021\/04\/canarinhos_10-450x253.png 450w, https:\/\/franciscanos.org.br\/noticias\/wp-content\/uploads\/2021\/04\/canarinhos_10-1024x576.png 1024w, https:\/\/franciscanos.org.br\/noticias\/wp-content\/uploads\/2021\/04\/canarinhos_10-768x432.png 768w, https:\/\/franciscanos.org.br\/noticias\/wp-content\/uploads\/2021\/04\/canarinhos_10-150x84.png 150w\" sizes=\"(max-width: 1260px) 100vw, 1260px\" \/><\/p>\n<p><strong>\u00a0<\/strong>A exemplo dos esportistas, que precisam se manter em movimento, os coralistas do Instituto dos Meninos Cantores de Petr\u00f3polis tamb\u00e9m t\u00eam mantido a produ\u00e7\u00e3o musical durante a pandemia. Em \u201cGravando Em Casa\u201d, o p\u00fablico poder\u00e1 conferir seis m\u00fasicas gravadas em casa pelos meninos, meninas e aprendizes do coral. O concerto virtual ser\u00e1 transmitido no s\u00e1bado (10), \u00e0s 19 horas, no Facebook e YouTube do IMCP e da TV Franciscanos.<\/p>\n<p>Realizado em parceria com o Governo Federal, o Governo do Estado do Rio de Janeiro e a Secretaria de Estado de Cultura e Economia Criativa do Rio de Janeiro, atrav\u00e9s da Lei Aldir Blanc, o concerto virtual vai ser roteirizado e, portanto, mostrar\u00e1 como os ensaios e grava\u00e7\u00f5es aconteceram. Um dos destaques do evento \u00e9 a m\u00fasica em que o Coral dos Canarinhos e o Coral das Meninas dos Canarinhos se apresentam juntos.<\/p>\n<p>De acordo com Rose de Mello, gestora do Instituto, al\u00e9m de fonte de lazer, o concerto trar\u00e1 explica\u00e7\u00f5es de como a produ\u00e7\u00e3o musical dos coralistas foi mantida durante a pandemia. \u201cA manuten\u00e7\u00e3o das atividades dos coros, bem como a pr\u00e1tica do cantar, foi uma preocupa\u00e7\u00e3o constante do Instituto, e este concerto mostrar\u00e1 o que \u00e9 poss\u00edvel se fazer \u00e0 dist\u00e2ncia, utilizando plataformas gratuitas da internet\u201d, explica.<\/p>\n<p><strong>\u00a0<\/strong>\u201cGravando Em Casa\u201d poder\u00e1 ser acompanhado pelo <a href=\"https:\/\/www.facebook.com\/canarinhosdepetropolis\">Facebook (Canarinhos de Petr\u00f3polis)<\/a> e <a href=\"https:\/\/www.youtube.com\/user\/coraldoscanarinhos\">YouTube (Coral dos Canarinhos de Petr\u00f3polis)<\/a> do Instituto dos Meninos Cantores de Petr\u00f3polis e da<a href=\"https:\/\/www.youtube.com\/user\/tvfranciscanos\"> TV Franciscanos<\/a>. Os Canarinhos tamb\u00e9m podem ser encontrados no <a href=\"https:\/\/www.instagram.com\/coraldoscanarinhos\/\">Instagram (@coraldoscanarinhos)<\/a>.<\/p>\n<hr \/>\n<p><iframe loading=\"lazy\" title=\"YouTube video player\" src=\"https:\/\/www.youtube.com\/embed\/VM7DhD0tByE\" width=\"100%\" height=\"480\" frameborder=\"0\" allowfullscreen=\"allowfullscreen\"><\/iframe><\/p>\n","protected":false},"excerpt":{"rendered":"<p>Instituto dos Meninos Cantores de Petr\u00f3polis<\/p>\n","protected":false},"author":3,"featured_media":231549,"comment_status":"open","ping_status":"open","sticky":false,"template":"","format":"standard","meta":[],"categories":[1],"tags":[1378],"acf":[],"yoast_head":"<!-- This site is optimized with the Yoast SEO plugin v19.2 - https:\/\/yoast.com\/wordpress\/plugins\/seo\/ -->\n<title>\u201cGravando Em Casa\u201d: concerto virtual dos Canarinhos traz produ\u00e7\u00e3o musical dos coralistas de casa - Not\u00edcias - Franciscanos<\/title>\n<meta name=\"robots\" content=\"index, follow, max-snippet:-1, max-image-preview:large, max-video-preview:-1\" \/>\n<link rel=\"canonical\" href=\"https:\/\/franciscanos.org.br\/noticias\/gravando-em-casa-concerto-virtual-dos-canarinhos-traz-producao-musical-dos-coralistas-de-casa.html\" \/>\n<meta property=\"og:locale\" content=\"pt_BR\" \/>\n<meta property=\"og:type\" content=\"article\" \/>\n<meta property=\"og:title\" content=\"\u201cGravando Em Casa\u201d: concerto virtual dos Canarinhos traz produ\u00e7\u00e3o musical dos coralistas de casa - Not\u00edcias - Franciscanos\" \/>\n<meta property=\"og:description\" content=\"Instituto dos Meninos Cantores de Petr\u00f3polis\" \/>\n<meta property=\"og:url\" content=\"https:\/\/franciscanos.org.br\/noticias\/gravando-em-casa-concerto-virtual-dos-canarinhos-traz-producao-musical-dos-coralistas-de-casa.html\" \/>\n<meta property=\"og:site_name\" content=\"Not\u00edcias - Franciscanos\" \/>\n<meta property=\"article:published_time\" content=\"2021-04-10T13:27:54+00:00\" \/>\n<meta property=\"article:modified_time\" content=\"2021-04-10T19:56:30+00:00\" \/>\n<meta property=\"og:image\" content=\"https:\/\/franciscanos.org.br\/noticias\/wp-content\/uploads\/2021\/04\/canarinhos_d.png\" \/>\n\t<meta property=\"og:image:width\" content=\"800\" \/>\n\t<meta property=\"og:image:height\" content=\"550\" \/>\n\t<meta property=\"og:image:type\" content=\"image\/png\" \/>\n<meta name=\"author\" content=\"moacir\" \/>\n<meta name=\"twitter:card\" content=\"summary_large_image\" \/>\n<meta name=\"twitter:label1\" content=\"Escrito por\" \/>\n\t<meta name=\"twitter:data1\" content=\"moacir\" \/>\n\t<meta name=\"twitter:label2\" content=\"Est. tempo de leitura\" \/>\n\t<meta name=\"twitter:data2\" content=\"1 minuto\" \/>\n<script type=\"application\/ld+json\" class=\"yoast-schema-graph\">{\"@context\":\"https:\/\/schema.org\",\"@graph\":[{\"@type\":\"WebSite\",\"@id\":\"https:\/\/franciscanos.org.br\/noticias\/#website\",\"url\":\"https:\/\/franciscanos.org.br\/noticias\/\",\"name\":\"Not\u00edcias - Franciscanos\",\"description\":\"Prov\u00edncia Franciscana da Imaculada Concei\u00e7\u00e3o do Brasil - Ordem dos Frades Menores - OFM\",\"potentialAction\":[{\"@type\":\"SearchAction\",\"target\":{\"@type\":\"EntryPoint\",\"urlTemplate\":\"https:\/\/franciscanos.org.br\/noticias\/?s={search_term_string}\"},\"query-input\":\"required name=search_term_string\"}],\"inLanguage\":\"pt-BR\"},{\"@type\":\"ImageObject\",\"inLanguage\":\"pt-BR\",\"@id\":\"https:\/\/franciscanos.org.br\/noticias\/gravando-em-casa-concerto-virtual-dos-canarinhos-traz-producao-musical-dos-coralistas-de-casa.html#primaryimage\",\"url\":\"https:\/\/franciscanos.org.br\/noticias\/wp-content\/uploads\/2021\/04\/canarinhos_d.png\",\"contentUrl\":\"https:\/\/franciscanos.org.br\/noticias\/wp-content\/uploads\/2021\/04\/canarinhos_d.png\",\"width\":800,\"height\":550},{\"@type\":\"WebPage\",\"@id\":\"https:\/\/franciscanos.org.br\/noticias\/gravando-em-casa-concerto-virtual-dos-canarinhos-traz-producao-musical-dos-coralistas-de-casa.html#webpage\",\"url\":\"https:\/\/franciscanos.org.br\/noticias\/gravando-em-casa-concerto-virtual-dos-canarinhos-traz-producao-musical-dos-coralistas-de-casa.html\",\"name\":\"\u201cGravando Em Casa\u201d: concerto virtual dos Canarinhos traz produ\u00e7\u00e3o musical dos coralistas de casa - Not\u00edcias - Franciscanos\",\"isPartOf\":{\"@id\":\"https:\/\/franciscanos.org.br\/noticias\/#website\"},\"primaryImageOfPage\":{\"@id\":\"https:\/\/franciscanos.org.br\/noticias\/gravando-em-casa-concerto-virtual-dos-canarinhos-traz-producao-musical-dos-coralistas-de-casa.html#primaryimage\"},\"datePublished\":\"2021-04-10T13:27:54+00:00\",\"dateModified\":\"2021-04-10T19:56:30+00:00\",\"author\":{\"@id\":\"https:\/\/franciscanos.org.br\/noticias\/#\/schema\/person\/b5c8cba458c330ccff548b056e95a5d4\"},\"breadcrumb\":{\"@id\":\"https:\/\/franciscanos.org.br\/noticias\/gravando-em-casa-concerto-virtual-dos-canarinhos-traz-producao-musical-dos-coralistas-de-casa.html#breadcrumb\"},\"inLanguage\":\"pt-BR\",\"potentialAction\":[{\"@type\":\"ReadAction\",\"target\":[\"https:\/\/franciscanos.org.br\/noticias\/gravando-em-casa-concerto-virtual-dos-canarinhos-traz-producao-musical-dos-coralistas-de-casa.html\"]}]},{\"@type\":\"BreadcrumbList\",\"@id\":\"https:\/\/franciscanos.org.br\/noticias\/gravando-em-casa-concerto-virtual-dos-canarinhos-traz-producao-musical-dos-coralistas-de-casa.html#breadcrumb\",\"itemListElement\":[{\"@type\":\"ListItem\",\"position\":1,\"name\":\"Home\",\"item\":\"https:\/\/franciscanos.org.br\/noticias\"},{\"@type\":\"ListItem\",\"position\":2,\"name\":\"\u201cGravando Em Casa\u201d: concerto virtual dos Canarinhos traz produ\u00e7\u00e3o musical dos coralistas de casa\"}]},{\"@type\":\"Person\",\"@id\":\"https:\/\/franciscanos.org.br\/noticias\/#\/schema\/person\/b5c8cba458c330ccff548b056e95a5d4\",\"name\":\"moacir\",\"image\":{\"@type\":\"ImageObject\",\"inLanguage\":\"pt-BR\",\"@id\":\"https:\/\/franciscanos.org.br\/noticias\/#\/schema\/person\/image\/\",\"url\":\"https:\/\/secure.gravatar.com\/avatar\/d08aa2ce4c8dd416d4479aa8536fcf64?s=96&d=mm&r=g\",\"contentUrl\":\"https:\/\/secure.gravatar.com\/avatar\/d08aa2ce4c8dd416d4479aa8536fcf64?s=96&d=mm&r=g\",\"caption\":\"moacir\"},\"url\":\"https:\/\/franciscanos.org.br\/noticias\/author\/moacir\"}]}<\/script>\n<!-- \/ Yoast SEO plugin. -->","yoast_head_json":{"title":"\u201cGravando Em Casa\u201d: concerto virtual dos Canarinhos traz produ\u00e7\u00e3o musical dos coralistas de casa - Not\u00edcias - Franciscanos","robots":{"index":"index","follow":"follow","max-snippet":"max-snippet:-1","max-image-preview":"max-image-preview:large","max-video-preview":"max-video-preview:-1"},"canonical":"https:\/\/franciscanos.org.br\/noticias\/gravando-em-casa-concerto-virtual-dos-canarinhos-traz-producao-musical-dos-coralistas-de-casa.html","og_locale":"pt_BR","og_type":"article","og_title":"\u201cGravando Em Casa\u201d: concerto virtual dos Canarinhos traz produ\u00e7\u00e3o musical dos coralistas de casa - Not\u00edcias - Franciscanos","og_description":"Instituto dos Meninos Cantores de Petr\u00f3polis","og_url":"https:\/\/franciscanos.org.br\/noticias\/gravando-em-casa-concerto-virtual-dos-canarinhos-traz-producao-musical-dos-coralistas-de-casa.html","og_site_name":"Not\u00edcias - Franciscanos","article_published_time":"2021-04-10T13:27:54+00:00","article_modified_time":"2021-04-10T19:56:30+00:00","og_image":[{"width":800,"height":550,"url":"https:\/\/franciscanos.org.br\/noticias\/wp-content\/uploads\/2021\/04\/canarinhos_d.png","type":"image\/png"}],"author":"moacir","twitter_card":"summary_large_image","twitter_misc":{"Escrito por":"moacir","Est. tempo de leitura":"1 minuto"},"schema":{"@context":"https:\/\/schema.org","@graph":[{"@type":"WebSite","@id":"https:\/\/franciscanos.org.br\/noticias\/#website","url":"https:\/\/franciscanos.org.br\/noticias\/","name":"Not\u00edcias - Franciscanos","description":"Prov\u00edncia Franciscana da Imaculada Concei\u00e7\u00e3o do Brasil - Ordem dos Frades Menores - OFM","potentialAction":[{"@type":"SearchAction","target":{"@type":"EntryPoint","urlTemplate":"https:\/\/franciscanos.org.br\/noticias\/?s={search_term_string}"},"query-input":"required name=search_term_string"}],"inLanguage":"pt-BR"},{"@type":"ImageObject","inLanguage":"pt-BR","@id":"https:\/\/franciscanos.org.br\/noticias\/gravando-em-casa-concerto-virtual-dos-canarinhos-traz-producao-musical-dos-coralistas-de-casa.html#primaryimage","url":"https:\/\/franciscanos.org.br\/noticias\/wp-content\/uploads\/2021\/04\/canarinhos_d.png","contentUrl":"https:\/\/franciscanos.org.br\/noticias\/wp-content\/uploads\/2021\/04\/canarinhos_d.png","width":800,"height":550},{"@type":"WebPage","@id":"https:\/\/franciscanos.org.br\/noticias\/gravando-em-casa-concerto-virtual-dos-canarinhos-traz-producao-musical-dos-coralistas-de-casa.html#webpage","url":"https:\/\/franciscanos.org.br\/noticias\/gravando-em-casa-concerto-virtual-dos-canarinhos-traz-producao-musical-dos-coralistas-de-casa.html","name":"\u201cGravando Em Casa\u201d: concerto virtual dos Canarinhos traz produ\u00e7\u00e3o musical dos coralistas de casa - Not\u00edcias - Franciscanos","isPartOf":{"@id":"https:\/\/franciscanos.org.br\/noticias\/#website"},"primaryImageOfPage":{"@id":"https:\/\/franciscanos.org.br\/noticias\/gravando-em-casa-concerto-virtual-dos-canarinhos-traz-producao-musical-dos-coralistas-de-casa.html#primaryimage"},"datePublished":"2021-04-10T13:27:54+00:00","dateModified":"2021-04-10T19:56:30+00:00","author":{"@id":"https:\/\/franciscanos.org.br\/noticias\/#\/schema\/person\/b5c8cba458c330ccff548b056e95a5d4"},"breadcrumb":{"@id":"https:\/\/franciscanos.org.br\/noticias\/gravando-em-casa-concerto-virtual-dos-canarinhos-traz-producao-musical-dos-coralistas-de-casa.html#breadcrumb"},"inLanguage":"pt-BR","potentialAction":[{"@type":"ReadAction","target":["https:\/\/franciscanos.org.br\/noticias\/gravando-em-casa-concerto-virtual-dos-canarinhos-traz-producao-musical-dos-coralistas-de-casa.html"]}]},{"@type":"BreadcrumbList","@id":"https:\/\/franciscanos.org.br\/noticias\/gravando-em-casa-concerto-virtual-dos-canarinhos-traz-producao-musical-dos-coralistas-de-casa.html#breadcrumb","itemListElement":[{"@type":"ListItem","position":1,"name":"Home","item":"https:\/\/franciscanos.org.br\/noticias"},{"@type":"ListItem","position":2,"name":"\u201cGravando Em Casa\u201d: concerto virtual dos Canarinhos traz produ\u00e7\u00e3o musical dos coralistas de casa"}]},{"@type":"Person","@id":"https:\/\/franciscanos.org.br\/noticias\/#\/schema\/person\/b5c8cba458c330ccff548b056e95a5d4","name":"moacir","image":{"@type":"ImageObject","inLanguage":"pt-BR","@id":"https:\/\/franciscanos.org.br\/noticias\/#\/schema\/person\/image\/","url":"https:\/\/secure.gravatar.com\/avatar\/d08aa2ce4c8dd416d4479aa8536fcf64?s=96&d=mm&r=g","contentUrl":"https:\/\/secure.gravatar.com\/avatar\/d08aa2ce4c8dd416d4479aa8536fcf64?s=96&d=mm&r=g","caption":"moacir"},"url":"https:\/\/franciscanos.org.br\/noticias\/author\/moacir"}]}},"_links":{"self":[{"href":"https:\/\/franciscanos.org.br\/noticias\/wp-json\/wp\/v2\/posts\/231547"}],"collection":[{"href":"https:\/\/franciscanos.org.br\/noticias\/wp-json\/wp\/v2\/posts"}],"about":[{"href":"https:\/\/franciscanos.org.br\/noticias\/wp-json\/wp\/v2\/types\/post"}],"author":[{"embeddable":true,"href":"https:\/\/franciscanos.org.br\/noticias\/wp-json\/wp\/v2\/users\/3"}],"replies":[{"embeddable":true,"href":"https:\/\/franciscanos.org.br\/noticias\/wp-json\/wp\/v2\/comments?post=231547"}],"version-history":[{"count":3,"href":"https:\/\/franciscanos.org.br\/noticias\/wp-json\/wp\/v2\/posts\/231547\/revisions"}],"predecessor-version":[{"id":231561,"href":"https:\/\/franciscanos.org.br\/noticias\/wp-json\/wp\/v2\/posts\/231547\/revisions\/231561"}],"wp:featuredmedia":[{"embeddable":true,"href":"https:\/\/franciscanos.org.br\/noticias\/wp-json\/wp\/v2\/media\/231549"}],"wp:attachment":[{"href":"https:\/\/franciscanos.org.br\/noticias\/wp-json\/wp\/v2\/media?parent=231547"}],"wp:term":[{"taxonomy":"category","embeddable":true,"href":"https:\/\/franciscanos.org.br\/noticias\/wp-json\/wp\/v2\/categories?post=231547"},{"taxonomy":"post_tag","embeddable":true,"href":"https:\/\/franciscanos.org.br\/noticias\/wp-json\/wp\/v2\/tags?post=231547"}],"curies":[{"name":"wp","href":"https:\/\/api.w.org\/{rel}","templated":true}]}}