{"id":231540,"date":"2021-04-09T19:27:02","date_gmt":"2021-04-09T22:27:02","guid":{"rendered":"https:\/\/franciscanos.org.br\/noticias\/?p=231540"},"modified":"2021-07-05T20:18:26","modified_gmt":"2021-07-05T23:18:26","slug":"frei-paulo-cesar-vence-a-covid-e-se-emociona-no-altar-da-penha","status":"publish","type":"post","link":"https:\/\/franciscanos.org.br\/noticias\/frei-paulo-cesar-vence-a-covid-e-se-emociona-no-altar-da-penha.html","title":{"rendered":"Frei Paulo C\u00e9sar vence a Covid e se emociona no altar da Penha"},"content":{"rendered":"<div id=\"attachment_231541\" style=\"width: 1290px\" class=\"wp-caption alignnone\"><img aria-describedby=\"caption-attachment-231541\" loading=\"lazy\" class=\"wp-image-231541 size-full\" src=\"https:\/\/franciscanos.org.br\/noticias\/wp-content\/uploads\/2021\/04\/paulo_02.jpg\" alt=\"\" width=\"1280\" height=\"720\" srcset=\"https:\/\/franciscanos.org.br\/noticias\/wp-content\/uploads\/2021\/04\/paulo_02.jpg 1280w, https:\/\/franciscanos.org.br\/noticias\/wp-content\/uploads\/2021\/04\/paulo_02-450x253.jpg 450w, https:\/\/franciscanos.org.br\/noticias\/wp-content\/uploads\/2021\/04\/paulo_02-1024x576.jpg 1024w, https:\/\/franciscanos.org.br\/noticias\/wp-content\/uploads\/2021\/04\/paulo_02-768x432.jpg 768w, https:\/\/franciscanos.org.br\/noticias\/wp-content\/uploads\/2021\/04\/paulo_02-150x84.jpg 150w\" sizes=\"(max-width: 1280px) 100vw, 1280px\" \/><p id=\"caption-attachment-231541\" class=\"wp-caption-text\"><em>\u00a0 \u00a0 \u00a0 \u00a0 \u00a0 \u00a0 \u00a0 \u00a0 \u00a0 \u00a0 \u00a0 \u00a0 \u00a0 \u00a0 \u00a0 \u00a0 \u00a0 \u00a0 \u00a0 \u00a0 \u00a0 \u00a0 \u00a0 \u00a0 \u00a0 \u00a0 \u00a0 \u00a0 \u00a0 \u00a0 \u00a0 \u00a0 \u00a0 \u00a0 \u00a0 \u00a0 \u00a0 \u00a0 \u00a0Imagens: captura de tela das transmiss\u00f5es digitais<\/em><\/p><\/div>\n<p>Se no dia anterior, a Fraternidade do Convento da Penha sepultava um confrade seu, nesta sexta-feira (9\/4) foi dia de alegria, gratid\u00e3o, emo\u00e7\u00e3o e celebra\u00e7\u00e3o no Morro da Penha. Frei Paulo Cesar Ferreira da Silva venceu a Covid-19 e est\u00e1 de volta \u00e0 casa de sua M\u00e3e da Penha para emprestar sua bela voz aos hinos marianos.<\/p>\n<p>Frei Paulo recebeu alta m\u00e9dica hoje \u00e0 tarde, depois de ficar internado desde dia 2 de abril. Ao entrar pela primeira vez na capela do Convento, onde est\u00e1 a imagem de Nossa Senhora da Penha, Frei Paulo rezou e se emocionou, como n\u00e3o podia ser diferente. &#8220;Estou bastante emocionado por estar aqui na Penha e quero s\u00f3 agradecer de cora\u00e7\u00e3o pelas ora\u00e7\u00f5es. Estou muito feliz tamb\u00e9m por estar retornando&#8221;, disse, ainda com a voz rouca.<\/p>\n<p>&#8220;A gente tira boas li\u00e7\u00f5es desta enfermidade. Vejo como um momento de gra\u00e7a para a gente refletir e volto com a maior disposi\u00e7\u00e3o e gratid\u00e3o a Deus por ter preservado a minha vida. Certamente, Ele quer que eu fa\u00e7a mais. Dizia o Pai Francisco, ainda fiz muito pouco&#8221;, acrescentou.<\/p>\n<p><img loading=\"lazy\" class=\"alignnone wp-image-231542 size-full\" src=\"https:\/\/franciscanos.org.br\/noticias\/wp-content\/uploads\/2021\/04\/paulo_01.jpg\" alt=\"\" width=\"1280\" height=\"720\" srcset=\"https:\/\/franciscanos.org.br\/noticias\/wp-content\/uploads\/2021\/04\/paulo_01.jpg 1280w, https:\/\/franciscanos.org.br\/noticias\/wp-content\/uploads\/2021\/04\/paulo_01-450x253.jpg 450w, https:\/\/franciscanos.org.br\/noticias\/wp-content\/uploads\/2021\/04\/paulo_01-1024x576.jpg 1024w, https:\/\/franciscanos.org.br\/noticias\/wp-content\/uploads\/2021\/04\/paulo_01-768x432.jpg 768w, https:\/\/franciscanos.org.br\/noticias\/wp-content\/uploads\/2021\/04\/paulo_01-150x84.jpg 150w\" sizes=\"(max-width: 1280px) 100vw, 1280px\" \/><\/p>\n<p>&#8220;Ent\u00e3o, agrade\u00e7o a Deus pela minha recupera\u00e7\u00e3o. Vamos continuar rezando pelo Frei Paulo Roberto (o guardi\u00e3o do Convento) e que possamos corresponder com alegria, gratid\u00e3o e disponibilidade o que Deus preparou para n\u00f3s na miss\u00e3o que coloca sobre os meus cuidados e dos confrades. Agrade\u00e7o de cora\u00e7\u00e3o pelas ora\u00e7\u00f5es. Estou muito feliz por estar de volta. Viva Nossa Senhora das Alegrias, a Senhora da Penha!&#8221;, festejou. O quadro do guardi\u00e3o, segundo Frei Pedro Oliveira, continua est\u00e1vel.<\/p>\n<p>T\u00edmido, de poucas palavras, o mineiro de Caxambu, no Sul de Minas Gerais, \u00e9 dono de uma das vozes mais belas da Prov\u00edncia. A beleza de sua voz j\u00e1 se destacava quando ingressou (1976) no Postulantado de Guaratinguet\u00e1. Frei Paulo herdou da m\u00e3e o dom de cantar. Teve bons mestres de canto, como Frei Leto Bienias e Frei Jos\u00e9 Luiz Prim, do Coral Meninos Cantores de Petr\u00f3polis (Canarinhos). Participou da grava\u00e7\u00e3o de CDs de canto lit\u00fargico, entre eles, do CD Um Canto Novo \u2013 Volume I, com Frei Fabreti; do CD da Missa de Frei Galv\u00e3o, junto com um grupo de frades; e do CD Hinos e Cantos a Nossa Senhora da Penha, gravado pelo Coral Palestrina, da regente Irm\u00e3 Cust\u00f3dia Cardoso.<\/p>\n<hr \/>\n<p><em>Moacir Beggo<\/em><\/p>\n","protected":false},"excerpt":{"rendered":"<p>Fraternidade do Convento da Penha<\/p>\n","protected":false},"author":3,"featured_media":231543,"comment_status":"open","ping_status":"open","sticky":false,"template":"","format":"standard","meta":[],"categories":[1],"tags":[245],"acf":[],"yoast_head":"<!-- This site is optimized with the Yoast SEO plugin v19.2 - https:\/\/yoast.com\/wordpress\/plugins\/seo\/ -->\n<title>Frei Paulo C\u00e9sar vence a Covid e se emociona no altar da Penha - Not\u00edcias - Franciscanos<\/title>\n<meta name=\"robots\" content=\"index, follow, max-snippet:-1, max-image-preview:large, max-video-preview:-1\" \/>\n<link rel=\"canonical\" href=\"https:\/\/franciscanos.org.br\/noticias\/frei-paulo-cesar-vence-a-covid-e-se-emociona-no-altar-da-penha.html\" \/>\n<meta property=\"og:locale\" content=\"pt_BR\" \/>\n<meta property=\"og:type\" content=\"article\" \/>\n<meta property=\"og:title\" content=\"Frei Paulo C\u00e9sar vence a Covid e se emociona no altar da Penha - Not\u00edcias - Franciscanos\" \/>\n<meta property=\"og:description\" content=\"Fraternidade do Convento da Penha\" \/>\n<meta property=\"og:url\" content=\"https:\/\/franciscanos.org.br\/noticias\/frei-paulo-cesar-vence-a-covid-e-se-emociona-no-altar-da-penha.html\" \/>\n<meta property=\"og:site_name\" content=\"Not\u00edcias - Franciscanos\" \/>\n<meta property=\"article:published_time\" content=\"2021-04-09T22:27:02+00:00\" \/>\n<meta property=\"article:modified_time\" content=\"2021-07-05T23:18:26+00:00\" \/>\n<meta property=\"og:image\" content=\"https:\/\/franciscanos.org.br\/noticias\/wp-content\/uploads\/2021\/04\/paulo_02d.jpg\" \/>\n\t<meta property=\"og:image:width\" content=\"800\" \/>\n\t<meta property=\"og:image:height\" content=\"550\" \/>\n\t<meta property=\"og:image:type\" content=\"image\/jpeg\" \/>\n<meta name=\"author\" content=\"moacir\" \/>\n<meta name=\"twitter:card\" content=\"summary_large_image\" \/>\n<meta name=\"twitter:label1\" content=\"Escrito por\" \/>\n\t<meta name=\"twitter:data1\" content=\"moacir\" \/>\n\t<meta name=\"twitter:label2\" content=\"Est. tempo de leitura\" \/>\n\t<meta name=\"twitter:data2\" content=\"2 minutos\" \/>\n<script type=\"application\/ld+json\" class=\"yoast-schema-graph\">{\"@context\":\"https:\/\/schema.org\",\"@graph\":[{\"@type\":\"WebSite\",\"@id\":\"https:\/\/franciscanos.org.br\/noticias\/#website\",\"url\":\"https:\/\/franciscanos.org.br\/noticias\/\",\"name\":\"Not\u00edcias - Franciscanos\",\"description\":\"Prov\u00edncia Franciscana da Imaculada Concei\u00e7\u00e3o do Brasil - Ordem dos Frades Menores - OFM\",\"potentialAction\":[{\"@type\":\"SearchAction\",\"target\":{\"@type\":\"EntryPoint\",\"urlTemplate\":\"https:\/\/franciscanos.org.br\/noticias\/?s={search_term_string}\"},\"query-input\":\"required name=search_term_string\"}],\"inLanguage\":\"pt-BR\"},{\"@type\":\"ImageObject\",\"inLanguage\":\"pt-BR\",\"@id\":\"https:\/\/franciscanos.org.br\/noticias\/frei-paulo-cesar-vence-a-covid-e-se-emociona-no-altar-da-penha.html#primaryimage\",\"url\":\"https:\/\/franciscanos.org.br\/noticias\/wp-content\/uploads\/2021\/04\/paulo_02d.jpg\",\"contentUrl\":\"https:\/\/franciscanos.org.br\/noticias\/wp-content\/uploads\/2021\/04\/paulo_02d.jpg\",\"width\":800,\"height\":550},{\"@type\":\"WebPage\",\"@id\":\"https:\/\/franciscanos.org.br\/noticias\/frei-paulo-cesar-vence-a-covid-e-se-emociona-no-altar-da-penha.html#webpage\",\"url\":\"https:\/\/franciscanos.org.br\/noticias\/frei-paulo-cesar-vence-a-covid-e-se-emociona-no-altar-da-penha.html\",\"name\":\"Frei Paulo C\u00e9sar vence a Covid e se emociona no altar da Penha - Not\u00edcias - Franciscanos\",\"isPartOf\":{\"@id\":\"https:\/\/franciscanos.org.br\/noticias\/#website\"},\"primaryImageOfPage\":{\"@id\":\"https:\/\/franciscanos.org.br\/noticias\/frei-paulo-cesar-vence-a-covid-e-se-emociona-no-altar-da-penha.html#primaryimage\"},\"datePublished\":\"2021-04-09T22:27:02+00:00\",\"dateModified\":\"2021-07-05T23:18:26+00:00\",\"author\":{\"@id\":\"https:\/\/franciscanos.org.br\/noticias\/#\/schema\/person\/b5c8cba458c330ccff548b056e95a5d4\"},\"breadcrumb\":{\"@id\":\"https:\/\/franciscanos.org.br\/noticias\/frei-paulo-cesar-vence-a-covid-e-se-emociona-no-altar-da-penha.html#breadcrumb\"},\"inLanguage\":\"pt-BR\",\"potentialAction\":[{\"@type\":\"ReadAction\",\"target\":[\"https:\/\/franciscanos.org.br\/noticias\/frei-paulo-cesar-vence-a-covid-e-se-emociona-no-altar-da-penha.html\"]}]},{\"@type\":\"BreadcrumbList\",\"@id\":\"https:\/\/franciscanos.org.br\/noticias\/frei-paulo-cesar-vence-a-covid-e-se-emociona-no-altar-da-penha.html#breadcrumb\",\"itemListElement\":[{\"@type\":\"ListItem\",\"position\":1,\"name\":\"Home\",\"item\":\"https:\/\/franciscanos.org.br\/noticias\"},{\"@type\":\"ListItem\",\"position\":2,\"name\":\"Frei Paulo C\u00e9sar vence a Covid e se emociona no altar da Penha\"}]},{\"@type\":\"Person\",\"@id\":\"https:\/\/franciscanos.org.br\/noticias\/#\/schema\/person\/b5c8cba458c330ccff548b056e95a5d4\",\"name\":\"moacir\",\"image\":{\"@type\":\"ImageObject\",\"inLanguage\":\"pt-BR\",\"@id\":\"https:\/\/franciscanos.org.br\/noticias\/#\/schema\/person\/image\/\",\"url\":\"https:\/\/secure.gravatar.com\/avatar\/d08aa2ce4c8dd416d4479aa8536fcf64?s=96&d=mm&r=g\",\"contentUrl\":\"https:\/\/secure.gravatar.com\/avatar\/d08aa2ce4c8dd416d4479aa8536fcf64?s=96&d=mm&r=g\",\"caption\":\"moacir\"},\"url\":\"https:\/\/franciscanos.org.br\/noticias\/author\/moacir\"}]}<\/script>\n<!-- \/ Yoast SEO plugin. -->","yoast_head_json":{"title":"Frei Paulo C\u00e9sar vence a Covid e se emociona no altar da Penha - Not\u00edcias - Franciscanos","robots":{"index":"index","follow":"follow","max-snippet":"max-snippet:-1","max-image-preview":"max-image-preview:large","max-video-preview":"max-video-preview:-1"},"canonical":"https:\/\/franciscanos.org.br\/noticias\/frei-paulo-cesar-vence-a-covid-e-se-emociona-no-altar-da-penha.html","og_locale":"pt_BR","og_type":"article","og_title":"Frei Paulo C\u00e9sar vence a Covid e se emociona no altar da Penha - Not\u00edcias - Franciscanos","og_description":"Fraternidade do Convento da Penha","og_url":"https:\/\/franciscanos.org.br\/noticias\/frei-paulo-cesar-vence-a-covid-e-se-emociona-no-altar-da-penha.html","og_site_name":"Not\u00edcias - Franciscanos","article_published_time":"2021-04-09T22:27:02+00:00","article_modified_time":"2021-07-05T23:18:26+00:00","og_image":[{"width":800,"height":550,"url":"https:\/\/franciscanos.org.br\/noticias\/wp-content\/uploads\/2021\/04\/paulo_02d.jpg","type":"image\/jpeg"}],"author":"moacir","twitter_card":"summary_large_image","twitter_misc":{"Escrito por":"moacir","Est. tempo de leitura":"2 minutos"},"schema":{"@context":"https:\/\/schema.org","@graph":[{"@type":"WebSite","@id":"https:\/\/franciscanos.org.br\/noticias\/#website","url":"https:\/\/franciscanos.org.br\/noticias\/","name":"Not\u00edcias - Franciscanos","description":"Prov\u00edncia Franciscana da Imaculada Concei\u00e7\u00e3o do Brasil - Ordem dos Frades Menores - OFM","potentialAction":[{"@type":"SearchAction","target":{"@type":"EntryPoint","urlTemplate":"https:\/\/franciscanos.org.br\/noticias\/?s={search_term_string}"},"query-input":"required name=search_term_string"}],"inLanguage":"pt-BR"},{"@type":"ImageObject","inLanguage":"pt-BR","@id":"https:\/\/franciscanos.org.br\/noticias\/frei-paulo-cesar-vence-a-covid-e-se-emociona-no-altar-da-penha.html#primaryimage","url":"https:\/\/franciscanos.org.br\/noticias\/wp-content\/uploads\/2021\/04\/paulo_02d.jpg","contentUrl":"https:\/\/franciscanos.org.br\/noticias\/wp-content\/uploads\/2021\/04\/paulo_02d.jpg","width":800,"height":550},{"@type":"WebPage","@id":"https:\/\/franciscanos.org.br\/noticias\/frei-paulo-cesar-vence-a-covid-e-se-emociona-no-altar-da-penha.html#webpage","url":"https:\/\/franciscanos.org.br\/noticias\/frei-paulo-cesar-vence-a-covid-e-se-emociona-no-altar-da-penha.html","name":"Frei Paulo C\u00e9sar vence a Covid e se emociona no altar da Penha - Not\u00edcias - Franciscanos","isPartOf":{"@id":"https:\/\/franciscanos.org.br\/noticias\/#website"},"primaryImageOfPage":{"@id":"https:\/\/franciscanos.org.br\/noticias\/frei-paulo-cesar-vence-a-covid-e-se-emociona-no-altar-da-penha.html#primaryimage"},"datePublished":"2021-04-09T22:27:02+00:00","dateModified":"2021-07-05T23:18:26+00:00","author":{"@id":"https:\/\/franciscanos.org.br\/noticias\/#\/schema\/person\/b5c8cba458c330ccff548b056e95a5d4"},"breadcrumb":{"@id":"https:\/\/franciscanos.org.br\/noticias\/frei-paulo-cesar-vence-a-covid-e-se-emociona-no-altar-da-penha.html#breadcrumb"},"inLanguage":"pt-BR","potentialAction":[{"@type":"ReadAction","target":["https:\/\/franciscanos.org.br\/noticias\/frei-paulo-cesar-vence-a-covid-e-se-emociona-no-altar-da-penha.html"]}]},{"@type":"BreadcrumbList","@id":"https:\/\/franciscanos.org.br\/noticias\/frei-paulo-cesar-vence-a-covid-e-se-emociona-no-altar-da-penha.html#breadcrumb","itemListElement":[{"@type":"ListItem","position":1,"name":"Home","item":"https:\/\/franciscanos.org.br\/noticias"},{"@type":"ListItem","position":2,"name":"Frei Paulo C\u00e9sar vence a Covid e se emociona no altar da Penha"}]},{"@type":"Person","@id":"https:\/\/franciscanos.org.br\/noticias\/#\/schema\/person\/b5c8cba458c330ccff548b056e95a5d4","name":"moacir","image":{"@type":"ImageObject","inLanguage":"pt-BR","@id":"https:\/\/franciscanos.org.br\/noticias\/#\/schema\/person\/image\/","url":"https:\/\/secure.gravatar.com\/avatar\/d08aa2ce4c8dd416d4479aa8536fcf64?s=96&d=mm&r=g","contentUrl":"https:\/\/secure.gravatar.com\/avatar\/d08aa2ce4c8dd416d4479aa8536fcf64?s=96&d=mm&r=g","caption":"moacir"},"url":"https:\/\/franciscanos.org.br\/noticias\/author\/moacir"}]}},"_links":{"self":[{"href":"https:\/\/franciscanos.org.br\/noticias\/wp-json\/wp\/v2\/posts\/231540"}],"collection":[{"href":"https:\/\/franciscanos.org.br\/noticias\/wp-json\/wp\/v2\/posts"}],"about":[{"href":"https:\/\/franciscanos.org.br\/noticias\/wp-json\/wp\/v2\/types\/post"}],"author":[{"embeddable":true,"href":"https:\/\/franciscanos.org.br\/noticias\/wp-json\/wp\/v2\/users\/3"}],"replies":[{"embeddable":true,"href":"https:\/\/franciscanos.org.br\/noticias\/wp-json\/wp\/v2\/comments?post=231540"}],"version-history":[{"count":3,"href":"https:\/\/franciscanos.org.br\/noticias\/wp-json\/wp\/v2\/posts\/231540\/revisions"}],"predecessor-version":[{"id":231546,"href":"https:\/\/franciscanos.org.br\/noticias\/wp-json\/wp\/v2\/posts\/231540\/revisions\/231546"}],"wp:featuredmedia":[{"embeddable":true,"href":"https:\/\/franciscanos.org.br\/noticias\/wp-json\/wp\/v2\/media\/231543"}],"wp:attachment":[{"href":"https:\/\/franciscanos.org.br\/noticias\/wp-json\/wp\/v2\/media?parent=231540"}],"wp:term":[{"taxonomy":"category","embeddable":true,"href":"https:\/\/franciscanos.org.br\/noticias\/wp-json\/wp\/v2\/categories?post=231540"},{"taxonomy":"post_tag","embeddable":true,"href":"https:\/\/franciscanos.org.br\/noticias\/wp-json\/wp\/v2\/tags?post=231540"}],"curies":[{"name":"wp","href":"https:\/\/api.w.org\/{rel}","templated":true}]}}