{"id":231532,"date":"2021-04-09T19:22:46","date_gmt":"2021-04-09T22:22:46","guid":{"rendered":"https:\/\/franciscanos.org.br\/noticias\/?p=231532"},"modified":"2021-04-09T19:22:46","modified_gmt":"2021-04-09T22:22:46","slug":"pe-osmar-e-necessario-um-coracao-amoroso-para-reconhecer-jesus","status":"publish","type":"post","link":"https:\/\/franciscanos.org.br\/noticias\/pe-osmar-e-necessario-um-coracao-amoroso-para-reconhecer-jesus.html","title":{"rendered":"Pe. Osmar: &#8220;\u00c9 necess\u00e1rio um cora\u00e7\u00e3o amoroso para reconhecer Jesus&#8221;"},"content":{"rendered":"<div id=\"attachment_231533\" style=\"width: 1290px\" class=\"wp-caption alignnone\"><img aria-describedby=\"caption-attachment-231533\" loading=\"lazy\" class=\"wp-image-231533 size-full\" src=\"https:\/\/franciscanos.org.br\/noticias\/wp-content\/uploads\/2021\/04\/sextodia_01.jpg\" alt=\"\" width=\"1280\" height=\"720\" srcset=\"https:\/\/franciscanos.org.br\/noticias\/wp-content\/uploads\/2021\/04\/sextodia_01.jpg 1280w, https:\/\/franciscanos.org.br\/noticias\/wp-content\/uploads\/2021\/04\/sextodia_01-450x253.jpg 450w, https:\/\/franciscanos.org.br\/noticias\/wp-content\/uploads\/2021\/04\/sextodia_01-1024x576.jpg 1024w, https:\/\/franciscanos.org.br\/noticias\/wp-content\/uploads\/2021\/04\/sextodia_01-768x432.jpg 768w, https:\/\/franciscanos.org.br\/noticias\/wp-content\/uploads\/2021\/04\/sextodia_01-150x84.jpg 150w\" sizes=\"(max-width: 1280px) 100vw, 1280px\" \/><p id=\"caption-attachment-231533\" class=\"wp-caption-text\">\u00a0 \u00a0 \u00a0 \u00a0 \u00a0 \u00a0 \u00a0 \u00a0 \u00a0 \u00a0 \u00a0 \u00a0 \u00a0 \u00a0 \u00a0 \u00a0 \u00a0 \u00a0 \u00a0 \u00a0 \u00a0 \u00a0 \u00a0 \u00a0 \u00a0 \u00a0 \u00a0 \u00a0 \u00a0 \u00a0 \u00a0 \u00a0 \u00a0 \u00a0 \u00a0 \u00a0 \u00a0 \u00a0 \u00a0 \u00a0 \u00a0 \u00a0 \u00a0 \u00a0 \u00a0 \u00a0 \u00a0 \u00a0 \u00a0 \u00a0 \u00a0 \u00a0 \u00a0<em> \u00a0 \u00a0 \u00a0 Imagens: captura de tela das transmiss\u00f5es digitais<\/em><\/p><\/div>\n<p><strong>\u00a0<\/strong><strong>Vila Velha (ES)<\/strong> &#8211; No sexto dia do Oitav\u00e1rio da Festa da Penha (9\/4), a liturgia nos convida a olhar al\u00e9m, ampliar os horizontes, ter um novo jeito de evangeliza\u00e7\u00e3o e convoca\u00e7\u00e3o. Foi esta a proposta deixada pelo Pe. Osmar de Oliveira Braido na sua homilia durante a Celebra\u00e7\u00e3o Eucar\u00edstica, \u00e0s 16 horas, que foi presidida pelo Pe. Celso Porto Nogueira, os dois da Par\u00f3quia S\u00e3o Francisco de Assis, em Vit\u00f3ria (ES). A bela capela do Convento acolheu os sacerdotes da Regi\u00e3o Pastoral de Vit\u00f3ria e da Fraternidade do Convento. Os fi\u00e9is devotos de Nossa Senhora das Alegrias, acompanharam a Missa, com o tema o &#8220;Olhar Mission\u00e1rio, pelas m\u00eddias sociais.<\/p>\n<p>Segundo o pregador, no Evangelho (Jo 21,1-14), Jesus aparece aos seus disc\u00edpulos, desta vez junto ao lago de Tiber\u00edades. &#8220;Agora \u00e9 outro momento e Jesus est\u00e1 pr\u00f3ximo esperando \u00e0 margem. E Cristo pede: &#8216;lancem a rede \u00e0 direita&#8217;. E o que significa esse mandamento? Simplesmente e absolutamente, Cristo quer que sigam a sua Palavra. N\u00e3o podemos agir apenas pelas nossas pr\u00f3prias paix\u00f5es e raz\u00f5es. \u00c9 preciso escutar a voz de Deus, ter discernimento para evangelizar de um modo novo, de uma nova forma&#8221;, considerou Pe. Osmar.<\/p>\n<p><img loading=\"lazy\" class=\"alignnone wp-image-231534 size-full\" src=\"https:\/\/franciscanos.org.br\/noticias\/wp-content\/uploads\/2021\/04\/sextodia_07.jpg\" alt=\"\" width=\"1280\" height=\"720\" srcset=\"https:\/\/franciscanos.org.br\/noticias\/wp-content\/uploads\/2021\/04\/sextodia_07.jpg 1280w, https:\/\/franciscanos.org.br\/noticias\/wp-content\/uploads\/2021\/04\/sextodia_07-450x253.jpg 450w, https:\/\/franciscanos.org.br\/noticias\/wp-content\/uploads\/2021\/04\/sextodia_07-1024x576.jpg 1024w, https:\/\/franciscanos.org.br\/noticias\/wp-content\/uploads\/2021\/04\/sextodia_07-768x432.jpg 768w, https:\/\/franciscanos.org.br\/noticias\/wp-content\/uploads\/2021\/04\/sextodia_07-150x84.jpg 150w\" sizes=\"(max-width: 1280px) 100vw, 1280px\" \/><\/p>\n<p>&#8220;Talvez tenha algu\u00e9m atr\u00e1s da tela se perguntando: &#8216;T\u00e1 padre, ent\u00e3o me diga qual \u00e9 esse novo jeito de evangelizar&#8217;. Digo para voc\u00ea que o conte\u00fado eu sei: anunciar Jesus Cristo. As formas, elas s\u00e3o diversas e s\u00e3o elas que precisamos estar atentos. Escutar a voz de Deus para esta evangeliza\u00e7\u00e3o nova. Talvez seja esse o movimento que precisa nascer entre n\u00f3s: O da escuta a Deus&#8221;, acrescentou.<\/p>\n<p>Segundo Pe. Osmar, h\u00e1 mais de dois mil anos, a Igreja diz: &#8220;O Senhor esteja convosco&#8221; e n\u00f3s respondemos: &#8220;Ele est\u00e1 no meio de n\u00f3s&#8221;. &#8220;E muitas vezes ele passa despercebido e n\u00f3s n\u00e3o escutamos a sua voz. Jesus estava na margem do lago de Tiber\u00edades, mas os disc\u00edpulos n\u00e3o viram. Estava ali o tempo inteiro. Se dissemos que ele est\u00e1 no meio de n\u00f3s, como n\u00f3s respondemos isso? Por apenas express\u00e3o do rito ou porque de fato n\u00f3s sentimos a presen\u00e7a dele no meio de n\u00f3s&#8221;, questionou.<\/p>\n<p><img loading=\"lazy\" class=\"alignnone wp-image-231535 size-full\" src=\"https:\/\/franciscanos.org.br\/noticias\/wp-content\/uploads\/2021\/04\/sextodia_04.jpg\" alt=\"\" width=\"1280\" height=\"720\" srcset=\"https:\/\/franciscanos.org.br\/noticias\/wp-content\/uploads\/2021\/04\/sextodia_04.jpg 1280w, https:\/\/franciscanos.org.br\/noticias\/wp-content\/uploads\/2021\/04\/sextodia_04-450x253.jpg 450w, https:\/\/franciscanos.org.br\/noticias\/wp-content\/uploads\/2021\/04\/sextodia_04-1024x576.jpg 1024w, https:\/\/franciscanos.org.br\/noticias\/wp-content\/uploads\/2021\/04\/sextodia_04-768x432.jpg 768w, https:\/\/franciscanos.org.br\/noticias\/wp-content\/uploads\/2021\/04\/sextodia_04-150x84.jpg 150w\" sizes=\"(max-width: 1280px) 100vw, 1280px\" \/><\/p>\n<p>Pe. Osmar explicou que n\u00e3o se diz &#8220;lan\u00e7ar as redes&#8221;, mas &#8220;lancem a rede&#8221;, no singular. &#8220;Rede significa uni\u00e3o, n\u00e3o d\u00e1 para cada um lan\u00e7ar a rede de qualquer lugar. Tem que ser unido. Tem que ser numa s\u00f3 for\u00e7a. Tem que ser de dentro da mesma barca&#8221;, ensinou.<\/p>\n<p>Portanto, \u00e9 necess\u00e1rio um cora\u00e7\u00e3o amoroso, um cora\u00e7\u00e3o singelo, pac\u00edfico, para reconhecer Jesus. &#8220;Estamos numa mudan\u00e7a de \u00e9poca como sempre diz nosso querido Papa Francisco. Povo de Deus, hoje, com toda essa quest\u00e3o de isolamento, n\u00f3s estamos aproveitando para escutar a Deus? Ou estamos irritados com tanto sil\u00eancio? Dentro de nossas casas, com nossos filhos, paramos para ouvir Deus diante da Palavra de Deus, da Sagrada Escritura, catequizando nossos filhos, fazendo ali essa Igreja dom\u00e9stica, construindo o cora\u00e7\u00e3o de nossos filhos?&#8221;, enfatizou.<\/p>\n<p>O pregador insiste que para em meio \u00e0s decep\u00e7\u00f5es da vida, \u00e9 preciso escutar a voz do Mestre. &#8220;Quando os disc\u00edpulos lan\u00e7am a rede n\u00e3o s\u00e3o capazes de puxar a barca de qu\u00e3o pesada era a rede. Ent\u00e3o, se ouvirmos sua voz, vamos arrebanhar multid\u00f5es para a Igreja. E \u00e9 preciso lan\u00e7ar a rede no outro lado. Nada mais nada menos Cristo est\u00e1 dizendo assim: parem de lan\u00e7ar a rede e de pescar como estavam pescando antes. Lancem de uma outra forma. Peguem os peixes de uma outra forma. E aqui fica uma pergunta para n\u00f3s: Como tem sido o modo de lan\u00e7ar no cora\u00e7\u00e3o das pessoas a palavra de Deus? E isso \u00e9 para todos os crist\u00e3os. Se temos um modelo pr\u00f3prio n\u00e3o estaria, talvez, na hora de modificarmos como isso \u00e9 feito, pois n\u00e3o cabe mais? \u00c9 necess\u00e1rio um novo modo de evangeliza\u00e7\u00e3o. Precisamos quebrar estruturas engessadas, abrir novos horizontes, ter uma vis\u00e3o prof\u00e9tica. Vejam os disc\u00edpulos, eram pescadores experientes. Mas n\u00e3o enxergaram onde estavam os peixes&#8221;, avaliou.<\/p>\n<p><img loading=\"lazy\" class=\"alignnone wp-image-231536 size-full\" src=\"https:\/\/franciscanos.org.br\/noticias\/wp-content\/uploads\/2021\/04\/sextodia_06.jpg\" alt=\"\" width=\"1280\" height=\"720\" srcset=\"https:\/\/franciscanos.org.br\/noticias\/wp-content\/uploads\/2021\/04\/sextodia_06.jpg 1280w, https:\/\/franciscanos.org.br\/noticias\/wp-content\/uploads\/2021\/04\/sextodia_06-450x253.jpg 450w, https:\/\/franciscanos.org.br\/noticias\/wp-content\/uploads\/2021\/04\/sextodia_06-1024x576.jpg 1024w, https:\/\/franciscanos.org.br\/noticias\/wp-content\/uploads\/2021\/04\/sextodia_06-768x432.jpg 768w, https:\/\/franciscanos.org.br\/noticias\/wp-content\/uploads\/2021\/04\/sextodia_06-150x84.jpg 150w\" sizes=\"(max-width: 1280px) 100vw, 1280px\" \/><\/p>\n<p>&#8220;\u00c9 necess\u00e1rio escutar a voz&#8221;, insistiu o pregador. &#8220;Sentir o h\u00e1lito da vida sussurrar no ouvido e seguir sua palavra. Est\u00e3o a cem metros da margem e isso nos ajuda a refletir que nem precisamos ir muito longe. Fa\u00e7amos todos os protocolos necess\u00e1rios para n\u00e3o se infectar com a Covid-19, mas n\u00e3o deixem de evangelizar. Usem da criatividade. Uma delas s\u00e3o as m\u00eddias sociais&#8221;, prop\u00f4s. &#8220;Basta fazer um simples movimento ao contr\u00e1rio para a rede ficar cheia.<\/p>\n<p>Sozinhos, sem Deus, n\u00e3o conseguimos&#8221;, concluiu pedindo a prote\u00e7\u00e3o de Nossa Senhora.<\/p>\n<p>Por \u00faltimo, Frei Pedro Oliveira lembrou que o s\u00e9timo dia do Oitav\u00e1rio da Festa da Penha, neste 10 de abril, come\u00e7a com a B\u00ean\u00e7\u00e3o do dia pela TV Gazeta. Ao meio-dia, o p\u00fablico ser\u00e1 convidado a uma grande corrente de ora\u00e7\u00e3o atrav\u00e9s do Ter\u00e7o Franciscano, que ser\u00e1 transmitido ao vivo nas redes do Convento da Penha. A primeira Missa do Oitav\u00e1rio, \u00e0s 16 horas, ser\u00e1 presidida por Pe. Rodrigo, da \u00c1rea Pastoral Serrana.<\/p>\n<p><img loading=\"lazy\" class=\"alignnone wp-image-231537 size-full\" src=\"https:\/\/franciscanos.org.br\/noticias\/wp-content\/uploads\/2021\/04\/sextodia_05.jpg\" alt=\"\" width=\"1280\" height=\"720\" srcset=\"https:\/\/franciscanos.org.br\/noticias\/wp-content\/uploads\/2021\/04\/sextodia_05.jpg 1280w, https:\/\/franciscanos.org.br\/noticias\/wp-content\/uploads\/2021\/04\/sextodia_05-450x253.jpg 450w, https:\/\/franciscanos.org.br\/noticias\/wp-content\/uploads\/2021\/04\/sextodia_05-1024x576.jpg 1024w, https:\/\/franciscanos.org.br\/noticias\/wp-content\/uploads\/2021\/04\/sextodia_05-768x432.jpg 768w, https:\/\/franciscanos.org.br\/noticias\/wp-content\/uploads\/2021\/04\/sextodia_05-150x84.jpg 150w\" sizes=\"(max-width: 1280px) 100vw, 1280px\" \/><\/p>\n<p>\u00c0s 20 horas, ser\u00e1 realizada a Romaria das Fam\u00edlias. Devido \u00e0 necessidade de manter o distanciamento, a imagem de Nossa Senhora sair\u00e1 do Convento da Penha para ir ao encontro dos fi\u00e9is devotos da Virgem da Penha, percorrendo as ruas e avenidas da Grande Vit\u00f3ria. Se n\u00e3o tivesse a pandemia, neste s\u00e1bado aconteceria a tradicional Romaria dos Homens, o maior evento da Festa da Penha.<\/p>\n<hr \/>\n<p><em>Moacir Beggo<\/em><\/p>\n","protected":false},"excerpt":{"rendered":"<p>Sexto dia do Oitav\u00e1rio da Festa da Penha<\/p>\n","protected":false},"author":3,"featured_media":231538,"comment_status":"open","ping_status":"open","sticky":false,"template":"","format":"standard","meta":[],"categories":[1],"tags":[245],"acf":[],"yoast_head":"<!-- This site is optimized with the Yoast SEO plugin v19.2 - https:\/\/yoast.com\/wordpress\/plugins\/seo\/ -->\n<title>Pe. Osmar: &quot;\u00c9 necess\u00e1rio um cora\u00e7\u00e3o amoroso para reconhecer Jesus&quot; - Not\u00edcias - Franciscanos<\/title>\n<meta name=\"robots\" content=\"index, follow, max-snippet:-1, max-image-preview:large, max-video-preview:-1\" \/>\n<link rel=\"canonical\" href=\"https:\/\/franciscanos.org.br\/noticias\/pe-osmar-e-necessario-um-coracao-amoroso-para-reconhecer-jesus.html\" \/>\n<meta property=\"og:locale\" content=\"pt_BR\" \/>\n<meta property=\"og:type\" content=\"article\" \/>\n<meta property=\"og:title\" content=\"Pe. Osmar: &quot;\u00c9 necess\u00e1rio um cora\u00e7\u00e3o amoroso para reconhecer Jesus&quot; - Not\u00edcias - Franciscanos\" \/>\n<meta property=\"og:description\" content=\"Sexto dia do Oitav\u00e1rio da Festa da Penha\" \/>\n<meta property=\"og:url\" content=\"https:\/\/franciscanos.org.br\/noticias\/pe-osmar-e-necessario-um-coracao-amoroso-para-reconhecer-jesus.html\" \/>\n<meta property=\"og:site_name\" content=\"Not\u00edcias - Franciscanos\" \/>\n<meta property=\"article:published_time\" content=\"2021-04-09T22:22:46+00:00\" \/>\n<meta property=\"og:image\" content=\"https:\/\/franciscanos.org.br\/noticias\/wp-content\/uploads\/2021\/04\/sextodia_01d.jpg\" \/>\n\t<meta property=\"og:image:width\" content=\"800\" \/>\n\t<meta property=\"og:image:height\" content=\"550\" \/>\n\t<meta property=\"og:image:type\" content=\"image\/jpeg\" \/>\n<meta name=\"author\" content=\"moacir\" \/>\n<meta name=\"twitter:card\" content=\"summary_large_image\" \/>\n<meta name=\"twitter:label1\" content=\"Escrito por\" \/>\n\t<meta name=\"twitter:data1\" content=\"moacir\" \/>\n\t<meta name=\"twitter:label2\" content=\"Est. tempo de leitura\" \/>\n\t<meta name=\"twitter:data2\" content=\"5 minutos\" \/>\n<script type=\"application\/ld+json\" class=\"yoast-schema-graph\">{\"@context\":\"https:\/\/schema.org\",\"@graph\":[{\"@type\":\"WebSite\",\"@id\":\"https:\/\/franciscanos.org.br\/noticias\/#website\",\"url\":\"https:\/\/franciscanos.org.br\/noticias\/\",\"name\":\"Not\u00edcias - Franciscanos\",\"description\":\"Prov\u00edncia Franciscana da Imaculada Concei\u00e7\u00e3o do Brasil - Ordem dos Frades Menores - OFM\",\"potentialAction\":[{\"@type\":\"SearchAction\",\"target\":{\"@type\":\"EntryPoint\",\"urlTemplate\":\"https:\/\/franciscanos.org.br\/noticias\/?s={search_term_string}\"},\"query-input\":\"required name=search_term_string\"}],\"inLanguage\":\"pt-BR\"},{\"@type\":\"ImageObject\",\"inLanguage\":\"pt-BR\",\"@id\":\"https:\/\/franciscanos.org.br\/noticias\/pe-osmar-e-necessario-um-coracao-amoroso-para-reconhecer-jesus.html#primaryimage\",\"url\":\"https:\/\/franciscanos.org.br\/noticias\/wp-content\/uploads\/2021\/04\/sextodia_01d.jpg\",\"contentUrl\":\"https:\/\/franciscanos.org.br\/noticias\/wp-content\/uploads\/2021\/04\/sextodia_01d.jpg\",\"width\":800,\"height\":550},{\"@type\":\"WebPage\",\"@id\":\"https:\/\/franciscanos.org.br\/noticias\/pe-osmar-e-necessario-um-coracao-amoroso-para-reconhecer-jesus.html#webpage\",\"url\":\"https:\/\/franciscanos.org.br\/noticias\/pe-osmar-e-necessario-um-coracao-amoroso-para-reconhecer-jesus.html\",\"name\":\"Pe. Osmar: \\\"\u00c9 necess\u00e1rio um cora\u00e7\u00e3o amoroso para reconhecer Jesus\\\" - Not\u00edcias - Franciscanos\",\"isPartOf\":{\"@id\":\"https:\/\/franciscanos.org.br\/noticias\/#website\"},\"primaryImageOfPage\":{\"@id\":\"https:\/\/franciscanos.org.br\/noticias\/pe-osmar-e-necessario-um-coracao-amoroso-para-reconhecer-jesus.html#primaryimage\"},\"datePublished\":\"2021-04-09T22:22:46+00:00\",\"dateModified\":\"2021-04-09T22:22:46+00:00\",\"author\":{\"@id\":\"https:\/\/franciscanos.org.br\/noticias\/#\/schema\/person\/b5c8cba458c330ccff548b056e95a5d4\"},\"breadcrumb\":{\"@id\":\"https:\/\/franciscanos.org.br\/noticias\/pe-osmar-e-necessario-um-coracao-amoroso-para-reconhecer-jesus.html#breadcrumb\"},\"inLanguage\":\"pt-BR\",\"potentialAction\":[{\"@type\":\"ReadAction\",\"target\":[\"https:\/\/franciscanos.org.br\/noticias\/pe-osmar-e-necessario-um-coracao-amoroso-para-reconhecer-jesus.html\"]}]},{\"@type\":\"BreadcrumbList\",\"@id\":\"https:\/\/franciscanos.org.br\/noticias\/pe-osmar-e-necessario-um-coracao-amoroso-para-reconhecer-jesus.html#breadcrumb\",\"itemListElement\":[{\"@type\":\"ListItem\",\"position\":1,\"name\":\"Home\",\"item\":\"https:\/\/franciscanos.org.br\/noticias\"},{\"@type\":\"ListItem\",\"position\":2,\"name\":\"Pe. Osmar: &#8220;\u00c9 necess\u00e1rio um cora\u00e7\u00e3o amoroso para reconhecer Jesus&#8221;\"}]},{\"@type\":\"Person\",\"@id\":\"https:\/\/franciscanos.org.br\/noticias\/#\/schema\/person\/b5c8cba458c330ccff548b056e95a5d4\",\"name\":\"moacir\",\"image\":{\"@type\":\"ImageObject\",\"inLanguage\":\"pt-BR\",\"@id\":\"https:\/\/franciscanos.org.br\/noticias\/#\/schema\/person\/image\/\",\"url\":\"https:\/\/secure.gravatar.com\/avatar\/d08aa2ce4c8dd416d4479aa8536fcf64?s=96&d=mm&r=g\",\"contentUrl\":\"https:\/\/secure.gravatar.com\/avatar\/d08aa2ce4c8dd416d4479aa8536fcf64?s=96&d=mm&r=g\",\"caption\":\"moacir\"},\"url\":\"https:\/\/franciscanos.org.br\/noticias\/author\/moacir\"}]}<\/script>\n<!-- \/ Yoast SEO plugin. -->","yoast_head_json":{"title":"Pe. Osmar: \"\u00c9 necess\u00e1rio um cora\u00e7\u00e3o amoroso para reconhecer Jesus\" - Not\u00edcias - Franciscanos","robots":{"index":"index","follow":"follow","max-snippet":"max-snippet:-1","max-image-preview":"max-image-preview:large","max-video-preview":"max-video-preview:-1"},"canonical":"https:\/\/franciscanos.org.br\/noticias\/pe-osmar-e-necessario-um-coracao-amoroso-para-reconhecer-jesus.html","og_locale":"pt_BR","og_type":"article","og_title":"Pe. Osmar: \"\u00c9 necess\u00e1rio um cora\u00e7\u00e3o amoroso para reconhecer Jesus\" - Not\u00edcias - Franciscanos","og_description":"Sexto dia do Oitav\u00e1rio da Festa da Penha","og_url":"https:\/\/franciscanos.org.br\/noticias\/pe-osmar-e-necessario-um-coracao-amoroso-para-reconhecer-jesus.html","og_site_name":"Not\u00edcias - Franciscanos","article_published_time":"2021-04-09T22:22:46+00:00","og_image":[{"width":800,"height":550,"url":"https:\/\/franciscanos.org.br\/noticias\/wp-content\/uploads\/2021\/04\/sextodia_01d.jpg","type":"image\/jpeg"}],"author":"moacir","twitter_card":"summary_large_image","twitter_misc":{"Escrito por":"moacir","Est. tempo de leitura":"5 minutos"},"schema":{"@context":"https:\/\/schema.org","@graph":[{"@type":"WebSite","@id":"https:\/\/franciscanos.org.br\/noticias\/#website","url":"https:\/\/franciscanos.org.br\/noticias\/","name":"Not\u00edcias - Franciscanos","description":"Prov\u00edncia Franciscana da Imaculada Concei\u00e7\u00e3o do Brasil - Ordem dos Frades Menores - OFM","potentialAction":[{"@type":"SearchAction","target":{"@type":"EntryPoint","urlTemplate":"https:\/\/franciscanos.org.br\/noticias\/?s={search_term_string}"},"query-input":"required name=search_term_string"}],"inLanguage":"pt-BR"},{"@type":"ImageObject","inLanguage":"pt-BR","@id":"https:\/\/franciscanos.org.br\/noticias\/pe-osmar-e-necessario-um-coracao-amoroso-para-reconhecer-jesus.html#primaryimage","url":"https:\/\/franciscanos.org.br\/noticias\/wp-content\/uploads\/2021\/04\/sextodia_01d.jpg","contentUrl":"https:\/\/franciscanos.org.br\/noticias\/wp-content\/uploads\/2021\/04\/sextodia_01d.jpg","width":800,"height":550},{"@type":"WebPage","@id":"https:\/\/franciscanos.org.br\/noticias\/pe-osmar-e-necessario-um-coracao-amoroso-para-reconhecer-jesus.html#webpage","url":"https:\/\/franciscanos.org.br\/noticias\/pe-osmar-e-necessario-um-coracao-amoroso-para-reconhecer-jesus.html","name":"Pe. Osmar: \"\u00c9 necess\u00e1rio um cora\u00e7\u00e3o amoroso para reconhecer Jesus\" - Not\u00edcias - Franciscanos","isPartOf":{"@id":"https:\/\/franciscanos.org.br\/noticias\/#website"},"primaryImageOfPage":{"@id":"https:\/\/franciscanos.org.br\/noticias\/pe-osmar-e-necessario-um-coracao-amoroso-para-reconhecer-jesus.html#primaryimage"},"datePublished":"2021-04-09T22:22:46+00:00","dateModified":"2021-04-09T22:22:46+00:00","author":{"@id":"https:\/\/franciscanos.org.br\/noticias\/#\/schema\/person\/b5c8cba458c330ccff548b056e95a5d4"},"breadcrumb":{"@id":"https:\/\/franciscanos.org.br\/noticias\/pe-osmar-e-necessario-um-coracao-amoroso-para-reconhecer-jesus.html#breadcrumb"},"inLanguage":"pt-BR","potentialAction":[{"@type":"ReadAction","target":["https:\/\/franciscanos.org.br\/noticias\/pe-osmar-e-necessario-um-coracao-amoroso-para-reconhecer-jesus.html"]}]},{"@type":"BreadcrumbList","@id":"https:\/\/franciscanos.org.br\/noticias\/pe-osmar-e-necessario-um-coracao-amoroso-para-reconhecer-jesus.html#breadcrumb","itemListElement":[{"@type":"ListItem","position":1,"name":"Home","item":"https:\/\/franciscanos.org.br\/noticias"},{"@type":"ListItem","position":2,"name":"Pe. Osmar: &#8220;\u00c9 necess\u00e1rio um cora\u00e7\u00e3o amoroso para reconhecer Jesus&#8221;"}]},{"@type":"Person","@id":"https:\/\/franciscanos.org.br\/noticias\/#\/schema\/person\/b5c8cba458c330ccff548b056e95a5d4","name":"moacir","image":{"@type":"ImageObject","inLanguage":"pt-BR","@id":"https:\/\/franciscanos.org.br\/noticias\/#\/schema\/person\/image\/","url":"https:\/\/secure.gravatar.com\/avatar\/d08aa2ce4c8dd416d4479aa8536fcf64?s=96&d=mm&r=g","contentUrl":"https:\/\/secure.gravatar.com\/avatar\/d08aa2ce4c8dd416d4479aa8536fcf64?s=96&d=mm&r=g","caption":"moacir"},"url":"https:\/\/franciscanos.org.br\/noticias\/author\/moacir"}]}},"_links":{"self":[{"href":"https:\/\/franciscanos.org.br\/noticias\/wp-json\/wp\/v2\/posts\/231532"}],"collection":[{"href":"https:\/\/franciscanos.org.br\/noticias\/wp-json\/wp\/v2\/posts"}],"about":[{"href":"https:\/\/franciscanos.org.br\/noticias\/wp-json\/wp\/v2\/types\/post"}],"author":[{"embeddable":true,"href":"https:\/\/franciscanos.org.br\/noticias\/wp-json\/wp\/v2\/users\/3"}],"replies":[{"embeddable":true,"href":"https:\/\/franciscanos.org.br\/noticias\/wp-json\/wp\/v2\/comments?post=231532"}],"version-history":[{"count":1,"href":"https:\/\/franciscanos.org.br\/noticias\/wp-json\/wp\/v2\/posts\/231532\/revisions"}],"predecessor-version":[{"id":231539,"href":"https:\/\/franciscanos.org.br\/noticias\/wp-json\/wp\/v2\/posts\/231532\/revisions\/231539"}],"wp:featuredmedia":[{"embeddable":true,"href":"https:\/\/franciscanos.org.br\/noticias\/wp-json\/wp\/v2\/media\/231538"}],"wp:attachment":[{"href":"https:\/\/franciscanos.org.br\/noticias\/wp-json\/wp\/v2\/media?parent=231532"}],"wp:term":[{"taxonomy":"category","embeddable":true,"href":"https:\/\/franciscanos.org.br\/noticias\/wp-json\/wp\/v2\/categories?post=231532"},{"taxonomy":"post_tag","embeddable":true,"href":"https:\/\/franciscanos.org.br\/noticias\/wp-json\/wp\/v2\/tags?post=231532"}],"curies":[{"name":"wp","href":"https:\/\/api.w.org\/{rel}","templated":true}]}}