{"id":231518,"date":"2021-04-09T07:11:17","date_gmt":"2021-04-09T10:11:17","guid":{"rendered":"https:\/\/franciscanos.org.br\/noticias\/?p=231518"},"modified":"2021-04-09T07:11:17","modified_gmt":"2021-04-09T10:11:17","slug":"paroquia-porciuncula-de-santana-tem-interprete-de-libras-nas-missas","status":"publish","type":"post","link":"https:\/\/franciscanos.org.br\/noticias\/paroquia-porciuncula-de-santana-tem-interprete-de-libras-nas-missas.html","title":{"rendered":"Par\u00f3quia Porci\u00fancula de Sant\u2019Ana tem int\u00e9rprete de Libras nas Missas"},"content":{"rendered":"<p><img loading=\"lazy\" class=\"alignnone wp-image-231519 size-full\" src=\"https:\/\/franciscanos.org.br\/noticias\/wp-content\/uploads\/2021\/04\/libras_01.png\" alt=\"\" width=\"1080\" height=\"915\" srcset=\"https:\/\/franciscanos.org.br\/noticias\/wp-content\/uploads\/2021\/04\/libras_01.png 1080w, https:\/\/franciscanos.org.br\/noticias\/wp-content\/uploads\/2021\/04\/libras_01-450x381.png 450w, https:\/\/franciscanos.org.br\/noticias\/wp-content\/uploads\/2021\/04\/libras_01-1024x868.png 1024w, https:\/\/franciscanos.org.br\/noticias\/wp-content\/uploads\/2021\/04\/libras_01-768x651.png 768w, https:\/\/franciscanos.org.br\/noticias\/wp-content\/uploads\/2021\/04\/libras_01-150x127.png 150w\" sizes=\"(max-width: 1080px) 100vw, 1080px\" \/><\/p>\n<p>A Par\u00f3quia Porci\u00fancula de Sant\u2019Ana, em Niter\u00f3i(RJ), celebra o in\u00edcio da interpreta\u00e7\u00e3o de Libras em suas Missas on-line. A necessidade de isolamento com a pandemia, impossibilitou a presen\u00e7a de muitos fi\u00e9is nas celebra\u00e7\u00f5es. Diante da grande participa\u00e7\u00e3o da comunidade surda e a import\u00e2ncia da acessibilidade, a partir deste domingo, 11 de abril, na transmiss\u00e3o da Missa das 11h, ter\u00e1 uma janela de interpreta\u00e7\u00e3o em Libras.<\/p>\n<p>A Pastoral do Surdo da Porci\u00fancula, que comemora seus 20 anos em julho deste ano, tem um trabalho pioneiro na cidade de Niter\u00f3i. A Pastoral, como informa a int\u00e9rprete Marilene Gon\u00e7alves, tem como miss\u00e3o tornar o surdo em agente transformador: \u201cAtrav\u00e9s do int\u00e9rprete, o surdo tem acesso \u00e0s celebra\u00e7\u00f5es, sacramentos, forma\u00e7\u00f5es. O objetivo da pastoral \u00e9 tornar o surdo protagonista, o pr\u00f3prio agente transformador. \u00c9 o surdo que evangeliza o surdo; \u00e9 o surdo que catequiza, torna-se ministro, palestrante, mas ele precisa de n\u00f3s como int\u00e9rpretes para comunica\u00e7\u00e3o\u201d, explicou Marilene.<\/p>\n<p>Esse \u00e9 um pedido do Papa Francisco: \u201cA inclus\u00e3o deveria ser a \u2018rocha\u2019 sobre a qual construir os programas&#8230; Espero tamb\u00e9m que os mesmos sejam disponibilizados, da forma mais gratuita poss\u00edvel \u00e0queles que precisam deles, inclusivamente atrav\u00e9s das novas tecnologias que se revelaram t\u00e3o importantes para todos neste per\u00edodo de pandemia\u201d, escreveu Francisco no Dia Internacional das Pessoas com Defici\u00eancias de 2020. Esse data \u00e9 celebrada sempre no dia 3 de dezembro.<\/p>\n<p>\u201cAssim, como o ouvinte consegue em casa acompanhar as celebra\u00e7\u00f5es, o surdo, atrav\u00e9s do int\u00e9rprete, tamb\u00e9m pode acompanhar e participar de tudo. Agradecemos a nossa Par\u00f3quia pela iniciativa\u201d, afirmou Marilene Gon\u00e7alves.<\/p>\n<p>Todos s\u00e3o convidados para acompanhar nossas celebra\u00e7\u00f5es on-line e tamb\u00e9m aos domingos, \u00e0s 11h, a Missa com interpreta\u00e7\u00e3o em Libras.<\/p>\n<p>As transmiss\u00f5es acontecem pelo Facebook e Youtube da Par\u00f3quia Porci\u00fancula de Sant\u2019Ana, nos endere\u00e7os:<br \/>\n<strong>Facebook: https:\/\/www.facebook.com\/porciunculadesantana<\/strong><br \/>\n<strong>Youtube: https:\/\/www.youtube.com\/porciunculaniteroitv<\/strong><\/p>\n<hr \/>\n<p><em>Larissa Rodrigues<\/em><\/p>\n","protected":false},"excerpt":{"rendered":"<p>Par\u00f3quia Porci\u00fancula de Sant\u2019Ana<\/p>\n","protected":false},"author":3,"featured_media":231520,"comment_status":"open","ping_status":"open","sticky":false,"template":"","format":"standard","meta":[],"categories":[1],"tags":[1842],"acf":[],"yoast_head":"<!-- This site is optimized with the Yoast SEO plugin v19.2 - https:\/\/yoast.com\/wordpress\/plugins\/seo\/ -->\n<title>Par\u00f3quia Porci\u00fancula de Sant\u2019Ana tem int\u00e9rprete de Libras nas Missas - Not\u00edcias - Franciscanos<\/title>\n<meta name=\"robots\" content=\"index, follow, max-snippet:-1, max-image-preview:large, max-video-preview:-1\" \/>\n<link rel=\"canonical\" href=\"https:\/\/franciscanos.org.br\/noticias\/paroquia-porciuncula-de-santana-tem-interprete-de-libras-nas-missas.html\" \/>\n<meta property=\"og:locale\" content=\"pt_BR\" \/>\n<meta property=\"og:type\" content=\"article\" \/>\n<meta property=\"og:title\" content=\"Par\u00f3quia Porci\u00fancula de Sant\u2019Ana tem int\u00e9rprete de Libras nas Missas - Not\u00edcias - Franciscanos\" \/>\n<meta property=\"og:description\" content=\"Par\u00f3quia Porci\u00fancula de Sant\u2019Ana\" \/>\n<meta property=\"og:url\" content=\"https:\/\/franciscanos.org.br\/noticias\/paroquia-porciuncula-de-santana-tem-interprete-de-libras-nas-missas.html\" \/>\n<meta property=\"og:site_name\" content=\"Not\u00edcias - Franciscanos\" \/>\n<meta property=\"article:published_time\" content=\"2021-04-09T10:11:17+00:00\" \/>\n<meta property=\"og:image\" content=\"https:\/\/franciscanos.org.br\/noticias\/wp-content\/uploads\/2021\/04\/libras_01d.png\" \/>\n\t<meta property=\"og:image:width\" content=\"800\" \/>\n\t<meta property=\"og:image:height\" content=\"600\" \/>\n\t<meta property=\"og:image:type\" content=\"image\/png\" \/>\n<meta name=\"author\" content=\"moacir\" \/>\n<meta name=\"twitter:card\" content=\"summary_large_image\" \/>\n<meta name=\"twitter:label1\" content=\"Escrito por\" \/>\n\t<meta name=\"twitter:data1\" content=\"moacir\" \/>\n\t<meta name=\"twitter:label2\" content=\"Est. tempo de leitura\" \/>\n\t<meta name=\"twitter:data2\" content=\"2 minutos\" \/>\n<script type=\"application\/ld+json\" class=\"yoast-schema-graph\">{\"@context\":\"https:\/\/schema.org\",\"@graph\":[{\"@type\":\"WebSite\",\"@id\":\"https:\/\/franciscanos.org.br\/noticias\/#website\",\"url\":\"https:\/\/franciscanos.org.br\/noticias\/\",\"name\":\"Not\u00edcias - Franciscanos\",\"description\":\"Prov\u00edncia Franciscana da Imaculada Concei\u00e7\u00e3o do Brasil - Ordem dos Frades Menores - OFM\",\"potentialAction\":[{\"@type\":\"SearchAction\",\"target\":{\"@type\":\"EntryPoint\",\"urlTemplate\":\"https:\/\/franciscanos.org.br\/noticias\/?s={search_term_string}\"},\"query-input\":\"required name=search_term_string\"}],\"inLanguage\":\"pt-BR\"},{\"@type\":\"ImageObject\",\"inLanguage\":\"pt-BR\",\"@id\":\"https:\/\/franciscanos.org.br\/noticias\/paroquia-porciuncula-de-santana-tem-interprete-de-libras-nas-missas.html#primaryimage\",\"url\":\"https:\/\/franciscanos.org.br\/noticias\/wp-content\/uploads\/2021\/04\/libras_01d.png\",\"contentUrl\":\"https:\/\/franciscanos.org.br\/noticias\/wp-content\/uploads\/2021\/04\/libras_01d.png\",\"width\":800,\"height\":600},{\"@type\":\"WebPage\",\"@id\":\"https:\/\/franciscanos.org.br\/noticias\/paroquia-porciuncula-de-santana-tem-interprete-de-libras-nas-missas.html#webpage\",\"url\":\"https:\/\/franciscanos.org.br\/noticias\/paroquia-porciuncula-de-santana-tem-interprete-de-libras-nas-missas.html\",\"name\":\"Par\u00f3quia Porci\u00fancula de Sant\u2019Ana tem int\u00e9rprete de Libras nas Missas - Not\u00edcias - Franciscanos\",\"isPartOf\":{\"@id\":\"https:\/\/franciscanos.org.br\/noticias\/#website\"},\"primaryImageOfPage\":{\"@id\":\"https:\/\/franciscanos.org.br\/noticias\/paroquia-porciuncula-de-santana-tem-interprete-de-libras-nas-missas.html#primaryimage\"},\"datePublished\":\"2021-04-09T10:11:17+00:00\",\"dateModified\":\"2021-04-09T10:11:17+00:00\",\"author\":{\"@id\":\"https:\/\/franciscanos.org.br\/noticias\/#\/schema\/person\/b5c8cba458c330ccff548b056e95a5d4\"},\"breadcrumb\":{\"@id\":\"https:\/\/franciscanos.org.br\/noticias\/paroquia-porciuncula-de-santana-tem-interprete-de-libras-nas-missas.html#breadcrumb\"},\"inLanguage\":\"pt-BR\",\"potentialAction\":[{\"@type\":\"ReadAction\",\"target\":[\"https:\/\/franciscanos.org.br\/noticias\/paroquia-porciuncula-de-santana-tem-interprete-de-libras-nas-missas.html\"]}]},{\"@type\":\"BreadcrumbList\",\"@id\":\"https:\/\/franciscanos.org.br\/noticias\/paroquia-porciuncula-de-santana-tem-interprete-de-libras-nas-missas.html#breadcrumb\",\"itemListElement\":[{\"@type\":\"ListItem\",\"position\":1,\"name\":\"Home\",\"item\":\"https:\/\/franciscanos.org.br\/noticias\"},{\"@type\":\"ListItem\",\"position\":2,\"name\":\"Par\u00f3quia Porci\u00fancula de Sant\u2019Ana tem int\u00e9rprete de Libras nas Missas\"}]},{\"@type\":\"Person\",\"@id\":\"https:\/\/franciscanos.org.br\/noticias\/#\/schema\/person\/b5c8cba458c330ccff548b056e95a5d4\",\"name\":\"moacir\",\"image\":{\"@type\":\"ImageObject\",\"inLanguage\":\"pt-BR\",\"@id\":\"https:\/\/franciscanos.org.br\/noticias\/#\/schema\/person\/image\/\",\"url\":\"https:\/\/secure.gravatar.com\/avatar\/d08aa2ce4c8dd416d4479aa8536fcf64?s=96&d=mm&r=g\",\"contentUrl\":\"https:\/\/secure.gravatar.com\/avatar\/d08aa2ce4c8dd416d4479aa8536fcf64?s=96&d=mm&r=g\",\"caption\":\"moacir\"},\"url\":\"https:\/\/franciscanos.org.br\/noticias\/author\/moacir\"}]}<\/script>\n<!-- \/ Yoast SEO plugin. -->","yoast_head_json":{"title":"Par\u00f3quia Porci\u00fancula de Sant\u2019Ana tem int\u00e9rprete de Libras nas Missas - Not\u00edcias - Franciscanos","robots":{"index":"index","follow":"follow","max-snippet":"max-snippet:-1","max-image-preview":"max-image-preview:large","max-video-preview":"max-video-preview:-1"},"canonical":"https:\/\/franciscanos.org.br\/noticias\/paroquia-porciuncula-de-santana-tem-interprete-de-libras-nas-missas.html","og_locale":"pt_BR","og_type":"article","og_title":"Par\u00f3quia Porci\u00fancula de Sant\u2019Ana tem int\u00e9rprete de Libras nas Missas - Not\u00edcias - Franciscanos","og_description":"Par\u00f3quia Porci\u00fancula de Sant\u2019Ana","og_url":"https:\/\/franciscanos.org.br\/noticias\/paroquia-porciuncula-de-santana-tem-interprete-de-libras-nas-missas.html","og_site_name":"Not\u00edcias - Franciscanos","article_published_time":"2021-04-09T10:11:17+00:00","og_image":[{"width":800,"height":600,"url":"https:\/\/franciscanos.org.br\/noticias\/wp-content\/uploads\/2021\/04\/libras_01d.png","type":"image\/png"}],"author":"moacir","twitter_card":"summary_large_image","twitter_misc":{"Escrito por":"moacir","Est. tempo de leitura":"2 minutos"},"schema":{"@context":"https:\/\/schema.org","@graph":[{"@type":"WebSite","@id":"https:\/\/franciscanos.org.br\/noticias\/#website","url":"https:\/\/franciscanos.org.br\/noticias\/","name":"Not\u00edcias - Franciscanos","description":"Prov\u00edncia Franciscana da Imaculada Concei\u00e7\u00e3o do Brasil - Ordem dos Frades Menores - OFM","potentialAction":[{"@type":"SearchAction","target":{"@type":"EntryPoint","urlTemplate":"https:\/\/franciscanos.org.br\/noticias\/?s={search_term_string}"},"query-input":"required name=search_term_string"}],"inLanguage":"pt-BR"},{"@type":"ImageObject","inLanguage":"pt-BR","@id":"https:\/\/franciscanos.org.br\/noticias\/paroquia-porciuncula-de-santana-tem-interprete-de-libras-nas-missas.html#primaryimage","url":"https:\/\/franciscanos.org.br\/noticias\/wp-content\/uploads\/2021\/04\/libras_01d.png","contentUrl":"https:\/\/franciscanos.org.br\/noticias\/wp-content\/uploads\/2021\/04\/libras_01d.png","width":800,"height":600},{"@type":"WebPage","@id":"https:\/\/franciscanos.org.br\/noticias\/paroquia-porciuncula-de-santana-tem-interprete-de-libras-nas-missas.html#webpage","url":"https:\/\/franciscanos.org.br\/noticias\/paroquia-porciuncula-de-santana-tem-interprete-de-libras-nas-missas.html","name":"Par\u00f3quia Porci\u00fancula de Sant\u2019Ana tem int\u00e9rprete de Libras nas Missas - Not\u00edcias - Franciscanos","isPartOf":{"@id":"https:\/\/franciscanos.org.br\/noticias\/#website"},"primaryImageOfPage":{"@id":"https:\/\/franciscanos.org.br\/noticias\/paroquia-porciuncula-de-santana-tem-interprete-de-libras-nas-missas.html#primaryimage"},"datePublished":"2021-04-09T10:11:17+00:00","dateModified":"2021-04-09T10:11:17+00:00","author":{"@id":"https:\/\/franciscanos.org.br\/noticias\/#\/schema\/person\/b5c8cba458c330ccff548b056e95a5d4"},"breadcrumb":{"@id":"https:\/\/franciscanos.org.br\/noticias\/paroquia-porciuncula-de-santana-tem-interprete-de-libras-nas-missas.html#breadcrumb"},"inLanguage":"pt-BR","potentialAction":[{"@type":"ReadAction","target":["https:\/\/franciscanos.org.br\/noticias\/paroquia-porciuncula-de-santana-tem-interprete-de-libras-nas-missas.html"]}]},{"@type":"BreadcrumbList","@id":"https:\/\/franciscanos.org.br\/noticias\/paroquia-porciuncula-de-santana-tem-interprete-de-libras-nas-missas.html#breadcrumb","itemListElement":[{"@type":"ListItem","position":1,"name":"Home","item":"https:\/\/franciscanos.org.br\/noticias"},{"@type":"ListItem","position":2,"name":"Par\u00f3quia Porci\u00fancula de Sant\u2019Ana tem int\u00e9rprete de Libras nas Missas"}]},{"@type":"Person","@id":"https:\/\/franciscanos.org.br\/noticias\/#\/schema\/person\/b5c8cba458c330ccff548b056e95a5d4","name":"moacir","image":{"@type":"ImageObject","inLanguage":"pt-BR","@id":"https:\/\/franciscanos.org.br\/noticias\/#\/schema\/person\/image\/","url":"https:\/\/secure.gravatar.com\/avatar\/d08aa2ce4c8dd416d4479aa8536fcf64?s=96&d=mm&r=g","contentUrl":"https:\/\/secure.gravatar.com\/avatar\/d08aa2ce4c8dd416d4479aa8536fcf64?s=96&d=mm&r=g","caption":"moacir"},"url":"https:\/\/franciscanos.org.br\/noticias\/author\/moacir"}]}},"_links":{"self":[{"href":"https:\/\/franciscanos.org.br\/noticias\/wp-json\/wp\/v2\/posts\/231518"}],"collection":[{"href":"https:\/\/franciscanos.org.br\/noticias\/wp-json\/wp\/v2\/posts"}],"about":[{"href":"https:\/\/franciscanos.org.br\/noticias\/wp-json\/wp\/v2\/types\/post"}],"author":[{"embeddable":true,"href":"https:\/\/franciscanos.org.br\/noticias\/wp-json\/wp\/v2\/users\/3"}],"replies":[{"embeddable":true,"href":"https:\/\/franciscanos.org.br\/noticias\/wp-json\/wp\/v2\/comments?post=231518"}],"version-history":[{"count":1,"href":"https:\/\/franciscanos.org.br\/noticias\/wp-json\/wp\/v2\/posts\/231518\/revisions"}],"predecessor-version":[{"id":231521,"href":"https:\/\/franciscanos.org.br\/noticias\/wp-json\/wp\/v2\/posts\/231518\/revisions\/231521"}],"wp:featuredmedia":[{"embeddable":true,"href":"https:\/\/franciscanos.org.br\/noticias\/wp-json\/wp\/v2\/media\/231520"}],"wp:attachment":[{"href":"https:\/\/franciscanos.org.br\/noticias\/wp-json\/wp\/v2\/media?parent=231518"}],"wp:term":[{"taxonomy":"category","embeddable":true,"href":"https:\/\/franciscanos.org.br\/noticias\/wp-json\/wp\/v2\/categories?post=231518"},{"taxonomy":"post_tag","embeddable":true,"href":"https:\/\/franciscanos.org.br\/noticias\/wp-json\/wp\/v2\/tags?post=231518"}],"curies":[{"name":"wp","href":"https:\/\/api.w.org\/{rel}","templated":true}]}}