{"id":231504,"date":"2021-04-08T19:49:35","date_gmt":"2021-04-08T22:49:35","guid":{"rendered":"https:\/\/franciscanos.org.br\/noticias\/?p=231504"},"modified":"2021-04-08T20:09:40","modified_gmt":"2021-04-08T23:09:40","slug":"a-irma-morte-visita-o-convento-da-penha-na-oitava-da-pascoa","status":"publish","type":"post","link":"https:\/\/franciscanos.org.br\/noticias\/a-irma-morte-visita-o-convento-da-penha-na-oitava-da-pascoa.html","title":{"rendered":"A &#8220;Irm\u00e3 Morte&#8221; visita o Convento da Penha na Oitava da P\u00e1scoa"},"content":{"rendered":"<div id=\"attachment_231505\" style=\"width: 1290px\" class=\"wp-caption alignnone\"><img aria-describedby=\"caption-attachment-231505\" loading=\"lazy\" class=\"wp-image-231505 size-full\" src=\"https:\/\/franciscanos.org.br\/noticias\/wp-content\/uploads\/2021\/04\/adami_02.jpg\" alt=\"\" width=\"1280\" height=\"720\" srcset=\"https:\/\/franciscanos.org.br\/noticias\/wp-content\/uploads\/2021\/04\/adami_02.jpg 1280w, https:\/\/franciscanos.org.br\/noticias\/wp-content\/uploads\/2021\/04\/adami_02-450x253.jpg 450w, https:\/\/franciscanos.org.br\/noticias\/wp-content\/uploads\/2021\/04\/adami_02-1024x576.jpg 1024w, https:\/\/franciscanos.org.br\/noticias\/wp-content\/uploads\/2021\/04\/adami_02-768x432.jpg 768w, https:\/\/franciscanos.org.br\/noticias\/wp-content\/uploads\/2021\/04\/adami_02-150x84.jpg 150w\" sizes=\"(max-width: 1280px) 100vw, 1280px\" \/><p id=\"caption-attachment-231505\" class=\"wp-caption-text\"><em>\u00a0 \u00a0 \u00a0 \u00a0 \u00a0 \u00a0 \u00a0 \u00a0 \u00a0 \u00a0 \u00a0 \u00a0 \u00a0 \u00a0 \u00a0 \u00a0 \u00a0 \u00a0 \u00a0 \u00a0 \u00a0 \u00a0 \u00a0 \u00a0 \u00a0 \u00a0 \u00a0 \u00a0 \u00a0 \u00a0 \u00a0 \u00a0 \u00a0 \u00a0 \u00a0 \u00a0 \u00a0 \u00a0 \u00a0 \u00a0 \u00a0 \u00a0 \u00a0 \u00a0 \u00a0 \u00a0 Imagens: captura de tela das transmiss\u00f5es pelas m\u00eddias digitais<\/em><\/p><\/div>\n<p><strong>Vila Velha (ES)<\/strong> &#8211; Na celebra\u00e7\u00e3o de Ex\u00e9quias pela alma de Frei Luiz Fl\u00e1vio Adami Loureiro, que faleceu hoje, \u00e0s 5h50, havia serenidade, apesar da saudade que j\u00e1 se instalou nos cora\u00e7\u00f5es dos capixabas e de tantas pessoas por onde o frade passou evangelizando. Na Missa tamb\u00e9m do quinto dia do Oitav\u00e1rio da Festa da Penha, que est\u00e1 sendo celebrado na bela capela do Convento, desta vez foi no altar do Campinho, de frente para a Capelinha de S\u00e3o Francisco de Assis, onde ficou o caix\u00e3o com o corpo do frade v\u00edtima da Covid-19.<\/p>\n<p>Amavelmente, o confrade Dom Dario Campos, Arcebispo de Vit\u00f3ria, subiu ao Morro da Penha para presidir a celebra\u00e7\u00e3o de despedida. Com ele, presentes os frades das duas fraternidades de Vila Velha, o Vig\u00e1rio Provincial Frei Gustavo Medella, que transmitiu o abra\u00e7o apertado e cheio de solidariedade do Ministro Provincial Frei C\u00e9sar K\u00fclkamp. Presentes tamb\u00e9m os sacerdotes da \u00c1rea Pastoral Serra-Fund\u00e3o, que hoje ficariam respons\u00e1veis pela celebra\u00e7\u00e3o do Oit\u00e1vario, e os familiares de Frei Luiz. Devido \u00e0s restri\u00e7\u00f5es sanit\u00e1rias, o povo s\u00f3 p\u00f4de acompanhar pelas m\u00eddias sociais.<\/p>\n<p><img loading=\"lazy\" class=\"alignnone wp-image-231506 size-full\" src=\"https:\/\/franciscanos.org.br\/noticias\/wp-content\/uploads\/2021\/04\/adami_01.jpg\" alt=\"\" width=\"1280\" height=\"720\" srcset=\"https:\/\/franciscanos.org.br\/noticias\/wp-content\/uploads\/2021\/04\/adami_01.jpg 1280w, https:\/\/franciscanos.org.br\/noticias\/wp-content\/uploads\/2021\/04\/adami_01-450x253.jpg 450w, https:\/\/franciscanos.org.br\/noticias\/wp-content\/uploads\/2021\/04\/adami_01-1024x576.jpg 1024w, https:\/\/franciscanos.org.br\/noticias\/wp-content\/uploads\/2021\/04\/adami_01-768x432.jpg 768w, https:\/\/franciscanos.org.br\/noticias\/wp-content\/uploads\/2021\/04\/adami_01-150x84.jpg 150w\" sizes=\"(max-width: 1280px) 100vw, 1280px\" \/><\/p>\n<p>No in\u00edcio da celebra\u00e7\u00e3o, Frei Gustavo destacou os principais pontos da biografia de Frei Luiz e falou do quanto era querido em todos os lugares por onde passou. Foi uma celebra\u00e7\u00e3o de saudade, esperan\u00e7a e emo\u00e7\u00e3o. Dom Dario emocionou a todos quando pediu no final de sua reflex\u00e3o para que cantassem &#8220;Com minha M\u00e3e estarei&#8221;. <strong><a href=\"https:\/\/franciscanos.org.br\/noticias\/falece-frei-luiz-flavio-loureiro-aos-72-anos.html#gsc.tab=0\">VEJA TODA A BIOGRAFIA<\/a><\/strong><\/p>\n<p>Ele abriu sua reflex\u00e3o com S\u00e3o Francisco de Assis, citando o C\u00e2ntico das Criaturas: &#8220;Louvado sejas, meu Senhor, pela irm\u00e3 morte corporal a qual um homem vivente pode escapar&#8221;. &#8220;Com palavras semelhantes a estas, o nosso Pai S\u00e3o Francisco refletia sobre a sua pr\u00f3pria morte e sobre a morte de todos os homens e mulheres desta terra. S\u00e3o Francisco de Assis abra\u00e7ava mansa e humildemente o findar do seu caminhar neste mundo, entregando-se nas m\u00e3os amorosas do Ser\u00e1fico, o Cristo Crucificado, que o conduziria at\u00e9 a Casa do Pai&#8221;, disse.<\/p>\n<p>Dom Dario, lembrou que nesses dias solenes da Oitava da P\u00e1scoa e no percurso do Oitav\u00e1rio da Virgem da Penha, a Nossas Senhora das Alegrias, a nossa irm\u00e3 morte visitou o Convento da Penha e levou consigo o irm\u00e3o Frei Luiz Fl\u00e1vio Loureiro. &#8220;Foram muitos anos de entrega da vida, do compromisso com o Evangelho de Jesus Cristo, vivenciado com o carisma e apostolado franciscano. Assim, ao passar por n\u00f3s, a nossa irm\u00e3 morte o leva consigo sem conseguir, por\u00e9m, apagar da mem\u00f3ria o que o nosso irm\u00e3o foi para todos que o conheceram e conviveram com ele&#8221;, observou.<\/p>\n<p><img loading=\"lazy\" class=\"alignnone wp-image-231507 size-full\" src=\"https:\/\/franciscanos.org.br\/noticias\/wp-content\/uploads\/2021\/04\/adami_07.jpg\" alt=\"\" width=\"1280\" height=\"720\" srcset=\"https:\/\/franciscanos.org.br\/noticias\/wp-content\/uploads\/2021\/04\/adami_07.jpg 1280w, https:\/\/franciscanos.org.br\/noticias\/wp-content\/uploads\/2021\/04\/adami_07-450x253.jpg 450w, https:\/\/franciscanos.org.br\/noticias\/wp-content\/uploads\/2021\/04\/adami_07-1024x576.jpg 1024w, https:\/\/franciscanos.org.br\/noticias\/wp-content\/uploads\/2021\/04\/adami_07-768x432.jpg 768w, https:\/\/franciscanos.org.br\/noticias\/wp-content\/uploads\/2021\/04\/adami_07-150x84.jpg 150w\" sizes=\"(max-width: 1280px) 100vw, 1280px\" \/><\/p>\n<p>Segundo o Arcebispo, &#8220;a morte de nosso irm\u00e3o se une a tantos e tantas irm\u00e3s e irm\u00e3os nossos que se foram nesse momento de grande dor e sofrimento, o qual a humanidade inteira est\u00e1 sendo provada. Nossa fam\u00edlia, hoje, chora pela perda desse nosso amado irm\u00e3o, partilha do sofrimento e perdas impostas a tantas fam\u00edlias no nosso pa\u00eds e no mundo inteiro&#8221;, recordou.<\/p>\n<p>&#8220;Que o Senhor Nosso Deus conceda o repouso eterno aos que partiram, a paz a todos os que ficaram, a for\u00e7a e a coragem e o vigor aos que cuidam dos doentes e necessitados. Pedimos, sobretudo, nesse tempo de pandemia que o Senhor conceda aos que nos governam a lucidez necess\u00e1ria e o compromisso concreto com a defesa da vida, a fim de que se empenhem no combate concreto com a defesa da vida, a fim de que se empenhem no combate da escalada da morte que temos visto, unidos da ci\u00eancia e convocando toda a sociedade na mesma tarefa humanit\u00e1ria&#8221;, pediu.<\/p>\n<p>Dom Dario, dirigindo-se \u00e0 Viagem da Penha, disse: &#8220;Que a M\u00e3e que hoje volveu sobre o nosso irm\u00e3o Frei Luiz o seu olhar compassivo e amoroso, o apresente ao seu Filho Jesus, a fim de que o acolha na vida eterna. Voltai para n\u00f3s o seu olhar, oh Santa M\u00e3e de Deus, e alegrai-nos com a for\u00e7a e o vigor do Evangelho do seu Filho Jesus Cristo&#8221;, concluiu.<\/p>\n<p><img loading=\"lazy\" class=\"alignnone wp-image-231508 size-full\" src=\"https:\/\/franciscanos.org.br\/noticias\/wp-content\/uploads\/2021\/04\/adami_12.jpg\" alt=\"\" width=\"1280\" height=\"720\" srcset=\"https:\/\/franciscanos.org.br\/noticias\/wp-content\/uploads\/2021\/04\/adami_12.jpg 1280w, https:\/\/franciscanos.org.br\/noticias\/wp-content\/uploads\/2021\/04\/adami_12-450x253.jpg 450w, https:\/\/franciscanos.org.br\/noticias\/wp-content\/uploads\/2021\/04\/adami_12-1024x576.jpg 1024w, https:\/\/franciscanos.org.br\/noticias\/wp-content\/uploads\/2021\/04\/adami_12-768x432.jpg 768w, https:\/\/franciscanos.org.br\/noticias\/wp-content\/uploads\/2021\/04\/adami_12-150x84.jpg 150w\" sizes=\"(max-width: 1280px) 100vw, 1280px\" \/><\/p>\n<p>Dom Dario agradeceu, efusivamente, as manifesta\u00e7\u00f5es de solidariedade e carinho que recebeu. As mensagens vieram de todas as partes do pa\u00eds, especialmente do Regional Leste da CNBB. O Arcebispo agradeceu ao povo capixaba, \u00e0 Arquidiocese, aos frades do Convento, a Frei Gustavo, representando a Prov\u00edncia da Imaculada, as autoridades e especialmente a equipe do hospital da Serra, &#8220;que cuidou do nosso irm\u00e3o. A eles nossa eterna gratid\u00e3o pelo trabalho que t\u00eam feito com outros irm\u00e3os que est\u00e3o doentes&#8221;.<\/p>\n<p><strong>AT\u00d4NITOS E AFLITOS<\/strong><\/p>\n<p>Frei Gustavo disse na sua reflex\u00e3o que estamos vivendo um tempo que traz em si uma contradi\u00e7\u00e3o que tem nos deixado perdidos e machucados ao mesmo tempo. &#8220;A contradi\u00e7\u00e3o \u00e9 a seguinte. A doen\u00e7a e a morte nunca estiveram t\u00e3o perto e t\u00e3o longe de n\u00f3s ao mesmo tempo. Isso machuca muito. T\u00e3o perto porque essa pandemia vem ao nosso lado, dentro de nossa casa, pegando gente que \u00e9 sangue do nosso sangue, e t\u00e3o longe porque quando esses nossos irm\u00e3os adoecem, n\u00f3s n\u00e3o podemos fazer uma visita, n\u00e3o podemos estar ao lado deles. E tamb\u00e9m quando falecem n\u00e3o podemos sequer fazer uma cerim\u00f4nia de despedida. Isto tem nos machucado, tem nos deixado at\u00f4nitos, aflitos, sem entender bem o que est\u00e1 acontecendo&#8221;, lamentou.<\/p>\n<div id=\"attachment_231509\" style=\"width: 1290px\" class=\"wp-caption alignnone\"><img aria-describedby=\"caption-attachment-231509\" loading=\"lazy\" class=\"wp-image-231509 size-full\" src=\"https:\/\/franciscanos.org.br\/noticias\/wp-content\/uploads\/2021\/04\/adami_10.jpg\" alt=\"\" width=\"1280\" height=\"720\" srcset=\"https:\/\/franciscanos.org.br\/noticias\/wp-content\/uploads\/2021\/04\/adami_10.jpg 1280w, https:\/\/franciscanos.org.br\/noticias\/wp-content\/uploads\/2021\/04\/adami_10-450x253.jpg 450w, https:\/\/franciscanos.org.br\/noticias\/wp-content\/uploads\/2021\/04\/adami_10-1024x576.jpg 1024w, https:\/\/franciscanos.org.br\/noticias\/wp-content\/uploads\/2021\/04\/adami_10-768x432.jpg 768w, https:\/\/franciscanos.org.br\/noticias\/wp-content\/uploads\/2021\/04\/adami_10-150x84.jpg 150w\" sizes=\"(max-width: 1280px) 100vw, 1280px\" \/><p id=\"caption-attachment-231509\" class=\"wp-caption-text\"><em>Os familiares de Frei Luiz participam da Missa de Ex\u00e9quias<\/em><\/p><\/div>\n<p>Citando o desdobramento do Evangelho de Ema\u00fas, Frei Medella disse que o Senhor sempre &#8220;vem nos puxar para o eixo&#8221;, vem nos lembrar que a ressurrei\u00e7\u00e3o \u00e9, sim, alegria, exulta\u00e7\u00e3o, mas n\u00e3o sem dor. &#8220;N\u00e3o \u00e9 passar uma borracha na dor e fingir que ela n\u00e3o existe mas \u00e9 conseguir dar a ela um sentido que vai al\u00e9m. De esperan\u00e7a. Disso que n\u00f3s somos testemunhas. Disso foi testemunha Frei Luiz Fl\u00e1vio durante toda a sua vida. Quantos cora\u00e7\u00f5es aflitos ele n\u00e3o consolou? Quantos doentes ele n\u00e3o visitou? Quantas Eucaristias ele n\u00e3o celebrou, trazendo presente o Cristo e fazendo com que as pessoas o reconhecessem, ao partir e ao distribuir o p\u00e3o?&#8221;, questionou.<\/p>\n<p>&#8220;Se ele nisso acreditou, se dele disso foi testemunha, se n\u00f3s o amamos e o queremos bem e agora pelo que cremos ele participa daquilo que testemunhou a vida toda, ainda que com o cora\u00e7\u00e3o pequeno, precisamos reservar, sim, um espa\u00e7o para a alegria e para a gratid\u00e3o. Dizendo ao Senhor: Muito obrigado, Meu Deus, pelo dom da vida deste nosso irm\u00e3o. Muito obrigado a voc\u00eas, familiares e D. Guidomar, porque ofereceram um dos preciosos frutos para a vida religiosa franciscana&#8221;, agradeceu.<\/p>\n<p><img loading=\"lazy\" class=\"alignnone wp-image-231510 size-full\" src=\"https:\/\/franciscanos.org.br\/noticias\/wp-content\/uploads\/2021\/04\/adami_04.jpg\" alt=\"\" width=\"1280\" height=\"720\" srcset=\"https:\/\/franciscanos.org.br\/noticias\/wp-content\/uploads\/2021\/04\/adami_04.jpg 1280w, https:\/\/franciscanos.org.br\/noticias\/wp-content\/uploads\/2021\/04\/adami_04-450x253.jpg 450w, https:\/\/franciscanos.org.br\/noticias\/wp-content\/uploads\/2021\/04\/adami_04-1024x576.jpg 1024w, https:\/\/franciscanos.org.br\/noticias\/wp-content\/uploads\/2021\/04\/adami_04-768x432.jpg 768w, https:\/\/franciscanos.org.br\/noticias\/wp-content\/uploads\/2021\/04\/adami_04-150x84.jpg 150w\" sizes=\"(max-width: 1280px) 100vw, 1280px\" \/><\/p>\n<p>&#8220;Como a vida \u00e9 curiosa e misteriosa. Eu estava na reuni\u00e3o do Definitorio Provincial, quando recebemos a carta de Frei Luiz Fl\u00e1vio dizendo que estava contente na evangeliza\u00e7\u00e3o l\u00e1 no olho do fura\u00e7\u00e3o do Convento S\u00e3o Francisco, onde tudo acontece no centro de S\u00e3o Paulo. Ele gostava de l\u00e1, mas que tinha um sonho de vir para o Esp\u00edrito Santo e ficar mais perto de sua m\u00e3ezinha com 95 anos. E assim ele o fez. Parece que todo final de semana ele almo\u00e7ava l\u00e1, tirava aquele dedo de prosa com a m\u00e3e, com os irm\u00e3os, daquele modo pacato como ele gostava&#8221;, recordou. &#8220;Mas penso que ele n\u00e3o esperava que, ao desejar passar os \u00faltimos momentos com a m\u00e3e, ele passou os seus \u00faltimos momentos e, agora, ele est\u00e1 aqui aos p\u00e9s definitivamente da M\u00e3e que o acolheu, Nossa Senhora da Penha&#8221;, sublinhou.<\/p>\n<p>Para o Vig\u00e1rio Provincial, apesar de Frei Luiz ter sua vida ceifada por essa doen\u00e7a, &#8220;n\u00f3s podemos dizer sem medo que ele descansa em paz num lugar simb\u00f3lico, importante para o Esp\u00edrito Santo, para a Igreja, aos p\u00e9s de Nossa da Penha, na proximidade de uma fraternidade franciscana, ele que foi frade por op\u00e7\u00e3o, por convic\u00e7\u00e3o e por seu testemunho&#8221;, completou.<\/p>\n<div id=\"attachment_231511\" style=\"width: 1290px\" class=\"wp-caption alignnone\"><img aria-describedby=\"caption-attachment-231511\" loading=\"lazy\" class=\"wp-image-231511 size-full\" src=\"https:\/\/franciscanos.org.br\/noticias\/wp-content\/uploads\/2021\/04\/adami_03.jpg\" alt=\"\" width=\"1280\" height=\"720\" srcset=\"https:\/\/franciscanos.org.br\/noticias\/wp-content\/uploads\/2021\/04\/adami_03.jpg 1280w, https:\/\/franciscanos.org.br\/noticias\/wp-content\/uploads\/2021\/04\/adami_03-450x253.jpg 450w, https:\/\/franciscanos.org.br\/noticias\/wp-content\/uploads\/2021\/04\/adami_03-1024x576.jpg 1024w, https:\/\/franciscanos.org.br\/noticias\/wp-content\/uploads\/2021\/04\/adami_03-768x432.jpg 768w, https:\/\/franciscanos.org.br\/noticias\/wp-content\/uploads\/2021\/04\/adami_03-150x84.jpg 150w\" sizes=\"(max-width: 1280px) 100vw, 1280px\" \/><p id=\"caption-attachment-231511\" class=\"wp-caption-text\"><em>A capelinha constru\u00edda por Frei Pedro Palacios a S\u00e3o Francisco de Assis<\/em><\/p><\/div>\n<p><strong>&#8220;AGORA ELE \u00c9 SEU, M\u00c3E!&#8221;<\/strong><\/p>\n<p>Frei Pedro Oliveira, em nome da Fraternidade, agradeceu a &#8220;presen\u00e7a fraterna&#8221; de Frei Luiz. &#8220;Ele tinha de fato uma paix\u00e3o muito grande por esse Convento. Tanto que ontem \u00e0 noite eu soube que o estado dele tinha se agravado, por volta das 21 horas, e fui silenciosamente diante da imagem da M\u00e3e e falei pra ela: &#8216;M\u00e3e, agora ele \u00e9 seu. Agora, daqui para frente, \u00e9 contigo, n\u00e3o resta mais nada!&#8217;. Com certeza, ela cuidou&#8221;, contou.<\/p>\n<p>Segundo Frei Pedro, a palavra que tinha a todos era de gratid\u00e3o. &#8220;S\u00f3 nos resta dizer: &#8216;Luiz, Deus lhe pague por tudo, Deus o recompense. Que a Senhora das Alegrias, a Senhora da Penha, o acolha nos seus bra\u00e7os junto ao seu Filho ressuscitado e junto ao Ser\u00e1fico Pai S\u00e3o Francisco&#8221;, completou.<\/p>\n<p>Frei Pedro deu uma boa not\u00edcia no final: Frei Paulo C\u00e9sar, a voz de Nossa Senhora da Penha,\u00a0 dever\u00e1 ter alta amanh\u00e3. Segundo ele, o guardi\u00e3o Frei Paulo est\u00e1 respondendo bem ao tratamento e deixando aos poucos o oxig\u00eanio.<\/p>\n<p><img loading=\"lazy\" class=\"alignnone wp-image-231512 size-full\" src=\"https:\/\/franciscanos.org.br\/noticias\/wp-content\/uploads\/2021\/04\/adami_099.jpg\" alt=\"\" width=\"1280\" height=\"720\" srcset=\"https:\/\/franciscanos.org.br\/noticias\/wp-content\/uploads\/2021\/04\/adami_099.jpg 1280w, https:\/\/franciscanos.org.br\/noticias\/wp-content\/uploads\/2021\/04\/adami_099-450x253.jpg 450w, https:\/\/franciscanos.org.br\/noticias\/wp-content\/uploads\/2021\/04\/adami_099-1024x576.jpg 1024w, https:\/\/franciscanos.org.br\/noticias\/wp-content\/uploads\/2021\/04\/adami_099-768x432.jpg 768w, https:\/\/franciscanos.org.br\/noticias\/wp-content\/uploads\/2021\/04\/adami_099-150x84.jpg 150w\" sizes=\"(max-width: 1280px) 100vw, 1280px\" \/><\/p>\n<p>Na encomenda\u00e7\u00e3o do corpo de Frei Luiz, Dom Dario pediu que os frades irm\u00e3os, Frei Alessandro e Adriano do Nascimento, que foram coroinhas de Frei Luiz quando foi p\u00e1roco em S\u00e3o Louren\u00e7o, MG, carregassem o C\u00edrio Pascal at\u00e9 o caix\u00e3o. Com a &#8220;Ora\u00e7\u00e3o de S\u00e3o Francisco&#8221;, Frei Luiz foi sepultado no jazigo ao lado da Capelinha do Ser\u00e1fico Pai.<\/p>\n<p>Por \u00faltimo, Frei Pedro lembrou que o sexto dia do Oitav\u00e1rio da Festa da Penha, neste 9 de abril, come\u00e7a com a B\u00ean\u00e7\u00e3o do dia pela TV Gazeta. Ao meio-dia, o p\u00fablico ser\u00e1 convidado a uma grande corrente de ora\u00e7\u00e3o atrav\u00e9s do Ter\u00e7o Franciscano, que ser\u00e1 transmitido ao vivo nas redes do Convento da Penha. A primeira Missa do Oitav\u00e1rio, \u00e0s 16 horas, ser\u00e1 presidida por Pe. Celso e Pe. Osmar, \u00e1rea pastoral Vit\u00f3ria. \u00c0s 18 horas, o Programa \u201cSalve M\u00e3e das Alegrias\u201d ter\u00e1 a participa\u00e7\u00e3o da cantora Jenifer, terminando o dia com a segunda Missa do Oitav\u00e1rio, \u00e0s 20 horas, presidida Pe. Jorge Campos, Vig\u00e1rio Geral da Arquidiocese de Vit\u00f3ria do Esp\u00edrito Santo.<\/p>\n<hr \/>\n<p><em>Moacir Beggo<\/em><\/p>\n<p style=\"text-align: center;\"><strong>UMA IMAGEM QUE FALA POR SI<\/strong><\/p>\n<div id=\"attachment_231513\" style=\"width: 1290px\" class=\"wp-caption alignnone\"><img aria-describedby=\"caption-attachment-231513\" loading=\"lazy\" class=\"wp-image-231513 size-full\" src=\"https:\/\/franciscanos.org.br\/noticias\/wp-content\/uploads\/2021\/04\/adami_08.jpg\" alt=\"\" width=\"1280\" height=\"720\" srcset=\"https:\/\/franciscanos.org.br\/noticias\/wp-content\/uploads\/2021\/04\/adami_08.jpg 1280w, https:\/\/franciscanos.org.br\/noticias\/wp-content\/uploads\/2021\/04\/adami_08-450x253.jpg 450w, https:\/\/franciscanos.org.br\/noticias\/wp-content\/uploads\/2021\/04\/adami_08-1024x576.jpg 1024w, https:\/\/franciscanos.org.br\/noticias\/wp-content\/uploads\/2021\/04\/adami_08-768x432.jpg 768w, https:\/\/franciscanos.org.br\/noticias\/wp-content\/uploads\/2021\/04\/adami_08-150x84.jpg 150w\" sizes=\"(max-width: 1280px) 100vw, 1280px\" \/><p id=\"caption-attachment-231513\" class=\"wp-caption-text\"><em>A pombinha branca, no amb\u00e3o, acompanhou toda a celebra\u00e7\u00e3o com muita rever\u00eancia e sil\u00eancio. Ficou ao lado de Frei Clar\u00eancio Neotti que nem percebeu a sua presen\u00e7a. <\/em><\/p><\/div>\n","protected":false},"excerpt":{"rendered":"<p>Quinto dia do Oitav\u00e1rio da Festa da Penha e Missa de Ex\u00e9quias<\/p>\n","protected":false},"author":3,"featured_media":231514,"comment_status":"open","ping_status":"open","sticky":false,"template":"","format":"standard","meta":[],"categories":[1],"tags":[245],"acf":[],"yoast_head":"<!-- This site is optimized with the Yoast SEO plugin v19.2 - https:\/\/yoast.com\/wordpress\/plugins\/seo\/ -->\n<title>A &quot;Irm\u00e3 Morte&quot; visita o Convento da Penha na Oitava da P\u00e1scoa - Not\u00edcias - Franciscanos<\/title>\n<meta name=\"robots\" content=\"index, follow, max-snippet:-1, max-image-preview:large, max-video-preview:-1\" \/>\n<link rel=\"canonical\" href=\"https:\/\/franciscanos.org.br\/noticias\/a-irma-morte-visita-o-convento-da-penha-na-oitava-da-pascoa.html\" \/>\n<meta property=\"og:locale\" content=\"pt_BR\" \/>\n<meta property=\"og:type\" content=\"article\" \/>\n<meta property=\"og:title\" content=\"A &quot;Irm\u00e3 Morte&quot; visita o Convento da Penha na Oitava da P\u00e1scoa - Not\u00edcias - Franciscanos\" \/>\n<meta property=\"og:description\" content=\"Quinto dia do Oitav\u00e1rio da Festa da Penha e Missa de Ex\u00e9quias\" \/>\n<meta property=\"og:url\" content=\"https:\/\/franciscanos.org.br\/noticias\/a-irma-morte-visita-o-convento-da-penha-na-oitava-da-pascoa.html\" \/>\n<meta property=\"og:site_name\" content=\"Not\u00edcias - Franciscanos\" \/>\n<meta property=\"article:published_time\" content=\"2021-04-08T22:49:35+00:00\" \/>\n<meta property=\"article:modified_time\" content=\"2021-04-08T23:09:40+00:00\" \/>\n<meta property=\"og:image\" content=\"https:\/\/franciscanos.org.br\/noticias\/wp-content\/uploads\/2021\/04\/adami_1d.jpg\" \/>\n\t<meta property=\"og:image:width\" content=\"800\" \/>\n\t<meta property=\"og:image:height\" content=\"550\" \/>\n\t<meta property=\"og:image:type\" content=\"image\/jpeg\" \/>\n<meta name=\"author\" content=\"moacir\" \/>\n<meta name=\"twitter:card\" content=\"summary_large_image\" \/>\n<meta name=\"twitter:label1\" content=\"Escrito por\" \/>\n\t<meta name=\"twitter:data1\" content=\"moacir\" \/>\n\t<meta name=\"twitter:label2\" content=\"Est. tempo de leitura\" \/>\n\t<meta name=\"twitter:data2\" content=\"9 minutos\" \/>\n<script type=\"application\/ld+json\" class=\"yoast-schema-graph\">{\"@context\":\"https:\/\/schema.org\",\"@graph\":[{\"@type\":\"WebSite\",\"@id\":\"https:\/\/franciscanos.org.br\/noticias\/#website\",\"url\":\"https:\/\/franciscanos.org.br\/noticias\/\",\"name\":\"Not\u00edcias - Franciscanos\",\"description\":\"Prov\u00edncia Franciscana da Imaculada Concei\u00e7\u00e3o do Brasil - Ordem dos Frades Menores - OFM\",\"potentialAction\":[{\"@type\":\"SearchAction\",\"target\":{\"@type\":\"EntryPoint\",\"urlTemplate\":\"https:\/\/franciscanos.org.br\/noticias\/?s={search_term_string}\"},\"query-input\":\"required name=search_term_string\"}],\"inLanguage\":\"pt-BR\"},{\"@type\":\"ImageObject\",\"inLanguage\":\"pt-BR\",\"@id\":\"https:\/\/franciscanos.org.br\/noticias\/a-irma-morte-visita-o-convento-da-penha-na-oitava-da-pascoa.html#primaryimage\",\"url\":\"https:\/\/franciscanos.org.br\/noticias\/wp-content\/uploads\/2021\/04\/adami_1d.jpg\",\"contentUrl\":\"https:\/\/franciscanos.org.br\/noticias\/wp-content\/uploads\/2021\/04\/adami_1d.jpg\",\"width\":800,\"height\":550},{\"@type\":\"WebPage\",\"@id\":\"https:\/\/franciscanos.org.br\/noticias\/a-irma-morte-visita-o-convento-da-penha-na-oitava-da-pascoa.html#webpage\",\"url\":\"https:\/\/franciscanos.org.br\/noticias\/a-irma-morte-visita-o-convento-da-penha-na-oitava-da-pascoa.html\",\"name\":\"A \\\"Irm\u00e3 Morte\\\" visita o Convento da Penha na Oitava da P\u00e1scoa - Not\u00edcias - Franciscanos\",\"isPartOf\":{\"@id\":\"https:\/\/franciscanos.org.br\/noticias\/#website\"},\"primaryImageOfPage\":{\"@id\":\"https:\/\/franciscanos.org.br\/noticias\/a-irma-morte-visita-o-convento-da-penha-na-oitava-da-pascoa.html#primaryimage\"},\"datePublished\":\"2021-04-08T22:49:35+00:00\",\"dateModified\":\"2021-04-08T23:09:40+00:00\",\"author\":{\"@id\":\"https:\/\/franciscanos.org.br\/noticias\/#\/schema\/person\/b5c8cba458c330ccff548b056e95a5d4\"},\"breadcrumb\":{\"@id\":\"https:\/\/franciscanos.org.br\/noticias\/a-irma-morte-visita-o-convento-da-penha-na-oitava-da-pascoa.html#breadcrumb\"},\"inLanguage\":\"pt-BR\",\"potentialAction\":[{\"@type\":\"ReadAction\",\"target\":[\"https:\/\/franciscanos.org.br\/noticias\/a-irma-morte-visita-o-convento-da-penha-na-oitava-da-pascoa.html\"]}]},{\"@type\":\"BreadcrumbList\",\"@id\":\"https:\/\/franciscanos.org.br\/noticias\/a-irma-morte-visita-o-convento-da-penha-na-oitava-da-pascoa.html#breadcrumb\",\"itemListElement\":[{\"@type\":\"ListItem\",\"position\":1,\"name\":\"Home\",\"item\":\"https:\/\/franciscanos.org.br\/noticias\"},{\"@type\":\"ListItem\",\"position\":2,\"name\":\"A &#8220;Irm\u00e3 Morte&#8221; visita o Convento da Penha na Oitava da P\u00e1scoa\"}]},{\"@type\":\"Person\",\"@id\":\"https:\/\/franciscanos.org.br\/noticias\/#\/schema\/person\/b5c8cba458c330ccff548b056e95a5d4\",\"name\":\"moacir\",\"image\":{\"@type\":\"ImageObject\",\"inLanguage\":\"pt-BR\",\"@id\":\"https:\/\/franciscanos.org.br\/noticias\/#\/schema\/person\/image\/\",\"url\":\"https:\/\/secure.gravatar.com\/avatar\/d08aa2ce4c8dd416d4479aa8536fcf64?s=96&d=mm&r=g\",\"contentUrl\":\"https:\/\/secure.gravatar.com\/avatar\/d08aa2ce4c8dd416d4479aa8536fcf64?s=96&d=mm&r=g\",\"caption\":\"moacir\"},\"url\":\"https:\/\/franciscanos.org.br\/noticias\/author\/moacir\"}]}<\/script>\n<!-- \/ Yoast SEO plugin. -->","yoast_head_json":{"title":"A \"Irm\u00e3 Morte\" visita o Convento da Penha na Oitava da P\u00e1scoa - Not\u00edcias - Franciscanos","robots":{"index":"index","follow":"follow","max-snippet":"max-snippet:-1","max-image-preview":"max-image-preview:large","max-video-preview":"max-video-preview:-1"},"canonical":"https:\/\/franciscanos.org.br\/noticias\/a-irma-morte-visita-o-convento-da-penha-na-oitava-da-pascoa.html","og_locale":"pt_BR","og_type":"article","og_title":"A \"Irm\u00e3 Morte\" visita o Convento da Penha na Oitava da P\u00e1scoa - Not\u00edcias - Franciscanos","og_description":"Quinto dia do Oitav\u00e1rio da Festa da Penha e Missa de Ex\u00e9quias","og_url":"https:\/\/franciscanos.org.br\/noticias\/a-irma-morte-visita-o-convento-da-penha-na-oitava-da-pascoa.html","og_site_name":"Not\u00edcias - Franciscanos","article_published_time":"2021-04-08T22:49:35+00:00","article_modified_time":"2021-04-08T23:09:40+00:00","og_image":[{"width":800,"height":550,"url":"https:\/\/franciscanos.org.br\/noticias\/wp-content\/uploads\/2021\/04\/adami_1d.jpg","type":"image\/jpeg"}],"author":"moacir","twitter_card":"summary_large_image","twitter_misc":{"Escrito por":"moacir","Est. tempo de leitura":"9 minutos"},"schema":{"@context":"https:\/\/schema.org","@graph":[{"@type":"WebSite","@id":"https:\/\/franciscanos.org.br\/noticias\/#website","url":"https:\/\/franciscanos.org.br\/noticias\/","name":"Not\u00edcias - Franciscanos","description":"Prov\u00edncia Franciscana da Imaculada Concei\u00e7\u00e3o do Brasil - Ordem dos Frades Menores - OFM","potentialAction":[{"@type":"SearchAction","target":{"@type":"EntryPoint","urlTemplate":"https:\/\/franciscanos.org.br\/noticias\/?s={search_term_string}"},"query-input":"required name=search_term_string"}],"inLanguage":"pt-BR"},{"@type":"ImageObject","inLanguage":"pt-BR","@id":"https:\/\/franciscanos.org.br\/noticias\/a-irma-morte-visita-o-convento-da-penha-na-oitava-da-pascoa.html#primaryimage","url":"https:\/\/franciscanos.org.br\/noticias\/wp-content\/uploads\/2021\/04\/adami_1d.jpg","contentUrl":"https:\/\/franciscanos.org.br\/noticias\/wp-content\/uploads\/2021\/04\/adami_1d.jpg","width":800,"height":550},{"@type":"WebPage","@id":"https:\/\/franciscanos.org.br\/noticias\/a-irma-morte-visita-o-convento-da-penha-na-oitava-da-pascoa.html#webpage","url":"https:\/\/franciscanos.org.br\/noticias\/a-irma-morte-visita-o-convento-da-penha-na-oitava-da-pascoa.html","name":"A \"Irm\u00e3 Morte\" visita o Convento da Penha na Oitava da P\u00e1scoa - Not\u00edcias - Franciscanos","isPartOf":{"@id":"https:\/\/franciscanos.org.br\/noticias\/#website"},"primaryImageOfPage":{"@id":"https:\/\/franciscanos.org.br\/noticias\/a-irma-morte-visita-o-convento-da-penha-na-oitava-da-pascoa.html#primaryimage"},"datePublished":"2021-04-08T22:49:35+00:00","dateModified":"2021-04-08T23:09:40+00:00","author":{"@id":"https:\/\/franciscanos.org.br\/noticias\/#\/schema\/person\/b5c8cba458c330ccff548b056e95a5d4"},"breadcrumb":{"@id":"https:\/\/franciscanos.org.br\/noticias\/a-irma-morte-visita-o-convento-da-penha-na-oitava-da-pascoa.html#breadcrumb"},"inLanguage":"pt-BR","potentialAction":[{"@type":"ReadAction","target":["https:\/\/franciscanos.org.br\/noticias\/a-irma-morte-visita-o-convento-da-penha-na-oitava-da-pascoa.html"]}]},{"@type":"BreadcrumbList","@id":"https:\/\/franciscanos.org.br\/noticias\/a-irma-morte-visita-o-convento-da-penha-na-oitava-da-pascoa.html#breadcrumb","itemListElement":[{"@type":"ListItem","position":1,"name":"Home","item":"https:\/\/franciscanos.org.br\/noticias"},{"@type":"ListItem","position":2,"name":"A &#8220;Irm\u00e3 Morte&#8221; visita o Convento da Penha na Oitava da P\u00e1scoa"}]},{"@type":"Person","@id":"https:\/\/franciscanos.org.br\/noticias\/#\/schema\/person\/b5c8cba458c330ccff548b056e95a5d4","name":"moacir","image":{"@type":"ImageObject","inLanguage":"pt-BR","@id":"https:\/\/franciscanos.org.br\/noticias\/#\/schema\/person\/image\/","url":"https:\/\/secure.gravatar.com\/avatar\/d08aa2ce4c8dd416d4479aa8536fcf64?s=96&d=mm&r=g","contentUrl":"https:\/\/secure.gravatar.com\/avatar\/d08aa2ce4c8dd416d4479aa8536fcf64?s=96&d=mm&r=g","caption":"moacir"},"url":"https:\/\/franciscanos.org.br\/noticias\/author\/moacir"}]}},"_links":{"self":[{"href":"https:\/\/franciscanos.org.br\/noticias\/wp-json\/wp\/v2\/posts\/231504"}],"collection":[{"href":"https:\/\/franciscanos.org.br\/noticias\/wp-json\/wp\/v2\/posts"}],"about":[{"href":"https:\/\/franciscanos.org.br\/noticias\/wp-json\/wp\/v2\/types\/post"}],"author":[{"embeddable":true,"href":"https:\/\/franciscanos.org.br\/noticias\/wp-json\/wp\/v2\/users\/3"}],"replies":[{"embeddable":true,"href":"https:\/\/franciscanos.org.br\/noticias\/wp-json\/wp\/v2\/comments?post=231504"}],"version-history":[{"count":3,"href":"https:\/\/franciscanos.org.br\/noticias\/wp-json\/wp\/v2\/posts\/231504\/revisions"}],"predecessor-version":[{"id":231517,"href":"https:\/\/franciscanos.org.br\/noticias\/wp-json\/wp\/v2\/posts\/231504\/revisions\/231517"}],"wp:featuredmedia":[{"embeddable":true,"href":"https:\/\/franciscanos.org.br\/noticias\/wp-json\/wp\/v2\/media\/231514"}],"wp:attachment":[{"href":"https:\/\/franciscanos.org.br\/noticias\/wp-json\/wp\/v2\/media?parent=231504"}],"wp:term":[{"taxonomy":"category","embeddable":true,"href":"https:\/\/franciscanos.org.br\/noticias\/wp-json\/wp\/v2\/categories?post=231504"},{"taxonomy":"post_tag","embeddable":true,"href":"https:\/\/franciscanos.org.br\/noticias\/wp-json\/wp\/v2\/tags?post=231504"}],"curies":[{"name":"wp","href":"https:\/\/api.w.org\/{rel}","templated":true}]}}